{"id":256120,"date":"2023-01-20T13:08:10","date_gmt":"2023-01-20T12:08:10","guid":{"rendered":"https:\/\/www.barcelonacapitalnautica.org\/obrim-inscripcions-per-a-la-segona-edicio-de-la-regata-solo-med\/"},"modified":"2023-05-10T09:52:48","modified_gmt":"2023-05-10T07:52:48","slug":"abrimos-inscripciones-para-la-segunda-edicion-de-la-regata-solo-med","status":"publish","type":"post","link":"https:\/\/www.barcelonacapitalnautica.org\/es\/abrimos-inscripciones-para-la-segunda-edicion-de-la-regata-solo-med\/","title":{"rendered":"Abrimos inscripciones para la segunda edici\u00f3n de la regata Solo Med"},"content":{"rendered":"\n<p>De la mano del Club N\u00e0utic de Sa R\u00e0pita (Mallorca), la FBCN y la&nbsp;<a href=\"https:\/\/escola.barcelonacapitalnautica.org\/es\/la-base-mini\/\">Base Mini Barcelona<\/a>, \u200b\u200beste 2023 hacemos la 2\u00aa edici\u00f3n de esta importante regata en el Mediterr\u00e1neo de la&nbsp;<a href=\"https:\/\/www.classemini.com\/\">Classe Mini 6,50<\/a>. Ser\u00e1n 700 millas en solitario, en el entorno de Barcelona, \u200b\u200bBaleares y la Comunitat Valenciana. La salida se dar\u00e1 el 7 de mayo desde Barcelona.<\/p>\n\n\n\n<p>La\u00a0<a href=\"https:\/\/www.barcelonacapitalnautica.org\/es\/deporte\/solomed\/\">regata Solo Med<\/a>\u00a0va n\u00e9ixer el 2022 amb la col\u00b7laboraci\u00f3 i ajuda del\u00a0<a href=\"https:\/\/www.cnrapita.com\/\">Club N\u00e0utic de Sa R\u00e0pita<\/a>, amb la voluntat d\u2019avan\u00e7ar una mica m\u00e9s en el nostre objectiu de crear, al Mediterrani, una regata equivalent a les tradicionals cites de la Classe Mini a la costa atl\u00e0ntica francesa, amb moltes milles i una alta participaci\u00f3.<\/p>\n\n\n\n<p>Esta edici\u00f3n, el&nbsp;<strong>recorrido que proponemos se dividir\u00e1 en dos etapas<\/strong>La primera, de 200 miles, saldr\u00e1 de Barcelona rumbo a Sa R\u00e0pita, en la costa sur de Mallorca. La segunda regata tiene un recorrido de 500 millas.<\/p>\n\n\n\n<p>Despu\u00e9s de la&nbsp;<strong>primera regata de 200 millas<\/strong>con salida desde Barcelona y llegada a Sa R\u00e0pita, la flota se preparar\u00e1 en el puerto mallorqu\u00edn para la segunda, mucho m\u00e1s larga y t\u00e9cnica.<\/p>\n\n\n\n<p>La salida de la&nbsp;<strong>segunda regata, desde Sa R\u00e0pita<\/strong>&nbsp;se dar\u00e1 el d\u00eda 11 de mayo a las 12h. Tras el recorrido propuesto, se espera que los primeros Mini, de categor\u00eda PROTO, lleguen a Barcelona hacia el 15 de mayo, dependiendo de las condiciones meteorol\u00f3gicas.<\/p>\n\n\n\n<p>El IMOCA Escuela de la FBCN se ocupar\u00e1, una vez m\u00e1s, de las tareas del&nbsp;<strong>barco de acompa\u00f1amiento<\/strong>, garantizando la seguridad de la flota durante todo el recorrido. Nuestro IMOCA Escuela lleva a bordo un sistema de comunicaci\u00f3n v\u00eda sat\u00e9lite para emergencias.<\/p>\n\n\n\n<p>Para garantizar el seguimiento de toda la flota, las&nbsp;<strong>embarcaciones llevar\u00e1n a bordo una baliza<\/strong>&nbsp;(tracker) con transmisi\u00f3n de la posici\u00f3n cada cierto intervalo de tiempo. Adem\u00e1s de proporcionar seguridad a los participantes, este sistema permitir\u00e1 seguir la evoluci\u00f3n de la regata y clasificaci\u00f3n en tiempo real.<\/p>\n\n\n\n<p>Las inscripciones est\u00e1n abiertas hasta el 16 de abril.&nbsp;<strong>\u00a1Plazas muy limitadas!<\/strong><\/p>\n\n\n\n<p>Consultad el <a href=\"https:\/\/escola.barcelonacapitalnautica.org\/wp-content\/uploads\/2023\/01\/AR-SOLO-MED-2023.pdf\">anuncio de regata<\/a>&nbsp;o el <a href=\"https:\/\/escola.barcelonacapitalnautica.org\/wp-content\/uploads\/2023\/01\/NR-SOLO-MED-2023.pdf\" target=\"_blank\" rel=\"noreferrer noopener\">anuncio de regata en angl\u00e8s<\/a>&nbsp;para m\u00e1s informaci\u00f3n.<\/p>\n\n\n\n<p><strong>Ediciones anteriores:<\/strong><\/p>\n\n\n\n<ul class=\"wp-block-list\">\n<li><a href=\"https:\/\/escola.barcelonacapitalnautica.org\/regates\/regata-solomed-2022\/\" target=\"_blank\" rel=\"noreferrer noopener\">Regata SOLO MED 2002<\/a><\/li>\n<\/ul>\n","protected":false},"excerpt":{"rendered":"<p>De la mano del Club N\u00e0utic de Sa R\u00e0pita (Mallorca), [&hellip;]<\/p>\n","protected":false},"author":1,"featured_media":255406,"comment_status":"closed","ping_status":"closed","sticky":false,"template":"","format":"standard","meta":{"_uag_custom_page_level_css":"","site-sidebar-layout":"default","site-content-layout":"","ast-site-content-layout":"default","site-content-style":"default","site-sidebar-style":"default","ast-global-header-display":"","ast-banner-title-visibility":"","ast-main-header-display":"","ast-hfb-above-header-display":"","ast-hfb-below-header-display":"","ast-hfb-mobile-header-display":"","site-post-title":"","ast-breadcrumbs-content":"","ast-featured-img":"","footer-sml-layout":"","ast-disable-related-posts":"","theme-transparent-header-meta":"","adv-header-id-meta":"","stick-header-meta":"","header-above-stick-meta":"","header-main-stick-meta":"","header-below-stick-meta":"","astra-migrate-meta-layouts":"default","ast-page-background-enabled":"default","ast-page-background-meta":{"desktop":{"background-color":"","background-image":"","background-repeat":"repeat","background-position":"center center","background-size":"auto","background-attachment":"scroll","background-type":"","background-media":"","overlay-type":"","overlay-color":"","overlay-opacity":"","overlay-gradient":""},"tablet":{"background-color":"","background-image":"","background-repeat":"repeat","background-position":"center center","background-size":"auto","background-attachment":"scroll","background-type":"","background-media":"","overlay-type":"","overlay-color":"","overlay-opacity":"","overlay-gradient":""},"mobile":{"background-color":"","background-image":"","background-repeat":"repeat","background-position":"center center","background-size":"auto","background-attachment":"scroll","background-type":"","background-media":"","overlay-type":"","overlay-color":"","overlay-opacity":"","overlay-gradient":""}},"ast-content-background-meta":{"desktop":{"background-color":"var(--ast-global-color-5)","background-image":"","background-repeat":"repeat","background-position":"center center","background-size":"auto","background-attachment":"scroll","background-type":"","background-media":"","overlay-type":"","overlay-color":"","overlay-opacity":"","overlay-gradient":""},"tablet":{"background-color":"var(--ast-global-color-5)","background-image":"","background-repeat":"repeat","background-position":"center center","background-size":"auto","background-attachment":"scroll","background-type":"","background-media":"","overlay-type":"","overlay-color":"","overlay-opacity":"","overlay-gradient":""},"mobile":{"background-color":"var(--ast-global-color-5)","background-image":"","background-repeat":"repeat","background-position":"center center","background-size":"auto","background-attachment":"scroll","background-type":"","background-media":"","overlay-type":"","overlay-color":"","overlay-opacity":"","overlay-gradient":""}},"_price":"","_stock":"","_tribe_ticket_header":"","_tribe_default_ticket_provider":"","_tribe_ticket_capacity":"0","_ticket_start_date":"","_ticket_end_date":"","_tribe_ticket_show_description":"","_tribe_ticket_show_not_going":false,"_tribe_ticket_use_global_stock":"","_tribe_ticket_global_stock_level":"","_global_stock_mode":"","_global_stock_cap":"","_tribe_rsvp_for_event":"","_tribe_ticket_going_count":"","_tribe_ticket_not_going_count":"","_tribe_tickets_list":[],"_tribe_ticket_has_attendee_info_fields":false,"footnotes":""},"categories":[91,101,107],"tags":[118,115,117,135,119,120],"class_list":["post-256120","post","type-post","status-publish","format-standard","has-post-thumbnail","hentry","category-esport","category-regatas","category-solomed","tag-basemini-es-2","tag-castellano","tag-catala-es","tag-esport","tag-regata-es-2","tag-solomed-es"],"yoast_head":"<!-- This site is optimized with the Yoast SEO plugin v27.5 - https:\/\/yoast.com\/product\/yoast-seo-wordpress\/ -->\n<title>Abrimos inscripciones para la segunda edici\u00f3n de la regata Solo Med - Barcelona Capital N\u00e0utica<\/title>\n<meta name=\"robots\" content=\"index, follow, max-snippet:-1, max-image-preview:large, max-video-preview:-1\" \/>\n<link rel=\"canonical\" href=\"https:\/\/www.barcelonacapitalnautica.org\/es\/abrimos-inscripciones-para-la-segunda-edicion-de-la-regata-solo-med\/\" \/>\n<meta property=\"og:locale\" content=\"es_ES\" \/>\n<meta property=\"og:type\" content=\"article\" \/>\n<meta property=\"og:title\" content=\"Abrimos inscripciones para la segunda edici\u00f3n de la regata Solo Med - Barcelona Capital N\u00e0utica\" \/>\n<meta property=\"og:description\" content=\"De la mano del Club N\u00e0utic de Sa R\u00e0pita (Mallorca), [&hellip;]\" \/>\n<meta property=\"og:url\" content=\"https:\/\/www.barcelonacapitalnautica.org\/es\/abrimos-inscripciones-para-la-segunda-edicion-de-la-regata-solo-med\/\" \/>\n<meta property=\"og:site_name\" content=\"Barcelona Capital N\u00e0utica\" \/>\n<meta property=\"article:publisher\" content=\"https:\/\/www.facebook.com\/barcelonacapitalnautica\" \/>\n<meta property=\"article:published_time\" content=\"2023-01-20T12:08:10+00:00\" \/>\n<meta property=\"article:modified_time\" content=\"2023-05-10T07:52:48+00:00\" \/>\n<meta property=\"og:image\" content=\"https:\/\/www.barcelonacapitalnautica.org\/wp-content\/uploads\/2023\/01\/W-capcalera-notis.png\" \/>\n\t<meta property=\"og:image:width\" content=\"650\" \/>\n\t<meta property=\"og:image:height\" content=\"300\" \/>\n\t<meta property=\"og:image:type\" content=\"image\/png\" \/>\n<meta name=\"author\" content=\"Barcelona Capital N\u00e0utica\" \/>\n<meta name=\"twitter:card\" content=\"summary_large_image\" \/>\n<meta name=\"twitter:creator\" content=\"@bcnautica\" \/>\n<meta name=\"twitter:site\" content=\"@bcnautica\" \/>\n<meta name=\"twitter:label1\" content=\"Escrito por\" \/>\n\t<meta name=\"twitter:data1\" content=\"Barcelona Capital N\u00e0utica\" \/>\n\t<meta name=\"twitter:label2\" content=\"Tiempo de lectura\" \/>\n\t<meta name=\"twitter:data2\" content=\"2 minutos\" \/>\n<script type=\"application\/ld+json\" class=\"yoast-schema-graph\">{\"@context\":\"https:\\\/\\\/schema.org\",\"@graph\":[{\"@type\":\"Article\",\"@id\":\"https:\\\/\\\/www.barcelonacapitalnautica.org\\\/es\\\/abrimos-inscripciones-para-la-segunda-edicion-de-la-regata-solo-med\\\/#article\",\"isPartOf\":{\"@id\":\"https:\\\/\\\/www.barcelonacapitalnautica.org\\\/es\\\/abrimos-inscripciones-para-la-segunda-edicion-de-la-regata-solo-med\\\/\"},\"author\":{\"name\":\"Barcelona Capital N\u00e0utica\",\"@id\":\"https:\\\/\\\/www.barcelonacapitalnautica.org\\\/es\\\/#\\\/schema\\\/person\\\/b860df9ee0f31662fe46aa9b2993295d\"},\"headline\":\"Abrimos inscripciones para la segunda edici\u00f3n de la regata Solo Med\",\"datePublished\":\"2023-01-20T12:08:10+00:00\",\"dateModified\":\"2023-05-10T07:52:48+00:00\",\"mainEntityOfPage\":{\"@id\":\"https:\\\/\\\/www.barcelonacapitalnautica.org\\\/es\\\/abrimos-inscripciones-para-la-segunda-edicion-de-la-regata-solo-med\\\/\"},\"wordCount\":403,\"publisher\":{\"@id\":\"https:\\\/\\\/www.barcelonacapitalnautica.org\\\/es\\\/#organization\"},\"image\":{\"@id\":\"https:\\\/\\\/www.barcelonacapitalnautica.org\\\/es\\\/abrimos-inscripciones-para-la-segunda-edicion-de-la-regata-solo-med\\\/#primaryimage\"},\"thumbnailUrl\":\"https:\\\/\\\/www.barcelonacapitalnautica.org\\\/wp-content\\\/uploads\\\/2023\\\/01\\\/W-capcalera-notis.png\",\"keywords\":[\"Base Mini\",\"castellano\",\"catal\u00e0\",\"Esport\",\"regata\",\"Solo Med\"],\"articleSection\":[\"Esport\",\"Regatas\",\"Solo Med\"],\"inLanguage\":\"es\"},{\"@type\":\"WebPage\",\"@id\":\"https:\\\/\\\/www.barcelonacapitalnautica.org\\\/es\\\/abrimos-inscripciones-para-la-segunda-edicion-de-la-regata-solo-med\\\/\",\"url\":\"https:\\\/\\\/www.barcelonacapitalnautica.org\\\/es\\\/abrimos-inscripciones-para-la-segunda-edicion-de-la-regata-solo-med\\\/\",\"name\":\"Abrimos inscripciones para la segunda edici\u00f3n de la regata Solo Med - Barcelona Capital N\u00e0utica\",\"isPartOf\":{\"@id\":\"https:\\\/\\\/www.barcelonacapitalnautica.org\\\/es\\\/#website\"},\"primaryImageOfPage\":{\"@id\":\"https:\\\/\\\/www.barcelonacapitalnautica.org\\\/es\\\/abrimos-inscripciones-para-la-segunda-edicion-de-la-regata-solo-med\\\/#primaryimage\"},\"image\":{\"@id\":\"https:\\\/\\\/www.barcelonacapitalnautica.org\\\/es\\\/abrimos-inscripciones-para-la-segunda-edicion-de-la-regata-solo-med\\\/#primaryimage\"},\"thumbnailUrl\":\"https:\\\/\\\/www.barcelonacapitalnautica.org\\\/wp-content\\\/uploads\\\/2023\\\/01\\\/W-capcalera-notis.png\",\"datePublished\":\"2023-01-20T12:08:10+00:00\",\"dateModified\":\"2023-05-10T07:52:48+00:00\",\"breadcrumb\":{\"@id\":\"https:\\\/\\\/www.barcelonacapitalnautica.org\\\/es\\\/abrimos-inscripciones-para-la-segunda-edicion-de-la-regata-solo-med\\\/#breadcrumb\"},\"inLanguage\":\"es\",\"potentialAction\":[{\"@type\":\"ReadAction\",\"target\":[\"https:\\\/\\\/www.barcelonacapitalnautica.org\\\/es\\\/abrimos-inscripciones-para-la-segunda-edicion-de-la-regata-solo-med\\\/\"]}]},{\"@type\":\"ImageObject\",\"inLanguage\":\"es\",\"@id\":\"https:\\\/\\\/www.barcelonacapitalnautica.org\\\/es\\\/abrimos-inscripciones-para-la-segunda-edicion-de-la-regata-solo-med\\\/#primaryimage\",\"url\":\"https:\\\/\\\/www.barcelonacapitalnautica.org\\\/wp-content\\\/uploads\\\/2023\\\/01\\\/W-capcalera-notis.png\",\"contentUrl\":\"https:\\\/\\\/www.barcelonacapitalnautica.org\\\/wp-content\\\/uploads\\\/2023\\\/01\\\/W-capcalera-notis.png\",\"width\":650,\"height\":300},{\"@type\":\"BreadcrumbList\",\"@id\":\"https:\\\/\\\/www.barcelonacapitalnautica.org\\\/es\\\/abrimos-inscripciones-para-la-segunda-edicion-de-la-regata-solo-med\\\/#breadcrumb\",\"itemListElement\":[{\"@type\":\"ListItem\",\"position\":1,\"name\":\"Inici\",\"item\":\"https:\\\/\\\/www.barcelonacapitalnautica.org\\\/es\\\/\"},{\"@type\":\"ListItem\",\"position\":2,\"name\":\"Abrimos inscripciones para la segunda edici\u00f3n de la regata Solo Med\"}]},{\"@type\":\"WebSite\",\"@id\":\"https:\\\/\\\/www.barcelonacapitalnautica.org\\\/es\\\/#website\",\"url\":\"https:\\\/\\\/www.barcelonacapitalnautica.org\\\/es\\\/\",\"name\":\"Barcelona Capital N\u00e0utica\",\"description\":\"Barcelona Capital N\u00e0utica\",\"publisher\":{\"@id\":\"https:\\\/\\\/www.barcelonacapitalnautica.org\\\/es\\\/#organization\"},\"alternateName\":\"BCN\u00e0utica, FBCN\",\"potentialAction\":[{\"@type\":\"SearchAction\",\"target\":{\"@type\":\"EntryPoint\",\"urlTemplate\":\"https:\\\/\\\/www.barcelonacapitalnautica.org\\\/es\\\/?s={search_term_string}\"},\"query-input\":{\"@type\":\"PropertyValueSpecification\",\"valueRequired\":true,\"valueName\":\"search_term_string\"}}],\"inLanguage\":\"es\"},{\"@type\":\"Organization\",\"@id\":\"https:\\\/\\\/www.barcelonacapitalnautica.org\\\/es\\\/#organization\",\"name\":\"Barcelona Capital N\u00e0utica\",\"alternateName\":\"Fundaci\u00f3 Barcelona Capital N\u00e0utica\",\"url\":\"https:\\\/\\\/www.barcelonacapitalnautica.org\\\/es\\\/\",\"logo\":{\"@type\":\"ImageObject\",\"inLanguage\":\"es\",\"@id\":\"https:\\\/\\\/www.barcelonacapitalnautica.org\\\/es\\\/#\\\/schema\\\/logo\\\/image\\\/\",\"url\":\"https:\\\/\\\/www.barcelonacapitalnautica.org\\\/wp-content\\\/uploads\\\/2023\\\/03\\\/Logo-blau.svg\",\"contentUrl\":\"https:\\\/\\\/www.barcelonacapitalnautica.org\\\/wp-content\\\/uploads\\\/2023\\\/03\\\/Logo-blau.svg\",\"width\":200,\"height\":58,\"caption\":\"Barcelona Capital N\u00e0utica\"},\"image\":{\"@id\":\"https:\\\/\\\/www.barcelonacapitalnautica.org\\\/es\\\/#\\\/schema\\\/logo\\\/image\\\/\"},\"sameAs\":[\"https:\\\/\\\/www.facebook.com\\\/barcelonacapitalnautica\",\"https:\\\/\\\/x.com\\\/bcnautica\",\"https:\\\/\\\/www.instagram.com\\\/bcnautica\\\/\",\"https:\\\/\\\/www.linkedin.com\\\/company\\\/barcelona-capital-nautica\"]},{\"@type\":\"Person\",\"@id\":\"https:\\\/\\\/www.barcelonacapitalnautica.org\\\/es\\\/#\\\/schema\\\/person\\\/b860df9ee0f31662fe46aa9b2993295d\",\"name\":\"Barcelona Capital N\u00e0utica\",\"sameAs\":[\"https:\\\/\\\/www.barcelonacapitalnautica.org\"]}]}<\/script>\n<!-- \/ Yoast SEO plugin. -->","yoast_head_json":{"title":"Abrimos inscripciones para la segunda edici\u00f3n de la regata Solo Med - Barcelona Capital N\u00e0utica","robots":{"index":"index","follow":"follow","max-snippet":"max-snippet:-1","max-image-preview":"max-image-preview:large","max-video-preview":"max-video-preview:-1"},"canonical":"https:\/\/www.barcelonacapitalnautica.org\/es\/abrimos-inscripciones-para-la-segunda-edicion-de-la-regata-solo-med\/","og_locale":"es_ES","og_type":"article","og_title":"Abrimos inscripciones para la segunda edici\u00f3n de la regata Solo Med - Barcelona Capital N\u00e0utica","og_description":"De la mano del Club N\u00e0utic de Sa R\u00e0pita (Mallorca), [&hellip;]","og_url":"https:\/\/www.barcelonacapitalnautica.org\/es\/abrimos-inscripciones-para-la-segunda-edicion-de-la-regata-solo-med\/","og_site_name":"Barcelona Capital N\u00e0utica","article_publisher":"https:\/\/www.facebook.com\/barcelonacapitalnautica","article_published_time":"2023-01-20T12:08:10+00:00","article_modified_time":"2023-05-10T07:52:48+00:00","og_image":[{"width":650,"height":300,"url":"https:\/\/www.barcelonacapitalnautica.org\/wp-content\/uploads\/2023\/01\/W-capcalera-notis.png","type":"image\/png"}],"author":"Barcelona Capital N\u00e0utica","twitter_card":"summary_large_image","twitter_creator":"@bcnautica","twitter_site":"@bcnautica","twitter_misc":{"Escrito por":"Barcelona Capital N\u00e0utica","Tiempo de lectura":"2 minutos"},"schema":{"@context":"https:\/\/schema.org","@graph":[{"@type":"Article","@id":"https:\/\/www.barcelonacapitalnautica.org\/es\/abrimos-inscripciones-para-la-segunda-edicion-de-la-regata-solo-med\/#article","isPartOf":{"@id":"https:\/\/www.barcelonacapitalnautica.org\/es\/abrimos-inscripciones-para-la-segunda-edicion-de-la-regata-solo-med\/"},"author":{"name":"Barcelona Capital N\u00e0utica","@id":"https:\/\/www.barcelonacapitalnautica.org\/es\/#\/schema\/person\/b860df9ee0f31662fe46aa9b2993295d"},"headline":"Abrimos inscripciones para la segunda edici\u00f3n de la regata Solo Med","datePublished":"2023-01-20T12:08:10+00:00","dateModified":"2023-05-10T07:52:48+00:00","mainEntityOfPage":{"@id":"https:\/\/www.barcelonacapitalnautica.org\/es\/abrimos-inscripciones-para-la-segunda-edicion-de-la-regata-solo-med\/"},"wordCount":403,"publisher":{"@id":"https:\/\/www.barcelonacapitalnautica.org\/es\/#organization"},"image":{"@id":"https:\/\/www.barcelonacapitalnautica.org\/es\/abrimos-inscripciones-para-la-segunda-edicion-de-la-regata-solo-med\/#primaryimage"},"thumbnailUrl":"https:\/\/www.barcelonacapitalnautica.org\/wp-content\/uploads\/2023\/01\/W-capcalera-notis.png","keywords":["Base Mini","castellano","catal\u00e0","Esport","regata","Solo Med"],"articleSection":["Esport","Regatas","Solo Med"],"inLanguage":"es"},{"@type":"WebPage","@id":"https:\/\/www.barcelonacapitalnautica.org\/es\/abrimos-inscripciones-para-la-segunda-edicion-de-la-regata-solo-med\/","url":"https:\/\/www.barcelonacapitalnautica.org\/es\/abrimos-inscripciones-para-la-segunda-edicion-de-la-regata-solo-med\/","name":"Abrimos inscripciones para la segunda edici\u00f3n de la regata Solo Med - Barcelona Capital N\u00e0utica","isPartOf":{"@id":"https:\/\/www.barcelonacapitalnautica.org\/es\/#website"},"primaryImageOfPage":{"@id":"https:\/\/www.barcelonacapitalnautica.org\/es\/abrimos-inscripciones-para-la-segunda-edicion-de-la-regata-solo-med\/#primaryimage"},"image":{"@id":"https:\/\/www.barcelonacapitalnautica.org\/es\/abrimos-inscripciones-para-la-segunda-edicion-de-la-regata-solo-med\/#primaryimage"},"thumbnailUrl":"https:\/\/www.barcelonacapitalnautica.org\/wp-content\/uploads\/2023\/01\/W-capcalera-notis.png","datePublished":"2023-01-20T12:08:10+00:00","dateModified":"2023-05-10T07:52:48+00:00","breadcrumb":{"@id":"https:\/\/www.barcelonacapitalnautica.org\/es\/abrimos-inscripciones-para-la-segunda-edicion-de-la-regata-solo-med\/#breadcrumb"},"inLanguage":"es","potentialAction":[{"@type":"ReadAction","target":["https:\/\/www.barcelonacapitalnautica.org\/es\/abrimos-inscripciones-para-la-segunda-edicion-de-la-regata-solo-med\/"]}]},{"@type":"ImageObject","inLanguage":"es","@id":"https:\/\/www.barcelonacapitalnautica.org\/es\/abrimos-inscripciones-para-la-segunda-edicion-de-la-regata-solo-med\/#primaryimage","url":"https:\/\/www.barcelonacapitalnautica.org\/wp-content\/uploads\/2023\/01\/W-capcalera-notis.png","contentUrl":"https:\/\/www.barcelonacapitalnautica.org\/wp-content\/uploads\/2023\/01\/W-capcalera-notis.png","width":650,"height":300},{"@type":"BreadcrumbList","@id":"https:\/\/www.barcelonacapitalnautica.org\/es\/abrimos-inscripciones-para-la-segunda-edicion-de-la-regata-solo-med\/#breadcrumb","itemListElement":[{"@type":"ListItem","position":1,"name":"Inici","item":"https:\/\/www.barcelonacapitalnautica.org\/es\/"},{"@type":"ListItem","position":2,"name":"Abrimos inscripciones para la segunda edici\u00f3n de la regata Solo Med"}]},{"@type":"WebSite","@id":"https:\/\/www.barcelonacapitalnautica.org\/es\/#website","url":"https:\/\/www.barcelonacapitalnautica.org\/es\/","name":"Barcelona Capital N\u00e0utica","description":"Barcelona Capital N\u00e0utica","publisher":{"@id":"https:\/\/www.barcelonacapitalnautica.org\/es\/#organization"},"alternateName":"BCN\u00e0utica, FBCN","potentialAction":[{"@type":"SearchAction","target":{"@type":"EntryPoint","urlTemplate":"https:\/\/www.barcelonacapitalnautica.org\/es\/?s={search_term_string}"},"query-input":{"@type":"PropertyValueSpecification","valueRequired":true,"valueName":"search_term_string"}}],"inLanguage":"es"},{"@type":"Organization","@id":"https:\/\/www.barcelonacapitalnautica.org\/es\/#organization","name":"Barcelona Capital N\u00e0utica","alternateName":"Fundaci\u00f3 Barcelona Capital N\u00e0utica","url":"https:\/\/www.barcelonacapitalnautica.org\/es\/","logo":{"@type":"ImageObject","inLanguage":"es","@id":"https:\/\/www.barcelonacapitalnautica.org\/es\/#\/schema\/logo\/image\/","url":"https:\/\/www.barcelonacapitalnautica.org\/wp-content\/uploads\/2023\/03\/Logo-blau.svg","contentUrl":"https:\/\/www.barcelonacapitalnautica.org\/wp-content\/uploads\/2023\/03\/Logo-blau.svg","width":200,"height":58,"caption":"Barcelona Capital N\u00e0utica"},"image":{"@id":"https:\/\/www.barcelonacapitalnautica.org\/es\/#\/schema\/logo\/image\/"},"sameAs":["https:\/\/www.facebook.com\/barcelonacapitalnautica","https:\/\/x.com\/bcnautica","https:\/\/www.instagram.com\/bcnautica\/","https:\/\/www.linkedin.com\/company\/barcelona-capital-nautica"]},{"@type":"Person","@id":"https:\/\/www.barcelonacapitalnautica.org\/es\/#\/schema\/person\/b860df9ee0f31662fe46aa9b2993295d","name":"Barcelona Capital N\u00e0utica","sameAs":["https:\/\/www.barcelonacapitalnautica.org"]}]}},"uagb_featured_image_src":{"full":["https:\/\/www.barcelonacapitalnautica.org\/wp-content\/uploads\/2023\/01\/W-capcalera-notis.png",650,300,false],"thumbnail":["https:\/\/www.barcelonacapitalnautica.org\/wp-content\/uploads\/2023\/01\/W-capcalera-notis-150x150.png",150,150,true],"medium":["https:\/\/www.barcelonacapitalnautica.org\/wp-content\/uploads\/2023\/01\/W-capcalera-notis-300x138.png",300,138,true],"medium_large":["https:\/\/www.barcelonacapitalnautica.org\/wp-content\/uploads\/2023\/01\/W-capcalera-notis.png",650,300,false],"large":["https:\/\/www.barcelonacapitalnautica.org\/wp-content\/uploads\/2023\/01\/W-capcalera-notis.png",650,300,false],"1536x1536":["https:\/\/www.barcelonacapitalnautica.org\/wp-content\/uploads\/2023\/01\/W-capcalera-notis.png",650,300,false],"2048x2048":["https:\/\/www.barcelonacapitalnautica.org\/wp-content\/uploads\/2023\/01\/W-capcalera-notis.png",650,300,false]},"uagb_author_info":{"display_name":"Barcelona Capital N\u00e0utica","author_link":"https:\/\/www.barcelonacapitalnautica.org\/es\/author\/fbcn_admin\/"},"uagb_comment_info":0,"uagb_excerpt":"De la mano del Club N\u00e0utic de Sa R\u00e0pita (Mallorca), [&hellip;]","_links":{"self":[{"href":"https:\/\/www.barcelonacapitalnautica.org\/es\/wp-json\/wp\/v2\/posts\/256120","targetHints":{"allow":["GET"]}}],"collection":[{"href":"https:\/\/www.barcelonacapitalnautica.org\/es\/wp-json\/wp\/v2\/posts"}],"about":[{"href":"https:\/\/www.barcelonacapitalnautica.org\/es\/wp-json\/wp\/v2\/types\/post"}],"author":[{"embeddable":true,"href":"https:\/\/www.barcelonacapitalnautica.org\/es\/wp-json\/wp\/v2\/users\/1"}],"replies":[{"embeddable":true,"href":"https:\/\/www.barcelonacapitalnautica.org\/es\/wp-json\/wp\/v2\/comments?post=256120"}],"version-history":[{"count":4,"href":"https:\/\/www.barcelonacapitalnautica.org\/es\/wp-json\/wp\/v2\/posts\/256120\/revisions"}],"predecessor-version":[{"id":258542,"href":"https:\/\/www.barcelonacapitalnautica.org\/es\/wp-json\/wp\/v2\/posts\/256120\/revisions\/258542"}],"wp:featuredmedia":[{"embeddable":true,"href":"https:\/\/www.barcelonacapitalnautica.org\/es\/wp-json\/wp\/v2\/media\/255406"}],"wp:attachment":[{"href":"https:\/\/www.barcelonacapitalnautica.org\/es\/wp-json\/wp\/v2\/media?parent=256120"}],"wp:term":[{"taxonomy":"category","embeddable":true,"href":"https:\/\/www.barcelonacapitalnautica.org\/es\/wp-json\/wp\/v2\/categories?post=256120"},{"taxonomy":"post_tag","embeddable":true,"href":"https:\/\/www.barcelonacapitalnautica.org\/es\/wp-json\/wp\/v2\/tags?post=256120"}],"curies":[{"name":"wp","href":"https:\/\/api.w.org\/{rel}","templated":true}]}}