{"id":256155,"date":"2022-11-28T14:36:18","date_gmt":"2022-11-28T13:36:18","guid":{"rendered":"https:\/\/www.barcelonacapitalnautica.org\/collaborem-en-el-projecte-social-veles-per-lalzheimer\/"},"modified":"2024-01-18T20:41:57","modified_gmt":"2024-01-18T19:41:57","slug":"colaboramos-en-el-proyecto-social-velas-por-el-alzheimer","status":"publish","type":"post","link":"https:\/\/www.barcelonacapitalnautica.org\/es\/colaboramos-en-el-proyecto-social-velas-por-el-alzheimer\/","title":{"rendered":"Colaboramos en el proyecto social \u201cVelas por el Alzheimer\u201d"},"content":{"rendered":"\n<p>Desde la Fundaci\u00f3 Barcelona Capital N\u00e0utica hemos colaborado en el proyecto <a href=\"https:\/\/www.velesperalzheimer.org\/\" target=\"_blank\" rel=\"noreferrer noopener\">Velas por el Alzheimer<\/a> que ha sido seleccionado entre los 30 m\u00e1s innovadores del estado por el Premio Ayudas Dualiza.<\/p>\n\n\n\n<p>El pasado 14 de noviembre se hizo la botadura y presentaci\u00f3n oficial de este proyecto que tiene por objetivos contribuir a la mejora de la calidad de vida de los afectados de Alzheimer y sus familiares, mediante actividades n\u00e1uticas y deportivas y sensibilizar a la sociedad sobre la afectaci\u00f3n y la importancia de la investigaci\u00f3n para combatirla.<\/p>\n\n\n\n<p>Desde la FBCN hemos participado cediendo el espacio de la Drassana, aportando material y la disposici\u00f3n del responsable de la Nave para que el alumnado del <a href=\"https:\/\/agora.xtec.cat\/ins-nauticabcn\/portada\/els-projecte-veles-per-lalzheimer-de-linb-ha-estat-seleccionat-com-un-dels-30-projectes-mes-innovadors-del-pais-dintre-de-la-convocatoria-dajudes-dualiza-de-caixabank-dual\/\" target=\"_blank\" rel=\"noreferrer noopener\">Institut de N\u00e0utica de Barcelona<\/a>&nbsp;pudiera hacer&nbsp;<em>refit&nbsp;<\/em>completo de este Mini Pogo de forma sostenible y formar a sus estudiantes sobre las embarcaciones de la Clase Mini.<\/p>\n\n\n\n<p>Adem\u00e1s, este Mini, de nombre Atapi, navega dentro de la Base Mini de la Fundaci\u00f3n y participa de los&nbsp;<a href=\"https:\/\/escola.barcelonacapitalnautica.org\/es\/los-entrenos-de-la-base-mini-tambien-en-la-copa-catalana-de-crucero\/\" target=\"_blank\" rel=\"noreferrer noopener\">entrenos quincenales.<\/a><\/p>\n","protected":false},"excerpt":{"rendered":"<p>Desde la Fundaci\u00f3 Barcelona Capital N\u00e0utica hemos colaborado en el [&hellip;]<\/p>\n","protected":false},"author":1,"featured_media":255172,"comment_status":"closed","ping_status":"closed","sticky":false,"template":"","format":"standard","meta":{"_uag_custom_page_level_css":"","site-sidebar-layout":"default","site-content-layout":"","ast-site-content-layout":"default","site-content-style":"default","site-sidebar-style":"default","ast-global-header-display":"","ast-banner-title-visibility":"","ast-main-header-display":"","ast-hfb-above-header-display":"","ast-hfb-below-header-display":"","ast-hfb-mobile-header-display":"","site-post-title":"","ast-breadcrumbs-content":"","ast-featured-img":"","footer-sml-layout":"","ast-disable-related-posts":"","theme-transparent-header-meta":"","adv-header-id-meta":"","stick-header-meta":"","header-above-stick-meta":"","header-main-stick-meta":"","header-below-stick-meta":"","astra-migrate-meta-layouts":"default","ast-page-background-enabled":"default","ast-page-background-meta":{"desktop":{"background-color":"","background-image":"","background-repeat":"repeat","background-position":"center center","background-size":"auto","background-attachment":"scroll","background-type":"","background-media":"","overlay-type":"","overlay-color":"","overlay-opacity":"","overlay-gradient":""},"tablet":{"background-color":"","background-image":"","background-repeat":"repeat","background-position":"center center","background-size":"auto","background-attachment":"scroll","background-type":"","background-media":"","overlay-type":"","overlay-color":"","overlay-opacity":"","overlay-gradient":""},"mobile":{"background-color":"","background-image":"","background-repeat":"repeat","background-position":"center center","background-size":"auto","background-attachment":"scroll","background-type":"","background-media":"","overlay-type":"","overlay-color":"","overlay-opacity":"","overlay-gradient":""}},"ast-content-background-meta":{"desktop":{"background-color":"var(--ast-global-color-5)","background-image":"","background-repeat":"repeat","background-position":"center center","background-size":"auto","background-attachment":"scroll","background-type":"","background-media":"","overlay-type":"","overlay-color":"","overlay-opacity":"","overlay-gradient":""},"tablet":{"background-color":"var(--ast-global-color-5)","background-image":"","background-repeat":"repeat","background-position":"center center","background-size":"auto","background-attachment":"scroll","background-type":"","background-media":"","overlay-type":"","overlay-color":"","overlay-opacity":"","overlay-gradient":""},"mobile":{"background-color":"var(--ast-global-color-5)","background-image":"","background-repeat":"repeat","background-position":"center center","background-size":"auto","background-attachment":"scroll","background-type":"","background-media":"","overlay-type":"","overlay-color":"","overlay-opacity":"","overlay-gradient":""}},"_price":"","_stock":"","_tribe_ticket_header":"","_tribe_default_ticket_provider":"","_tribe_ticket_capacity":"0","_ticket_start_date":"","_ticket_end_date":"","_tribe_ticket_show_description":"","_tribe_ticket_show_not_going":false,"_tribe_ticket_use_global_stock":"","_tribe_ticket_global_stock_level":"","_global_stock_mode":"","_global_stock_cap":"","_tribe_rsvp_for_event":"","_tribe_ticket_going_count":"","_tribe_ticket_not_going_count":"","_tribe_tickets_list":[],"_tribe_ticket_has_attendee_info_fields":false,"footnotes":""},"categories":[179,104,105,106],"tags":[144,118,115,116],"class_list":["post-256155","post","type-post","status-publish","format-standard","has-post-thumbnail","hentry","category-alzheimer-es","category-base-mini","category-cultura","category-formacion","tag-alzheimer-2","tag-basemini-es-2","tag-castellano","tag-catala"],"yoast_head":"<!-- This site is optimized with the Yoast SEO plugin v27.5 - https:\/\/yoast.com\/product\/yoast-seo-wordpress\/ -->\n<title>Colaboramos en el proyecto social \u201cVelas por el Alzheimer\u201d - Barcelona Capital N\u00e0utica<\/title>\n<meta name=\"robots\" content=\"index, follow, max-snippet:-1, max-image-preview:large, max-video-preview:-1\" \/>\n<link rel=\"canonical\" href=\"https:\/\/www.barcelonacapitalnautica.org\/es\/colaboramos-en-el-proyecto-social-velas-por-el-alzheimer\/\" \/>\n<meta property=\"og:locale\" content=\"es_ES\" \/>\n<meta property=\"og:type\" content=\"article\" \/>\n<meta property=\"og:title\" content=\"Colaboramos en el proyecto social \u201cVelas por el Alzheimer\u201d - Barcelona Capital N\u00e0utica\" \/>\n<meta property=\"og:description\" content=\"Desde la Fundaci\u00f3 Barcelona Capital N\u00e0utica hemos colaborado en el [&hellip;]\" \/>\n<meta property=\"og:url\" content=\"https:\/\/www.barcelonacapitalnautica.org\/es\/colaboramos-en-el-proyecto-social-velas-por-el-alzheimer\/\" \/>\n<meta property=\"og:site_name\" content=\"Barcelona Capital N\u00e0utica\" \/>\n<meta property=\"article:publisher\" content=\"https:\/\/www.facebook.com\/barcelonacapitalnautica\" \/>\n<meta property=\"article:published_time\" content=\"2022-11-28T13:36:18+00:00\" \/>\n<meta property=\"article:modified_time\" content=\"2024-01-18T19:41:57+00:00\" \/>\n<meta property=\"og:image\" content=\"https:\/\/www.barcelonacapitalnautica.org\/wp-content\/uploads\/2022\/11\/Veles-Alzehimer.jpg\" \/>\n\t<meta property=\"og:image:width\" content=\"1063\" \/>\n\t<meta property=\"og:image:height\" content=\"510\" \/>\n\t<meta property=\"og:image:type\" content=\"image\/jpeg\" \/>\n<meta name=\"author\" content=\"Barcelona Capital N\u00e0utica\" \/>\n<meta name=\"twitter:card\" content=\"summary_large_image\" \/>\n<meta name=\"twitter:creator\" content=\"@bcnautica\" \/>\n<meta name=\"twitter:site\" content=\"@bcnautica\" \/>\n<meta name=\"twitter:label1\" content=\"Escrito por\" \/>\n\t<meta name=\"twitter:data1\" content=\"Barcelona Capital N\u00e0utica\" \/>\n\t<meta name=\"twitter:label2\" content=\"Tiempo de lectura\" \/>\n\t<meta name=\"twitter:data2\" content=\"1 minuto\" \/>\n<script type=\"application\/ld+json\" class=\"yoast-schema-graph\">{\"@context\":\"https:\\\/\\\/schema.org\",\"@graph\":[{\"@type\":\"Article\",\"@id\":\"https:\\\/\\\/www.barcelonacapitalnautica.org\\\/es\\\/colaboramos-en-el-proyecto-social-velas-por-el-alzheimer\\\/#article\",\"isPartOf\":{\"@id\":\"https:\\\/\\\/www.barcelonacapitalnautica.org\\\/es\\\/colaboramos-en-el-proyecto-social-velas-por-el-alzheimer\\\/\"},\"author\":{\"name\":\"Barcelona Capital N\u00e0utica\",\"@id\":\"https:\\\/\\\/www.barcelonacapitalnautica.org\\\/es\\\/#\\\/schema\\\/person\\\/b860df9ee0f31662fe46aa9b2993295d\"},\"headline\":\"Colaboramos en el proyecto social \u201cVelas por el Alzheimer\u201d\",\"datePublished\":\"2022-11-28T13:36:18+00:00\",\"dateModified\":\"2024-01-18T19:41:57+00:00\",\"mainEntityOfPage\":{\"@id\":\"https:\\\/\\\/www.barcelonacapitalnautica.org\\\/es\\\/colaboramos-en-el-proyecto-social-velas-por-el-alzheimer\\\/\"},\"wordCount\":184,\"publisher\":{\"@id\":\"https:\\\/\\\/www.barcelonacapitalnautica.org\\\/es\\\/#organization\"},\"image\":{\"@id\":\"https:\\\/\\\/www.barcelonacapitalnautica.org\\\/es\\\/colaboramos-en-el-proyecto-social-velas-por-el-alzheimer\\\/#primaryimage\"},\"thumbnailUrl\":\"https:\\\/\\\/www.barcelonacapitalnautica.org\\\/wp-content\\\/uploads\\\/2022\\\/11\\\/Veles-Alzehimer.jpg\",\"keywords\":[\"Alzheimer\",\"Base Mini\",\"castellano\",\"catal\u00e0\"],\"articleSection\":[\"Alzheimer\",\"Base Mini\",\"Cultura\",\"Formaci\u00f3n\"],\"inLanguage\":\"es\"},{\"@type\":\"WebPage\",\"@id\":\"https:\\\/\\\/www.barcelonacapitalnautica.org\\\/es\\\/colaboramos-en-el-proyecto-social-velas-por-el-alzheimer\\\/\",\"url\":\"https:\\\/\\\/www.barcelonacapitalnautica.org\\\/es\\\/colaboramos-en-el-proyecto-social-velas-por-el-alzheimer\\\/\",\"name\":\"Colaboramos en el proyecto social \u201cVelas por el Alzheimer\u201d - Barcelona Capital N\u00e0utica\",\"isPartOf\":{\"@id\":\"https:\\\/\\\/www.barcelonacapitalnautica.org\\\/es\\\/#website\"},\"primaryImageOfPage\":{\"@id\":\"https:\\\/\\\/www.barcelonacapitalnautica.org\\\/es\\\/colaboramos-en-el-proyecto-social-velas-por-el-alzheimer\\\/#primaryimage\"},\"image\":{\"@id\":\"https:\\\/\\\/www.barcelonacapitalnautica.org\\\/es\\\/colaboramos-en-el-proyecto-social-velas-por-el-alzheimer\\\/#primaryimage\"},\"thumbnailUrl\":\"https:\\\/\\\/www.barcelonacapitalnautica.org\\\/wp-content\\\/uploads\\\/2022\\\/11\\\/Veles-Alzehimer.jpg\",\"datePublished\":\"2022-11-28T13:36:18+00:00\",\"dateModified\":\"2024-01-18T19:41:57+00:00\",\"breadcrumb\":{\"@id\":\"https:\\\/\\\/www.barcelonacapitalnautica.org\\\/es\\\/colaboramos-en-el-proyecto-social-velas-por-el-alzheimer\\\/#breadcrumb\"},\"inLanguage\":\"es\",\"potentialAction\":[{\"@type\":\"ReadAction\",\"target\":[\"https:\\\/\\\/www.barcelonacapitalnautica.org\\\/es\\\/colaboramos-en-el-proyecto-social-velas-por-el-alzheimer\\\/\"]}]},{\"@type\":\"ImageObject\",\"inLanguage\":\"es\",\"@id\":\"https:\\\/\\\/www.barcelonacapitalnautica.org\\\/es\\\/colaboramos-en-el-proyecto-social-velas-por-el-alzheimer\\\/#primaryimage\",\"url\":\"https:\\\/\\\/www.barcelonacapitalnautica.org\\\/wp-content\\\/uploads\\\/2022\\\/11\\\/Veles-Alzehimer.jpg\",\"contentUrl\":\"https:\\\/\\\/www.barcelonacapitalnautica.org\\\/wp-content\\\/uploads\\\/2022\\\/11\\\/Veles-Alzehimer.jpg\",\"width\":1063,\"height\":510},{\"@type\":\"BreadcrumbList\",\"@id\":\"https:\\\/\\\/www.barcelonacapitalnautica.org\\\/es\\\/colaboramos-en-el-proyecto-social-velas-por-el-alzheimer\\\/#breadcrumb\",\"itemListElement\":[{\"@type\":\"ListItem\",\"position\":1,\"name\":\"Inici\",\"item\":\"https:\\\/\\\/www.barcelonacapitalnautica.org\\\/es\\\/\"},{\"@type\":\"ListItem\",\"position\":2,\"name\":\"Colaboramos en el proyecto social \u201cVelas por el Alzheimer\u201d\"}]},{\"@type\":\"WebSite\",\"@id\":\"https:\\\/\\\/www.barcelonacapitalnautica.org\\\/es\\\/#website\",\"url\":\"https:\\\/\\\/www.barcelonacapitalnautica.org\\\/es\\\/\",\"name\":\"Barcelona Capital N\u00e0utica\",\"description\":\"Barcelona Capital N\u00e0utica\",\"publisher\":{\"@id\":\"https:\\\/\\\/www.barcelonacapitalnautica.org\\\/es\\\/#organization\"},\"alternateName\":\"BCN\u00e0utica, FBCN\",\"potentialAction\":[{\"@type\":\"SearchAction\",\"target\":{\"@type\":\"EntryPoint\",\"urlTemplate\":\"https:\\\/\\\/www.barcelonacapitalnautica.org\\\/es\\\/?s={search_term_string}\"},\"query-input\":{\"@type\":\"PropertyValueSpecification\",\"valueRequired\":true,\"valueName\":\"search_term_string\"}}],\"inLanguage\":\"es\"},{\"@type\":\"Organization\",\"@id\":\"https:\\\/\\\/www.barcelonacapitalnautica.org\\\/es\\\/#organization\",\"name\":\"Barcelona Capital N\u00e0utica\",\"alternateName\":\"Fundaci\u00f3 Barcelona Capital N\u00e0utica\",\"url\":\"https:\\\/\\\/www.barcelonacapitalnautica.org\\\/es\\\/\",\"logo\":{\"@type\":\"ImageObject\",\"inLanguage\":\"es\",\"@id\":\"https:\\\/\\\/www.barcelonacapitalnautica.org\\\/es\\\/#\\\/schema\\\/logo\\\/image\\\/\",\"url\":\"https:\\\/\\\/www.barcelonacapitalnautica.org\\\/wp-content\\\/uploads\\\/2023\\\/03\\\/Logo-blau.svg\",\"contentUrl\":\"https:\\\/\\\/www.barcelonacapitalnautica.org\\\/wp-content\\\/uploads\\\/2023\\\/03\\\/Logo-blau.svg\",\"width\":200,\"height\":58,\"caption\":\"Barcelona Capital N\u00e0utica\"},\"image\":{\"@id\":\"https:\\\/\\\/www.barcelonacapitalnautica.org\\\/es\\\/#\\\/schema\\\/logo\\\/image\\\/\"},\"sameAs\":[\"https:\\\/\\\/www.facebook.com\\\/barcelonacapitalnautica\",\"https:\\\/\\\/x.com\\\/bcnautica\",\"https:\\\/\\\/www.instagram.com\\\/bcnautica\\\/\",\"https:\\\/\\\/www.linkedin.com\\\/company\\\/barcelona-capital-nautica\"]},{\"@type\":\"Person\",\"@id\":\"https:\\\/\\\/www.barcelonacapitalnautica.org\\\/es\\\/#\\\/schema\\\/person\\\/b860df9ee0f31662fe46aa9b2993295d\",\"name\":\"Barcelona Capital N\u00e0utica\",\"sameAs\":[\"https:\\\/\\\/www.barcelonacapitalnautica.org\"]}]}<\/script>\n<!-- \/ Yoast SEO plugin. -->","yoast_head_json":{"title":"Colaboramos en el proyecto social \u201cVelas por el Alzheimer\u201d - Barcelona Capital N\u00e0utica","robots":{"index":"index","follow":"follow","max-snippet":"max-snippet:-1","max-image-preview":"max-image-preview:large","max-video-preview":"max-video-preview:-1"},"canonical":"https:\/\/www.barcelonacapitalnautica.org\/es\/colaboramos-en-el-proyecto-social-velas-por-el-alzheimer\/","og_locale":"es_ES","og_type":"article","og_title":"Colaboramos en el proyecto social \u201cVelas por el Alzheimer\u201d - Barcelona Capital N\u00e0utica","og_description":"Desde la Fundaci\u00f3 Barcelona Capital N\u00e0utica hemos colaborado en el [&hellip;]","og_url":"https:\/\/www.barcelonacapitalnautica.org\/es\/colaboramos-en-el-proyecto-social-velas-por-el-alzheimer\/","og_site_name":"Barcelona Capital N\u00e0utica","article_publisher":"https:\/\/www.facebook.com\/barcelonacapitalnautica","article_published_time":"2022-11-28T13:36:18+00:00","article_modified_time":"2024-01-18T19:41:57+00:00","og_image":[{"width":1063,"height":510,"url":"https:\/\/www.barcelonacapitalnautica.org\/wp-content\/uploads\/2022\/11\/Veles-Alzehimer.jpg","type":"image\/jpeg"}],"author":"Barcelona Capital N\u00e0utica","twitter_card":"summary_large_image","twitter_creator":"@bcnautica","twitter_site":"@bcnautica","twitter_misc":{"Escrito por":"Barcelona Capital N\u00e0utica","Tiempo de lectura":"1 minuto"},"schema":{"@context":"https:\/\/schema.org","@graph":[{"@type":"Article","@id":"https:\/\/www.barcelonacapitalnautica.org\/es\/colaboramos-en-el-proyecto-social-velas-por-el-alzheimer\/#article","isPartOf":{"@id":"https:\/\/www.barcelonacapitalnautica.org\/es\/colaboramos-en-el-proyecto-social-velas-por-el-alzheimer\/"},"author":{"name":"Barcelona Capital N\u00e0utica","@id":"https:\/\/www.barcelonacapitalnautica.org\/es\/#\/schema\/person\/b860df9ee0f31662fe46aa9b2993295d"},"headline":"Colaboramos en el proyecto social \u201cVelas por el Alzheimer\u201d","datePublished":"2022-11-28T13:36:18+00:00","dateModified":"2024-01-18T19:41:57+00:00","mainEntityOfPage":{"@id":"https:\/\/www.barcelonacapitalnautica.org\/es\/colaboramos-en-el-proyecto-social-velas-por-el-alzheimer\/"},"wordCount":184,"publisher":{"@id":"https:\/\/www.barcelonacapitalnautica.org\/es\/#organization"},"image":{"@id":"https:\/\/www.barcelonacapitalnautica.org\/es\/colaboramos-en-el-proyecto-social-velas-por-el-alzheimer\/#primaryimage"},"thumbnailUrl":"https:\/\/www.barcelonacapitalnautica.org\/wp-content\/uploads\/2022\/11\/Veles-Alzehimer.jpg","keywords":["Alzheimer","Base Mini","castellano","catal\u00e0"],"articleSection":["Alzheimer","Base Mini","Cultura","Formaci\u00f3n"],"inLanguage":"es"},{"@type":"WebPage","@id":"https:\/\/www.barcelonacapitalnautica.org\/es\/colaboramos-en-el-proyecto-social-velas-por-el-alzheimer\/","url":"https:\/\/www.barcelonacapitalnautica.org\/es\/colaboramos-en-el-proyecto-social-velas-por-el-alzheimer\/","name":"Colaboramos en el proyecto social \u201cVelas por el Alzheimer\u201d - Barcelona Capital N\u00e0utica","isPartOf":{"@id":"https:\/\/www.barcelonacapitalnautica.org\/es\/#website"},"primaryImageOfPage":{"@id":"https:\/\/www.barcelonacapitalnautica.org\/es\/colaboramos-en-el-proyecto-social-velas-por-el-alzheimer\/#primaryimage"},"image":{"@id":"https:\/\/www.barcelonacapitalnautica.org\/es\/colaboramos-en-el-proyecto-social-velas-por-el-alzheimer\/#primaryimage"},"thumbnailUrl":"https:\/\/www.barcelonacapitalnautica.org\/wp-content\/uploads\/2022\/11\/Veles-Alzehimer.jpg","datePublished":"2022-11-28T13:36:18+00:00","dateModified":"2024-01-18T19:41:57+00:00","breadcrumb":{"@id":"https:\/\/www.barcelonacapitalnautica.org\/es\/colaboramos-en-el-proyecto-social-velas-por-el-alzheimer\/#breadcrumb"},"inLanguage":"es","potentialAction":[{"@type":"ReadAction","target":["https:\/\/www.barcelonacapitalnautica.org\/es\/colaboramos-en-el-proyecto-social-velas-por-el-alzheimer\/"]}]},{"@type":"ImageObject","inLanguage":"es","@id":"https:\/\/www.barcelonacapitalnautica.org\/es\/colaboramos-en-el-proyecto-social-velas-por-el-alzheimer\/#primaryimage","url":"https:\/\/www.barcelonacapitalnautica.org\/wp-content\/uploads\/2022\/11\/Veles-Alzehimer.jpg","contentUrl":"https:\/\/www.barcelonacapitalnautica.org\/wp-content\/uploads\/2022\/11\/Veles-Alzehimer.jpg","width":1063,"height":510},{"@type":"BreadcrumbList","@id":"https:\/\/www.barcelonacapitalnautica.org\/es\/colaboramos-en-el-proyecto-social-velas-por-el-alzheimer\/#breadcrumb","itemListElement":[{"@type":"ListItem","position":1,"name":"Inici","item":"https:\/\/www.barcelonacapitalnautica.org\/es\/"},{"@type":"ListItem","position":2,"name":"Colaboramos en el proyecto social \u201cVelas por el Alzheimer\u201d"}]},{"@type":"WebSite","@id":"https:\/\/www.barcelonacapitalnautica.org\/es\/#website","url":"https:\/\/www.barcelonacapitalnautica.org\/es\/","name":"Barcelona Capital N\u00e0utica","description":"Barcelona Capital N\u00e0utica","publisher":{"@id":"https:\/\/www.barcelonacapitalnautica.org\/es\/#organization"},"alternateName":"BCN\u00e0utica, FBCN","potentialAction":[{"@type":"SearchAction","target":{"@type":"EntryPoint","urlTemplate":"https:\/\/www.barcelonacapitalnautica.org\/es\/?s={search_term_string}"},"query-input":{"@type":"PropertyValueSpecification","valueRequired":true,"valueName":"search_term_string"}}],"inLanguage":"es"},{"@type":"Organization","@id":"https:\/\/www.barcelonacapitalnautica.org\/es\/#organization","name":"Barcelona Capital N\u00e0utica","alternateName":"Fundaci\u00f3 Barcelona Capital N\u00e0utica","url":"https:\/\/www.barcelonacapitalnautica.org\/es\/","logo":{"@type":"ImageObject","inLanguage":"es","@id":"https:\/\/www.barcelonacapitalnautica.org\/es\/#\/schema\/logo\/image\/","url":"https:\/\/www.barcelonacapitalnautica.org\/wp-content\/uploads\/2023\/03\/Logo-blau.svg","contentUrl":"https:\/\/www.barcelonacapitalnautica.org\/wp-content\/uploads\/2023\/03\/Logo-blau.svg","width":200,"height":58,"caption":"Barcelona Capital N\u00e0utica"},"image":{"@id":"https:\/\/www.barcelonacapitalnautica.org\/es\/#\/schema\/logo\/image\/"},"sameAs":["https:\/\/www.facebook.com\/barcelonacapitalnautica","https:\/\/x.com\/bcnautica","https:\/\/www.instagram.com\/bcnautica\/","https:\/\/www.linkedin.com\/company\/barcelona-capital-nautica"]},{"@type":"Person","@id":"https:\/\/www.barcelonacapitalnautica.org\/es\/#\/schema\/person\/b860df9ee0f31662fe46aa9b2993295d","name":"Barcelona Capital N\u00e0utica","sameAs":["https:\/\/www.barcelonacapitalnautica.org"]}]}},"uagb_featured_image_src":{"full":["https:\/\/www.barcelonacapitalnautica.org\/wp-content\/uploads\/2022\/11\/Veles-Alzehimer.jpg",1063,510,false],"thumbnail":["https:\/\/www.barcelonacapitalnautica.org\/wp-content\/uploads\/2022\/11\/Veles-Alzehimer-150x150.jpg",150,150,true],"medium":["https:\/\/www.barcelonacapitalnautica.org\/wp-content\/uploads\/2022\/11\/Veles-Alzehimer-300x144.jpg",300,144,true],"medium_large":["https:\/\/www.barcelonacapitalnautica.org\/wp-content\/uploads\/2022\/11\/Veles-Alzehimer-768x368.jpg",768,368,true],"large":["https:\/\/www.barcelonacapitalnautica.org\/wp-content\/uploads\/2022\/11\/Veles-Alzehimer-1024x491.jpg",900,432,true],"1536x1536":["https:\/\/www.barcelonacapitalnautica.org\/wp-content\/uploads\/2022\/11\/Veles-Alzehimer.jpg",1063,510,false],"2048x2048":["https:\/\/www.barcelonacapitalnautica.org\/wp-content\/uploads\/2022\/11\/Veles-Alzehimer.jpg",1063,510,false]},"uagb_author_info":{"display_name":"Barcelona Capital N\u00e0utica","author_link":"https:\/\/www.barcelonacapitalnautica.org\/es\/author\/fbcn_admin\/"},"uagb_comment_info":0,"uagb_excerpt":"Desde la Fundaci\u00f3 Barcelona Capital N\u00e0utica hemos colaborado en el [&hellip;]","_links":{"self":[{"href":"https:\/\/www.barcelonacapitalnautica.org\/es\/wp-json\/wp\/v2\/posts\/256155","targetHints":{"allow":["GET"]}}],"collection":[{"href":"https:\/\/www.barcelonacapitalnautica.org\/es\/wp-json\/wp\/v2\/posts"}],"about":[{"href":"https:\/\/www.barcelonacapitalnautica.org\/es\/wp-json\/wp\/v2\/types\/post"}],"author":[{"embeddable":true,"href":"https:\/\/www.barcelonacapitalnautica.org\/es\/wp-json\/wp\/v2\/users\/1"}],"replies":[{"embeddable":true,"href":"https:\/\/www.barcelonacapitalnautica.org\/es\/wp-json\/wp\/v2\/comments?post=256155"}],"version-history":[{"count":2,"href":"https:\/\/www.barcelonacapitalnautica.org\/es\/wp-json\/wp\/v2\/posts\/256155\/revisions"}],"predecessor-version":[{"id":259319,"href":"https:\/\/www.barcelonacapitalnautica.org\/es\/wp-json\/wp\/v2\/posts\/256155\/revisions\/259319"}],"wp:featuredmedia":[{"embeddable":true,"href":"https:\/\/www.barcelonacapitalnautica.org\/es\/wp-json\/wp\/v2\/media\/255172"}],"wp:attachment":[{"href":"https:\/\/www.barcelonacapitalnautica.org\/es\/wp-json\/wp\/v2\/media?parent=256155"}],"wp:term":[{"taxonomy":"category","embeddable":true,"href":"https:\/\/www.barcelonacapitalnautica.org\/es\/wp-json\/wp\/v2\/categories?post=256155"},{"taxonomy":"post_tag","embeddable":true,"href":"https:\/\/www.barcelonacapitalnautica.org\/es\/wp-json\/wp\/v2\/tags?post=256155"}],"curies":[{"name":"wp","href":"https:\/\/api.w.org\/{rel}","templated":true}]}}