{"id":256163,"date":"2022-12-14T19:50:50","date_gmt":"2022-12-14T19:50:50","guid":{"rendered":"https:\/\/www.barcelonacapitalnautica.org\/la-fundacio-barcelona-capital-nautica-compta-ja-amb-nou-patronat\/"},"modified":"2023-03-30T07:33:50","modified_gmt":"2023-03-30T07:33:50","slug":"la-fundacio-barcelona-capital-nautica-cuenta-ya-con-nuevo-patronato","status":"publish","type":"post","link":"https:\/\/www.barcelonacapitalnautica.org\/es\/la-fundacio-barcelona-capital-nautica-cuenta-ya-con-nuevo-patronato\/","title":{"rendered":"La Fundaci\u00f3 Barcelona Capital N\u00e0utica cuenta ya con nuevo Patronato"},"content":{"rendered":"\n<p>La 37 edici\u00f3n de la Copa Am\u00e9rica que se celebrar\u00e1 en Barcelona en 2024 es una gran&nbsp;<strong>oportunidad para la ciudad y el impulso de la econom\u00eda azul<\/strong>. El papel de la Fundaci\u00f3n es clave en este proyecto y ha comportado algunos cambios, desde su nuevo nombre, a un nuevo logo y ahora tambi\u00e9n a la constituci\u00f3n de un nuevo Patronato.<\/p>\n\n\n\n<p>El pasado lunes 12 de diciembre se constituy\u00f3 el nuevo Patronato de la FBCN que est\u00e1 compuesto por las siguientes instituciones: la\u00a0<a href=\"https:\/\/web.gencat.cat\/es\/inici\/index.html\" target=\"_blank\" rel=\"noreferrer noopener\">Generalitat de Catalunya<\/a>, el <a href=\"https:\/\/www.barcelona.cat\/es\/\" target=\"_blank\" rel=\"noreferrer noopener\">Ajuntament de Barcelona<\/a>, el\u00a0<a href=\"https:\/\/www.portdebarcelona.cat\/es\/home_apb\" target=\"_blank\" rel=\"noreferrer noopener\">Port de Barcelona<\/a>, la\u00a0<a href=\"https:\/\/www.diba.cat\/\" target=\"_blank\" rel=\"noreferrer noopener\">Diputaci\u00f3 de Barcelona<\/a>,\u00a0<a href=\"https:\/\/www.barcelonaglobal.org\/\" target=\"_blank\" rel=\"noreferrer noopener\">Barcelona Global<\/a>, la\u00a0<a href=\"https:\/\/www.cambrabcn.org\/es\/inicio\" target=\"_blank\" rel=\"noreferrer noopener\">Cambra de Comer\u00e7 de Barcelona<\/a>\u00a0y el\u00a0<a href=\"https:\/\/www.barcelonaturisme.com\/wv3\/es\/\" target=\"_blank\" rel=\"noreferrer noopener\">Consorci de Turisme de Barcelona<\/a>. Se espera que finalmente el\u00a0<a href=\"https:\/\/www.culturaydeporte.gob.es\/portada.html\" target=\"_blank\" rel=\"noreferrer noopener\">Ministerio de Cultura y Deporte<\/a>\u00a0haga efectiva su incorporaci\u00f3n en las pr\u00f3ximas semanas.<\/p>\n\n\n\n<p>Con esta firma, los&nbsp;<strong>altos cargos<\/strong>&nbsp;que representan a la Fundaci\u00f3n Barcelona Capital N\u00e1utica ser\u00e1n los siguientes:&nbsp;<\/p>\n\n\n\n<ul class=\"wp-block-list\">\n<li>Presidente: Sr. Roger Torrent i Rami\u00f3<\/li>\n\n\n\n<li>Vice Presidente: Sr. Jaume Collboni Cuadrado<\/li>\n\n\n\n<li>Presidente del Comit\u00e9 Ejecutivo: Sr. Daniel Puig<\/li>\n<\/ul>\n\n\n\n<p>Desde la fundaci\u00f3n queremos&nbsp;<strong>agradecer al anterior Presidente, David Escud\u00e9 Rodr\u00edguez<\/strong>, la gran labor llevada a cabo en la instituci\u00f3n hasta ahora.<\/p>\n","protected":false},"excerpt":{"rendered":"<p>La 37 edici\u00f3n de la Copa Am\u00e9rica que se celebrar\u00e1 [&hellip;]<\/p>\n","protected":false},"author":1,"featured_media":255192,"comment_status":"closed","ping_status":"closed","sticky":false,"template":"","format":"standard","meta":{"_uag_custom_page_level_css":"","site-sidebar-layout":"default","site-content-layout":"","ast-site-content-layout":"default","site-content-style":"default","site-sidebar-style":"default","ast-global-header-display":"","ast-banner-title-visibility":"","ast-main-header-display":"","ast-hfb-above-header-display":"","ast-hfb-below-header-display":"","ast-hfb-mobile-header-display":"","site-post-title":"","ast-breadcrumbs-content":"","ast-featured-img":"","footer-sml-layout":"","ast-disable-related-posts":"","theme-transparent-header-meta":"","adv-header-id-meta":"","stick-header-meta":"","header-above-stick-meta":"","header-main-stick-meta":"","header-below-stick-meta":"","astra-migrate-meta-layouts":"default","ast-page-background-enabled":"default","ast-page-background-meta":{"desktop":{"background-color":"","background-image":"","background-repeat":"repeat","background-position":"center center","background-size":"auto","background-attachment":"scroll","background-type":"","background-media":"","overlay-type":"","overlay-color":"","overlay-opacity":"","overlay-gradient":""},"tablet":{"background-color":"","background-image":"","background-repeat":"repeat","background-position":"center center","background-size":"auto","background-attachment":"scroll","background-type":"","background-media":"","overlay-type":"","overlay-color":"","overlay-opacity":"","overlay-gradient":""},"mobile":{"background-color":"","background-image":"","background-repeat":"repeat","background-position":"center center","background-size":"auto","background-attachment":"scroll","background-type":"","background-media":"","overlay-type":"","overlay-color":"","overlay-opacity":"","overlay-gradient":""}},"ast-content-background-meta":{"desktop":{"background-color":"var(--ast-global-color-5)","background-image":"","background-repeat":"repeat","background-position":"center center","background-size":"auto","background-attachment":"scroll","background-type":"","background-media":"","overlay-type":"","overlay-color":"","overlay-opacity":"","overlay-gradient":""},"tablet":{"background-color":"var(--ast-global-color-5)","background-image":"","background-repeat":"repeat","background-position":"center center","background-size":"auto","background-attachment":"scroll","background-type":"","background-media":"","overlay-type":"","overlay-color":"","overlay-opacity":"","overlay-gradient":""},"mobile":{"background-color":"var(--ast-global-color-5)","background-image":"","background-repeat":"repeat","background-position":"center center","background-size":"auto","background-attachment":"scroll","background-type":"","background-media":"","overlay-type":"","overlay-color":"","overlay-opacity":"","overlay-gradient":""}},"_price":"","_stock":"","_tribe_ticket_header":"","_tribe_default_ticket_provider":"","_tribe_ticket_capacity":"0","_ticket_start_date":"","_ticket_end_date":"","_tribe_ticket_show_description":"","_tribe_ticket_show_not_going":false,"_tribe_ticket_use_global_stock":"","_tribe_ticket_global_stock_level":"","_global_stock_mode":"","_global_stock_cap":"","_tribe_rsvp_for_event":"","_tribe_ticket_going_count":"","_tribe_ticket_not_going_count":"","_tribe_tickets_list":[],"_tribe_ticket_has_attendee_info_fields":false,"footnotes":""},"categories":[97,98],"tags":[115,114],"class_list":["post-256163","post","type-post","status-publish","format-standard","has-post-thumbnail","hentry","category-bcnautica","category-copa-america","tag-castellano","tag-copa-america-es-2"],"yoast_head":"<!-- This site is optimized with the Yoast SEO plugin v27.5 - https:\/\/yoast.com\/product\/yoast-seo-wordpress\/ -->\n<title>La Fundaci\u00f3 Barcelona Capital N\u00e0utica cuenta ya con nuevo Patronato - Barcelona Capital N\u00e0utica<\/title>\n<meta name=\"robots\" content=\"index, follow, max-snippet:-1, max-image-preview:large, max-video-preview:-1\" \/>\n<link rel=\"canonical\" href=\"https:\/\/www.barcelonacapitalnautica.org\/es\/la-fundacio-barcelona-capital-nautica-cuenta-ya-con-nuevo-patronato\/\" \/>\n<meta property=\"og:locale\" content=\"es_ES\" \/>\n<meta property=\"og:type\" content=\"article\" \/>\n<meta property=\"og:title\" content=\"La Fundaci\u00f3 Barcelona Capital N\u00e0utica cuenta ya con nuevo Patronato - Barcelona Capital N\u00e0utica\" \/>\n<meta property=\"og:description\" content=\"La 37 edici\u00f3n de la Copa Am\u00e9rica que se celebrar\u00e1 [&hellip;]\" \/>\n<meta property=\"og:url\" content=\"https:\/\/www.barcelonacapitalnautica.org\/es\/la-fundacio-barcelona-capital-nautica-cuenta-ya-con-nuevo-patronato\/\" \/>\n<meta property=\"og:site_name\" content=\"Barcelona Capital N\u00e0utica\" \/>\n<meta property=\"article:publisher\" content=\"https:\/\/www.facebook.com\/barcelonacapitalnautica\" \/>\n<meta property=\"article:published_time\" content=\"2022-12-14T19:50:50+00:00\" \/>\n<meta property=\"article:modified_time\" content=\"2023-03-30T07:33:50+00:00\" \/>\n<meta property=\"og:image\" content=\"https:\/\/www.barcelonacapitalnautica.org\/wp-content\/uploads\/2022\/12\/Captura-de-Pantalla-2022-12-14-a-las-18.09.26.png\" \/>\n\t<meta property=\"og:image:width\" content=\"1882\" \/>\n\t<meta property=\"og:image:height\" content=\"1052\" \/>\n\t<meta property=\"og:image:type\" content=\"image\/png\" \/>\n<meta name=\"author\" content=\"Barcelona Capital N\u00e0utica\" \/>\n<meta name=\"twitter:card\" content=\"summary_large_image\" \/>\n<meta name=\"twitter:creator\" content=\"@bcnautica\" \/>\n<meta name=\"twitter:site\" content=\"@bcnautica\" \/>\n<meta name=\"twitter:label1\" content=\"Escrito por\" \/>\n\t<meta name=\"twitter:data1\" content=\"Barcelona Capital N\u00e0utica\" \/>\n\t<meta name=\"twitter:label2\" content=\"Tiempo de lectura\" \/>\n\t<meta name=\"twitter:data2\" content=\"2 minutos\" \/>\n<script type=\"application\/ld+json\" class=\"yoast-schema-graph\">{\"@context\":\"https:\\\/\\\/schema.org\",\"@graph\":[{\"@type\":\"Article\",\"@id\":\"https:\\\/\\\/www.barcelonacapitalnautica.org\\\/es\\\/la-fundacio-barcelona-capital-nautica-cuenta-ya-con-nuevo-patronato\\\/#article\",\"isPartOf\":{\"@id\":\"https:\\\/\\\/www.barcelonacapitalnautica.org\\\/es\\\/la-fundacio-barcelona-capital-nautica-cuenta-ya-con-nuevo-patronato\\\/\"},\"author\":{\"name\":\"Barcelona Capital N\u00e0utica\",\"@id\":\"https:\\\/\\\/www.barcelonacapitalnautica.org\\\/es\\\/#\\\/schema\\\/person\\\/b860df9ee0f31662fe46aa9b2993295d\"},\"headline\":\"La Fundaci\u00f3 Barcelona Capital N\u00e0utica cuenta ya con nuevo Patronato\",\"datePublished\":\"2022-12-14T19:50:50+00:00\",\"dateModified\":\"2023-03-30T07:33:50+00:00\",\"mainEntityOfPage\":{\"@id\":\"https:\\\/\\\/www.barcelonacapitalnautica.org\\\/es\\\/la-fundacio-barcelona-capital-nautica-cuenta-ya-con-nuevo-patronato\\\/\"},\"wordCount\":216,\"publisher\":{\"@id\":\"https:\\\/\\\/www.barcelonacapitalnautica.org\\\/es\\\/#organization\"},\"image\":{\"@id\":\"https:\\\/\\\/www.barcelonacapitalnautica.org\\\/es\\\/la-fundacio-barcelona-capital-nautica-cuenta-ya-con-nuevo-patronato\\\/#primaryimage\"},\"thumbnailUrl\":\"https:\\\/\\\/www.barcelonacapitalnautica.org\\\/wp-content\\\/uploads\\\/2022\\\/12\\\/Captura-de-Pantalla-2022-12-14-a-las-18.09.26.png\",\"keywords\":[\"castellano\",\"Copa Am\u00e8rica\"],\"articleSection\":[\"Barcelona Capital N\u00e0utica\",\"Copa Am\u00e9rica\"],\"inLanguage\":\"es\"},{\"@type\":\"WebPage\",\"@id\":\"https:\\\/\\\/www.barcelonacapitalnautica.org\\\/es\\\/la-fundacio-barcelona-capital-nautica-cuenta-ya-con-nuevo-patronato\\\/\",\"url\":\"https:\\\/\\\/www.barcelonacapitalnautica.org\\\/es\\\/la-fundacio-barcelona-capital-nautica-cuenta-ya-con-nuevo-patronato\\\/\",\"name\":\"La Fundaci\u00f3 Barcelona Capital N\u00e0utica cuenta ya con nuevo Patronato - Barcelona Capital N\u00e0utica\",\"isPartOf\":{\"@id\":\"https:\\\/\\\/www.barcelonacapitalnautica.org\\\/es\\\/#website\"},\"primaryImageOfPage\":{\"@id\":\"https:\\\/\\\/www.barcelonacapitalnautica.org\\\/es\\\/la-fundacio-barcelona-capital-nautica-cuenta-ya-con-nuevo-patronato\\\/#primaryimage\"},\"image\":{\"@id\":\"https:\\\/\\\/www.barcelonacapitalnautica.org\\\/es\\\/la-fundacio-barcelona-capital-nautica-cuenta-ya-con-nuevo-patronato\\\/#primaryimage\"},\"thumbnailUrl\":\"https:\\\/\\\/www.barcelonacapitalnautica.org\\\/wp-content\\\/uploads\\\/2022\\\/12\\\/Captura-de-Pantalla-2022-12-14-a-las-18.09.26.png\",\"datePublished\":\"2022-12-14T19:50:50+00:00\",\"dateModified\":\"2023-03-30T07:33:50+00:00\",\"breadcrumb\":{\"@id\":\"https:\\\/\\\/www.barcelonacapitalnautica.org\\\/es\\\/la-fundacio-barcelona-capital-nautica-cuenta-ya-con-nuevo-patronato\\\/#breadcrumb\"},\"inLanguage\":\"es\",\"potentialAction\":[{\"@type\":\"ReadAction\",\"target\":[\"https:\\\/\\\/www.barcelonacapitalnautica.org\\\/es\\\/la-fundacio-barcelona-capital-nautica-cuenta-ya-con-nuevo-patronato\\\/\"]}]},{\"@type\":\"ImageObject\",\"inLanguage\":\"es\",\"@id\":\"https:\\\/\\\/www.barcelonacapitalnautica.org\\\/es\\\/la-fundacio-barcelona-capital-nautica-cuenta-ya-con-nuevo-patronato\\\/#primaryimage\",\"url\":\"https:\\\/\\\/www.barcelonacapitalnautica.org\\\/wp-content\\\/uploads\\\/2022\\\/12\\\/Captura-de-Pantalla-2022-12-14-a-las-18.09.26.png\",\"contentUrl\":\"https:\\\/\\\/www.barcelonacapitalnautica.org\\\/wp-content\\\/uploads\\\/2022\\\/12\\\/Captura-de-Pantalla-2022-12-14-a-las-18.09.26.png\",\"width\":1882,\"height\":1052},{\"@type\":\"BreadcrumbList\",\"@id\":\"https:\\\/\\\/www.barcelonacapitalnautica.org\\\/es\\\/la-fundacio-barcelona-capital-nautica-cuenta-ya-con-nuevo-patronato\\\/#breadcrumb\",\"itemListElement\":[{\"@type\":\"ListItem\",\"position\":1,\"name\":\"Inici\",\"item\":\"https:\\\/\\\/www.barcelonacapitalnautica.org\\\/es\\\/\"},{\"@type\":\"ListItem\",\"position\":2,\"name\":\"La Fundaci\u00f3 Barcelona Capital N\u00e0utica cuenta ya con nuevo Patronato\"}]},{\"@type\":\"WebSite\",\"@id\":\"https:\\\/\\\/www.barcelonacapitalnautica.org\\\/es\\\/#website\",\"url\":\"https:\\\/\\\/www.barcelonacapitalnautica.org\\\/es\\\/\",\"name\":\"Barcelona Capital N\u00e0utica\",\"description\":\"Barcelona Capital N\u00e0utica\",\"publisher\":{\"@id\":\"https:\\\/\\\/www.barcelonacapitalnautica.org\\\/es\\\/#organization\"},\"alternateName\":\"BCN\u00e0utica, FBCN\",\"potentialAction\":[{\"@type\":\"SearchAction\",\"target\":{\"@type\":\"EntryPoint\",\"urlTemplate\":\"https:\\\/\\\/www.barcelonacapitalnautica.org\\\/es\\\/?s={search_term_string}\"},\"query-input\":{\"@type\":\"PropertyValueSpecification\",\"valueRequired\":true,\"valueName\":\"search_term_string\"}}],\"inLanguage\":\"es\"},{\"@type\":\"Organization\",\"@id\":\"https:\\\/\\\/www.barcelonacapitalnautica.org\\\/es\\\/#organization\",\"name\":\"Barcelona Capital N\u00e0utica\",\"alternateName\":\"Fundaci\u00f3 Barcelona Capital N\u00e0utica\",\"url\":\"https:\\\/\\\/www.barcelonacapitalnautica.org\\\/es\\\/\",\"logo\":{\"@type\":\"ImageObject\",\"inLanguage\":\"es\",\"@id\":\"https:\\\/\\\/www.barcelonacapitalnautica.org\\\/es\\\/#\\\/schema\\\/logo\\\/image\\\/\",\"url\":\"https:\\\/\\\/www.barcelonacapitalnautica.org\\\/wp-content\\\/uploads\\\/2023\\\/03\\\/Logo-blau.svg\",\"contentUrl\":\"https:\\\/\\\/www.barcelonacapitalnautica.org\\\/wp-content\\\/uploads\\\/2023\\\/03\\\/Logo-blau.svg\",\"width\":200,\"height\":58,\"caption\":\"Barcelona Capital N\u00e0utica\"},\"image\":{\"@id\":\"https:\\\/\\\/www.barcelonacapitalnautica.org\\\/es\\\/#\\\/schema\\\/logo\\\/image\\\/\"},\"sameAs\":[\"https:\\\/\\\/www.facebook.com\\\/barcelonacapitalnautica\",\"https:\\\/\\\/x.com\\\/bcnautica\",\"https:\\\/\\\/www.instagram.com\\\/bcnautica\\\/\",\"https:\\\/\\\/www.linkedin.com\\\/company\\\/barcelona-capital-nautica\"]},{\"@type\":\"Person\",\"@id\":\"https:\\\/\\\/www.barcelonacapitalnautica.org\\\/es\\\/#\\\/schema\\\/person\\\/b860df9ee0f31662fe46aa9b2993295d\",\"name\":\"Barcelona Capital N\u00e0utica\",\"sameAs\":[\"https:\\\/\\\/www.barcelonacapitalnautica.org\"]}]}<\/script>\n<!-- \/ Yoast SEO plugin. -->","yoast_head_json":{"title":"La Fundaci\u00f3 Barcelona Capital N\u00e0utica cuenta ya con nuevo Patronato - Barcelona Capital N\u00e0utica","robots":{"index":"index","follow":"follow","max-snippet":"max-snippet:-1","max-image-preview":"max-image-preview:large","max-video-preview":"max-video-preview:-1"},"canonical":"https:\/\/www.barcelonacapitalnautica.org\/es\/la-fundacio-barcelona-capital-nautica-cuenta-ya-con-nuevo-patronato\/","og_locale":"es_ES","og_type":"article","og_title":"La Fundaci\u00f3 Barcelona Capital N\u00e0utica cuenta ya con nuevo Patronato - Barcelona Capital N\u00e0utica","og_description":"La 37 edici\u00f3n de la Copa Am\u00e9rica que se celebrar\u00e1 [&hellip;]","og_url":"https:\/\/www.barcelonacapitalnautica.org\/es\/la-fundacio-barcelona-capital-nautica-cuenta-ya-con-nuevo-patronato\/","og_site_name":"Barcelona Capital N\u00e0utica","article_publisher":"https:\/\/www.facebook.com\/barcelonacapitalnautica","article_published_time":"2022-12-14T19:50:50+00:00","article_modified_time":"2023-03-30T07:33:50+00:00","og_image":[{"width":1882,"height":1052,"url":"https:\/\/www.barcelonacapitalnautica.org\/wp-content\/uploads\/2022\/12\/Captura-de-Pantalla-2022-12-14-a-las-18.09.26.png","type":"image\/png"}],"author":"Barcelona Capital N\u00e0utica","twitter_card":"summary_large_image","twitter_creator":"@bcnautica","twitter_site":"@bcnautica","twitter_misc":{"Escrito por":"Barcelona Capital N\u00e0utica","Tiempo de lectura":"2 minutos"},"schema":{"@context":"https:\/\/schema.org","@graph":[{"@type":"Article","@id":"https:\/\/www.barcelonacapitalnautica.org\/es\/la-fundacio-barcelona-capital-nautica-cuenta-ya-con-nuevo-patronato\/#article","isPartOf":{"@id":"https:\/\/www.barcelonacapitalnautica.org\/es\/la-fundacio-barcelona-capital-nautica-cuenta-ya-con-nuevo-patronato\/"},"author":{"name":"Barcelona Capital N\u00e0utica","@id":"https:\/\/www.barcelonacapitalnautica.org\/es\/#\/schema\/person\/b860df9ee0f31662fe46aa9b2993295d"},"headline":"La Fundaci\u00f3 Barcelona Capital N\u00e0utica cuenta ya con nuevo Patronato","datePublished":"2022-12-14T19:50:50+00:00","dateModified":"2023-03-30T07:33:50+00:00","mainEntityOfPage":{"@id":"https:\/\/www.barcelonacapitalnautica.org\/es\/la-fundacio-barcelona-capital-nautica-cuenta-ya-con-nuevo-patronato\/"},"wordCount":216,"publisher":{"@id":"https:\/\/www.barcelonacapitalnautica.org\/es\/#organization"},"image":{"@id":"https:\/\/www.barcelonacapitalnautica.org\/es\/la-fundacio-barcelona-capital-nautica-cuenta-ya-con-nuevo-patronato\/#primaryimage"},"thumbnailUrl":"https:\/\/www.barcelonacapitalnautica.org\/wp-content\/uploads\/2022\/12\/Captura-de-Pantalla-2022-12-14-a-las-18.09.26.png","keywords":["castellano","Copa Am\u00e8rica"],"articleSection":["Barcelona Capital N\u00e0utica","Copa Am\u00e9rica"],"inLanguage":"es"},{"@type":"WebPage","@id":"https:\/\/www.barcelonacapitalnautica.org\/es\/la-fundacio-barcelona-capital-nautica-cuenta-ya-con-nuevo-patronato\/","url":"https:\/\/www.barcelonacapitalnautica.org\/es\/la-fundacio-barcelona-capital-nautica-cuenta-ya-con-nuevo-patronato\/","name":"La Fundaci\u00f3 Barcelona Capital N\u00e0utica cuenta ya con nuevo Patronato - Barcelona Capital N\u00e0utica","isPartOf":{"@id":"https:\/\/www.barcelonacapitalnautica.org\/es\/#website"},"primaryImageOfPage":{"@id":"https:\/\/www.barcelonacapitalnautica.org\/es\/la-fundacio-barcelona-capital-nautica-cuenta-ya-con-nuevo-patronato\/#primaryimage"},"image":{"@id":"https:\/\/www.barcelonacapitalnautica.org\/es\/la-fundacio-barcelona-capital-nautica-cuenta-ya-con-nuevo-patronato\/#primaryimage"},"thumbnailUrl":"https:\/\/www.barcelonacapitalnautica.org\/wp-content\/uploads\/2022\/12\/Captura-de-Pantalla-2022-12-14-a-las-18.09.26.png","datePublished":"2022-12-14T19:50:50+00:00","dateModified":"2023-03-30T07:33:50+00:00","breadcrumb":{"@id":"https:\/\/www.barcelonacapitalnautica.org\/es\/la-fundacio-barcelona-capital-nautica-cuenta-ya-con-nuevo-patronato\/#breadcrumb"},"inLanguage":"es","potentialAction":[{"@type":"ReadAction","target":["https:\/\/www.barcelonacapitalnautica.org\/es\/la-fundacio-barcelona-capital-nautica-cuenta-ya-con-nuevo-patronato\/"]}]},{"@type":"ImageObject","inLanguage":"es","@id":"https:\/\/www.barcelonacapitalnautica.org\/es\/la-fundacio-barcelona-capital-nautica-cuenta-ya-con-nuevo-patronato\/#primaryimage","url":"https:\/\/www.barcelonacapitalnautica.org\/wp-content\/uploads\/2022\/12\/Captura-de-Pantalla-2022-12-14-a-las-18.09.26.png","contentUrl":"https:\/\/www.barcelonacapitalnautica.org\/wp-content\/uploads\/2022\/12\/Captura-de-Pantalla-2022-12-14-a-las-18.09.26.png","width":1882,"height":1052},{"@type":"BreadcrumbList","@id":"https:\/\/www.barcelonacapitalnautica.org\/es\/la-fundacio-barcelona-capital-nautica-cuenta-ya-con-nuevo-patronato\/#breadcrumb","itemListElement":[{"@type":"ListItem","position":1,"name":"Inici","item":"https:\/\/www.barcelonacapitalnautica.org\/es\/"},{"@type":"ListItem","position":2,"name":"La Fundaci\u00f3 Barcelona Capital N\u00e0utica cuenta ya con nuevo Patronato"}]},{"@type":"WebSite","@id":"https:\/\/www.barcelonacapitalnautica.org\/es\/#website","url":"https:\/\/www.barcelonacapitalnautica.org\/es\/","name":"Barcelona Capital N\u00e0utica","description":"Barcelona Capital N\u00e0utica","publisher":{"@id":"https:\/\/www.barcelonacapitalnautica.org\/es\/#organization"},"alternateName":"BCN\u00e0utica, FBCN","potentialAction":[{"@type":"SearchAction","target":{"@type":"EntryPoint","urlTemplate":"https:\/\/www.barcelonacapitalnautica.org\/es\/?s={search_term_string}"},"query-input":{"@type":"PropertyValueSpecification","valueRequired":true,"valueName":"search_term_string"}}],"inLanguage":"es"},{"@type":"Organization","@id":"https:\/\/www.barcelonacapitalnautica.org\/es\/#organization","name":"Barcelona Capital N\u00e0utica","alternateName":"Fundaci\u00f3 Barcelona Capital N\u00e0utica","url":"https:\/\/www.barcelonacapitalnautica.org\/es\/","logo":{"@type":"ImageObject","inLanguage":"es","@id":"https:\/\/www.barcelonacapitalnautica.org\/es\/#\/schema\/logo\/image\/","url":"https:\/\/www.barcelonacapitalnautica.org\/wp-content\/uploads\/2023\/03\/Logo-blau.svg","contentUrl":"https:\/\/www.barcelonacapitalnautica.org\/wp-content\/uploads\/2023\/03\/Logo-blau.svg","width":200,"height":58,"caption":"Barcelona Capital N\u00e0utica"},"image":{"@id":"https:\/\/www.barcelonacapitalnautica.org\/es\/#\/schema\/logo\/image\/"},"sameAs":["https:\/\/www.facebook.com\/barcelonacapitalnautica","https:\/\/x.com\/bcnautica","https:\/\/www.instagram.com\/bcnautica\/","https:\/\/www.linkedin.com\/company\/barcelona-capital-nautica"]},{"@type":"Person","@id":"https:\/\/www.barcelonacapitalnautica.org\/es\/#\/schema\/person\/b860df9ee0f31662fe46aa9b2993295d","name":"Barcelona Capital N\u00e0utica","sameAs":["https:\/\/www.barcelonacapitalnautica.org"]}]}},"uagb_featured_image_src":{"full":["https:\/\/www.barcelonacapitalnautica.org\/wp-content\/uploads\/2022\/12\/Captura-de-Pantalla-2022-12-14-a-las-18.09.26.png",1882,1052,false],"thumbnail":["https:\/\/www.barcelonacapitalnautica.org\/wp-content\/uploads\/2022\/12\/Captura-de-Pantalla-2022-12-14-a-las-18.09.26-150x150.png",150,150,true],"medium":["https:\/\/www.barcelonacapitalnautica.org\/wp-content\/uploads\/2022\/12\/Captura-de-Pantalla-2022-12-14-a-las-18.09.26-300x168.png",300,168,true],"medium_large":["https:\/\/www.barcelonacapitalnautica.org\/wp-content\/uploads\/2022\/12\/Captura-de-Pantalla-2022-12-14-a-las-18.09.26-768x429.png",768,429,true],"large":["https:\/\/www.barcelonacapitalnautica.org\/wp-content\/uploads\/2022\/12\/Captura-de-Pantalla-2022-12-14-a-las-18.09.26-1024x572.png",900,503,true],"1536x1536":["https:\/\/www.barcelonacapitalnautica.org\/wp-content\/uploads\/2022\/12\/Captura-de-Pantalla-2022-12-14-a-las-18.09.26-1536x859.png",1536,859,true],"2048x2048":["https:\/\/www.barcelonacapitalnautica.org\/wp-content\/uploads\/2022\/12\/Captura-de-Pantalla-2022-12-14-a-las-18.09.26.png",1882,1052,false]},"uagb_author_info":{"display_name":"Barcelona Capital N\u00e0utica","author_link":"https:\/\/www.barcelonacapitalnautica.org\/es\/author\/fbcn_admin\/"},"uagb_comment_info":0,"uagb_excerpt":"La 37 edici\u00f3n de la Copa Am\u00e9rica que se celebrar\u00e1 [&hellip;]","_links":{"self":[{"href":"https:\/\/www.barcelonacapitalnautica.org\/es\/wp-json\/wp\/v2\/posts\/256163","targetHints":{"allow":["GET"]}}],"collection":[{"href":"https:\/\/www.barcelonacapitalnautica.org\/es\/wp-json\/wp\/v2\/posts"}],"about":[{"href":"https:\/\/www.barcelonacapitalnautica.org\/es\/wp-json\/wp\/v2\/types\/post"}],"author":[{"embeddable":true,"href":"https:\/\/www.barcelonacapitalnautica.org\/es\/wp-json\/wp\/v2\/users\/1"}],"replies":[{"embeddable":true,"href":"https:\/\/www.barcelonacapitalnautica.org\/es\/wp-json\/wp\/v2\/comments?post=256163"}],"version-history":[{"count":4,"href":"https:\/\/www.barcelonacapitalnautica.org\/es\/wp-json\/wp\/v2\/posts\/256163\/revisions"}],"predecessor-version":[{"id":256168,"href":"https:\/\/www.barcelonacapitalnautica.org\/es\/wp-json\/wp\/v2\/posts\/256163\/revisions\/256168"}],"wp:featuredmedia":[{"embeddable":true,"href":"https:\/\/www.barcelonacapitalnautica.org\/es\/wp-json\/wp\/v2\/media\/255192"}],"wp:attachment":[{"href":"https:\/\/www.barcelonacapitalnautica.org\/es\/wp-json\/wp\/v2\/media?parent=256163"}],"wp:term":[{"taxonomy":"category","embeddable":true,"href":"https:\/\/www.barcelonacapitalnautica.org\/es\/wp-json\/wp\/v2\/categories?post=256163"},{"taxonomy":"post_tag","embeddable":true,"href":"https:\/\/www.barcelonacapitalnautica.org\/es\/wp-json\/wp\/v2\/tags?post=256163"}],"curies":[{"name":"wp","href":"https:\/\/api.w.org\/{rel}","templated":true}]}}