{"id":257101,"date":"2023-04-20T12:08:21","date_gmt":"2023-04-20T10:08:21","guid":{"rendered":"https:\/\/www.barcelonacapitalnautica.org\/?p=257101"},"modified":"2024-06-19T15:42:33","modified_gmt":"2024-06-19T13:42:33","slug":"apostamos-por-el-futuro-de-la-vela-y-colabora-con-el-campeonato-mundial-de-optimist","status":"publish","type":"post","link":"https:\/\/www.barcelonacapitalnautica.org\/es\/apostamos-por-el-futuro-de-la-vela-y-colabora-con-el-campeonato-mundial-de-optimist\/","title":{"rendered":"Apostamos por el futuro de la vela y colaboramos con el Campeonato Mundial de Optimist"},"content":{"rendered":"\n<p>Estamos muy contentos de anunciar que hemos firmado un convenio de colaboraci\u00f3n con el Club de Vela la Ballena Alegre, organizadores del <a href=\"https:\/\/www.ballena-alegre.com\/eventos\/eventos-2023\/optimist-world-championship\/\" target=\"_blank\" rel=\"noreferrer noopener\">Campeonato Mundial de Optimist<\/a>, la m\u00e1xima competici\u00f3n de la clase de vela Optimist, que este a\u00f1o celebra el 50 aniversario del reconocimiento como en clase por la Federaci\u00f3n Internacional de Vela World Sailing. Esta edici\u00f3n del campeonato se llevar\u00e1 a cabo en la Bah\u00eda de Roses del 15 al 25 de junio. La celebraci\u00f3n del Mundial de Optimist vuelve a celebrarse Espa\u00f1a despu\u00e9s de 20 a\u00f1os y en Catalu\u00f1a, despu\u00e9s de 37 a\u00f1os.<\/p>\n\n\n\n<figure class=\"wp-block-image size-large is-resized\"><img loading=\"lazy\" decoding=\"async\" src=\"https:\/\/www.barcelonacapitalnautica.org\/wp-content\/uploads\/2023\/04\/MGA0584-900x601.jpg\" alt=\"\" class=\"wp-image-257083\" width=\"900\" height=\"601\" srcset=\"https:\/\/www.barcelonacapitalnautica.org\/wp-content\/uploads\/2023\/04\/MGA0584-900x601.jpg 900w, https:\/\/www.barcelonacapitalnautica.org\/wp-content\/uploads\/2023\/04\/MGA0584-560x374.jpg 560w, https:\/\/www.barcelonacapitalnautica.org\/wp-content\/uploads\/2023\/04\/MGA0584-380x254.jpg 380w, https:\/\/www.barcelonacapitalnautica.org\/wp-content\/uploads\/2023\/04\/MGA0584-768x513.jpg 768w, https:\/\/www.barcelonacapitalnautica.org\/wp-content\/uploads\/2023\/04\/MGA0584-1536x1025.jpg 1536w, https:\/\/www.barcelonacapitalnautica.org\/wp-content\/uploads\/2023\/04\/MGA0584-2048x1367.jpg 2048w\" sizes=\"auto, (max-width: 900px) 100vw, 900px\" \/><\/figure>\n\n\n\n<p>En el marco del Mundial de Optimist, el Club de Vela la Ballena Alegre organizar\u00e1 el \u201cOptimist World Championship \u2013 Sustainable Experience\u201d con un programa de actividades vinculadas con la sostenibilidad, la educaci\u00f3n ambiental la vela inclusiva y la econom\u00eda circular creando un ambiente globalmente respetuoso con el medio ambiente y socialmente responsable para el evento. Las actividades se organizar\u00e1n en tres ejes principales: el Mar Mediterr\u00e1neo, el Regatista y la N\u00e1utica. A partir de estos ejes se desprenden acciones como la sensibilizaci\u00f3n y educaci\u00f3n sobre el medio marino, la protecci\u00f3n de nuestro espacio pesquero, talleres de asesoramiento nutricional, aprendizaje del deporte de forma digital, vela inclusiva en familia, talleres de econom\u00eda circular y de construcci\u00f3n de embarcaciones, entre otros.<\/p>\n\n\n\n<p>En el <strong>Eje Mediterr\u00e1neo<\/strong>, la FBCN programa <strong>&#8216;Pescaplastiks&#8217;, un espect\u00e1culo de clown<\/strong> de sensibilizaci\u00f3n a ni\u00f1os y j\u00f3venes en el cuidado del medio ambiente y de divulgaci\u00f3n sobre las acciones que pueden realizar para respetar su entorno, como acciones de educaci\u00f3n ambiental que pueden llevarse a cabo en escuelas y espacios comunitarios. El espect\u00e1culo est\u00e1 especialmente indicado para alumnos de primaria y tambi\u00e9n para p\u00fablico familiar, y desde abril hasta agosto recorrer\u00e1 varias escuelas y otros puntos en Catalu\u00f1a. &#8216;Pescaplastiks&#8217;, adem\u00e1s, ir\u00e1 acompa\u00f1ado de un gu\u00eda pedag\u00f3gica por maestros que se puede trabajar en las aulas.<\/p>\n\n\n\n<figure class=\"wp-block-image size-large\"><img loading=\"lazy\" decoding=\"async\" width=\"900\" height=\"485\" src=\"https:\/\/www.barcelonacapitalnautica.org\/wp-content\/uploads\/2023\/04\/pescaplastik-900x485.jpeg\" alt=\"\" class=\"wp-image-257086\" srcset=\"https:\/\/www.barcelonacapitalnautica.org\/wp-content\/uploads\/2023\/04\/pescaplastik-900x485.jpeg 900w, https:\/\/www.barcelonacapitalnautica.org\/wp-content\/uploads\/2023\/04\/pescaplastik-560x301.jpeg 560w, https:\/\/www.barcelonacapitalnautica.org\/wp-content\/uploads\/2023\/04\/pescaplastik-380x205.jpeg 380w, https:\/\/www.barcelonacapitalnautica.org\/wp-content\/uploads\/2023\/04\/pescaplastik-768x413.jpeg 768w, https:\/\/www.barcelonacapitalnautica.org\/wp-content\/uploads\/2023\/04\/pescaplastik.jpeg 1317w\" sizes=\"auto, (max-width: 900px) 100vw, 900px\" \/><\/figure>\n\n\n\n<p>El siguiente eje en el que FBCN colaborar\u00e1 con el Campeonato Mundial de Optimist ser\u00e1 el<strong> Eje Regatista<\/strong>, enfocado a la vela inclusiva. En este caso, la FBCN en colaboraci\u00f3n con la <a href=\"https:\/\/www.cruyff-foundation.org\/es\/\" target=\"_blank\" rel=\"noreferrer noopener\">Fundaci\u00f3 Cruyff<\/a> organizar\u00e1n salidas para familias con ni\u00f1os y ni\u00f1as con discapacidad.<\/p>\n\n\n\n<p>En cuanto al <strong>Eje de la N\u00e1utica<\/strong>, dedicado a la econom\u00eda circular, FBCN impulsar\u00e1 la construcci\u00f3n de una embarcaci\u00f3n de la clase optimist con fibras sostenibles que estar\u00e1 disponible para navegar durante los d\u00edas de la competici\u00f3n. Una vez terminada la embarcaci\u00f3n contar\u00e1 con un certificado de &#8216;construcci\u00f3n sostenible&#8217; a trav\u00e9s de ACCI\u00d3 e IQS. Esta iniciativa permitir\u00e1 poner en marcha un estudio del ciclo de vida de los materiales de construcci\u00f3n n\u00e1utica. El prototipo tambi\u00e9n se presentar\u00e1 en el Sal\u00f3n N\u00e1utico de Barcelona 2023, en la 34\u00aa edici\u00f3n de la Regata International Palam\u00f3s Optimist Trophy-17 Nations Cup 2024 y en la Feria de composites de Par\u00eds.<\/p>\n\n\n\n<figure class=\"wp-block-gallery has-nested-images columns-default is-cropped wp-block-gallery-1 is-layout-flex wp-block-gallery-is-layout-flex\">\n<figure class=\"wp-block-image size-large\"><img loading=\"lazy\" decoding=\"async\" width=\"900\" height=\"347\" data-id=\"257078\" src=\"https:\/\/www.barcelonacapitalnautica.org\/wp-content\/uploads\/2023\/04\/Noti_Mundial-Optimist-900x347.png\" alt=\"\" class=\"wp-image-257078\" srcset=\"https:\/\/www.barcelonacapitalnautica.org\/wp-content\/uploads\/2023\/04\/Noti_Mundial-Optimist-900x347.png 900w, https:\/\/www.barcelonacapitalnautica.org\/wp-content\/uploads\/2023\/04\/Noti_Mundial-Optimist-560x216.png 560w, https:\/\/www.barcelonacapitalnautica.org\/wp-content\/uploads\/2023\/04\/Noti_Mundial-Optimist-380x147.png 380w, https:\/\/www.barcelonacapitalnautica.org\/wp-content\/uploads\/2023\/04\/Noti_Mundial-Optimist-768x296.png 768w, https:\/\/www.barcelonacapitalnautica.org\/wp-content\/uploads\/2023\/04\/Noti_Mundial-Optimist.png 1140w\" sizes=\"auto, (max-width: 900px) 100vw, 900px\" \/><\/figure>\n\n\n\n<figure class=\"wp-block-image size-large\"><img loading=\"lazy\" decoding=\"async\" width=\"900\" height=\"600\" data-id=\"257081\" src=\"https:\/\/www.barcelonacapitalnautica.org\/wp-content\/uploads\/2023\/04\/Conveni_2-900x600.png\" alt=\"\" class=\"wp-image-257081\" srcset=\"https:\/\/www.barcelonacapitalnautica.org\/wp-content\/uploads\/2023\/04\/Conveni_2-900x600.png 900w, https:\/\/www.barcelonacapitalnautica.org\/wp-content\/uploads\/2023\/04\/Conveni_2-560x373.png 560w, https:\/\/www.barcelonacapitalnautica.org\/wp-content\/uploads\/2023\/04\/Conveni_2-380x253.png 380w, https:\/\/www.barcelonacapitalnautica.org\/wp-content\/uploads\/2023\/04\/Conveni_2-768x512.png 768w, https:\/\/www.barcelonacapitalnautica.org\/wp-content\/uploads\/2023\/04\/Conveni_2-1536x1024.png 1536w, https:\/\/www.barcelonacapitalnautica.org\/wp-content\/uploads\/2023\/04\/Conveni_2.png 1920w\" sizes=\"auto, (max-width: 900px) 100vw, 900px\" \/><\/figure>\n<\/figure>\n\n\n\n<p>Adem\u00e1s de la colaboraci\u00f3n con las de actividades vinculadas con la sostenibilidad, la educaci\u00f3n ambiental la vela inclusiva y la econom\u00eda circular, FBCN participar\u00e1 en la \u201cFeria consciente\u201d organizada en el Village de la Campeonato Mundial de Optimist los d\u00edas 16-17-18 de junio con contenidos divulgativos de la Fundaci\u00f3n y charla para explicar las actividades de Copa Am\u00e9rica.<\/p>\n","protected":false},"excerpt":{"rendered":"<p>Estamos muy contentos de anunciar que hemos firmado un convenio [&hellip;]<\/p>\n","protected":false},"author":3,"featured_media":257078,"comment_status":"closed","ping_status":"closed","sticky":false,"template":"","format":"standard","meta":{"_uag_custom_page_level_css":"","site-sidebar-layout":"default","site-content-layout":"","ast-site-content-layout":"default","site-content-style":"default","site-sidebar-style":"default","ast-global-header-display":"","ast-banner-title-visibility":"","ast-main-header-display":"","ast-hfb-above-header-display":"","ast-hfb-below-header-display":"","ast-hfb-mobile-header-display":"","site-post-title":"","ast-breadcrumbs-content":"","ast-featured-img":"","footer-sml-layout":"","ast-disable-related-posts":"","theme-transparent-header-meta":"","adv-header-id-meta":"","stick-header-meta":"","header-above-stick-meta":"","header-main-stick-meta":"","header-below-stick-meta":"","astra-migrate-meta-layouts":"set","ast-page-background-enabled":"default","ast-page-background-meta":{"desktop":{"background-color":"","background-image":"","background-repeat":"repeat","background-position":"center center","background-size":"auto","background-attachment":"scroll","background-type":"","background-media":"","overlay-type":"","overlay-color":"","overlay-opacity":"","overlay-gradient":""},"tablet":{"background-color":"","background-image":"","background-repeat":"repeat","background-position":"center center","background-size":"auto","background-attachment":"scroll","background-type":"","background-media":"","overlay-type":"","overlay-color":"","overlay-opacity":"","overlay-gradient":""},"mobile":{"background-color":"","background-image":"","background-repeat":"repeat","background-position":"center center","background-size":"auto","background-attachment":"scroll","background-type":"","background-media":"","overlay-type":"","overlay-color":"","overlay-opacity":"","overlay-gradient":""}},"ast-content-background-meta":{"desktop":{"background-color":"var(--ast-global-color-5)","background-image":"","background-repeat":"repeat","background-position":"center center","background-size":"auto","background-attachment":"scroll","background-type":"","background-media":"","overlay-type":"","overlay-color":"","overlay-opacity":"","overlay-gradient":""},"tablet":{"background-color":"var(--ast-global-color-5)","background-image":"","background-repeat":"repeat","background-position":"center center","background-size":"auto","background-attachment":"scroll","background-type":"","background-media":"","overlay-type":"","overlay-color":"","overlay-opacity":"","overlay-gradient":""},"mobile":{"background-color":"var(--ast-global-color-5)","background-image":"","background-repeat":"repeat","background-position":"center center","background-size":"auto","background-attachment":"scroll","background-type":"","background-media":"","overlay-type":"","overlay-color":"","overlay-opacity":"","overlay-gradient":""}},"_price":"","_stock":"","_tribe_ticket_header":"","_tribe_default_ticket_provider":"","_tribe_ticket_capacity":"0","_ticket_start_date":"","_ticket_end_date":"","_tribe_ticket_show_description":"","_tribe_ticket_show_not_going":false,"_tribe_ticket_use_global_stock":"","_tribe_ticket_global_stock_level":"","_global_stock_mode":"","_global_stock_cap":"","_tribe_rsvp_for_event":"","_tribe_ticket_going_count":"","_tribe_ticket_not_going_count":"","_tribe_tickets_list":[],"_tribe_ticket_has_attendee_info_fields":false,"footnotes":""},"categories":[97,100,101,102],"tags":[115,161,137,209,119,160],"class_list":["post-257101","post","type-post","status-publish","format-standard","has-post-thumbnail","hentry","category-bcnautica","category-deporte","category-regatas","category-sostenibilidad","tag-castellano","tag-deporte-es","tag-esport-2","tag-optimist-2","tag-regata-es-2","tag-sostenibilidad"],"yoast_head":"<!-- This site is optimized with the Yoast SEO plugin v27.5 - https:\/\/yoast.com\/product\/yoast-seo-wordpress\/ -->\n<title>Apostamos por el futuro de la vela y colaboramos con el Campeonato Mundial de Optimist - Barcelona Capital N\u00e0utica<\/title>\n<meta name=\"robots\" content=\"index, follow, max-snippet:-1, max-image-preview:large, max-video-preview:-1\" \/>\n<link rel=\"canonical\" href=\"https:\/\/www.barcelonacapitalnautica.org\/es\/apostamos-por-el-futuro-de-la-vela-y-colabora-con-el-campeonato-mundial-de-optimist\/\" \/>\n<meta property=\"og:locale\" content=\"es_ES\" \/>\n<meta property=\"og:type\" content=\"article\" \/>\n<meta property=\"og:title\" content=\"Apostamos por el futuro de la vela y colaboramos con el Campeonato Mundial de Optimist - Barcelona Capital N\u00e0utica\" \/>\n<meta property=\"og:description\" content=\"Estamos muy contentos de anunciar que hemos firmado un convenio [&hellip;]\" \/>\n<meta property=\"og:url\" content=\"https:\/\/www.barcelonacapitalnautica.org\/es\/apostamos-por-el-futuro-de-la-vela-y-colabora-con-el-campeonato-mundial-de-optimist\/\" \/>\n<meta property=\"og:site_name\" content=\"Barcelona Capital N\u00e0utica\" \/>\n<meta property=\"article:publisher\" content=\"https:\/\/www.facebook.com\/barcelonacapitalnautica\" \/>\n<meta property=\"article:published_time\" content=\"2023-04-20T10:08:21+00:00\" \/>\n<meta property=\"article:modified_time\" content=\"2024-06-19T13:42:33+00:00\" \/>\n<meta property=\"og:image\" content=\"https:\/\/www.barcelonacapitalnautica.org\/wp-content\/uploads\/2023\/04\/Noti_Mundial-Optimist.png\" \/>\n\t<meta property=\"og:image:width\" content=\"1140\" \/>\n\t<meta property=\"og:image:height\" content=\"440\" \/>\n\t<meta property=\"og:image:type\" content=\"image\/png\" \/>\n<meta name=\"author\" content=\"Cristina Martin\" \/>\n<meta name=\"twitter:card\" content=\"summary_large_image\" \/>\n<meta name=\"twitter:creator\" content=\"@bcnautica\" \/>\n<meta name=\"twitter:site\" content=\"@bcnautica\" \/>\n<meta name=\"twitter:label1\" content=\"Escrito por\" \/>\n\t<meta name=\"twitter:data1\" content=\"Cristina Martin\" \/>\n\t<meta name=\"twitter:label2\" content=\"Tiempo de lectura\" \/>\n\t<meta name=\"twitter:data2\" content=\"4 minutos\" \/>\n<script type=\"application\/ld+json\" class=\"yoast-schema-graph\">{\"@context\":\"https:\\\/\\\/schema.org\",\"@graph\":[{\"@type\":\"Article\",\"@id\":\"https:\\\/\\\/www.barcelonacapitalnautica.org\\\/es\\\/apostamos-por-el-futuro-de-la-vela-y-colabora-con-el-campeonato-mundial-de-optimist\\\/#article\",\"isPartOf\":{\"@id\":\"https:\\\/\\\/www.barcelonacapitalnautica.org\\\/es\\\/apostamos-por-el-futuro-de-la-vela-y-colabora-con-el-campeonato-mundial-de-optimist\\\/\"},\"author\":{\"name\":\"Cristina Martin\",\"@id\":\"https:\\\/\\\/www.barcelonacapitalnautica.org\\\/es\\\/#\\\/schema\\\/person\\\/f1a7b6cdf70e48856b35358258241493\"},\"headline\":\"Apostamos por el futuro de la vela y colaboramos con el Campeonato Mundial de Optimist\",\"datePublished\":\"2023-04-20T10:08:21+00:00\",\"dateModified\":\"2024-06-19T13:42:33+00:00\",\"mainEntityOfPage\":{\"@id\":\"https:\\\/\\\/www.barcelonacapitalnautica.org\\\/es\\\/apostamos-por-el-futuro-de-la-vela-y-colabora-con-el-campeonato-mundial-de-optimist\\\/\"},\"wordCount\":594,\"publisher\":{\"@id\":\"https:\\\/\\\/www.barcelonacapitalnautica.org\\\/es\\\/#organization\"},\"image\":{\"@id\":\"https:\\\/\\\/www.barcelonacapitalnautica.org\\\/es\\\/apostamos-por-el-futuro-de-la-vela-y-colabora-con-el-campeonato-mundial-de-optimist\\\/#primaryimage\"},\"thumbnailUrl\":\"https:\\\/\\\/www.barcelonacapitalnautica.org\\\/wp-content\\\/uploads\\\/2023\\\/04\\\/Noti_Mundial-Optimist.png\",\"keywords\":[\"castellano\",\"Deporte\",\"Esport\",\"Optimist\",\"regata\",\"Sostenibilidad\"],\"articleSection\":[\"Barcelona Capital N\u00e0utica\",\"Deporte\",\"Regatas\",\"Sostenibilidad\"],\"inLanguage\":\"es\"},{\"@type\":\"WebPage\",\"@id\":\"https:\\\/\\\/www.barcelonacapitalnautica.org\\\/es\\\/apostamos-por-el-futuro-de-la-vela-y-colabora-con-el-campeonato-mundial-de-optimist\\\/\",\"url\":\"https:\\\/\\\/www.barcelonacapitalnautica.org\\\/es\\\/apostamos-por-el-futuro-de-la-vela-y-colabora-con-el-campeonato-mundial-de-optimist\\\/\",\"name\":\"Apostamos por el futuro de la vela y colaboramos con el Campeonato Mundial de Optimist - Barcelona Capital N\u00e0utica\",\"isPartOf\":{\"@id\":\"https:\\\/\\\/www.barcelonacapitalnautica.org\\\/es\\\/#website\"},\"primaryImageOfPage\":{\"@id\":\"https:\\\/\\\/www.barcelonacapitalnautica.org\\\/es\\\/apostamos-por-el-futuro-de-la-vela-y-colabora-con-el-campeonato-mundial-de-optimist\\\/#primaryimage\"},\"image\":{\"@id\":\"https:\\\/\\\/www.barcelonacapitalnautica.org\\\/es\\\/apostamos-por-el-futuro-de-la-vela-y-colabora-con-el-campeonato-mundial-de-optimist\\\/#primaryimage\"},\"thumbnailUrl\":\"https:\\\/\\\/www.barcelonacapitalnautica.org\\\/wp-content\\\/uploads\\\/2023\\\/04\\\/Noti_Mundial-Optimist.png\",\"datePublished\":\"2023-04-20T10:08:21+00:00\",\"dateModified\":\"2024-06-19T13:42:33+00:00\",\"breadcrumb\":{\"@id\":\"https:\\\/\\\/www.barcelonacapitalnautica.org\\\/es\\\/apostamos-por-el-futuro-de-la-vela-y-colabora-con-el-campeonato-mundial-de-optimist\\\/#breadcrumb\"},\"inLanguage\":\"es\",\"potentialAction\":[{\"@type\":\"ReadAction\",\"target\":[\"https:\\\/\\\/www.barcelonacapitalnautica.org\\\/es\\\/apostamos-por-el-futuro-de-la-vela-y-colabora-con-el-campeonato-mundial-de-optimist\\\/\"]}]},{\"@type\":\"ImageObject\",\"inLanguage\":\"es\",\"@id\":\"https:\\\/\\\/www.barcelonacapitalnautica.org\\\/es\\\/apostamos-por-el-futuro-de-la-vela-y-colabora-con-el-campeonato-mundial-de-optimist\\\/#primaryimage\",\"url\":\"https:\\\/\\\/www.barcelonacapitalnautica.org\\\/wp-content\\\/uploads\\\/2023\\\/04\\\/Noti_Mundial-Optimist.png\",\"contentUrl\":\"https:\\\/\\\/www.barcelonacapitalnautica.org\\\/wp-content\\\/uploads\\\/2023\\\/04\\\/Noti_Mundial-Optimist.png\",\"width\":1140,\"height\":440,\"caption\":\"Mundial Optimist\"},{\"@type\":\"BreadcrumbList\",\"@id\":\"https:\\\/\\\/www.barcelonacapitalnautica.org\\\/es\\\/apostamos-por-el-futuro-de-la-vela-y-colabora-con-el-campeonato-mundial-de-optimist\\\/#breadcrumb\",\"itemListElement\":[{\"@type\":\"ListItem\",\"position\":1,\"name\":\"Inici\",\"item\":\"https:\\\/\\\/www.barcelonacapitalnautica.org\\\/es\\\/\"},{\"@type\":\"ListItem\",\"position\":2,\"name\":\"Apostamos por el futuro de la vela y colaboramos con el Campeonato Mundial de Optimist\"}]},{\"@type\":\"WebSite\",\"@id\":\"https:\\\/\\\/www.barcelonacapitalnautica.org\\\/es\\\/#website\",\"url\":\"https:\\\/\\\/www.barcelonacapitalnautica.org\\\/es\\\/\",\"name\":\"Barcelona Capital N\u00e0utica\",\"description\":\"Barcelona Capital N\u00e0utica\",\"publisher\":{\"@id\":\"https:\\\/\\\/www.barcelonacapitalnautica.org\\\/es\\\/#organization\"},\"alternateName\":\"BCN\u00e0utica, FBCN\",\"potentialAction\":[{\"@type\":\"SearchAction\",\"target\":{\"@type\":\"EntryPoint\",\"urlTemplate\":\"https:\\\/\\\/www.barcelonacapitalnautica.org\\\/es\\\/?s={search_term_string}\"},\"query-input\":{\"@type\":\"PropertyValueSpecification\",\"valueRequired\":true,\"valueName\":\"search_term_string\"}}],\"inLanguage\":\"es\"},{\"@type\":\"Organization\",\"@id\":\"https:\\\/\\\/www.barcelonacapitalnautica.org\\\/es\\\/#organization\",\"name\":\"Barcelona Capital N\u00e0utica\",\"alternateName\":\"Fundaci\u00f3 Barcelona Capital N\u00e0utica\",\"url\":\"https:\\\/\\\/www.barcelonacapitalnautica.org\\\/es\\\/\",\"logo\":{\"@type\":\"ImageObject\",\"inLanguage\":\"es\",\"@id\":\"https:\\\/\\\/www.barcelonacapitalnautica.org\\\/es\\\/#\\\/schema\\\/logo\\\/image\\\/\",\"url\":\"https:\\\/\\\/www.barcelonacapitalnautica.org\\\/wp-content\\\/uploads\\\/2023\\\/03\\\/Logo-blau.svg\",\"contentUrl\":\"https:\\\/\\\/www.barcelonacapitalnautica.org\\\/wp-content\\\/uploads\\\/2023\\\/03\\\/Logo-blau.svg\",\"width\":200,\"height\":58,\"caption\":\"Barcelona Capital N\u00e0utica\"},\"image\":{\"@id\":\"https:\\\/\\\/www.barcelonacapitalnautica.org\\\/es\\\/#\\\/schema\\\/logo\\\/image\\\/\"},\"sameAs\":[\"https:\\\/\\\/www.facebook.com\\\/barcelonacapitalnautica\",\"https:\\\/\\\/x.com\\\/bcnautica\",\"https:\\\/\\\/www.instagram.com\\\/bcnautica\\\/\",\"https:\\\/\\\/www.linkedin.com\\\/company\\\/barcelona-capital-nautica\"]},{\"@type\":\"Person\",\"@id\":\"https:\\\/\\\/www.barcelonacapitalnautica.org\\\/es\\\/#\\\/schema\\\/person\\\/f1a7b6cdf70e48856b35358258241493\",\"name\":\"Cristina Martin\"}]}<\/script>\n<!-- \/ Yoast SEO plugin. -->","yoast_head_json":{"title":"Apostamos por el futuro de la vela y colaboramos con el Campeonato Mundial de Optimist - Barcelona Capital N\u00e0utica","robots":{"index":"index","follow":"follow","max-snippet":"max-snippet:-1","max-image-preview":"max-image-preview:large","max-video-preview":"max-video-preview:-1"},"canonical":"https:\/\/www.barcelonacapitalnautica.org\/es\/apostamos-por-el-futuro-de-la-vela-y-colabora-con-el-campeonato-mundial-de-optimist\/","og_locale":"es_ES","og_type":"article","og_title":"Apostamos por el futuro de la vela y colaboramos con el Campeonato Mundial de Optimist - Barcelona Capital N\u00e0utica","og_description":"Estamos muy contentos de anunciar que hemos firmado un convenio [&hellip;]","og_url":"https:\/\/www.barcelonacapitalnautica.org\/es\/apostamos-por-el-futuro-de-la-vela-y-colabora-con-el-campeonato-mundial-de-optimist\/","og_site_name":"Barcelona Capital N\u00e0utica","article_publisher":"https:\/\/www.facebook.com\/barcelonacapitalnautica","article_published_time":"2023-04-20T10:08:21+00:00","article_modified_time":"2024-06-19T13:42:33+00:00","og_image":[{"width":1140,"height":440,"url":"https:\/\/www.barcelonacapitalnautica.org\/wp-content\/uploads\/2023\/04\/Noti_Mundial-Optimist.png","type":"image\/png"}],"author":"Cristina Martin","twitter_card":"summary_large_image","twitter_creator":"@bcnautica","twitter_site":"@bcnautica","twitter_misc":{"Escrito por":"Cristina Martin","Tiempo de lectura":"4 minutos"},"schema":{"@context":"https:\/\/schema.org","@graph":[{"@type":"Article","@id":"https:\/\/www.barcelonacapitalnautica.org\/es\/apostamos-por-el-futuro-de-la-vela-y-colabora-con-el-campeonato-mundial-de-optimist\/#article","isPartOf":{"@id":"https:\/\/www.barcelonacapitalnautica.org\/es\/apostamos-por-el-futuro-de-la-vela-y-colabora-con-el-campeonato-mundial-de-optimist\/"},"author":{"name":"Cristina Martin","@id":"https:\/\/www.barcelonacapitalnautica.org\/es\/#\/schema\/person\/f1a7b6cdf70e48856b35358258241493"},"headline":"Apostamos por el futuro de la vela y colaboramos con el Campeonato Mundial de Optimist","datePublished":"2023-04-20T10:08:21+00:00","dateModified":"2024-06-19T13:42:33+00:00","mainEntityOfPage":{"@id":"https:\/\/www.barcelonacapitalnautica.org\/es\/apostamos-por-el-futuro-de-la-vela-y-colabora-con-el-campeonato-mundial-de-optimist\/"},"wordCount":594,"publisher":{"@id":"https:\/\/www.barcelonacapitalnautica.org\/es\/#organization"},"image":{"@id":"https:\/\/www.barcelonacapitalnautica.org\/es\/apostamos-por-el-futuro-de-la-vela-y-colabora-con-el-campeonato-mundial-de-optimist\/#primaryimage"},"thumbnailUrl":"https:\/\/www.barcelonacapitalnautica.org\/wp-content\/uploads\/2023\/04\/Noti_Mundial-Optimist.png","keywords":["castellano","Deporte","Esport","Optimist","regata","Sostenibilidad"],"articleSection":["Barcelona Capital N\u00e0utica","Deporte","Regatas","Sostenibilidad"],"inLanguage":"es"},{"@type":"WebPage","@id":"https:\/\/www.barcelonacapitalnautica.org\/es\/apostamos-por-el-futuro-de-la-vela-y-colabora-con-el-campeonato-mundial-de-optimist\/","url":"https:\/\/www.barcelonacapitalnautica.org\/es\/apostamos-por-el-futuro-de-la-vela-y-colabora-con-el-campeonato-mundial-de-optimist\/","name":"Apostamos por el futuro de la vela y colaboramos con el Campeonato Mundial de Optimist - Barcelona Capital N\u00e0utica","isPartOf":{"@id":"https:\/\/www.barcelonacapitalnautica.org\/es\/#website"},"primaryImageOfPage":{"@id":"https:\/\/www.barcelonacapitalnautica.org\/es\/apostamos-por-el-futuro-de-la-vela-y-colabora-con-el-campeonato-mundial-de-optimist\/#primaryimage"},"image":{"@id":"https:\/\/www.barcelonacapitalnautica.org\/es\/apostamos-por-el-futuro-de-la-vela-y-colabora-con-el-campeonato-mundial-de-optimist\/#primaryimage"},"thumbnailUrl":"https:\/\/www.barcelonacapitalnautica.org\/wp-content\/uploads\/2023\/04\/Noti_Mundial-Optimist.png","datePublished":"2023-04-20T10:08:21+00:00","dateModified":"2024-06-19T13:42:33+00:00","breadcrumb":{"@id":"https:\/\/www.barcelonacapitalnautica.org\/es\/apostamos-por-el-futuro-de-la-vela-y-colabora-con-el-campeonato-mundial-de-optimist\/#breadcrumb"},"inLanguage":"es","potentialAction":[{"@type":"ReadAction","target":["https:\/\/www.barcelonacapitalnautica.org\/es\/apostamos-por-el-futuro-de-la-vela-y-colabora-con-el-campeonato-mundial-de-optimist\/"]}]},{"@type":"ImageObject","inLanguage":"es","@id":"https:\/\/www.barcelonacapitalnautica.org\/es\/apostamos-por-el-futuro-de-la-vela-y-colabora-con-el-campeonato-mundial-de-optimist\/#primaryimage","url":"https:\/\/www.barcelonacapitalnautica.org\/wp-content\/uploads\/2023\/04\/Noti_Mundial-Optimist.png","contentUrl":"https:\/\/www.barcelonacapitalnautica.org\/wp-content\/uploads\/2023\/04\/Noti_Mundial-Optimist.png","width":1140,"height":440,"caption":"Mundial Optimist"},{"@type":"BreadcrumbList","@id":"https:\/\/www.barcelonacapitalnautica.org\/es\/apostamos-por-el-futuro-de-la-vela-y-colabora-con-el-campeonato-mundial-de-optimist\/#breadcrumb","itemListElement":[{"@type":"ListItem","position":1,"name":"Inici","item":"https:\/\/www.barcelonacapitalnautica.org\/es\/"},{"@type":"ListItem","position":2,"name":"Apostamos por el futuro de la vela y colaboramos con el Campeonato Mundial de Optimist"}]},{"@type":"WebSite","@id":"https:\/\/www.barcelonacapitalnautica.org\/es\/#website","url":"https:\/\/www.barcelonacapitalnautica.org\/es\/","name":"Barcelona Capital N\u00e0utica","description":"Barcelona Capital N\u00e0utica","publisher":{"@id":"https:\/\/www.barcelonacapitalnautica.org\/es\/#organization"},"alternateName":"BCN\u00e0utica, FBCN","potentialAction":[{"@type":"SearchAction","target":{"@type":"EntryPoint","urlTemplate":"https:\/\/www.barcelonacapitalnautica.org\/es\/?s={search_term_string}"},"query-input":{"@type":"PropertyValueSpecification","valueRequired":true,"valueName":"search_term_string"}}],"inLanguage":"es"},{"@type":"Organization","@id":"https:\/\/www.barcelonacapitalnautica.org\/es\/#organization","name":"Barcelona Capital N\u00e0utica","alternateName":"Fundaci\u00f3 Barcelona Capital N\u00e0utica","url":"https:\/\/www.barcelonacapitalnautica.org\/es\/","logo":{"@type":"ImageObject","inLanguage":"es","@id":"https:\/\/www.barcelonacapitalnautica.org\/es\/#\/schema\/logo\/image\/","url":"https:\/\/www.barcelonacapitalnautica.org\/wp-content\/uploads\/2023\/03\/Logo-blau.svg","contentUrl":"https:\/\/www.barcelonacapitalnautica.org\/wp-content\/uploads\/2023\/03\/Logo-blau.svg","width":200,"height":58,"caption":"Barcelona Capital N\u00e0utica"},"image":{"@id":"https:\/\/www.barcelonacapitalnautica.org\/es\/#\/schema\/logo\/image\/"},"sameAs":["https:\/\/www.facebook.com\/barcelonacapitalnautica","https:\/\/x.com\/bcnautica","https:\/\/www.instagram.com\/bcnautica\/","https:\/\/www.linkedin.com\/company\/barcelona-capital-nautica"]},{"@type":"Person","@id":"https:\/\/www.barcelonacapitalnautica.org\/es\/#\/schema\/person\/f1a7b6cdf70e48856b35358258241493","name":"Cristina Martin"}]}},"uagb_featured_image_src":{"full":["https:\/\/www.barcelonacapitalnautica.org\/wp-content\/uploads\/2023\/04\/Noti_Mundial-Optimist.png",1140,440,false],"thumbnail":["https:\/\/www.barcelonacapitalnautica.org\/wp-content\/uploads\/2023\/04\/Noti_Mundial-Optimist-380x147.png",380,147,true],"medium":["https:\/\/www.barcelonacapitalnautica.org\/wp-content\/uploads\/2023\/04\/Noti_Mundial-Optimist-560x216.png",560,216,true],"medium_large":["https:\/\/www.barcelonacapitalnautica.org\/wp-content\/uploads\/2023\/04\/Noti_Mundial-Optimist-768x296.png",768,296,true],"large":["https:\/\/www.barcelonacapitalnautica.org\/wp-content\/uploads\/2023\/04\/Noti_Mundial-Optimist-900x347.png",900,347,true],"1536x1536":["https:\/\/www.barcelonacapitalnautica.org\/wp-content\/uploads\/2023\/04\/Noti_Mundial-Optimist.png",1140,440,false],"2048x2048":["https:\/\/www.barcelonacapitalnautica.org\/wp-content\/uploads\/2023\/04\/Noti_Mundial-Optimist.png",1140,440,false]},"uagb_author_info":{"display_name":"Cristina Martin","author_link":"https:\/\/www.barcelonacapitalnautica.org\/es\/author\/fbcn_cristina\/"},"uagb_comment_info":0,"uagb_excerpt":"Estamos muy contentos de anunciar que hemos firmado un convenio [&hellip;]","_links":{"self":[{"href":"https:\/\/www.barcelonacapitalnautica.org\/es\/wp-json\/wp\/v2\/posts\/257101","targetHints":{"allow":["GET"]}}],"collection":[{"href":"https:\/\/www.barcelonacapitalnautica.org\/es\/wp-json\/wp\/v2\/posts"}],"about":[{"href":"https:\/\/www.barcelonacapitalnautica.org\/es\/wp-json\/wp\/v2\/types\/post"}],"author":[{"embeddable":true,"href":"https:\/\/www.barcelonacapitalnautica.org\/es\/wp-json\/wp\/v2\/users\/3"}],"replies":[{"embeddable":true,"href":"https:\/\/www.barcelonacapitalnautica.org\/es\/wp-json\/wp\/v2\/comments?post=257101"}],"version-history":[{"count":3,"href":"https:\/\/www.barcelonacapitalnautica.org\/es\/wp-json\/wp\/v2\/posts\/257101\/revisions"}],"predecessor-version":[{"id":268162,"href":"https:\/\/www.barcelonacapitalnautica.org\/es\/wp-json\/wp\/v2\/posts\/257101\/revisions\/268162"}],"wp:featuredmedia":[{"embeddable":true,"href":"https:\/\/www.barcelonacapitalnautica.org\/es\/wp-json\/wp\/v2\/media\/257078"}],"wp:attachment":[{"href":"https:\/\/www.barcelonacapitalnautica.org\/es\/wp-json\/wp\/v2\/media?parent=257101"}],"wp:term":[{"taxonomy":"category","embeddable":true,"href":"https:\/\/www.barcelonacapitalnautica.org\/es\/wp-json\/wp\/v2\/categories?post=257101"},{"taxonomy":"post_tag","embeddable":true,"href":"https:\/\/www.barcelonacapitalnautica.org\/es\/wp-json\/wp\/v2\/tags?post=257101"}],"curies":[{"name":"wp","href":"https:\/\/api.w.org\/{rel}","templated":true}]}}