{"id":258575,"date":"2023-05-10T15:34:33","date_gmt":"2023-05-10T13:34:33","guid":{"rendered":"https:\/\/www.barcelonacapitalnautica.org\/?p=258575"},"modified":"2023-05-10T15:36:29","modified_gmt":"2023-05-10T13:36:29","slug":"salida-de-la-2a-etapa-de-la-regata-solo-med-desde-sa-rapita","status":"publish","type":"post","link":"https:\/\/www.barcelonacapitalnautica.org\/es\/salida-de-la-2a-etapa-de-la-regata-solo-med-desde-sa-rapita\/","title":{"rendered":"Salida de la 2\u00aa etapa de la Regata Solo Med desde Sa R\u00e0pita"},"content":{"rendered":"\n<p>El mi\u00e9rcoles 10 de mayo a las 12h se ha dado el pistoletazo de salida a la 2\u00aa etapa de la Regata Solo Med desde Sa R\u00e0pita, Mallorca.<\/p>\n\n\n\n<p>A partir de las 9:30h se han empezado a remolcar los barcos desde el Club N\u00e1utico Sa R\u00e0pita donde han pasado las \u00faltimas 24h. La salida ha sido puntual a las 12h con una brisa de 9-10 nudos, que ha ido subiendo hasta 14 nudos con un mar completamente llano.<\/p>\n\n\n\n<figure class=\"wp-block-gallery has-nested-images columns-default is-cropped wp-block-gallery-1 is-layout-flex wp-block-gallery-is-layout-flex\">\n<figure class=\"wp-block-image size-large\"><img loading=\"lazy\" decoding=\"async\" width=\"900\" height=\"675\" data-id=\"258573\" src=\"https:\/\/www.barcelonacapitalnautica.org\/wp-content\/uploads\/2023\/05\/solomed_sa_rapita_01-900x675.jpeg\" alt=\"\" class=\"wp-image-258573\" srcset=\"https:\/\/www.barcelonacapitalnautica.org\/wp-content\/uploads\/2023\/05\/solomed_sa_rapita_01-900x675.jpeg 900w, https:\/\/www.barcelonacapitalnautica.org\/wp-content\/uploads\/2023\/05\/solomed_sa_rapita_01-560x420.jpeg 560w, https:\/\/www.barcelonacapitalnautica.org\/wp-content\/uploads\/2023\/05\/solomed_sa_rapita_01-380x285.jpeg 380w, https:\/\/www.barcelonacapitalnautica.org\/wp-content\/uploads\/2023\/05\/solomed_sa_rapita_01-768x576.jpeg 768w, https:\/\/www.barcelonacapitalnautica.org\/wp-content\/uploads\/2023\/05\/solomed_sa_rapita_01-1536x1152.jpeg 1536w, https:\/\/www.barcelonacapitalnautica.org\/wp-content\/uploads\/2023\/05\/solomed_sa_rapita_01.jpeg 2000w\" sizes=\"auto, (max-width: 900px) 100vw, 900px\" \/><\/figure>\n\n\n\n<figure class=\"wp-block-image size-large\"><img loading=\"lazy\" decoding=\"async\" width=\"900\" height=\"675\" data-id=\"258570\" src=\"https:\/\/www.barcelonacapitalnautica.org\/wp-content\/uploads\/2023\/05\/solomed_sa_rapita_03-900x675.jpeg\" alt=\"\" class=\"wp-image-258570\" srcset=\"https:\/\/www.barcelonacapitalnautica.org\/wp-content\/uploads\/2023\/05\/solomed_sa_rapita_03-900x675.jpeg 900w, https:\/\/www.barcelonacapitalnautica.org\/wp-content\/uploads\/2023\/05\/solomed_sa_rapita_03-560x420.jpeg 560w, https:\/\/www.barcelonacapitalnautica.org\/wp-content\/uploads\/2023\/05\/solomed_sa_rapita_03-380x285.jpeg 380w, https:\/\/www.barcelonacapitalnautica.org\/wp-content\/uploads\/2023\/05\/solomed_sa_rapita_03-768x576.jpeg 768w, https:\/\/www.barcelonacapitalnautica.org\/wp-content\/uploads\/2023\/05\/solomed_sa_rapita_03-1536x1152.jpeg 1536w, https:\/\/www.barcelonacapitalnautica.org\/wp-content\/uploads\/2023\/05\/solomed_sa_rapita_03.jpeg 2000w\" sizes=\"auto, (max-width: 900px) 100vw, 900px\" \/><\/figure>\n\n\n\n<figure class=\"wp-block-image size-large\"><img loading=\"lazy\" decoding=\"async\" width=\"900\" height=\"675\" data-id=\"258571\" src=\"https:\/\/www.barcelonacapitalnautica.org\/wp-content\/uploads\/2023\/05\/solomed_sa_rapita_02-900x675.jpeg\" alt=\"\" class=\"wp-image-258571\" srcset=\"https:\/\/www.barcelonacapitalnautica.org\/wp-content\/uploads\/2023\/05\/solomed_sa_rapita_02-900x675.jpeg 900w, https:\/\/www.barcelonacapitalnautica.org\/wp-content\/uploads\/2023\/05\/solomed_sa_rapita_02-560x420.jpeg 560w, https:\/\/www.barcelonacapitalnautica.org\/wp-content\/uploads\/2023\/05\/solomed_sa_rapita_02-380x285.jpeg 380w, https:\/\/www.barcelonacapitalnautica.org\/wp-content\/uploads\/2023\/05\/solomed_sa_rapita_02-768x576.jpeg 768w, https:\/\/www.barcelonacapitalnautica.org\/wp-content\/uploads\/2023\/05\/solomed_sa_rapita_02-1536x1152.jpeg 1536w, https:\/\/www.barcelonacapitalnautica.org\/wp-content\/uploads\/2023\/05\/solomed_sa_rapita_02.jpeg 2000w\" sizes=\"auto, (max-width: 900px) 100vw, 900px\" \/><\/figure>\n<\/figure>\n\n\n\n<p>Los 20 minis que siguen en regata tienen por delante un recorrido de 500 millas en solitario y muy t\u00e9cnico por los constantes pasos entre islas o cerca de tierra, lo que impide a los <em>skippers<\/em> descansar. Antes de que el 1er regatista pase el control de paso se decidir\u00e1 el recorrido final, de los cuatro posibles, en funci\u00f3n de la situaci\u00f3n meteorol\u00f3gica.<\/p>\n\n\n\n<p>De confirmarse el <em>routing<\/em> de esta ma\u00f1ana, la llegada de los primeros a Barcelona est\u00e1 prevista para el 14 de mayo, con posibilidad de cambios en funci\u00f3n de la meteorolog\u00eda.<\/p>\n\n\n\n<p><strong>Web de la regata <\/strong><a href=\"https:\/\/www.barcelonacapitalnautica.org\/deporte\/solomed\/\" target=\"_blank\" rel=\"noreferrer noopener\">https:\/\/www.barcelonacapitalnautica.org\/deporte\/solomed\/<\/a><\/p>\n\n\n\n<p><strong>Enlla\u00e7 al tracking <\/strong><a href=\"https:\/\/yb.tl\/SMR2023#\" target=\"_blank\" rel=\"noreferrer noopener\">https:\/\/yb.tl\/SMR2023#<\/a><\/p>\n\n\n\n<p><strong>Clasificaci\u00f3n de la 1\u00aa etapa: <\/strong><a href=\"https:\/\/www.barcelonacapitalnautica.org\/es\/deporte\/solomed\/#clasificaciones\" target=\"_blank\" rel=\"noreferrer noopener\">https:\/\/www.barcelonacapitalnautica.org\/#clasificaciones<\/a>\u00a0<\/p>\n\n\n\n<p><strong>Fotografies de Laura Carrau <\/strong><a href=\"https:\/\/drive.google.com\/drive\/folders\/1qDze0tPYNyDaKXADm-LBZMzmVuoNED6z?usp=share_link\" target=\"_blank\" rel=\"noreferrer noopener\">https:\/\/drives.google.com<\/a>\u00a0<\/p>\n","protected":false},"excerpt":{"rendered":"<p>El mi\u00e9rcoles 10 de mayo a las 12h se ha [&hellip;]<\/p>\n","protected":false},"author":3,"featured_media":258566,"comment_status":"closed","ping_status":"closed","sticky":false,"template":"","format":"standard","meta":{"_uag_custom_page_level_css":"","site-sidebar-layout":"default","site-content-layout":"","ast-site-content-layout":"default","site-content-style":"default","site-sidebar-style":"default","ast-global-header-display":"","ast-banner-title-visibility":"","ast-main-header-display":"","ast-hfb-above-header-display":"","ast-hfb-below-header-display":"","ast-hfb-mobile-header-display":"","site-post-title":"","ast-breadcrumbs-content":"","ast-featured-img":"","footer-sml-layout":"","ast-disable-related-posts":"","theme-transparent-header-meta":"","adv-header-id-meta":"","stick-header-meta":"","header-above-stick-meta":"","header-main-stick-meta":"","header-below-stick-meta":"","astra-migrate-meta-layouts":"default","ast-page-background-enabled":"default","ast-page-background-meta":{"desktop":{"background-color":"","background-image":"","background-repeat":"repeat","background-position":"center center","background-size":"auto","background-attachment":"scroll","background-type":"","background-media":"","overlay-type":"","overlay-color":"","overlay-opacity":"","overlay-gradient":""},"tablet":{"background-color":"","background-image":"","background-repeat":"repeat","background-position":"center center","background-size":"auto","background-attachment":"scroll","background-type":"","background-media":"","overlay-type":"","overlay-color":"","overlay-opacity":"","overlay-gradient":""},"mobile":{"background-color":"","background-image":"","background-repeat":"repeat","background-position":"center center","background-size":"auto","background-attachment":"scroll","background-type":"","background-media":"","overlay-type":"","overlay-color":"","overlay-opacity":"","overlay-gradient":""}},"ast-content-background-meta":{"desktop":{"background-color":"var(--ast-global-color-5)","background-image":"","background-repeat":"repeat","background-position":"center center","background-size":"auto","background-attachment":"scroll","background-type":"","background-media":"","overlay-type":"","overlay-color":"","overlay-opacity":"","overlay-gradient":""},"tablet":{"background-color":"var(--ast-global-color-5)","background-image":"","background-repeat":"repeat","background-position":"center center","background-size":"auto","background-attachment":"scroll","background-type":"","background-media":"","overlay-type":"","overlay-color":"","overlay-opacity":"","overlay-gradient":""},"mobile":{"background-color":"var(--ast-global-color-5)","background-image":"","background-repeat":"repeat","background-position":"center center","background-size":"auto","background-attachment":"scroll","background-type":"","background-media":"","overlay-type":"","overlay-color":"","overlay-opacity":"","overlay-gradient":""}},"_price":"","_stock":"","_tribe_ticket_header":"","_tribe_default_ticket_provider":"","_tribe_ticket_capacity":"0","_ticket_start_date":"","_ticket_end_date":"","_tribe_ticket_show_description":"","_tribe_ticket_show_not_going":false,"_tribe_ticket_use_global_stock":"","_tribe_ticket_global_stock_level":"","_global_stock_mode":"","_global_stock_cap":"","_tribe_rsvp_for_event":"","_tribe_ticket_going_count":"","_tribe_ticket_not_going_count":"","_tribe_tickets_list":[],"_tribe_ticket_has_attendee_info_fields":false,"footnotes":""},"categories":[104,100,101,107],"tags":[118,115,119,120],"class_list":["post-258575","post","type-post","status-publish","format-standard","has-post-thumbnail","hentry","category-base-mini","category-deporte","category-regatas","category-solomed","tag-basemini-es-2","tag-castellano","tag-regata-es-2","tag-solomed-es"],"yoast_head":"<!-- This site is optimized with the Yoast SEO plugin v27.5 - https:\/\/yoast.com\/product\/yoast-seo-wordpress\/ -->\n<title>Salida de la 2\u00aa etapa de la Regata Solo Med desde Sa R\u00e0pita - Barcelona Capital N\u00e0utica<\/title>\n<meta name=\"robots\" content=\"index, follow, max-snippet:-1, max-image-preview:large, max-video-preview:-1\" \/>\n<link rel=\"canonical\" href=\"https:\/\/www.barcelonacapitalnautica.org\/es\/salida-de-la-2a-etapa-de-la-regata-solo-med-desde-sa-rapita\/\" \/>\n<meta property=\"og:locale\" content=\"es_ES\" \/>\n<meta property=\"og:type\" content=\"article\" \/>\n<meta property=\"og:title\" content=\"Salida de la 2\u00aa etapa de la Regata Solo Med desde Sa R\u00e0pita - Barcelona Capital N\u00e0utica\" \/>\n<meta property=\"og:description\" content=\"El mi\u00e9rcoles 10 de mayo a las 12h se ha [&hellip;]\" \/>\n<meta property=\"og:url\" content=\"https:\/\/www.barcelonacapitalnautica.org\/es\/salida-de-la-2a-etapa-de-la-regata-solo-med-desde-sa-rapita\/\" \/>\n<meta property=\"og:site_name\" content=\"Barcelona Capital N\u00e0utica\" \/>\n<meta property=\"article:publisher\" content=\"https:\/\/www.facebook.com\/barcelonacapitalnautica\" \/>\n<meta property=\"article:published_time\" content=\"2023-05-10T13:34:33+00:00\" \/>\n<meta property=\"article:modified_time\" content=\"2023-05-10T13:36:29+00:00\" \/>\n<meta property=\"og:image\" content=\"https:\/\/www.barcelonacapitalnautica.org\/wp-content\/uploads\/2023\/05\/Noti_Sortida_Sa_Rapita.png\" \/>\n\t<meta property=\"og:image:width\" content=\"1140\" \/>\n\t<meta property=\"og:image:height\" content=\"440\" \/>\n\t<meta property=\"og:image:type\" content=\"image\/png\" \/>\n<meta name=\"author\" content=\"Cristina Martin\" \/>\n<meta name=\"twitter:card\" content=\"summary_large_image\" \/>\n<meta name=\"twitter:creator\" content=\"@bcnautica\" \/>\n<meta name=\"twitter:site\" content=\"@bcnautica\" \/>\n<meta name=\"twitter:label1\" content=\"Escrito por\" \/>\n\t<meta name=\"twitter:data1\" content=\"Cristina Martin\" \/>\n\t<meta name=\"twitter:label2\" content=\"Tiempo de lectura\" \/>\n\t<meta name=\"twitter:data2\" content=\"2 minutos\" \/>\n<script type=\"application\/ld+json\" class=\"yoast-schema-graph\">{\"@context\":\"https:\\\/\\\/schema.org\",\"@graph\":[{\"@type\":\"Article\",\"@id\":\"https:\\\/\\\/www.barcelonacapitalnautica.org\\\/es\\\/salida-de-la-2a-etapa-de-la-regata-solo-med-desde-sa-rapita\\\/#article\",\"isPartOf\":{\"@id\":\"https:\\\/\\\/www.barcelonacapitalnautica.org\\\/es\\\/salida-de-la-2a-etapa-de-la-regata-solo-med-desde-sa-rapita\\\/\"},\"author\":{\"name\":\"Cristina Martin\",\"@id\":\"https:\\\/\\\/www.barcelonacapitalnautica.org\\\/es\\\/#\\\/schema\\\/person\\\/f1a7b6cdf70e48856b35358258241493\"},\"headline\":\"Salida de la 2\u00aa etapa de la Regata Solo Med desde Sa R\u00e0pita\",\"datePublished\":\"2023-05-10T13:34:33+00:00\",\"dateModified\":\"2023-05-10T13:36:29+00:00\",\"mainEntityOfPage\":{\"@id\":\"https:\\\/\\\/www.barcelonacapitalnautica.org\\\/es\\\/salida-de-la-2a-etapa-de-la-regata-solo-med-desde-sa-rapita\\\/\"},\"wordCount\":224,\"publisher\":{\"@id\":\"https:\\\/\\\/www.barcelonacapitalnautica.org\\\/es\\\/#organization\"},\"image\":{\"@id\":\"https:\\\/\\\/www.barcelonacapitalnautica.org\\\/es\\\/salida-de-la-2a-etapa-de-la-regata-solo-med-desde-sa-rapita\\\/#primaryimage\"},\"thumbnailUrl\":\"https:\\\/\\\/www.barcelonacapitalnautica.org\\\/wp-content\\\/uploads\\\/2023\\\/05\\\/Noti_Sortida_Sa_Rapita.png\",\"keywords\":[\"Base Mini\",\"castellano\",\"regata\",\"Solo Med\"],\"articleSection\":[\"Base Mini\",\"Deporte\",\"Regatas\",\"Solo Med\"],\"inLanguage\":\"es\"},{\"@type\":\"WebPage\",\"@id\":\"https:\\\/\\\/www.barcelonacapitalnautica.org\\\/es\\\/salida-de-la-2a-etapa-de-la-regata-solo-med-desde-sa-rapita\\\/\",\"url\":\"https:\\\/\\\/www.barcelonacapitalnautica.org\\\/es\\\/salida-de-la-2a-etapa-de-la-regata-solo-med-desde-sa-rapita\\\/\",\"name\":\"Salida de la 2\u00aa etapa de la Regata Solo Med desde Sa R\u00e0pita - Barcelona Capital N\u00e0utica\",\"isPartOf\":{\"@id\":\"https:\\\/\\\/www.barcelonacapitalnautica.org\\\/es\\\/#website\"},\"primaryImageOfPage\":{\"@id\":\"https:\\\/\\\/www.barcelonacapitalnautica.org\\\/es\\\/salida-de-la-2a-etapa-de-la-regata-solo-med-desde-sa-rapita\\\/#primaryimage\"},\"image\":{\"@id\":\"https:\\\/\\\/www.barcelonacapitalnautica.org\\\/es\\\/salida-de-la-2a-etapa-de-la-regata-solo-med-desde-sa-rapita\\\/#primaryimage\"},\"thumbnailUrl\":\"https:\\\/\\\/www.barcelonacapitalnautica.org\\\/wp-content\\\/uploads\\\/2023\\\/05\\\/Noti_Sortida_Sa_Rapita.png\",\"datePublished\":\"2023-05-10T13:34:33+00:00\",\"dateModified\":\"2023-05-10T13:36:29+00:00\",\"breadcrumb\":{\"@id\":\"https:\\\/\\\/www.barcelonacapitalnautica.org\\\/es\\\/salida-de-la-2a-etapa-de-la-regata-solo-med-desde-sa-rapita\\\/#breadcrumb\"},\"inLanguage\":\"es\",\"potentialAction\":[{\"@type\":\"ReadAction\",\"target\":[\"https:\\\/\\\/www.barcelonacapitalnautica.org\\\/es\\\/salida-de-la-2a-etapa-de-la-regata-solo-med-desde-sa-rapita\\\/\"]}]},{\"@type\":\"ImageObject\",\"inLanguage\":\"es\",\"@id\":\"https:\\\/\\\/www.barcelonacapitalnautica.org\\\/es\\\/salida-de-la-2a-etapa-de-la-regata-solo-med-desde-sa-rapita\\\/#primaryimage\",\"url\":\"https:\\\/\\\/www.barcelonacapitalnautica.org\\\/wp-content\\\/uploads\\\/2023\\\/05\\\/Noti_Sortida_Sa_Rapita.png\",\"contentUrl\":\"https:\\\/\\\/www.barcelonacapitalnautica.org\\\/wp-content\\\/uploads\\\/2023\\\/05\\\/Noti_Sortida_Sa_Rapita.png\",\"width\":1140,\"height\":440},{\"@type\":\"BreadcrumbList\",\"@id\":\"https:\\\/\\\/www.barcelonacapitalnautica.org\\\/es\\\/salida-de-la-2a-etapa-de-la-regata-solo-med-desde-sa-rapita\\\/#breadcrumb\",\"itemListElement\":[{\"@type\":\"ListItem\",\"position\":1,\"name\":\"Inici\",\"item\":\"https:\\\/\\\/www.barcelonacapitalnautica.org\\\/es\\\/\"},{\"@type\":\"ListItem\",\"position\":2,\"name\":\"Salida de la 2\u00aa etapa de la Regata Solo Med desde Sa R\u00e0pita\"}]},{\"@type\":\"WebSite\",\"@id\":\"https:\\\/\\\/www.barcelonacapitalnautica.org\\\/es\\\/#website\",\"url\":\"https:\\\/\\\/www.barcelonacapitalnautica.org\\\/es\\\/\",\"name\":\"Barcelona Capital N\u00e0utica\",\"description\":\"Barcelona Capital N\u00e0utica\",\"publisher\":{\"@id\":\"https:\\\/\\\/www.barcelonacapitalnautica.org\\\/es\\\/#organization\"},\"alternateName\":\"BCN\u00e0utica, FBCN\",\"potentialAction\":[{\"@type\":\"SearchAction\",\"target\":{\"@type\":\"EntryPoint\",\"urlTemplate\":\"https:\\\/\\\/www.barcelonacapitalnautica.org\\\/es\\\/?s={search_term_string}\"},\"query-input\":{\"@type\":\"PropertyValueSpecification\",\"valueRequired\":true,\"valueName\":\"search_term_string\"}}],\"inLanguage\":\"es\"},{\"@type\":\"Organization\",\"@id\":\"https:\\\/\\\/www.barcelonacapitalnautica.org\\\/es\\\/#organization\",\"name\":\"Barcelona Capital N\u00e0utica\",\"alternateName\":\"Fundaci\u00f3 Barcelona Capital N\u00e0utica\",\"url\":\"https:\\\/\\\/www.barcelonacapitalnautica.org\\\/es\\\/\",\"logo\":{\"@type\":\"ImageObject\",\"inLanguage\":\"es\",\"@id\":\"https:\\\/\\\/www.barcelonacapitalnautica.org\\\/es\\\/#\\\/schema\\\/logo\\\/image\\\/\",\"url\":\"https:\\\/\\\/www.barcelonacapitalnautica.org\\\/wp-content\\\/uploads\\\/2023\\\/03\\\/Logo-blau.svg\",\"contentUrl\":\"https:\\\/\\\/www.barcelonacapitalnautica.org\\\/wp-content\\\/uploads\\\/2023\\\/03\\\/Logo-blau.svg\",\"width\":200,\"height\":58,\"caption\":\"Barcelona Capital N\u00e0utica\"},\"image\":{\"@id\":\"https:\\\/\\\/www.barcelonacapitalnautica.org\\\/es\\\/#\\\/schema\\\/logo\\\/image\\\/\"},\"sameAs\":[\"https:\\\/\\\/www.facebook.com\\\/barcelonacapitalnautica\",\"https:\\\/\\\/x.com\\\/bcnautica\",\"https:\\\/\\\/www.instagram.com\\\/bcnautica\\\/\",\"https:\\\/\\\/www.linkedin.com\\\/company\\\/barcelona-capital-nautica\"]},{\"@type\":\"Person\",\"@id\":\"https:\\\/\\\/www.barcelonacapitalnautica.org\\\/es\\\/#\\\/schema\\\/person\\\/f1a7b6cdf70e48856b35358258241493\",\"name\":\"Cristina Martin\"}]}<\/script>\n<!-- \/ Yoast SEO plugin. -->","yoast_head_json":{"title":"Salida de la 2\u00aa etapa de la Regata Solo Med desde Sa R\u00e0pita - Barcelona Capital N\u00e0utica","robots":{"index":"index","follow":"follow","max-snippet":"max-snippet:-1","max-image-preview":"max-image-preview:large","max-video-preview":"max-video-preview:-1"},"canonical":"https:\/\/www.barcelonacapitalnautica.org\/es\/salida-de-la-2a-etapa-de-la-regata-solo-med-desde-sa-rapita\/","og_locale":"es_ES","og_type":"article","og_title":"Salida de la 2\u00aa etapa de la Regata Solo Med desde Sa R\u00e0pita - Barcelona Capital N\u00e0utica","og_description":"El mi\u00e9rcoles 10 de mayo a las 12h se ha [&hellip;]","og_url":"https:\/\/www.barcelonacapitalnautica.org\/es\/salida-de-la-2a-etapa-de-la-regata-solo-med-desde-sa-rapita\/","og_site_name":"Barcelona Capital N\u00e0utica","article_publisher":"https:\/\/www.facebook.com\/barcelonacapitalnautica","article_published_time":"2023-05-10T13:34:33+00:00","article_modified_time":"2023-05-10T13:36:29+00:00","og_image":[{"width":1140,"height":440,"url":"https:\/\/www.barcelonacapitalnautica.org\/wp-content\/uploads\/2023\/05\/Noti_Sortida_Sa_Rapita.png","type":"image\/png"}],"author":"Cristina Martin","twitter_card":"summary_large_image","twitter_creator":"@bcnautica","twitter_site":"@bcnautica","twitter_misc":{"Escrito por":"Cristina Martin","Tiempo de lectura":"2 minutos"},"schema":{"@context":"https:\/\/schema.org","@graph":[{"@type":"Article","@id":"https:\/\/www.barcelonacapitalnautica.org\/es\/salida-de-la-2a-etapa-de-la-regata-solo-med-desde-sa-rapita\/#article","isPartOf":{"@id":"https:\/\/www.barcelonacapitalnautica.org\/es\/salida-de-la-2a-etapa-de-la-regata-solo-med-desde-sa-rapita\/"},"author":{"name":"Cristina Martin","@id":"https:\/\/www.barcelonacapitalnautica.org\/es\/#\/schema\/person\/f1a7b6cdf70e48856b35358258241493"},"headline":"Salida de la 2\u00aa etapa de la Regata Solo Med desde Sa R\u00e0pita","datePublished":"2023-05-10T13:34:33+00:00","dateModified":"2023-05-10T13:36:29+00:00","mainEntityOfPage":{"@id":"https:\/\/www.barcelonacapitalnautica.org\/es\/salida-de-la-2a-etapa-de-la-regata-solo-med-desde-sa-rapita\/"},"wordCount":224,"publisher":{"@id":"https:\/\/www.barcelonacapitalnautica.org\/es\/#organization"},"image":{"@id":"https:\/\/www.barcelonacapitalnautica.org\/es\/salida-de-la-2a-etapa-de-la-regata-solo-med-desde-sa-rapita\/#primaryimage"},"thumbnailUrl":"https:\/\/www.barcelonacapitalnautica.org\/wp-content\/uploads\/2023\/05\/Noti_Sortida_Sa_Rapita.png","keywords":["Base Mini","castellano","regata","Solo Med"],"articleSection":["Base Mini","Deporte","Regatas","Solo Med"],"inLanguage":"es"},{"@type":"WebPage","@id":"https:\/\/www.barcelonacapitalnautica.org\/es\/salida-de-la-2a-etapa-de-la-regata-solo-med-desde-sa-rapita\/","url":"https:\/\/www.barcelonacapitalnautica.org\/es\/salida-de-la-2a-etapa-de-la-regata-solo-med-desde-sa-rapita\/","name":"Salida de la 2\u00aa etapa de la Regata Solo Med desde Sa R\u00e0pita - Barcelona Capital N\u00e0utica","isPartOf":{"@id":"https:\/\/www.barcelonacapitalnautica.org\/es\/#website"},"primaryImageOfPage":{"@id":"https:\/\/www.barcelonacapitalnautica.org\/es\/salida-de-la-2a-etapa-de-la-regata-solo-med-desde-sa-rapita\/#primaryimage"},"image":{"@id":"https:\/\/www.barcelonacapitalnautica.org\/es\/salida-de-la-2a-etapa-de-la-regata-solo-med-desde-sa-rapita\/#primaryimage"},"thumbnailUrl":"https:\/\/www.barcelonacapitalnautica.org\/wp-content\/uploads\/2023\/05\/Noti_Sortida_Sa_Rapita.png","datePublished":"2023-05-10T13:34:33+00:00","dateModified":"2023-05-10T13:36:29+00:00","breadcrumb":{"@id":"https:\/\/www.barcelonacapitalnautica.org\/es\/salida-de-la-2a-etapa-de-la-regata-solo-med-desde-sa-rapita\/#breadcrumb"},"inLanguage":"es","potentialAction":[{"@type":"ReadAction","target":["https:\/\/www.barcelonacapitalnautica.org\/es\/salida-de-la-2a-etapa-de-la-regata-solo-med-desde-sa-rapita\/"]}]},{"@type":"ImageObject","inLanguage":"es","@id":"https:\/\/www.barcelonacapitalnautica.org\/es\/salida-de-la-2a-etapa-de-la-regata-solo-med-desde-sa-rapita\/#primaryimage","url":"https:\/\/www.barcelonacapitalnautica.org\/wp-content\/uploads\/2023\/05\/Noti_Sortida_Sa_Rapita.png","contentUrl":"https:\/\/www.barcelonacapitalnautica.org\/wp-content\/uploads\/2023\/05\/Noti_Sortida_Sa_Rapita.png","width":1140,"height":440},{"@type":"BreadcrumbList","@id":"https:\/\/www.barcelonacapitalnautica.org\/es\/salida-de-la-2a-etapa-de-la-regata-solo-med-desde-sa-rapita\/#breadcrumb","itemListElement":[{"@type":"ListItem","position":1,"name":"Inici","item":"https:\/\/www.barcelonacapitalnautica.org\/es\/"},{"@type":"ListItem","position":2,"name":"Salida de la 2\u00aa etapa de la Regata Solo Med desde Sa R\u00e0pita"}]},{"@type":"WebSite","@id":"https:\/\/www.barcelonacapitalnautica.org\/es\/#website","url":"https:\/\/www.barcelonacapitalnautica.org\/es\/","name":"Barcelona Capital N\u00e0utica","description":"Barcelona Capital N\u00e0utica","publisher":{"@id":"https:\/\/www.barcelonacapitalnautica.org\/es\/#organization"},"alternateName":"BCN\u00e0utica, FBCN","potentialAction":[{"@type":"SearchAction","target":{"@type":"EntryPoint","urlTemplate":"https:\/\/www.barcelonacapitalnautica.org\/es\/?s={search_term_string}"},"query-input":{"@type":"PropertyValueSpecification","valueRequired":true,"valueName":"search_term_string"}}],"inLanguage":"es"},{"@type":"Organization","@id":"https:\/\/www.barcelonacapitalnautica.org\/es\/#organization","name":"Barcelona Capital N\u00e0utica","alternateName":"Fundaci\u00f3 Barcelona Capital N\u00e0utica","url":"https:\/\/www.barcelonacapitalnautica.org\/es\/","logo":{"@type":"ImageObject","inLanguage":"es","@id":"https:\/\/www.barcelonacapitalnautica.org\/es\/#\/schema\/logo\/image\/","url":"https:\/\/www.barcelonacapitalnautica.org\/wp-content\/uploads\/2023\/03\/Logo-blau.svg","contentUrl":"https:\/\/www.barcelonacapitalnautica.org\/wp-content\/uploads\/2023\/03\/Logo-blau.svg","width":200,"height":58,"caption":"Barcelona Capital N\u00e0utica"},"image":{"@id":"https:\/\/www.barcelonacapitalnautica.org\/es\/#\/schema\/logo\/image\/"},"sameAs":["https:\/\/www.facebook.com\/barcelonacapitalnautica","https:\/\/x.com\/bcnautica","https:\/\/www.instagram.com\/bcnautica\/","https:\/\/www.linkedin.com\/company\/barcelona-capital-nautica"]},{"@type":"Person","@id":"https:\/\/www.barcelonacapitalnautica.org\/es\/#\/schema\/person\/f1a7b6cdf70e48856b35358258241493","name":"Cristina Martin"}]}},"uagb_featured_image_src":{"full":["https:\/\/www.barcelonacapitalnautica.org\/wp-content\/uploads\/2023\/05\/Noti_Sortida_Sa_Rapita.png",1140,440,false],"thumbnail":["https:\/\/www.barcelonacapitalnautica.org\/wp-content\/uploads\/2023\/05\/Noti_Sortida_Sa_Rapita-380x147.png",380,147,true],"medium":["https:\/\/www.barcelonacapitalnautica.org\/wp-content\/uploads\/2023\/05\/Noti_Sortida_Sa_Rapita-560x216.png",560,216,true],"medium_large":["https:\/\/www.barcelonacapitalnautica.org\/wp-content\/uploads\/2023\/05\/Noti_Sortida_Sa_Rapita-768x296.png",768,296,true],"large":["https:\/\/www.barcelonacapitalnautica.org\/wp-content\/uploads\/2023\/05\/Noti_Sortida_Sa_Rapita-900x347.png",900,347,true],"1536x1536":["https:\/\/www.barcelonacapitalnautica.org\/wp-content\/uploads\/2023\/05\/Noti_Sortida_Sa_Rapita.png",1140,440,false],"2048x2048":["https:\/\/www.barcelonacapitalnautica.org\/wp-content\/uploads\/2023\/05\/Noti_Sortida_Sa_Rapita.png",1140,440,false]},"uagb_author_info":{"display_name":"Cristina Martin","author_link":"https:\/\/www.barcelonacapitalnautica.org\/es\/author\/fbcn_cristina\/"},"uagb_comment_info":0,"uagb_excerpt":"El mi\u00e9rcoles 10 de mayo a las 12h se ha [&hellip;]","_links":{"self":[{"href":"https:\/\/www.barcelonacapitalnautica.org\/es\/wp-json\/wp\/v2\/posts\/258575","targetHints":{"allow":["GET"]}}],"collection":[{"href":"https:\/\/www.barcelonacapitalnautica.org\/es\/wp-json\/wp\/v2\/posts"}],"about":[{"href":"https:\/\/www.barcelonacapitalnautica.org\/es\/wp-json\/wp\/v2\/types\/post"}],"author":[{"embeddable":true,"href":"https:\/\/www.barcelonacapitalnautica.org\/es\/wp-json\/wp\/v2\/users\/3"}],"replies":[{"embeddable":true,"href":"https:\/\/www.barcelonacapitalnautica.org\/es\/wp-json\/wp\/v2\/comments?post=258575"}],"version-history":[{"count":1,"href":"https:\/\/www.barcelonacapitalnautica.org\/es\/wp-json\/wp\/v2\/posts\/258575\/revisions"}],"predecessor-version":[{"id":258576,"href":"https:\/\/www.barcelonacapitalnautica.org\/es\/wp-json\/wp\/v2\/posts\/258575\/revisions\/258576"}],"wp:featuredmedia":[{"embeddable":true,"href":"https:\/\/www.barcelonacapitalnautica.org\/es\/wp-json\/wp\/v2\/media\/258566"}],"wp:attachment":[{"href":"https:\/\/www.barcelonacapitalnautica.org\/es\/wp-json\/wp\/v2\/media?parent=258575"}],"wp:term":[{"taxonomy":"category","embeddable":true,"href":"https:\/\/www.barcelonacapitalnautica.org\/es\/wp-json\/wp\/v2\/categories?post=258575"},{"taxonomy":"post_tag","embeddable":true,"href":"https:\/\/www.barcelonacapitalnautica.org\/es\/wp-json\/wp\/v2\/tags?post=258575"}],"curies":[{"name":"wp","href":"https:\/\/api.w.org\/{rel}","templated":true}]}}