{"id":258755,"date":"2023-05-13T17:34:39","date_gmt":"2023-05-13T15:34:39","guid":{"rendered":"https:\/\/www.barcelonacapitalnautica.org\/?p=258755"},"modified":"2023-05-14T10:18:33","modified_gmt":"2023-05-14T08:18:33","slug":"llegada-de-la-regata-solo-med-a-barcelona","status":"publish","type":"post","link":"https:\/\/www.barcelonacapitalnautica.org\/es\/llegada-de-la-regata-solo-med-a-barcelona\/","title":{"rendered":"Llegada de la regata Solo Med a Barcelona"},"content":{"rendered":"\n<p>Esta pasada noche ha empezado a entrar la flota de la <a href=\"https:\/\/www.barcelonacapitalnautica.org\/es\/deporte\/solomed\/\" target=\"_blank\" rel=\"noreferrer noopener\">regata Solo Med<\/a> que sali\u00f3 de Sa R\u00e0pita el pasado mi\u00e9rcoles. Federico Waksman, con el Proto 1019 Big Bounce, ha llegado el primer poco despu\u00e9s de las dos de la madrugada, seis horas m\u00e1s tarde ha entrado por el Proto Maximum 865 con el skipper Gaby Bucau, que tambi\u00e9n qued\u00f3 2\u00ba en la primera etapa. A las siete y media de la tarde del s\u00e1bado ha entrado el Nicolo Gamenara con el Serie 953 y menos de 10 segundos despu\u00e9s ha entrado el Serie 603 Istuardo patroneado por Joaquim Sant Albors haciendo una gran remontada.<\/p>\n\n\n\n<figure class=\"wp-block-gallery has-nested-images columns-default is-cropped wp-block-gallery-1 is-layout-flex wp-block-gallery-is-layout-flex\">\n<figure class=\"wp-block-image size-large\"><img loading=\"lazy\" decoding=\"async\" width=\"900\" height=\"600\" data-id=\"258743\" src=\"https:\/\/www.barcelonacapitalnautica.org\/wp-content\/uploads\/2023\/05\/Fede-Waksman_02-900x600.jpg\" alt=\"\" class=\"wp-image-258743\" srcset=\"https:\/\/www.barcelonacapitalnautica.org\/wp-content\/uploads\/2023\/05\/Fede-Waksman_02-900x600.jpg 900w, https:\/\/www.barcelonacapitalnautica.org\/wp-content\/uploads\/2023\/05\/Fede-Waksman_02-560x373.jpg 560w, https:\/\/www.barcelonacapitalnautica.org\/wp-content\/uploads\/2023\/05\/Fede-Waksman_02-380x253.jpg 380w, https:\/\/www.barcelonacapitalnautica.org\/wp-content\/uploads\/2023\/05\/Fede-Waksman_02-768x512.jpg 768w, https:\/\/www.barcelonacapitalnautica.org\/wp-content\/uploads\/2023\/05\/Fede-Waksman_02.jpg 1500w\" sizes=\"auto, (max-width: 900px) 100vw, 900px\" \/><\/figure>\n\n\n\n<figure class=\"wp-block-image size-large\"><img loading=\"lazy\" decoding=\"async\" width=\"900\" height=\"600\" data-id=\"258762\" src=\"https:\/\/www.barcelonacapitalnautica.org\/wp-content\/uploads\/2023\/05\/Nicolo_02-900x600.jpg\" alt=\"\" class=\"wp-image-258762\" srcset=\"https:\/\/www.barcelonacapitalnautica.org\/wp-content\/uploads\/2023\/05\/Nicolo_02-900x600.jpg 900w, https:\/\/www.barcelonacapitalnautica.org\/wp-content\/uploads\/2023\/05\/Nicolo_02-560x373.jpg 560w, https:\/\/www.barcelonacapitalnautica.org\/wp-content\/uploads\/2023\/05\/Nicolo_02-380x253.jpg 380w, https:\/\/www.barcelonacapitalnautica.org\/wp-content\/uploads\/2023\/05\/Nicolo_02-768x512.jpg 768w, https:\/\/www.barcelonacapitalnautica.org\/wp-content\/uploads\/2023\/05\/Nicolo_02.jpg 1500w\" sizes=\"auto, (max-width: 900px) 100vw, 900px\" \/><\/figure>\n\n\n\n<figure class=\"wp-block-image size-large\"><img loading=\"lazy\" decoding=\"async\" width=\"900\" height=\"600\" data-id=\"258739\" src=\"https:\/\/www.barcelonacapitalnautica.org\/wp-content\/uploads\/2023\/05\/Joaquim_Sant_02-900x600.jpg\" alt=\"\" class=\"wp-image-258739\" srcset=\"https:\/\/www.barcelonacapitalnautica.org\/wp-content\/uploads\/2023\/05\/Joaquim_Sant_02-900x600.jpg 900w, https:\/\/www.barcelonacapitalnautica.org\/wp-content\/uploads\/2023\/05\/Joaquim_Sant_02-560x373.jpg 560w, https:\/\/www.barcelonacapitalnautica.org\/wp-content\/uploads\/2023\/05\/Joaquim_Sant_02-380x253.jpg 380w, https:\/\/www.barcelonacapitalnautica.org\/wp-content\/uploads\/2023\/05\/Joaquim_Sant_02-768x512.jpg 768w, https:\/\/www.barcelonacapitalnautica.org\/wp-content\/uploads\/2023\/05\/Joaquim_Sant_02.jpg 1500w\" sizes=\"auto, (max-width: 900px) 100vw, 900px\" \/><\/figure>\n<\/figure>\n\n\n\n<p>Despu\u00e9s de una salida con <strong>buenas condiciones de mar y de viento<\/strong>, los regatistas se han encontrado con una encalmada al pasar la costa Norte de Mallorca. El recorrido final, entre los cuatro posibles, se comunic\u00f3 a la flota en la puerta de Sa R\u00e0pita debido a la complicaci\u00f3n de la situaci\u00f3n meteorol\u00f3gica. La encalmada de la noche, ha retrasado un poco la entrada prevista de los primeros y ha juntado el resto de la flota, haciendo emocionante su llegada a Barcelona.<\/p>\n\n\n\n<figure class=\"wp-block-gallery has-nested-images columns-default is-cropped wp-block-gallery-2 is-layout-flex wp-block-gallery-is-layout-flex\">\n<figure class=\"wp-block-image size-large\"><img loading=\"lazy\" decoding=\"async\" width=\"900\" height=\"600\" data-id=\"258745\" src=\"https:\/\/www.barcelonacapitalnautica.org\/wp-content\/uploads\/2023\/05\/1r_Proto_02-900x600.jpeg\" alt=\"\" class=\"wp-image-258745\" srcset=\"https:\/\/www.barcelonacapitalnautica.org\/wp-content\/uploads\/2023\/05\/1r_Proto_02-900x600.jpeg 900w, https:\/\/www.barcelonacapitalnautica.org\/wp-content\/uploads\/2023\/05\/1r_Proto_02-560x373.jpeg 560w, https:\/\/www.barcelonacapitalnautica.org\/wp-content\/uploads\/2023\/05\/1r_Proto_02-380x253.jpeg 380w, https:\/\/www.barcelonacapitalnautica.org\/wp-content\/uploads\/2023\/05\/1r_Proto_02-768x512.jpeg 768w, https:\/\/www.barcelonacapitalnautica.org\/wp-content\/uploads\/2023\/05\/1r_Proto_02.jpeg 1280w\" sizes=\"auto, (max-width: 900px) 100vw, 900px\" \/><\/figure>\n\n\n\n<figure class=\"wp-block-image size-large\"><img loading=\"lazy\" decoding=\"async\" width=\"900\" height=\"600\" data-id=\"258747\" src=\"https:\/\/www.barcelonacapitalnautica.org\/wp-content\/uploads\/2023\/05\/1r_Proto_01-900x600.jpeg\" alt=\"\" class=\"wp-image-258747\" srcset=\"https:\/\/www.barcelonacapitalnautica.org\/wp-content\/uploads\/2023\/05\/1r_Proto_01-900x600.jpeg 900w, https:\/\/www.barcelonacapitalnautica.org\/wp-content\/uploads\/2023\/05\/1r_Proto_01-560x373.jpeg 560w, https:\/\/www.barcelonacapitalnautica.org\/wp-content\/uploads\/2023\/05\/1r_Proto_01-380x253.jpeg 380w, https:\/\/www.barcelonacapitalnautica.org\/wp-content\/uploads\/2023\/05\/1r_Proto_01-768x512.jpeg 768w, https:\/\/www.barcelonacapitalnautica.org\/wp-content\/uploads\/2023\/05\/1r_Proto_01.jpeg 1280w\" sizes=\"auto, (max-width: 900px) 100vw, 900px\" \/><\/figure>\n<\/figure>\n\n\n\n<p><strong>Federico Waksman<\/strong>, que se ha formado en la Base Mini Barcelona, \u200b\u200bha sido el ganador indiscutible de las dos etapas de esta regata posicion\u00e1ndose por delante del resto de la flota ya al inicio de las dos etapas. El barco con el que ha competido en esta edici\u00f3n, el Proto 1019, gan\u00f3 la anterior edici\u00f3n de La Mini Transat en 2012 con el skipper Pierre Le Roy. Al tocar tierra nos dejaba estas palabras:<\/p>\n\n\n\n<blockquote class=\"wp-block-quote is-layout-flow wp-block-quote-is-layout-flow\">\n<p>\u201cHa sido una regata divertida, con muchos momentos de mucha velocidad. El barco va muy r\u00e1pido cuando lo ponemos a andar y por suerte me separ\u00e9 de la flota antes de llegar a Ibiza y Formentera, y creo que en ese momento ya ten\u00eda un viento diferente. Est\u00e1 bueno por tener la posibilidad de navegar este barco, son diferentes a los barcos de proa en punta y es incre\u00edble ver como generan mucha m\u00e1s velocidad. Es superinteresante, estoy muy contento de poder probarlo\u201d.&nbsp;<\/p>\n<\/blockquote>\n\n\n\n<figure class=\"wp-block-gallery has-nested-images columns-default is-cropped wp-block-gallery-3 is-layout-flex wp-block-gallery-is-layout-flex\">\n<figure class=\"wp-block-image size-large\"><img loading=\"lazy\" decoding=\"async\" width=\"900\" height=\"600\" data-id=\"258751\" src=\"https:\/\/www.barcelonacapitalnautica.org\/wp-content\/uploads\/2023\/05\/Fede_Waksman_01-900x600.jpg\" alt=\"\" class=\"wp-image-258751\" srcset=\"https:\/\/www.barcelonacapitalnautica.org\/wp-content\/uploads\/2023\/05\/Fede_Waksman_01-900x600.jpg 900w, https:\/\/www.barcelonacapitalnautica.org\/wp-content\/uploads\/2023\/05\/Fede_Waksman_01-560x373.jpg 560w, https:\/\/www.barcelonacapitalnautica.org\/wp-content\/uploads\/2023\/05\/Fede_Waksman_01-380x253.jpg 380w, https:\/\/www.barcelonacapitalnautica.org\/wp-content\/uploads\/2023\/05\/Fede_Waksman_01-768x512.jpg 768w, https:\/\/www.barcelonacapitalnautica.org\/wp-content\/uploads\/2023\/05\/Fede_Waksman_01.jpg 1500w\" sizes=\"auto, (max-width: 900px) 100vw, 900px\" \/><\/figure>\n\n\n\n<figure class=\"wp-block-image size-large\"><img loading=\"lazy\" decoding=\"async\" width=\"900\" height=\"600\" data-id=\"258764\" src=\"https:\/\/www.barcelonacapitalnautica.org\/wp-content\/uploads\/2023\/05\/Nicolo_01-900x600.jpg\" alt=\"\" class=\"wp-image-258764\" srcset=\"https:\/\/www.barcelonacapitalnautica.org\/wp-content\/uploads\/2023\/05\/Nicolo_01-900x600.jpg 900w, https:\/\/www.barcelonacapitalnautica.org\/wp-content\/uploads\/2023\/05\/Nicolo_01-560x373.jpg 560w, https:\/\/www.barcelonacapitalnautica.org\/wp-content\/uploads\/2023\/05\/Nicolo_01-380x253.jpg 380w, https:\/\/www.barcelonacapitalnautica.org\/wp-content\/uploads\/2023\/05\/Nicolo_01-768x512.jpg 768w, https:\/\/www.barcelonacapitalnautica.org\/wp-content\/uploads\/2023\/05\/Nicolo_01.jpg 1500w\" sizes=\"auto, (max-width: 900px) 100vw, 900px\" \/><\/figure>\n\n\n\n<figure class=\"wp-block-image size-large\"><img loading=\"lazy\" decoding=\"async\" width=\"900\" height=\"600\" data-id=\"258749\" src=\"https:\/\/www.barcelonacapitalnautica.org\/wp-content\/uploads\/2023\/05\/Gaby_Bucau_01-900x600.jpg\" alt=\"\" class=\"wp-image-258749\" srcset=\"https:\/\/www.barcelonacapitalnautica.org\/wp-content\/uploads\/2023\/05\/Gaby_Bucau_01-900x600.jpg 900w, https:\/\/www.barcelonacapitalnautica.org\/wp-content\/uploads\/2023\/05\/Gaby_Bucau_01-560x373.jpg 560w, https:\/\/www.barcelonacapitalnautica.org\/wp-content\/uploads\/2023\/05\/Gaby_Bucau_01-380x253.jpg 380w, https:\/\/www.barcelonacapitalnautica.org\/wp-content\/uploads\/2023\/05\/Gaby_Bucau_01-768x512.jpg 768w, https:\/\/www.barcelonacapitalnautica.org\/wp-content\/uploads\/2023\/05\/Gaby_Bucau_01.jpg 1500w\" sizes=\"auto, (max-width: 900px) 100vw, 900px\" \/><\/figure>\n<\/figure>\n\n\n\n<p>El orden de llegada de la 2a etapa, pendiente de la clasificaci\u00f3n definitiva, de los 3 primeros en categor\u00eda Proto y los 3 primeros en categor\u00eda Serie ha sido la siguiente:<\/p>\n\n\n\n<p>PROTO<\/p>\n\n\n\n<ul class=\"wp-block-list\">\n<li>1\u00ba Fede Waksman &#8211; Big Bounce 1019 &gt; 2 d\u00edas, 14 horas, 8 minutos, 7 segundos<\/li>\n\n\n\n<li>2\u00ba Gaby Bucau &#8211; Maximum 865 &gt; 2 d\u00edas, 20 horas, 14 minutos, 53 segundos<\/li>\n\n\n\n<li>3\u00ba Mar Claramunt &#8211; Barra Solo Sailor &gt; 3 d\u00edas, 4 horas, 36 minutos, 59 segundos<\/li>\n<\/ul>\n\n\n\n<p>SERIE<\/p>\n\n\n\n<ul class=\"wp-block-list\">\n<li>1\u00ba Nicolo Gamenara &#8211; Kismet 953 &gt; 3 d\u00edas, 4 horas, 20 minutos, 27 segundos<\/li>\n\n\n\n<li>2\u00ba Joaquim Sant Albors &#8211; Istuardo 603 &gt; 3 d\u00edas, 4 horas, 20 minutos, 34 segundos<\/li>\n\n\n\n<li>3\u00ba Tom\u00e1s Ruiz &#8211; Suricate 928 &gt; 3 d\u00edas, 4 horas, 36 minutos, 40 segundos<\/li>\n<\/ul>\n\n\n\n<p>A lo largo de la regata se han retirado 3 barcos, uno de ellos en la salida de Barcelona y los otros dos en Sa R\u00e0pita.<\/p>\n\n\n\n<p>La <strong>entrega de premios<\/strong> ser\u00e1 en el Barcelona International Sailing Center (BISC) el lunes 15 de mayo a las 12:30 h.<\/p>\n\n\n\n<p><strong>Web de la regata <\/strong><a href=\"https:\/\/www.barcelonacapitalnautica.org\/deporte\/solomed\/\" target=\"_blank\" rel=\"noreferrer noopener\">https:\/\/www.barcelonacapitalnautica.org\/deporte\/solomed\/<\/a><\/p>\n\n\n\n<p><strong>Classficaciones<\/strong> <a href=\"https:\/\/www.barcelonacapitalnautica.org\/wp-content\/uploads\/2023\/05\/SOLO_MED_2023.pdf\" target=\"_blank\" rel=\"noreferrer noopener\">https:\/\/www.barcelonacapitalnautica.org\/wp-content\/uploads\/2023\/05\/SOLO_MED_2023.pdf<\/a><\/p>\n\n\n\n<p><strong>Enlace al tracking <\/strong><a href=\"https:\/\/yb.tl\/SMR2023#\" target=\"_blank\" rel=\"noreferrer noopener\">https:\/\/yb.tl\/SMR2023#<\/a><\/p>\n\n\n\n<p><strong>Fotografies de Laura Carrau y Nautimedia <\/strong><a href=\"https:\/\/drive.google.com\/drive\/folders\/1qDze0tPYNyDaKXADm-LBZMzmVuoNED6z?usp=share_link\" target=\"_blank\" rel=\"noreferrer noopener\">https:\/\/drives.google.com<\/a>&nbsp;<\/p>\n","protected":false},"excerpt":{"rendered":"<p>Esta pasada noche ha empezado a entrar la flota de [&hellip;]<\/p>\n","protected":false},"author":3,"featured_media":258735,"comment_status":"closed","ping_status":"closed","sticky":false,"template":"","format":"standard","meta":{"_uag_custom_page_level_css":"","site-sidebar-layout":"default","site-content-layout":"","ast-site-content-layout":"default","site-content-style":"default","site-sidebar-style":"default","ast-global-header-display":"","ast-banner-title-visibility":"","ast-main-header-display":"","ast-hfb-above-header-display":"","ast-hfb-below-header-display":"","ast-hfb-mobile-header-display":"","site-post-title":"","ast-breadcrumbs-content":"","ast-featured-img":"","footer-sml-layout":"","ast-disable-related-posts":"","theme-transparent-header-meta":"","adv-header-id-meta":"","stick-header-meta":"","header-above-stick-meta":"","header-main-stick-meta":"","header-below-stick-meta":"","astra-migrate-meta-layouts":"default","ast-page-background-enabled":"default","ast-page-background-meta":{"desktop":{"background-color":"","background-image":"","background-repeat":"repeat","background-position":"center center","background-size":"auto","background-attachment":"scroll","background-type":"","background-media":"","overlay-type":"","overlay-color":"","overlay-opacity":"","overlay-gradient":""},"tablet":{"background-color":"","background-image":"","background-repeat":"repeat","background-position":"center center","background-size":"auto","background-attachment":"scroll","background-type":"","background-media":"","overlay-type":"","overlay-color":"","overlay-opacity":"","overlay-gradient":""},"mobile":{"background-color":"","background-image":"","background-repeat":"repeat","background-position":"center center","background-size":"auto","background-attachment":"scroll","background-type":"","background-media":"","overlay-type":"","overlay-color":"","overlay-opacity":"","overlay-gradient":""}},"ast-content-background-meta":{"desktop":{"background-color":"var(--ast-global-color-5)","background-image":"","background-repeat":"repeat","background-position":"center center","background-size":"auto","background-attachment":"scroll","background-type":"","background-media":"","overlay-type":"","overlay-color":"","overlay-opacity":"","overlay-gradient":""},"tablet":{"background-color":"var(--ast-global-color-5)","background-image":"","background-repeat":"repeat","background-position":"center center","background-size":"auto","background-attachment":"scroll","background-type":"","background-media":"","overlay-type":"","overlay-color":"","overlay-opacity":"","overlay-gradient":""},"mobile":{"background-color":"var(--ast-global-color-5)","background-image":"","background-repeat":"repeat","background-position":"center center","background-size":"auto","background-attachment":"scroll","background-type":"","background-media":"","overlay-type":"","overlay-color":"","overlay-opacity":"","overlay-gradient":""}},"_price":"","_stock":"","_tribe_ticket_header":"","_tribe_default_ticket_provider":"","_tribe_ticket_capacity":"0","_ticket_start_date":"","_ticket_end_date":"","_tribe_ticket_show_description":"","_tribe_ticket_show_not_going":false,"_tribe_ticket_use_global_stock":"","_tribe_ticket_global_stock_level":"","_global_stock_mode":"","_global_stock_cap":"","_tribe_rsvp_for_event":"","_tribe_ticket_going_count":"","_tribe_ticket_not_going_count":"","_tribe_tickets_list":[],"_tribe_ticket_has_attendee_info_fields":false,"footnotes":""},"categories":[104,100,101,107],"tags":[118,117,119,120],"class_list":["post-258755","post","type-post","status-publish","format-standard","has-post-thumbnail","hentry","category-base-mini","category-deporte","category-regatas","category-solomed","tag-basemini-es-2","tag-catala-es","tag-regata-es-2","tag-solomed-es"],"yoast_head":"<!-- This site is optimized with the Yoast SEO plugin v27.5 - https:\/\/yoast.com\/product\/yoast-seo-wordpress\/ -->\n<title>Llegada de la regata Solo Med a Barcelona - Barcelona Capital N\u00e0utica<\/title>\n<meta name=\"robots\" content=\"index, follow, max-snippet:-1, max-image-preview:large, max-video-preview:-1\" \/>\n<link rel=\"canonical\" href=\"https:\/\/www.barcelonacapitalnautica.org\/es\/llegada-de-la-regata-solo-med-a-barcelona\/\" \/>\n<meta property=\"og:locale\" content=\"es_ES\" \/>\n<meta property=\"og:type\" content=\"article\" \/>\n<meta property=\"og:title\" content=\"Llegada de la regata Solo Med a Barcelona - Barcelona Capital N\u00e0utica\" \/>\n<meta property=\"og:description\" content=\"Esta pasada noche ha empezado a entrar la flota de [&hellip;]\" \/>\n<meta property=\"og:url\" content=\"https:\/\/www.barcelonacapitalnautica.org\/es\/llegada-de-la-regata-solo-med-a-barcelona\/\" \/>\n<meta property=\"og:site_name\" content=\"Barcelona Capital N\u00e0utica\" \/>\n<meta property=\"article:publisher\" content=\"https:\/\/www.facebook.com\/barcelonacapitalnautica\" \/>\n<meta property=\"article:published_time\" content=\"2023-05-13T15:34:39+00:00\" \/>\n<meta property=\"article:modified_time\" content=\"2023-05-14T08:18:33+00:00\" \/>\n<meta property=\"og:image\" content=\"https:\/\/www.barcelonacapitalnautica.org\/wp-content\/uploads\/2023\/05\/Noti_Arribada-Bcn-Solo-Med.png\" \/>\n\t<meta property=\"og:image:width\" content=\"1140\" \/>\n\t<meta property=\"og:image:height\" content=\"440\" \/>\n\t<meta property=\"og:image:type\" content=\"image\/png\" \/>\n<meta name=\"author\" content=\"Cristina Martin\" \/>\n<meta name=\"twitter:card\" content=\"summary_large_image\" \/>\n<meta name=\"twitter:creator\" content=\"@bcnautica\" \/>\n<meta name=\"twitter:site\" content=\"@bcnautica\" \/>\n<meta name=\"twitter:label1\" content=\"Escrito por\" \/>\n\t<meta name=\"twitter:data1\" content=\"Cristina Martin\" \/>\n\t<meta name=\"twitter:label2\" content=\"Tiempo de lectura\" \/>\n\t<meta name=\"twitter:data2\" content=\"5 minutos\" \/>\n<script type=\"application\/ld+json\" class=\"yoast-schema-graph\">{\"@context\":\"https:\\\/\\\/schema.org\",\"@graph\":[{\"@type\":\"Article\",\"@id\":\"https:\\\/\\\/www.barcelonacapitalnautica.org\\\/es\\\/llegada-de-la-regata-solo-med-a-barcelona\\\/#article\",\"isPartOf\":{\"@id\":\"https:\\\/\\\/www.barcelonacapitalnautica.org\\\/es\\\/llegada-de-la-regata-solo-med-a-barcelona\\\/\"},\"author\":{\"name\":\"Cristina Martin\",\"@id\":\"https:\\\/\\\/www.barcelonacapitalnautica.org\\\/es\\\/#\\\/schema\\\/person\\\/f1a7b6cdf70e48856b35358258241493\"},\"headline\":\"Llegada de la regata Solo Med a Barcelona\",\"datePublished\":\"2023-05-13T15:34:39+00:00\",\"dateModified\":\"2023-05-14T08:18:33+00:00\",\"mainEntityOfPage\":{\"@id\":\"https:\\\/\\\/www.barcelonacapitalnautica.org\\\/es\\\/llegada-de-la-regata-solo-med-a-barcelona\\\/\"},\"wordCount\":547,\"publisher\":{\"@id\":\"https:\\\/\\\/www.barcelonacapitalnautica.org\\\/es\\\/#organization\"},\"image\":{\"@id\":\"https:\\\/\\\/www.barcelonacapitalnautica.org\\\/es\\\/llegada-de-la-regata-solo-med-a-barcelona\\\/#primaryimage\"},\"thumbnailUrl\":\"https:\\\/\\\/www.barcelonacapitalnautica.org\\\/wp-content\\\/uploads\\\/2023\\\/05\\\/Noti_Arribada-Bcn-Solo-Med.png\",\"keywords\":[\"Base Mini\",\"catal\u00e0\",\"regata\",\"Solo Med\"],\"articleSection\":[\"Base Mini\",\"Deporte\",\"Regatas\",\"Solo Med\"],\"inLanguage\":\"es\"},{\"@type\":\"WebPage\",\"@id\":\"https:\\\/\\\/www.barcelonacapitalnautica.org\\\/es\\\/llegada-de-la-regata-solo-med-a-barcelona\\\/\",\"url\":\"https:\\\/\\\/www.barcelonacapitalnautica.org\\\/es\\\/llegada-de-la-regata-solo-med-a-barcelona\\\/\",\"name\":\"Llegada de la regata Solo Med a Barcelona - Barcelona Capital N\u00e0utica\",\"isPartOf\":{\"@id\":\"https:\\\/\\\/www.barcelonacapitalnautica.org\\\/es\\\/#website\"},\"primaryImageOfPage\":{\"@id\":\"https:\\\/\\\/www.barcelonacapitalnautica.org\\\/es\\\/llegada-de-la-regata-solo-med-a-barcelona\\\/#primaryimage\"},\"image\":{\"@id\":\"https:\\\/\\\/www.barcelonacapitalnautica.org\\\/es\\\/llegada-de-la-regata-solo-med-a-barcelona\\\/#primaryimage\"},\"thumbnailUrl\":\"https:\\\/\\\/www.barcelonacapitalnautica.org\\\/wp-content\\\/uploads\\\/2023\\\/05\\\/Noti_Arribada-Bcn-Solo-Med.png\",\"datePublished\":\"2023-05-13T15:34:39+00:00\",\"dateModified\":\"2023-05-14T08:18:33+00:00\",\"breadcrumb\":{\"@id\":\"https:\\\/\\\/www.barcelonacapitalnautica.org\\\/es\\\/llegada-de-la-regata-solo-med-a-barcelona\\\/#breadcrumb\"},\"inLanguage\":\"es\",\"potentialAction\":[{\"@type\":\"ReadAction\",\"target\":[\"https:\\\/\\\/www.barcelonacapitalnautica.org\\\/es\\\/llegada-de-la-regata-solo-med-a-barcelona\\\/\"]}]},{\"@type\":\"ImageObject\",\"inLanguage\":\"es\",\"@id\":\"https:\\\/\\\/www.barcelonacapitalnautica.org\\\/es\\\/llegada-de-la-regata-solo-med-a-barcelona\\\/#primaryimage\",\"url\":\"https:\\\/\\\/www.barcelonacapitalnautica.org\\\/wp-content\\\/uploads\\\/2023\\\/05\\\/Noti_Arribada-Bcn-Solo-Med.png\",\"contentUrl\":\"https:\\\/\\\/www.barcelonacapitalnautica.org\\\/wp-content\\\/uploads\\\/2023\\\/05\\\/Noti_Arribada-Bcn-Solo-Med.png\",\"width\":1140,\"height\":440},{\"@type\":\"BreadcrumbList\",\"@id\":\"https:\\\/\\\/www.barcelonacapitalnautica.org\\\/es\\\/llegada-de-la-regata-solo-med-a-barcelona\\\/#breadcrumb\",\"itemListElement\":[{\"@type\":\"ListItem\",\"position\":1,\"name\":\"Inici\",\"item\":\"https:\\\/\\\/www.barcelonacapitalnautica.org\\\/es\\\/\"},{\"@type\":\"ListItem\",\"position\":2,\"name\":\"Llegada de la regata Solo Med a Barcelona\"}]},{\"@type\":\"WebSite\",\"@id\":\"https:\\\/\\\/www.barcelonacapitalnautica.org\\\/es\\\/#website\",\"url\":\"https:\\\/\\\/www.barcelonacapitalnautica.org\\\/es\\\/\",\"name\":\"Barcelona Capital N\u00e0utica\",\"description\":\"Barcelona Capital N\u00e0utica\",\"publisher\":{\"@id\":\"https:\\\/\\\/www.barcelonacapitalnautica.org\\\/es\\\/#organization\"},\"alternateName\":\"BCN\u00e0utica, FBCN\",\"potentialAction\":[{\"@type\":\"SearchAction\",\"target\":{\"@type\":\"EntryPoint\",\"urlTemplate\":\"https:\\\/\\\/www.barcelonacapitalnautica.org\\\/es\\\/?s={search_term_string}\"},\"query-input\":{\"@type\":\"PropertyValueSpecification\",\"valueRequired\":true,\"valueName\":\"search_term_string\"}}],\"inLanguage\":\"es\"},{\"@type\":\"Organization\",\"@id\":\"https:\\\/\\\/www.barcelonacapitalnautica.org\\\/es\\\/#organization\",\"name\":\"Barcelona Capital N\u00e0utica\",\"alternateName\":\"Fundaci\u00f3 Barcelona Capital N\u00e0utica\",\"url\":\"https:\\\/\\\/www.barcelonacapitalnautica.org\\\/es\\\/\",\"logo\":{\"@type\":\"ImageObject\",\"inLanguage\":\"es\",\"@id\":\"https:\\\/\\\/www.barcelonacapitalnautica.org\\\/es\\\/#\\\/schema\\\/logo\\\/image\\\/\",\"url\":\"https:\\\/\\\/www.barcelonacapitalnautica.org\\\/wp-content\\\/uploads\\\/2023\\\/03\\\/Logo-blau.svg\",\"contentUrl\":\"https:\\\/\\\/www.barcelonacapitalnautica.org\\\/wp-content\\\/uploads\\\/2023\\\/03\\\/Logo-blau.svg\",\"width\":200,\"height\":58,\"caption\":\"Barcelona Capital N\u00e0utica\"},\"image\":{\"@id\":\"https:\\\/\\\/www.barcelonacapitalnautica.org\\\/es\\\/#\\\/schema\\\/logo\\\/image\\\/\"},\"sameAs\":[\"https:\\\/\\\/www.facebook.com\\\/barcelonacapitalnautica\",\"https:\\\/\\\/x.com\\\/bcnautica\",\"https:\\\/\\\/www.instagram.com\\\/bcnautica\\\/\",\"https:\\\/\\\/www.linkedin.com\\\/company\\\/barcelona-capital-nautica\"]},{\"@type\":\"Person\",\"@id\":\"https:\\\/\\\/www.barcelonacapitalnautica.org\\\/es\\\/#\\\/schema\\\/person\\\/f1a7b6cdf70e48856b35358258241493\",\"name\":\"Cristina Martin\"}]}<\/script>\n<!-- \/ Yoast SEO plugin. -->","yoast_head_json":{"title":"Llegada de la regata Solo Med a Barcelona - Barcelona Capital N\u00e0utica","robots":{"index":"index","follow":"follow","max-snippet":"max-snippet:-1","max-image-preview":"max-image-preview:large","max-video-preview":"max-video-preview:-1"},"canonical":"https:\/\/www.barcelonacapitalnautica.org\/es\/llegada-de-la-regata-solo-med-a-barcelona\/","og_locale":"es_ES","og_type":"article","og_title":"Llegada de la regata Solo Med a Barcelona - Barcelona Capital N\u00e0utica","og_description":"Esta pasada noche ha empezado a entrar la flota de [&hellip;]","og_url":"https:\/\/www.barcelonacapitalnautica.org\/es\/llegada-de-la-regata-solo-med-a-barcelona\/","og_site_name":"Barcelona Capital N\u00e0utica","article_publisher":"https:\/\/www.facebook.com\/barcelonacapitalnautica","article_published_time":"2023-05-13T15:34:39+00:00","article_modified_time":"2023-05-14T08:18:33+00:00","og_image":[{"width":1140,"height":440,"url":"https:\/\/www.barcelonacapitalnautica.org\/wp-content\/uploads\/2023\/05\/Noti_Arribada-Bcn-Solo-Med.png","type":"image\/png"}],"author":"Cristina Martin","twitter_card":"summary_large_image","twitter_creator":"@bcnautica","twitter_site":"@bcnautica","twitter_misc":{"Escrito por":"Cristina Martin","Tiempo de lectura":"5 minutos"},"schema":{"@context":"https:\/\/schema.org","@graph":[{"@type":"Article","@id":"https:\/\/www.barcelonacapitalnautica.org\/es\/llegada-de-la-regata-solo-med-a-barcelona\/#article","isPartOf":{"@id":"https:\/\/www.barcelonacapitalnautica.org\/es\/llegada-de-la-regata-solo-med-a-barcelona\/"},"author":{"name":"Cristina Martin","@id":"https:\/\/www.barcelonacapitalnautica.org\/es\/#\/schema\/person\/f1a7b6cdf70e48856b35358258241493"},"headline":"Llegada de la regata Solo Med a Barcelona","datePublished":"2023-05-13T15:34:39+00:00","dateModified":"2023-05-14T08:18:33+00:00","mainEntityOfPage":{"@id":"https:\/\/www.barcelonacapitalnautica.org\/es\/llegada-de-la-regata-solo-med-a-barcelona\/"},"wordCount":547,"publisher":{"@id":"https:\/\/www.barcelonacapitalnautica.org\/es\/#organization"},"image":{"@id":"https:\/\/www.barcelonacapitalnautica.org\/es\/llegada-de-la-regata-solo-med-a-barcelona\/#primaryimage"},"thumbnailUrl":"https:\/\/www.barcelonacapitalnautica.org\/wp-content\/uploads\/2023\/05\/Noti_Arribada-Bcn-Solo-Med.png","keywords":["Base Mini","catal\u00e0","regata","Solo Med"],"articleSection":["Base Mini","Deporte","Regatas","Solo Med"],"inLanguage":"es"},{"@type":"WebPage","@id":"https:\/\/www.barcelonacapitalnautica.org\/es\/llegada-de-la-regata-solo-med-a-barcelona\/","url":"https:\/\/www.barcelonacapitalnautica.org\/es\/llegada-de-la-regata-solo-med-a-barcelona\/","name":"Llegada de la regata Solo Med a Barcelona - Barcelona Capital N\u00e0utica","isPartOf":{"@id":"https:\/\/www.barcelonacapitalnautica.org\/es\/#website"},"primaryImageOfPage":{"@id":"https:\/\/www.barcelonacapitalnautica.org\/es\/llegada-de-la-regata-solo-med-a-barcelona\/#primaryimage"},"image":{"@id":"https:\/\/www.barcelonacapitalnautica.org\/es\/llegada-de-la-regata-solo-med-a-barcelona\/#primaryimage"},"thumbnailUrl":"https:\/\/www.barcelonacapitalnautica.org\/wp-content\/uploads\/2023\/05\/Noti_Arribada-Bcn-Solo-Med.png","datePublished":"2023-05-13T15:34:39+00:00","dateModified":"2023-05-14T08:18:33+00:00","breadcrumb":{"@id":"https:\/\/www.barcelonacapitalnautica.org\/es\/llegada-de-la-regata-solo-med-a-barcelona\/#breadcrumb"},"inLanguage":"es","potentialAction":[{"@type":"ReadAction","target":["https:\/\/www.barcelonacapitalnautica.org\/es\/llegada-de-la-regata-solo-med-a-barcelona\/"]}]},{"@type":"ImageObject","inLanguage":"es","@id":"https:\/\/www.barcelonacapitalnautica.org\/es\/llegada-de-la-regata-solo-med-a-barcelona\/#primaryimage","url":"https:\/\/www.barcelonacapitalnautica.org\/wp-content\/uploads\/2023\/05\/Noti_Arribada-Bcn-Solo-Med.png","contentUrl":"https:\/\/www.barcelonacapitalnautica.org\/wp-content\/uploads\/2023\/05\/Noti_Arribada-Bcn-Solo-Med.png","width":1140,"height":440},{"@type":"BreadcrumbList","@id":"https:\/\/www.barcelonacapitalnautica.org\/es\/llegada-de-la-regata-solo-med-a-barcelona\/#breadcrumb","itemListElement":[{"@type":"ListItem","position":1,"name":"Inici","item":"https:\/\/www.barcelonacapitalnautica.org\/es\/"},{"@type":"ListItem","position":2,"name":"Llegada de la regata Solo Med a Barcelona"}]},{"@type":"WebSite","@id":"https:\/\/www.barcelonacapitalnautica.org\/es\/#website","url":"https:\/\/www.barcelonacapitalnautica.org\/es\/","name":"Barcelona Capital N\u00e0utica","description":"Barcelona Capital N\u00e0utica","publisher":{"@id":"https:\/\/www.barcelonacapitalnautica.org\/es\/#organization"},"alternateName":"BCN\u00e0utica, FBCN","potentialAction":[{"@type":"SearchAction","target":{"@type":"EntryPoint","urlTemplate":"https:\/\/www.barcelonacapitalnautica.org\/es\/?s={search_term_string}"},"query-input":{"@type":"PropertyValueSpecification","valueRequired":true,"valueName":"search_term_string"}}],"inLanguage":"es"},{"@type":"Organization","@id":"https:\/\/www.barcelonacapitalnautica.org\/es\/#organization","name":"Barcelona Capital N\u00e0utica","alternateName":"Fundaci\u00f3 Barcelona Capital N\u00e0utica","url":"https:\/\/www.barcelonacapitalnautica.org\/es\/","logo":{"@type":"ImageObject","inLanguage":"es","@id":"https:\/\/www.barcelonacapitalnautica.org\/es\/#\/schema\/logo\/image\/","url":"https:\/\/www.barcelonacapitalnautica.org\/wp-content\/uploads\/2023\/03\/Logo-blau.svg","contentUrl":"https:\/\/www.barcelonacapitalnautica.org\/wp-content\/uploads\/2023\/03\/Logo-blau.svg","width":200,"height":58,"caption":"Barcelona Capital N\u00e0utica"},"image":{"@id":"https:\/\/www.barcelonacapitalnautica.org\/es\/#\/schema\/logo\/image\/"},"sameAs":["https:\/\/www.facebook.com\/barcelonacapitalnautica","https:\/\/x.com\/bcnautica","https:\/\/www.instagram.com\/bcnautica\/","https:\/\/www.linkedin.com\/company\/barcelona-capital-nautica"]},{"@type":"Person","@id":"https:\/\/www.barcelonacapitalnautica.org\/es\/#\/schema\/person\/f1a7b6cdf70e48856b35358258241493","name":"Cristina Martin"}]}},"uagb_featured_image_src":{"full":["https:\/\/www.barcelonacapitalnautica.org\/wp-content\/uploads\/2023\/05\/Noti_Arribada-Bcn-Solo-Med.png",1140,440,false],"thumbnail":["https:\/\/www.barcelonacapitalnautica.org\/wp-content\/uploads\/2023\/05\/Noti_Arribada-Bcn-Solo-Med-380x147.png",380,147,true],"medium":["https:\/\/www.barcelonacapitalnautica.org\/wp-content\/uploads\/2023\/05\/Noti_Arribada-Bcn-Solo-Med-560x216.png",560,216,true],"medium_large":["https:\/\/www.barcelonacapitalnautica.org\/wp-content\/uploads\/2023\/05\/Noti_Arribada-Bcn-Solo-Med-768x296.png",768,296,true],"large":["https:\/\/www.barcelonacapitalnautica.org\/wp-content\/uploads\/2023\/05\/Noti_Arribada-Bcn-Solo-Med-900x347.png",900,347,true],"1536x1536":["https:\/\/www.barcelonacapitalnautica.org\/wp-content\/uploads\/2023\/05\/Noti_Arribada-Bcn-Solo-Med.png",1140,440,false],"2048x2048":["https:\/\/www.barcelonacapitalnautica.org\/wp-content\/uploads\/2023\/05\/Noti_Arribada-Bcn-Solo-Med.png",1140,440,false]},"uagb_author_info":{"display_name":"Cristina Martin","author_link":"https:\/\/www.barcelonacapitalnautica.org\/es\/author\/fbcn_cristina\/"},"uagb_comment_info":0,"uagb_excerpt":"Esta pasada noche ha empezado a entrar la flota de [&hellip;]","_links":{"self":[{"href":"https:\/\/www.barcelonacapitalnautica.org\/es\/wp-json\/wp\/v2\/posts\/258755","targetHints":{"allow":["GET"]}}],"collection":[{"href":"https:\/\/www.barcelonacapitalnautica.org\/es\/wp-json\/wp\/v2\/posts"}],"about":[{"href":"https:\/\/www.barcelonacapitalnautica.org\/es\/wp-json\/wp\/v2\/types\/post"}],"author":[{"embeddable":true,"href":"https:\/\/www.barcelonacapitalnautica.org\/es\/wp-json\/wp\/v2\/users\/3"}],"replies":[{"embeddable":true,"href":"https:\/\/www.barcelonacapitalnautica.org\/es\/wp-json\/wp\/v2\/comments?post=258755"}],"version-history":[{"count":7,"href":"https:\/\/www.barcelonacapitalnautica.org\/es\/wp-json\/wp\/v2\/posts\/258755\/revisions"}],"predecessor-version":[{"id":258778,"href":"https:\/\/www.barcelonacapitalnautica.org\/es\/wp-json\/wp\/v2\/posts\/258755\/revisions\/258778"}],"wp:featuredmedia":[{"embeddable":true,"href":"https:\/\/www.barcelonacapitalnautica.org\/es\/wp-json\/wp\/v2\/media\/258735"}],"wp:attachment":[{"href":"https:\/\/www.barcelonacapitalnautica.org\/es\/wp-json\/wp\/v2\/media?parent=258755"}],"wp:term":[{"taxonomy":"category","embeddable":true,"href":"https:\/\/www.barcelonacapitalnautica.org\/es\/wp-json\/wp\/v2\/categories?post=258755"},{"taxonomy":"post_tag","embeddable":true,"href":"https:\/\/www.barcelonacapitalnautica.org\/es\/wp-json\/wp\/v2\/tags?post=258755"}],"curies":[{"name":"wp","href":"https:\/\/api.w.org\/{rel}","templated":true}]}}