{"id":258832,"date":"2023-05-16T15:01:00","date_gmt":"2023-05-16T13:01:00","guid":{"rendered":"https:\/\/www.barcelonacapitalnautica.org\/?p=258832"},"modified":"2023-05-16T15:06:52","modified_gmt":"2023-05-16T13:06:52","slug":"federico-waksman-y-tomas-ruiz-ganan-la-segunda-edicion-de-la-regata-solo-med-2023","status":"publish","type":"post","link":"https:\/\/www.barcelonacapitalnautica.org\/es\/federico-waksman-y-tomas-ruiz-ganan-la-segunda-edicion-de-la-regata-solo-med-2023\/","title":{"rendered":"Federico Waksman y Tom\u00e1s Ruiz ganan la segunda edici\u00f3n de la regata Solo Med 2023"},"content":{"rendered":"\n<p>La entrega de premios de la segunda edici\u00f3n de la <strong><u><a href=\"https:\/\/www.barcelonacapitalnautica.org\/es\/deporte\/solomed\/\">Solo Med<\/a><\/u><\/strong> ha tenido lugar en el Barcelona International Sailing Center (BISC), situado en Port F\u00f2rum, y ha contado con la presencia de Federaci\u00f3 Catalana de Vela y Port Vell y la participaci\u00f3n del Sal\u00f3n N\u00e1utico de Barcelona y Helly Hansen. Des de <strong><u><a href=\"https:\/\/barcelonacapitalnautica.org\/es\/\">Barcelona Capital N\u00e0utica<\/a><\/u><\/strong> hemos participado activamente en la organizaci\u00f3n de la competici\u00f3n junto a la <strong>Base Mini Barcelona<\/strong> y el <strong>Club N\u00e0utic de Sa R\u00e0pita<\/strong> de Mallorca.<\/p>\n\n\n\n<p><strong>Federico Waksman<\/strong> se ha coronado como ganador indiscutible de la prueba. El uruguayo, que se ha formado en la Base Mini Barcelona, se impuso en ambas etapas en la categor\u00eda Proto, logrando distanciarse mucho del resto de la flota ya desde el inicio de las dos etapas.<\/p>\n\n\n\n<p><strong>Waksman, <\/strong>con el barco Repremar Logistics (Big Bounce), ha quedado primero de la <strong>categor\u00eda Proto<\/strong>, seguido de <strong>Gaby Bucau, <\/strong>con el barco Maximum y <strong>Marc Claramunt<\/strong> con el Barra Solo Sailor.<\/p>\n\n\n\n<p>En la <strong>categor\u00eda<\/strong> Serie, <strong>Tom\u00e1s Ruiz<\/strong> con el Suricate, ha logrado la victoria, seguido de Nicol\u00f3 Gamenara con el barco Kismet y complet\u00f3 el podio Lisa Berguer con el Mojo.<\/p>\n\n\n\n<figure class=\"wp-block-gallery has-nested-images columns-default is-cropped wp-block-gallery-1 is-layout-flex wp-block-gallery-is-layout-flex\">\n<figure class=\"wp-block-image size-large\"><img loading=\"lazy\" decoding=\"async\" width=\"900\" height=\"600\" data-id=\"258817\" src=\"https:\/\/www.barcelonacapitalnautica.org\/wp-content\/uploads\/2023\/05\/20230515_solomed_DSC07709-900x600.jpg\" alt=\"\" class=\"wp-image-258817\" srcset=\"https:\/\/www.barcelonacapitalnautica.org\/wp-content\/uploads\/2023\/05\/20230515_solomed_DSC07709-900x600.jpg 900w, https:\/\/www.barcelonacapitalnautica.org\/wp-content\/uploads\/2023\/05\/20230515_solomed_DSC07709-560x373.jpg 560w, https:\/\/www.barcelonacapitalnautica.org\/wp-content\/uploads\/2023\/05\/20230515_solomed_DSC07709-380x253.jpg 380w, https:\/\/www.barcelonacapitalnautica.org\/wp-content\/uploads\/2023\/05\/20230515_solomed_DSC07709-768x512.jpg 768w, https:\/\/www.barcelonacapitalnautica.org\/wp-content\/uploads\/2023\/05\/20230515_solomed_DSC07709.jpg 1500w\" sizes=\"auto, (max-width: 900px) 100vw, 900px\" \/><\/figure>\n\n\n\n<figure class=\"wp-block-image size-large\"><img loading=\"lazy\" decoding=\"async\" width=\"900\" height=\"600\" data-id=\"258818\" src=\"https:\/\/www.barcelonacapitalnautica.org\/wp-content\/uploads\/2023\/05\/20230515_solomed_DSC07674-900x600.jpg\" alt=\"\" class=\"wp-image-258818\" srcset=\"https:\/\/www.barcelonacapitalnautica.org\/wp-content\/uploads\/2023\/05\/20230515_solomed_DSC07674-900x600.jpg 900w, https:\/\/www.barcelonacapitalnautica.org\/wp-content\/uploads\/2023\/05\/20230515_solomed_DSC07674-560x373.jpg 560w, https:\/\/www.barcelonacapitalnautica.org\/wp-content\/uploads\/2023\/05\/20230515_solomed_DSC07674-380x253.jpg 380w, https:\/\/www.barcelonacapitalnautica.org\/wp-content\/uploads\/2023\/05\/20230515_solomed_DSC07674-768x512.jpg 768w, https:\/\/www.barcelonacapitalnautica.org\/wp-content\/uploads\/2023\/05\/20230515_solomed_DSC07674.jpg 1500w\" sizes=\"auto, (max-width: 900px) 100vw, 900px\" \/><\/figure>\n\n\n\n<figure class=\"wp-block-image size-large\"><img loading=\"lazy\" decoding=\"async\" width=\"900\" height=\"600\" data-id=\"258811\" src=\"https:\/\/www.barcelonacapitalnautica.org\/wp-content\/uploads\/2023\/05\/20230515_solomed_DSC07653-900x600.jpg\" alt=\"\" class=\"wp-image-258811\" srcset=\"https:\/\/www.barcelonacapitalnautica.org\/wp-content\/uploads\/2023\/05\/20230515_solomed_DSC07653-900x600.jpg 900w, https:\/\/www.barcelonacapitalnautica.org\/wp-content\/uploads\/2023\/05\/20230515_solomed_DSC07653-560x373.jpg 560w, https:\/\/www.barcelonacapitalnautica.org\/wp-content\/uploads\/2023\/05\/20230515_solomed_DSC07653-380x253.jpg 380w, https:\/\/www.barcelonacapitalnautica.org\/wp-content\/uploads\/2023\/05\/20230515_solomed_DSC07653-768x512.jpg 768w, https:\/\/www.barcelonacapitalnautica.org\/wp-content\/uploads\/2023\/05\/20230515_solomed_DSC07653.jpg 1500w\" sizes=\"auto, (max-width: 900px) 100vw, 900px\" \/><\/figure>\n\n\n\n<figure class=\"wp-block-image size-large\"><img loading=\"lazy\" decoding=\"async\" width=\"900\" height=\"600\" data-id=\"258836\" src=\"https:\/\/www.barcelonacapitalnautica.org\/wp-content\/uploads\/2023\/05\/20230515_solomed_DSC07750-1-900x600.jpg\" alt=\"\" class=\"wp-image-258836\" srcset=\"https:\/\/www.barcelonacapitalnautica.org\/wp-content\/uploads\/2023\/05\/20230515_solomed_DSC07750-1-900x600.jpg 900w, https:\/\/www.barcelonacapitalnautica.org\/wp-content\/uploads\/2023\/05\/20230515_solomed_DSC07750-1-560x373.jpg 560w, https:\/\/www.barcelonacapitalnautica.org\/wp-content\/uploads\/2023\/05\/20230515_solomed_DSC07750-1-380x253.jpg 380w, https:\/\/www.barcelonacapitalnautica.org\/wp-content\/uploads\/2023\/05\/20230515_solomed_DSC07750-1-768x512.jpg 768w, https:\/\/www.barcelonacapitalnautica.org\/wp-content\/uploads\/2023\/05\/20230515_solomed_DSC07750-1.jpg 1500w\" sizes=\"auto, (max-width: 900px) 100vw, 900px\" \/><\/figure>\n\n\n\n<figure class=\"wp-block-image size-large\"><img loading=\"lazy\" decoding=\"async\" width=\"900\" height=\"600\" data-id=\"258838\" src=\"https:\/\/www.barcelonacapitalnautica.org\/wp-content\/uploads\/2023\/05\/20230515_solomed_DSC07762-1-900x600.jpg\" alt=\"\" class=\"wp-image-258838\" srcset=\"https:\/\/www.barcelonacapitalnautica.org\/wp-content\/uploads\/2023\/05\/20230515_solomed_DSC07762-1-900x600.jpg 900w, https:\/\/www.barcelonacapitalnautica.org\/wp-content\/uploads\/2023\/05\/20230515_solomed_DSC07762-1-560x373.jpg 560w, https:\/\/www.barcelonacapitalnautica.org\/wp-content\/uploads\/2023\/05\/20230515_solomed_DSC07762-1-380x253.jpg 380w, https:\/\/www.barcelonacapitalnautica.org\/wp-content\/uploads\/2023\/05\/20230515_solomed_DSC07762-1-768x512.jpg 768w, https:\/\/www.barcelonacapitalnautica.org\/wp-content\/uploads\/2023\/05\/20230515_solomed_DSC07762-1.jpg 1500w\" sizes=\"auto, (max-width: 900px) 100vw, 900px\" \/><\/figure>\n\n\n\n<figure class=\"wp-block-image size-large\"><img loading=\"lazy\" decoding=\"async\" width=\"900\" height=\"600\" data-id=\"258834\" src=\"https:\/\/www.barcelonacapitalnautica.org\/wp-content\/uploads\/2023\/05\/20230515_solomed_DSC07730-1-900x600.jpg\" alt=\"\" class=\"wp-image-258834\" srcset=\"https:\/\/www.barcelonacapitalnautica.org\/wp-content\/uploads\/2023\/05\/20230515_solomed_DSC07730-1-900x600.jpg 900w, https:\/\/www.barcelonacapitalnautica.org\/wp-content\/uploads\/2023\/05\/20230515_solomed_DSC07730-1-560x373.jpg 560w, https:\/\/www.barcelonacapitalnautica.org\/wp-content\/uploads\/2023\/05\/20230515_solomed_DSC07730-1-380x253.jpg 380w, https:\/\/www.barcelonacapitalnautica.org\/wp-content\/uploads\/2023\/05\/20230515_solomed_DSC07730-1-768x512.jpg 768w, https:\/\/www.barcelonacapitalnautica.org\/wp-content\/uploads\/2023\/05\/20230515_solomed_DSC07730-1.jpg 1500w\" sizes=\"auto, (max-width: 900px) 100vw, 900px\" \/><\/figure>\n<\/figure>\n\n\n\n<p id=\"block-48fe910b-53bc-496c-9521-c24e3b3db18c\"><strong><em>PROTO<\/em><\/strong><br>\ud83e\udd47<a href=\"https:\/\/www.instagram.com\/oceanoensolitario\/\" target=\"_blank\" rel=\"noreferrer noopener\">Fede Waksman<\/a>&nbsp;\u2013 Repremar Logistics (Big Bounce)&nbsp;1019<br>\ud83e\udd48<a href=\"https:\/\/www.instagram.com\/gaby_bucau\/\" target=\"_blank\" rel=\"noreferrer noopener\">Gaby Bucau<\/a>&nbsp;\u2013 Maximum 865&nbsp;<br>\ud83e\udd49<a href=\"http:\/\/instagram.com\/marclcaramunt\/\" target=\"_blank\" rel=\"noreferrer noopener\">Marc Claramunt<\/a>&nbsp;\u2013 Barra Solo Sailor 709&nbsp;<\/p>\n\n\n\n<p id=\"block-2e78b9dd-801d-4471-b1ff-31c098eb6e27\"><strong><em>SERIE<\/em><\/strong><br>\ud83e\udd47Tom\u00e1s Ruiz \u2013 Suricate 928<br>\ud83e\udd48&nbsp;<a href=\"https:\/\/www.instagram.com\/nicologamenara\/\" target=\"_blank\" rel=\"noreferrer noopener\">Nicol\u00f3 Gamenara<\/a>&nbsp;\u2013 Kismet 953<br>\ud83e\udd49<a href=\"http:\/\/instagram.com\/leezayo\/\" target=\"_blank\" rel=\"noreferrer noopener\">Lisa Berguer<\/a>&nbsp;\u2013 Mojo 980<\/p>\n\n\n\n<p>El ganador de la categor\u00eda Proto, lleg\u00f3 a Barcelona con la intenci\u00f3n de conseguir las 700 millas para contribuir a su clasificaci\u00f3n para La Mini Transat y su barco, el Proto 1019, ten\u00eda varios desperfectos que tuvo que arreglar. No tuvo demasiado tiempo y termin\u00f3 con las reparaciones poco antes de iniciar la Solo Med.<\/p>\n\n\n\n<figure class=\"wp-block-gallery has-nested-images columns-default is-cropped wp-block-gallery-2 is-layout-flex wp-block-gallery-is-layout-flex\">\n<figure class=\"wp-block-image size-large\"><img loading=\"lazy\" decoding=\"async\" width=\"900\" height=\"600\" data-id=\"258824\" src=\"https:\/\/www.barcelonacapitalnautica.org\/wp-content\/uploads\/2023\/05\/20230515_solomed_DSC07572-900x600.jpg\" alt=\"\" class=\"wp-image-258824\" srcset=\"https:\/\/www.barcelonacapitalnautica.org\/wp-content\/uploads\/2023\/05\/20230515_solomed_DSC07572-900x600.jpg 900w, https:\/\/www.barcelonacapitalnautica.org\/wp-content\/uploads\/2023\/05\/20230515_solomed_DSC07572-560x373.jpg 560w, https:\/\/www.barcelonacapitalnautica.org\/wp-content\/uploads\/2023\/05\/20230515_solomed_DSC07572-380x253.jpg 380w, https:\/\/www.barcelonacapitalnautica.org\/wp-content\/uploads\/2023\/05\/20230515_solomed_DSC07572-768x512.jpg 768w, https:\/\/www.barcelonacapitalnautica.org\/wp-content\/uploads\/2023\/05\/20230515_solomed_DSC07572.jpg 1500w\" sizes=\"auto, (max-width: 900px) 100vw, 900px\" \/><\/figure>\n\n\n\n<figure class=\"wp-block-image size-large\"><img loading=\"lazy\" decoding=\"async\" width=\"900\" height=\"600\" data-id=\"258821\" src=\"https:\/\/www.barcelonacapitalnautica.org\/wp-content\/uploads\/2023\/05\/20230515_solomed_DSC07847-900x600.jpg\" alt=\"\" class=\"wp-image-258821\" srcset=\"https:\/\/www.barcelonacapitalnautica.org\/wp-content\/uploads\/2023\/05\/20230515_solomed_DSC07847-900x600.jpg 900w, https:\/\/www.barcelonacapitalnautica.org\/wp-content\/uploads\/2023\/05\/20230515_solomed_DSC07847-560x373.jpg 560w, https:\/\/www.barcelonacapitalnautica.org\/wp-content\/uploads\/2023\/05\/20230515_solomed_DSC07847-380x253.jpg 380w, https:\/\/www.barcelonacapitalnautica.org\/wp-content\/uploads\/2023\/05\/20230515_solomed_DSC07847-768x512.jpg 768w, https:\/\/www.barcelonacapitalnautica.org\/wp-content\/uploads\/2023\/05\/20230515_solomed_DSC07847.jpg 1500w\" sizes=\"auto, (max-width: 900px) 100vw, 900px\" \/><\/figure>\n\n\n\n<figure class=\"wp-block-image size-large\"><img loading=\"lazy\" decoding=\"async\" width=\"900\" height=\"600\" data-id=\"258822\" src=\"https:\/\/www.barcelonacapitalnautica.org\/wp-content\/uploads\/2023\/05\/20230515_solomed_DSC07571-900x600.jpg\" alt=\"\" class=\"wp-image-258822\" srcset=\"https:\/\/www.barcelonacapitalnautica.org\/wp-content\/uploads\/2023\/05\/20230515_solomed_DSC07571-900x600.jpg 900w, https:\/\/www.barcelonacapitalnautica.org\/wp-content\/uploads\/2023\/05\/20230515_solomed_DSC07571-560x373.jpg 560w, https:\/\/www.barcelonacapitalnautica.org\/wp-content\/uploads\/2023\/05\/20230515_solomed_DSC07571-380x253.jpg 380w, https:\/\/www.barcelonacapitalnautica.org\/wp-content\/uploads\/2023\/05\/20230515_solomed_DSC07571-768x512.jpg 768w, https:\/\/www.barcelonacapitalnautica.org\/wp-content\/uploads\/2023\/05\/20230515_solomed_DSC07571.jpg 1500w\" sizes=\"auto, (max-width: 900px) 100vw, 900px\" \/><\/figure>\n<\/figure>\n\n\n\n<p>El uruguayo habl\u00f3 tras terminar la prueba mostrando sus sensaciones positivas: \u201cHa sido una regata divertida, con muchos momentos de mucha velocidad. El barco va muy r\u00e1pido cuando lo ponemos a andar y por suerte me separ\u00e9 de la flota antes de llegar a Ibiza y Formentera, y creo que en ese momento ya ten\u00eda un viento diferente\u201d, coment\u00f3.<\/p>\n\n\n\n<p>Tambi\u00e9n destac\u00f3 las caracter\u00edsticas de su embarcaci\u00f3n para esta prueba: \u201cEs genial tener la posibilidad de navegar este barco. Son diferentes a los barcos de proa en punta y es incre\u00edble ver c\u00f3mo generan mucha m\u00e1s velocidad. Es s\u00faper interesante, estoy muy contento de poder probarlo\u201d, dijo <strong>Waksman<\/strong>.<\/p>\n\n\n\n<figure class=\"wp-block-gallery has-nested-images columns-default is-cropped wp-block-gallery-3 is-layout-flex wp-block-gallery-is-layout-flex\">\n<figure class=\"wp-block-image size-large\"><img loading=\"lazy\" decoding=\"async\" width=\"900\" height=\"506\" data-id=\"258830\" src=\"https:\/\/www.barcelonacapitalnautica.org\/wp-content\/uploads\/2023\/05\/20230515_solomed_DSC07824-edited-900x506.jpg\" alt=\"\" class=\"wp-image-258830\" srcset=\"https:\/\/www.barcelonacapitalnautica.org\/wp-content\/uploads\/2023\/05\/20230515_solomed_DSC07824-edited-900x506.jpg 900w, https:\/\/www.barcelonacapitalnautica.org\/wp-content\/uploads\/2023\/05\/20230515_solomed_DSC07824-edited-560x315.jpg 560w, https:\/\/www.barcelonacapitalnautica.org\/wp-content\/uploads\/2023\/05\/20230515_solomed_DSC07824-edited-380x214.jpg 380w, https:\/\/www.barcelonacapitalnautica.org\/wp-content\/uploads\/2023\/05\/20230515_solomed_DSC07824-edited-768x432.jpg 768w, https:\/\/www.barcelonacapitalnautica.org\/wp-content\/uploads\/2023\/05\/20230515_solomed_DSC07824-edited.jpg 1500w\" sizes=\"auto, (max-width: 900px) 100vw, 900px\" \/><\/figure>\n<\/figure>\n\n\n\n<p>De los 23 barcos participantes completaron la prueba 20, ya que uno de ellos se retir\u00f3 justo a la salida de la primera etapa y otros dos, no entraron por tiempo l\u00edmite. Por razones meteorol\u00f3gicas, se adelant\u00f3 24h la salida de la segunda etapa y se han realizado cambios en el recorrido. Pese a ello, buena parte de la flota se encontr\u00f3 con una tormenta con rachas de viento fuertes y tambi\u00e9n encalmadas en la costa norte de Mallorca y al llegar a Barcelona. Varios de los participantes consiguieron recortar diferencias en la etapa final y termin\u00f3 con m\u00e1s igualdad de la que parec\u00eda en un principio.<\/p>\n","protected":false},"excerpt":{"rendered":"<p>La entrega de premios de la segunda edici\u00f3n de la [&hellip;]<\/p>\n","protected":false},"author":3,"featured_media":258806,"comment_status":"closed","ping_status":"closed","sticky":false,"template":"","format":"standard","meta":{"_uag_custom_page_level_css":"","site-sidebar-layout":"default","site-content-layout":"","ast-site-content-layout":"default","site-content-style":"default","site-sidebar-style":"default","ast-global-header-display":"","ast-banner-title-visibility":"","ast-main-header-display":"","ast-hfb-above-header-display":"","ast-hfb-below-header-display":"","ast-hfb-mobile-header-display":"","site-post-title":"","ast-breadcrumbs-content":"","ast-featured-img":"","footer-sml-layout":"","ast-disable-related-posts":"","theme-transparent-header-meta":"","adv-header-id-meta":"","stick-header-meta":"","header-above-stick-meta":"","header-main-stick-meta":"","header-below-stick-meta":"","astra-migrate-meta-layouts":"default","ast-page-background-enabled":"default","ast-page-background-meta":{"desktop":{"background-color":"","background-image":"","background-repeat":"repeat","background-position":"center center","background-size":"auto","background-attachment":"scroll","background-type":"","background-media":"","overlay-type":"","overlay-color":"","overlay-opacity":"","overlay-gradient":""},"tablet":{"background-color":"","background-image":"","background-repeat":"repeat","background-position":"center center","background-size":"auto","background-attachment":"scroll","background-type":"","background-media":"","overlay-type":"","overlay-color":"","overlay-opacity":"","overlay-gradient":""},"mobile":{"background-color":"","background-image":"","background-repeat":"repeat","background-position":"center center","background-size":"auto","background-attachment":"scroll","background-type":"","background-media":"","overlay-type":"","overlay-color":"","overlay-opacity":"","overlay-gradient":""}},"ast-content-background-meta":{"desktop":{"background-color":"var(--ast-global-color-5)","background-image":"","background-repeat":"repeat","background-position":"center center","background-size":"auto","background-attachment":"scroll","background-type":"","background-media":"","overlay-type":"","overlay-color":"","overlay-opacity":"","overlay-gradient":""},"tablet":{"background-color":"var(--ast-global-color-5)","background-image":"","background-repeat":"repeat","background-position":"center center","background-size":"auto","background-attachment":"scroll","background-type":"","background-media":"","overlay-type":"","overlay-color":"","overlay-opacity":"","overlay-gradient":""},"mobile":{"background-color":"var(--ast-global-color-5)","background-image":"","background-repeat":"repeat","background-position":"center center","background-size":"auto","background-attachment":"scroll","background-type":"","background-media":"","overlay-type":"","overlay-color":"","overlay-opacity":"","overlay-gradient":""}},"_price":"","_stock":"","_tribe_ticket_header":"","_tribe_default_ticket_provider":"","_tribe_ticket_capacity":"0","_ticket_start_date":"","_ticket_end_date":"","_tribe_ticket_show_description":"","_tribe_ticket_show_not_going":false,"_tribe_ticket_use_global_stock":"","_tribe_ticket_global_stock_level":"","_global_stock_mode":"","_global_stock_cap":"","_tribe_rsvp_for_event":"","_tribe_ticket_going_count":"","_tribe_ticket_not_going_count":"","_tribe_tickets_list":[],"_tribe_ticket_has_attendee_info_fields":false,"footnotes":""},"categories":[104,100,101,107],"tags":[118,115,117,137,119,120],"class_list":["post-258832","post","type-post","status-publish","format-standard","has-post-thumbnail","hentry","category-base-mini","category-deporte","category-regatas","category-solomed","tag-basemini-es-2","tag-castellano","tag-catala-es","tag-esport-2","tag-regata-es-2","tag-solomed-es"],"yoast_head":"<!-- This site is optimized with the Yoast SEO plugin v27.5 - https:\/\/yoast.com\/product\/yoast-seo-wordpress\/ -->\n<title>Federico Waksman y Tom\u00e1s Ruiz ganan la segunda edici\u00f3n de la regata Solo Med 2023 - Barcelona Capital N\u00e0utica<\/title>\n<meta name=\"robots\" content=\"index, follow, max-snippet:-1, max-image-preview:large, max-video-preview:-1\" \/>\n<link rel=\"canonical\" href=\"https:\/\/www.barcelonacapitalnautica.org\/es\/federico-waksman-y-tomas-ruiz-ganan-la-segunda-edicion-de-la-regata-solo-med-2023\/\" \/>\n<meta property=\"og:locale\" content=\"es_ES\" \/>\n<meta property=\"og:type\" content=\"article\" \/>\n<meta property=\"og:title\" content=\"Federico Waksman y Tom\u00e1s Ruiz ganan la segunda edici\u00f3n de la regata Solo Med 2023 - Barcelona Capital N\u00e0utica\" \/>\n<meta property=\"og:description\" content=\"La entrega de premios de la segunda edici\u00f3n de la [&hellip;]\" \/>\n<meta property=\"og:url\" content=\"https:\/\/www.barcelonacapitalnautica.org\/es\/federico-waksman-y-tomas-ruiz-ganan-la-segunda-edicion-de-la-regata-solo-med-2023\/\" \/>\n<meta property=\"og:site_name\" content=\"Barcelona Capital N\u00e0utica\" \/>\n<meta property=\"article:publisher\" content=\"https:\/\/www.facebook.com\/barcelonacapitalnautica\" \/>\n<meta property=\"article:published_time\" content=\"2023-05-16T13:01:00+00:00\" \/>\n<meta property=\"article:modified_time\" content=\"2023-05-16T13:06:52+00:00\" \/>\n<meta property=\"og:image\" content=\"https:\/\/www.barcelonacapitalnautica.org\/wp-content\/uploads\/2023\/05\/Noti_Premis-Solo-Med.png\" \/>\n\t<meta property=\"og:image:width\" content=\"1140\" \/>\n\t<meta property=\"og:image:height\" content=\"440\" \/>\n\t<meta property=\"og:image:type\" content=\"image\/png\" \/>\n<meta name=\"author\" content=\"Cristina Martin\" \/>\n<meta name=\"twitter:card\" content=\"summary_large_image\" \/>\n<meta name=\"twitter:creator\" content=\"@bcnautica\" \/>\n<meta name=\"twitter:site\" content=\"@bcnautica\" \/>\n<meta name=\"twitter:label1\" content=\"Escrito por\" \/>\n\t<meta name=\"twitter:data1\" content=\"Cristina Martin\" \/>\n\t<meta name=\"twitter:label2\" content=\"Tiempo de lectura\" \/>\n\t<meta name=\"twitter:data2\" content=\"5 minutos\" \/>\n<script type=\"application\/ld+json\" class=\"yoast-schema-graph\">{\"@context\":\"https:\\\/\\\/schema.org\",\"@graph\":[{\"@type\":\"Article\",\"@id\":\"https:\\\/\\\/www.barcelonacapitalnautica.org\\\/es\\\/federico-waksman-y-tomas-ruiz-ganan-la-segunda-edicion-de-la-regata-solo-med-2023\\\/#article\",\"isPartOf\":{\"@id\":\"https:\\\/\\\/www.barcelonacapitalnautica.org\\\/es\\\/federico-waksman-y-tomas-ruiz-ganan-la-segunda-edicion-de-la-regata-solo-med-2023\\\/\"},\"author\":{\"name\":\"Cristina Martin\",\"@id\":\"https:\\\/\\\/www.barcelonacapitalnautica.org\\\/es\\\/#\\\/schema\\\/person\\\/f1a7b6cdf70e48856b35358258241493\"},\"headline\":\"Federico Waksman y Tom\u00e1s Ruiz ganan la segunda edici\u00f3n de la regata Solo Med 2023\",\"datePublished\":\"2023-05-16T13:01:00+00:00\",\"dateModified\":\"2023-05-16T13:06:52+00:00\",\"mainEntityOfPage\":{\"@id\":\"https:\\\/\\\/www.barcelonacapitalnautica.org\\\/es\\\/federico-waksman-y-tomas-ruiz-ganan-la-segunda-edicion-de-la-regata-solo-med-2023\\\/\"},\"wordCount\":536,\"publisher\":{\"@id\":\"https:\\\/\\\/www.barcelonacapitalnautica.org\\\/es\\\/#organization\"},\"image\":{\"@id\":\"https:\\\/\\\/www.barcelonacapitalnautica.org\\\/es\\\/federico-waksman-y-tomas-ruiz-ganan-la-segunda-edicion-de-la-regata-solo-med-2023\\\/#primaryimage\"},\"thumbnailUrl\":\"https:\\\/\\\/www.barcelonacapitalnautica.org\\\/wp-content\\\/uploads\\\/2023\\\/05\\\/Noti_Premis-Solo-Med.png\",\"keywords\":[\"Base Mini\",\"castellano\",\"catal\u00e0\",\"Esport\",\"regata\",\"Solo Med\"],\"articleSection\":[\"Base Mini\",\"Deporte\",\"Regatas\",\"Solo Med\"],\"inLanguage\":\"es\"},{\"@type\":\"WebPage\",\"@id\":\"https:\\\/\\\/www.barcelonacapitalnautica.org\\\/es\\\/federico-waksman-y-tomas-ruiz-ganan-la-segunda-edicion-de-la-regata-solo-med-2023\\\/\",\"url\":\"https:\\\/\\\/www.barcelonacapitalnautica.org\\\/es\\\/federico-waksman-y-tomas-ruiz-ganan-la-segunda-edicion-de-la-regata-solo-med-2023\\\/\",\"name\":\"Federico Waksman y Tom\u00e1s Ruiz ganan la segunda edici\u00f3n de la regata Solo Med 2023 - Barcelona Capital N\u00e0utica\",\"isPartOf\":{\"@id\":\"https:\\\/\\\/www.barcelonacapitalnautica.org\\\/es\\\/#website\"},\"primaryImageOfPage\":{\"@id\":\"https:\\\/\\\/www.barcelonacapitalnautica.org\\\/es\\\/federico-waksman-y-tomas-ruiz-ganan-la-segunda-edicion-de-la-regata-solo-med-2023\\\/#primaryimage\"},\"image\":{\"@id\":\"https:\\\/\\\/www.barcelonacapitalnautica.org\\\/es\\\/federico-waksman-y-tomas-ruiz-ganan-la-segunda-edicion-de-la-regata-solo-med-2023\\\/#primaryimage\"},\"thumbnailUrl\":\"https:\\\/\\\/www.barcelonacapitalnautica.org\\\/wp-content\\\/uploads\\\/2023\\\/05\\\/Noti_Premis-Solo-Med.png\",\"datePublished\":\"2023-05-16T13:01:00+00:00\",\"dateModified\":\"2023-05-16T13:06:52+00:00\",\"breadcrumb\":{\"@id\":\"https:\\\/\\\/www.barcelonacapitalnautica.org\\\/es\\\/federico-waksman-y-tomas-ruiz-ganan-la-segunda-edicion-de-la-regata-solo-med-2023\\\/#breadcrumb\"},\"inLanguage\":\"es\",\"potentialAction\":[{\"@type\":\"ReadAction\",\"target\":[\"https:\\\/\\\/www.barcelonacapitalnautica.org\\\/es\\\/federico-waksman-y-tomas-ruiz-ganan-la-segunda-edicion-de-la-regata-solo-med-2023\\\/\"]}]},{\"@type\":\"ImageObject\",\"inLanguage\":\"es\",\"@id\":\"https:\\\/\\\/www.barcelonacapitalnautica.org\\\/es\\\/federico-waksman-y-tomas-ruiz-ganan-la-segunda-edicion-de-la-regata-solo-med-2023\\\/#primaryimage\",\"url\":\"https:\\\/\\\/www.barcelonacapitalnautica.org\\\/wp-content\\\/uploads\\\/2023\\\/05\\\/Noti_Premis-Solo-Med.png\",\"contentUrl\":\"https:\\\/\\\/www.barcelonacapitalnautica.org\\\/wp-content\\\/uploads\\\/2023\\\/05\\\/Noti_Premis-Solo-Med.png\",\"width\":1140,\"height\":440},{\"@type\":\"BreadcrumbList\",\"@id\":\"https:\\\/\\\/www.barcelonacapitalnautica.org\\\/es\\\/federico-waksman-y-tomas-ruiz-ganan-la-segunda-edicion-de-la-regata-solo-med-2023\\\/#breadcrumb\",\"itemListElement\":[{\"@type\":\"ListItem\",\"position\":1,\"name\":\"Inici\",\"item\":\"https:\\\/\\\/www.barcelonacapitalnautica.org\\\/es\\\/\"},{\"@type\":\"ListItem\",\"position\":2,\"name\":\"Federico Waksman y Tom\u00e1s Ruiz ganan la segunda edici\u00f3n de la regata Solo Med 2023\"}]},{\"@type\":\"WebSite\",\"@id\":\"https:\\\/\\\/www.barcelonacapitalnautica.org\\\/es\\\/#website\",\"url\":\"https:\\\/\\\/www.barcelonacapitalnautica.org\\\/es\\\/\",\"name\":\"Barcelona Capital N\u00e0utica\",\"description\":\"Barcelona Capital N\u00e0utica\",\"publisher\":{\"@id\":\"https:\\\/\\\/www.barcelonacapitalnautica.org\\\/es\\\/#organization\"},\"alternateName\":\"BCN\u00e0utica, FBCN\",\"potentialAction\":[{\"@type\":\"SearchAction\",\"target\":{\"@type\":\"EntryPoint\",\"urlTemplate\":\"https:\\\/\\\/www.barcelonacapitalnautica.org\\\/es\\\/?s={search_term_string}\"},\"query-input\":{\"@type\":\"PropertyValueSpecification\",\"valueRequired\":true,\"valueName\":\"search_term_string\"}}],\"inLanguage\":\"es\"},{\"@type\":\"Organization\",\"@id\":\"https:\\\/\\\/www.barcelonacapitalnautica.org\\\/es\\\/#organization\",\"name\":\"Barcelona Capital N\u00e0utica\",\"alternateName\":\"Fundaci\u00f3 Barcelona Capital N\u00e0utica\",\"url\":\"https:\\\/\\\/www.barcelonacapitalnautica.org\\\/es\\\/\",\"logo\":{\"@type\":\"ImageObject\",\"inLanguage\":\"es\",\"@id\":\"https:\\\/\\\/www.barcelonacapitalnautica.org\\\/es\\\/#\\\/schema\\\/logo\\\/image\\\/\",\"url\":\"https:\\\/\\\/www.barcelonacapitalnautica.org\\\/wp-content\\\/uploads\\\/2023\\\/03\\\/Logo-blau.svg\",\"contentUrl\":\"https:\\\/\\\/www.barcelonacapitalnautica.org\\\/wp-content\\\/uploads\\\/2023\\\/03\\\/Logo-blau.svg\",\"width\":200,\"height\":58,\"caption\":\"Barcelona Capital N\u00e0utica\"},\"image\":{\"@id\":\"https:\\\/\\\/www.barcelonacapitalnautica.org\\\/es\\\/#\\\/schema\\\/logo\\\/image\\\/\"},\"sameAs\":[\"https:\\\/\\\/www.facebook.com\\\/barcelonacapitalnautica\",\"https:\\\/\\\/x.com\\\/bcnautica\",\"https:\\\/\\\/www.instagram.com\\\/bcnautica\\\/\",\"https:\\\/\\\/www.linkedin.com\\\/company\\\/barcelona-capital-nautica\"]},{\"@type\":\"Person\",\"@id\":\"https:\\\/\\\/www.barcelonacapitalnautica.org\\\/es\\\/#\\\/schema\\\/person\\\/f1a7b6cdf70e48856b35358258241493\",\"name\":\"Cristina Martin\"}]}<\/script>\n<!-- \/ Yoast SEO plugin. -->","yoast_head_json":{"title":"Federico Waksman y Tom\u00e1s Ruiz ganan la segunda edici\u00f3n de la regata Solo Med 2023 - Barcelona Capital N\u00e0utica","robots":{"index":"index","follow":"follow","max-snippet":"max-snippet:-1","max-image-preview":"max-image-preview:large","max-video-preview":"max-video-preview:-1"},"canonical":"https:\/\/www.barcelonacapitalnautica.org\/es\/federico-waksman-y-tomas-ruiz-ganan-la-segunda-edicion-de-la-regata-solo-med-2023\/","og_locale":"es_ES","og_type":"article","og_title":"Federico Waksman y Tom\u00e1s Ruiz ganan la segunda edici\u00f3n de la regata Solo Med 2023 - Barcelona Capital N\u00e0utica","og_description":"La entrega de premios de la segunda edici\u00f3n de la [&hellip;]","og_url":"https:\/\/www.barcelonacapitalnautica.org\/es\/federico-waksman-y-tomas-ruiz-ganan-la-segunda-edicion-de-la-regata-solo-med-2023\/","og_site_name":"Barcelona Capital N\u00e0utica","article_publisher":"https:\/\/www.facebook.com\/barcelonacapitalnautica","article_published_time":"2023-05-16T13:01:00+00:00","article_modified_time":"2023-05-16T13:06:52+00:00","og_image":[{"width":1140,"height":440,"url":"https:\/\/www.barcelonacapitalnautica.org\/wp-content\/uploads\/2023\/05\/Noti_Premis-Solo-Med.png","type":"image\/png"}],"author":"Cristina Martin","twitter_card":"summary_large_image","twitter_creator":"@bcnautica","twitter_site":"@bcnautica","twitter_misc":{"Escrito por":"Cristina Martin","Tiempo de lectura":"5 minutos"},"schema":{"@context":"https:\/\/schema.org","@graph":[{"@type":"Article","@id":"https:\/\/www.barcelonacapitalnautica.org\/es\/federico-waksman-y-tomas-ruiz-ganan-la-segunda-edicion-de-la-regata-solo-med-2023\/#article","isPartOf":{"@id":"https:\/\/www.barcelonacapitalnautica.org\/es\/federico-waksman-y-tomas-ruiz-ganan-la-segunda-edicion-de-la-regata-solo-med-2023\/"},"author":{"name":"Cristina Martin","@id":"https:\/\/www.barcelonacapitalnautica.org\/es\/#\/schema\/person\/f1a7b6cdf70e48856b35358258241493"},"headline":"Federico Waksman y Tom\u00e1s Ruiz ganan la segunda edici\u00f3n de la regata Solo Med 2023","datePublished":"2023-05-16T13:01:00+00:00","dateModified":"2023-05-16T13:06:52+00:00","mainEntityOfPage":{"@id":"https:\/\/www.barcelonacapitalnautica.org\/es\/federico-waksman-y-tomas-ruiz-ganan-la-segunda-edicion-de-la-regata-solo-med-2023\/"},"wordCount":536,"publisher":{"@id":"https:\/\/www.barcelonacapitalnautica.org\/es\/#organization"},"image":{"@id":"https:\/\/www.barcelonacapitalnautica.org\/es\/federico-waksman-y-tomas-ruiz-ganan-la-segunda-edicion-de-la-regata-solo-med-2023\/#primaryimage"},"thumbnailUrl":"https:\/\/www.barcelonacapitalnautica.org\/wp-content\/uploads\/2023\/05\/Noti_Premis-Solo-Med.png","keywords":["Base Mini","castellano","catal\u00e0","Esport","regata","Solo Med"],"articleSection":["Base Mini","Deporte","Regatas","Solo Med"],"inLanguage":"es"},{"@type":"WebPage","@id":"https:\/\/www.barcelonacapitalnautica.org\/es\/federico-waksman-y-tomas-ruiz-ganan-la-segunda-edicion-de-la-regata-solo-med-2023\/","url":"https:\/\/www.barcelonacapitalnautica.org\/es\/federico-waksman-y-tomas-ruiz-ganan-la-segunda-edicion-de-la-regata-solo-med-2023\/","name":"Federico Waksman y Tom\u00e1s Ruiz ganan la segunda edici\u00f3n de la regata Solo Med 2023 - Barcelona Capital N\u00e0utica","isPartOf":{"@id":"https:\/\/www.barcelonacapitalnautica.org\/es\/#website"},"primaryImageOfPage":{"@id":"https:\/\/www.barcelonacapitalnautica.org\/es\/federico-waksman-y-tomas-ruiz-ganan-la-segunda-edicion-de-la-regata-solo-med-2023\/#primaryimage"},"image":{"@id":"https:\/\/www.barcelonacapitalnautica.org\/es\/federico-waksman-y-tomas-ruiz-ganan-la-segunda-edicion-de-la-regata-solo-med-2023\/#primaryimage"},"thumbnailUrl":"https:\/\/www.barcelonacapitalnautica.org\/wp-content\/uploads\/2023\/05\/Noti_Premis-Solo-Med.png","datePublished":"2023-05-16T13:01:00+00:00","dateModified":"2023-05-16T13:06:52+00:00","breadcrumb":{"@id":"https:\/\/www.barcelonacapitalnautica.org\/es\/federico-waksman-y-tomas-ruiz-ganan-la-segunda-edicion-de-la-regata-solo-med-2023\/#breadcrumb"},"inLanguage":"es","potentialAction":[{"@type":"ReadAction","target":["https:\/\/www.barcelonacapitalnautica.org\/es\/federico-waksman-y-tomas-ruiz-ganan-la-segunda-edicion-de-la-regata-solo-med-2023\/"]}]},{"@type":"ImageObject","inLanguage":"es","@id":"https:\/\/www.barcelonacapitalnautica.org\/es\/federico-waksman-y-tomas-ruiz-ganan-la-segunda-edicion-de-la-regata-solo-med-2023\/#primaryimage","url":"https:\/\/www.barcelonacapitalnautica.org\/wp-content\/uploads\/2023\/05\/Noti_Premis-Solo-Med.png","contentUrl":"https:\/\/www.barcelonacapitalnautica.org\/wp-content\/uploads\/2023\/05\/Noti_Premis-Solo-Med.png","width":1140,"height":440},{"@type":"BreadcrumbList","@id":"https:\/\/www.barcelonacapitalnautica.org\/es\/federico-waksman-y-tomas-ruiz-ganan-la-segunda-edicion-de-la-regata-solo-med-2023\/#breadcrumb","itemListElement":[{"@type":"ListItem","position":1,"name":"Inici","item":"https:\/\/www.barcelonacapitalnautica.org\/es\/"},{"@type":"ListItem","position":2,"name":"Federico Waksman y Tom\u00e1s Ruiz ganan la segunda edici\u00f3n de la regata Solo Med 2023"}]},{"@type":"WebSite","@id":"https:\/\/www.barcelonacapitalnautica.org\/es\/#website","url":"https:\/\/www.barcelonacapitalnautica.org\/es\/","name":"Barcelona Capital N\u00e0utica","description":"Barcelona Capital N\u00e0utica","publisher":{"@id":"https:\/\/www.barcelonacapitalnautica.org\/es\/#organization"},"alternateName":"BCN\u00e0utica, FBCN","potentialAction":[{"@type":"SearchAction","target":{"@type":"EntryPoint","urlTemplate":"https:\/\/www.barcelonacapitalnautica.org\/es\/?s={search_term_string}"},"query-input":{"@type":"PropertyValueSpecification","valueRequired":true,"valueName":"search_term_string"}}],"inLanguage":"es"},{"@type":"Organization","@id":"https:\/\/www.barcelonacapitalnautica.org\/es\/#organization","name":"Barcelona Capital N\u00e0utica","alternateName":"Fundaci\u00f3 Barcelona Capital N\u00e0utica","url":"https:\/\/www.barcelonacapitalnautica.org\/es\/","logo":{"@type":"ImageObject","inLanguage":"es","@id":"https:\/\/www.barcelonacapitalnautica.org\/es\/#\/schema\/logo\/image\/","url":"https:\/\/www.barcelonacapitalnautica.org\/wp-content\/uploads\/2023\/03\/Logo-blau.svg","contentUrl":"https:\/\/www.barcelonacapitalnautica.org\/wp-content\/uploads\/2023\/03\/Logo-blau.svg","width":200,"height":58,"caption":"Barcelona Capital N\u00e0utica"},"image":{"@id":"https:\/\/www.barcelonacapitalnautica.org\/es\/#\/schema\/logo\/image\/"},"sameAs":["https:\/\/www.facebook.com\/barcelonacapitalnautica","https:\/\/x.com\/bcnautica","https:\/\/www.instagram.com\/bcnautica\/","https:\/\/www.linkedin.com\/company\/barcelona-capital-nautica"]},{"@type":"Person","@id":"https:\/\/www.barcelonacapitalnautica.org\/es\/#\/schema\/person\/f1a7b6cdf70e48856b35358258241493","name":"Cristina Martin"}]}},"uagb_featured_image_src":{"full":["https:\/\/www.barcelonacapitalnautica.org\/wp-content\/uploads\/2023\/05\/Noti_Premis-Solo-Med.png",1140,440,false],"thumbnail":["https:\/\/www.barcelonacapitalnautica.org\/wp-content\/uploads\/2023\/05\/Noti_Premis-Solo-Med-380x147.png",380,147,true],"medium":["https:\/\/www.barcelonacapitalnautica.org\/wp-content\/uploads\/2023\/05\/Noti_Premis-Solo-Med-560x216.png",560,216,true],"medium_large":["https:\/\/www.barcelonacapitalnautica.org\/wp-content\/uploads\/2023\/05\/Noti_Premis-Solo-Med-768x296.png",768,296,true],"large":["https:\/\/www.barcelonacapitalnautica.org\/wp-content\/uploads\/2023\/05\/Noti_Premis-Solo-Med-900x347.png",900,347,true],"1536x1536":["https:\/\/www.barcelonacapitalnautica.org\/wp-content\/uploads\/2023\/05\/Noti_Premis-Solo-Med.png",1140,440,false],"2048x2048":["https:\/\/www.barcelonacapitalnautica.org\/wp-content\/uploads\/2023\/05\/Noti_Premis-Solo-Med.png",1140,440,false]},"uagb_author_info":{"display_name":"Cristina Martin","author_link":"https:\/\/www.barcelonacapitalnautica.org\/es\/author\/fbcn_cristina\/"},"uagb_comment_info":0,"uagb_excerpt":"La entrega de premios de la segunda edici\u00f3n de la [&hellip;]","_links":{"self":[{"href":"https:\/\/www.barcelonacapitalnautica.org\/es\/wp-json\/wp\/v2\/posts\/258832","targetHints":{"allow":["GET"]}}],"collection":[{"href":"https:\/\/www.barcelonacapitalnautica.org\/es\/wp-json\/wp\/v2\/posts"}],"about":[{"href":"https:\/\/www.barcelonacapitalnautica.org\/es\/wp-json\/wp\/v2\/types\/post"}],"author":[{"embeddable":true,"href":"https:\/\/www.barcelonacapitalnautica.org\/es\/wp-json\/wp\/v2\/users\/3"}],"replies":[{"embeddable":true,"href":"https:\/\/www.barcelonacapitalnautica.org\/es\/wp-json\/wp\/v2\/comments?post=258832"}],"version-history":[{"count":2,"href":"https:\/\/www.barcelonacapitalnautica.org\/es\/wp-json\/wp\/v2\/posts\/258832\/revisions"}],"predecessor-version":[{"id":258840,"href":"https:\/\/www.barcelonacapitalnautica.org\/es\/wp-json\/wp\/v2\/posts\/258832\/revisions\/258840"}],"wp:featuredmedia":[{"embeddable":true,"href":"https:\/\/www.barcelonacapitalnautica.org\/es\/wp-json\/wp\/v2\/media\/258806"}],"wp:attachment":[{"href":"https:\/\/www.barcelonacapitalnautica.org\/es\/wp-json\/wp\/v2\/media?parent=258832"}],"wp:term":[{"taxonomy":"category","embeddable":true,"href":"https:\/\/www.barcelonacapitalnautica.org\/es\/wp-json\/wp\/v2\/categories?post=258832"},{"taxonomy":"post_tag","embeddable":true,"href":"https:\/\/www.barcelonacapitalnautica.org\/es\/wp-json\/wp\/v2\/tags?post=258832"}],"curies":[{"name":"wp","href":"https:\/\/api.w.org\/{rel}","templated":true}]}}