{"id":262267,"date":"2023-11-13T12:51:39","date_gmt":"2023-11-13T11:51:39","guid":{"rendered":"https:\/\/www.barcelonacapitalnautica.org\/?p=262267"},"modified":"2023-11-13T13:52:52","modified_gmt":"2023-11-13T12:52:52","slug":"fede-waksman-gana-la-regata-la-mini-transat-en-categoria-proto","status":"publish","type":"post","link":"https:\/\/www.barcelonacapitalnautica.org\/es\/fede-waksman-gana-la-regata-la-mini-transat-en-categoria-proto\/","title":{"rendered":"Fede Waksman gana la regata La Mini Transat en categor\u00eda Proto"},"content":{"rendered":"\n<p>El pasado viernes empez\u00f3 a entrar la flota de la regata <a href=\"https:\/\/minitransat.fr\/\" target=\"_blank\" rel=\"noreferrer noopener\">La Mini Transat<\/a> en Saint Fran\u00e7oise, Guadalupe tras zarpar de La Palma de Gran Canaria el 28 de octubre. En esta segunda etapa, Federico Waksman, con el Proto 1019 Repremar &#8211; Shiping Agency Urugay, lleg\u00f3 primero a las 18:21h despu\u00e9s de 13 d\u00edas 5 horas 1 minuto y 44 segundos seguido por Carlos Manera que ha entrado a las 2:52h del 11 de noviembre y la francesa Marie Gendrone que ha llegado a las 14:15 h.<\/p>\n\n\n\n<p>Despu\u00e9s de una <strong>salida de segunda etapa muy t\u00e9cnica<\/strong> con poco viento, los regatistas tomaron diferentes estrategias una vez pasada la isla de El Hierro. La mayor\u00eda de la flota opt\u00f3 por dirigirse hacia el norte en busca de vientos m\u00e1s intensos, como se preve\u00eda para los primeros d\u00edas de regata. Sin embargo, finalmente los vientos alisios cogieron mayor intensidad por el sur. Durante los \u00faltimos d\u00edas de regata, Federico Waksman ha liderado visiblemente la flota, distanci\u00e1ndose alrededor de unas cien millas del segundo y tercero.<\/p>\n\n\n\n<figure class=\"wp-block-gallery has-nested-images columns-default is-cropped wp-block-gallery-1 is-layout-flex wp-block-gallery-is-layout-flex\">\n<figure class=\"wp-block-image size-large\"><img loading=\"lazy\" decoding=\"async\" width=\"900\" height=\"600\" data-id=\"262246\" src=\"https:\/\/www.barcelonacapitalnautica.org\/wp-content\/uploads\/2023\/11\/Noti-Guanyador-Mini-Transat-233-900x600.jpeg\" alt=\"\" class=\"wp-image-262246\" srcset=\"https:\/\/www.barcelonacapitalnautica.org\/wp-content\/uploads\/2023\/11\/Noti-Guanyador-Mini-Transat-233-900x600.jpeg 900w, https:\/\/www.barcelonacapitalnautica.org\/wp-content\/uploads\/2023\/11\/Noti-Guanyador-Mini-Transat-233-560x374.jpeg 560w, https:\/\/www.barcelonacapitalnautica.org\/wp-content\/uploads\/2023\/11\/Noti-Guanyador-Mini-Transat-233-380x254.jpeg 380w, https:\/\/www.barcelonacapitalnautica.org\/wp-content\/uploads\/2023\/11\/Noti-Guanyador-Mini-Transat-233-768x512.jpeg 768w, https:\/\/www.barcelonacapitalnautica.org\/wp-content\/uploads\/2023\/11\/Noti-Guanyador-Mini-Transat-233.jpeg 1280w\" sizes=\"auto, (max-width: 900px) 100vw, 900px\" \/><\/figure>\n\n\n\n<figure class=\"wp-block-image size-large\"><img loading=\"lazy\" decoding=\"async\" width=\"900\" height=\"600\" data-id=\"262251\" src=\"https:\/\/www.barcelonacapitalnautica.org\/wp-content\/uploads\/2023\/11\/Noti-Guanyador-Mini-Transat-232-900x600.jpeg\" alt=\"\" class=\"wp-image-262251\" srcset=\"https:\/\/www.barcelonacapitalnautica.org\/wp-content\/uploads\/2023\/11\/Noti-Guanyador-Mini-Transat-232-900x600.jpeg 900w, https:\/\/www.barcelonacapitalnautica.org\/wp-content\/uploads\/2023\/11\/Noti-Guanyador-Mini-Transat-232-560x374.jpeg 560w, https:\/\/www.barcelonacapitalnautica.org\/wp-content\/uploads\/2023\/11\/Noti-Guanyador-Mini-Transat-232-380x254.jpeg 380w, https:\/\/www.barcelonacapitalnautica.org\/wp-content\/uploads\/2023\/11\/Noti-Guanyador-Mini-Transat-232-768x512.jpeg 768w, https:\/\/www.barcelonacapitalnautica.org\/wp-content\/uploads\/2023\/11\/Noti-Guanyador-Mini-Transat-232.jpeg 1280w\" sizes=\"auto, (max-width: 900px) 100vw, 900px\" \/><\/figure>\n\n\n\n<figure class=\"wp-block-image size-large\"><img loading=\"lazy\" decoding=\"async\" width=\"900\" height=\"600\" data-id=\"262250\" src=\"https:\/\/www.barcelonacapitalnautica.org\/wp-content\/uploads\/2023\/11\/Noti-Guanyador-Mini-Transat-231-900x600.jpeg\" alt=\"\" class=\"wp-image-262250\" srcset=\"https:\/\/www.barcelonacapitalnautica.org\/wp-content\/uploads\/2023\/11\/Noti-Guanyador-Mini-Transat-231-900x600.jpeg 900w, https:\/\/www.barcelonacapitalnautica.org\/wp-content\/uploads\/2023\/11\/Noti-Guanyador-Mini-Transat-231-560x374.jpeg 560w, https:\/\/www.barcelonacapitalnautica.org\/wp-content\/uploads\/2023\/11\/Noti-Guanyador-Mini-Transat-231-380x254.jpeg 380w, https:\/\/www.barcelonacapitalnautica.org\/wp-content\/uploads\/2023\/11\/Noti-Guanyador-Mini-Transat-231-768x512.jpeg 768w, https:\/\/www.barcelonacapitalnautica.org\/wp-content\/uploads\/2023\/11\/Noti-Guanyador-Mini-Transat-231.jpeg 1280w\" sizes=\"auto, (max-width: 900px) 100vw, 900px\" \/><\/figure>\n<\/figure>\n\n\n\n<p><\/p>\n\n\n\n<p>El campe\u00f3n indiscutible de esta regata, <strong>Federico Waksman<\/strong>, se ha formado en la <a href=\"https:\/\/www.barcelonacapitalnautica.org\/es\/deporte\/basemini\/\">Base Mini Barcelona<\/a> y tiene una fuerte vinculaci\u00f3n con la Fundaci\u00f3 Barcelona Capital N\u00e0utica. \u00c9sta ha sido su segunda participaci\u00f3n en La Mini Transat, y ha competido con el Proto 1019, que gan\u00f3 la anterior edici\u00f3n de La Mini Transat en 2012 con el skipper Pierre Le Roy. Al proclamarse ganador dec\u00eda: <\/p>\n\n\n\n<blockquote class=\"wp-block-quote is-layout-flow wp-block-quote-is-layout-flow\">\n<p>\u201cTengo una sensaci\u00f3n de logro, de felicidad, es como un sue\u00f1o, parece que ha llegado sin m\u00e1s, pero ha requerido mucho sacrificio. Creo la mitad de mi resultado, gracias a encontrar un buen barco, gracias a Pierre Le Roy. [\u2026] Y Carlos Manera, que es muy amigo m\u00edo, en una conversaci\u00f3n por radio me dijo que mantuviera la mente ocupada, que no dejara que los pensamientos negativos me ganaran, y as\u00ed lo hice\u201d.<\/p>\n<\/blockquote>\n\n\n\n<p>Los navegantes oce\u00e1nicos y <strong>responsables de la Base Mini Barcelona Anna Corbella y Oriol Pujol<\/strong> afirmaban que: <\/p>\n\n\n\n<blockquote class=\"wp-block-quote is-layout-flow wp-block-quote-is-layout-flow\">\n<p>\u201cEstamos muy orgullosos. Fede ha hecho una regata magistral en cuanto a estrategia, que no era nada f\u00e1cil porque de salida la meteo era muy compleja, con varias opciones. Y \u00e9l ha sabido jugar en lo que \u00e9l es fuerte, que es jugar con la flota. Y en un momento determinado, toma una decisi\u00f3n, va a por ella a muerte y se distancia de la flota. Y esto yo creo que ha marcado la diferencia.\u201d<\/p>\n<\/blockquote>\n\n\n\n<figure class=\"wp-block-gallery has-nested-images columns-default is-cropped wp-block-gallery-2 is-layout-flex wp-block-gallery-is-layout-flex\">\n<figure class=\"wp-block-image size-large\"><img loading=\"lazy\" decoding=\"async\" width=\"900\" height=\"600\" data-id=\"262256\" src=\"https:\/\/www.barcelonacapitalnautica.org\/wp-content\/uploads\/2023\/11\/Noti-Guanyador-Mini-Transat-236-900x600.jpeg\" alt=\"\" class=\"wp-image-262256\" srcset=\"https:\/\/www.barcelonacapitalnautica.org\/wp-content\/uploads\/2023\/11\/Noti-Guanyador-Mini-Transat-236-900x600.jpeg 900w, https:\/\/www.barcelonacapitalnautica.org\/wp-content\/uploads\/2023\/11\/Noti-Guanyador-Mini-Transat-236-560x374.jpeg 560w, https:\/\/www.barcelonacapitalnautica.org\/wp-content\/uploads\/2023\/11\/Noti-Guanyador-Mini-Transat-236-380x254.jpeg 380w, https:\/\/www.barcelonacapitalnautica.org\/wp-content\/uploads\/2023\/11\/Noti-Guanyador-Mini-Transat-236-768x512.jpeg 768w, https:\/\/www.barcelonacapitalnautica.org\/wp-content\/uploads\/2023\/11\/Noti-Guanyador-Mini-Transat-236.jpeg 1280w\" sizes=\"auto, (max-width: 900px) 100vw, 900px\" \/><\/figure>\n\n\n\n<figure class=\"wp-block-image size-large\"><img loading=\"lazy\" decoding=\"async\" width=\"900\" height=\"600\" data-id=\"262244\" src=\"https:\/\/www.barcelonacapitalnautica.org\/wp-content\/uploads\/2023\/11\/Noti-Guanyador-Mini-Transat-234-900x600.jpeg\" alt=\"\" class=\"wp-image-262244\" srcset=\"https:\/\/www.barcelonacapitalnautica.org\/wp-content\/uploads\/2023\/11\/Noti-Guanyador-Mini-Transat-234-900x600.jpeg 900w, https:\/\/www.barcelonacapitalnautica.org\/wp-content\/uploads\/2023\/11\/Noti-Guanyador-Mini-Transat-234-560x374.jpeg 560w, https:\/\/www.barcelonacapitalnautica.org\/wp-content\/uploads\/2023\/11\/Noti-Guanyador-Mini-Transat-234-380x254.jpeg 380w, https:\/\/www.barcelonacapitalnautica.org\/wp-content\/uploads\/2023\/11\/Noti-Guanyador-Mini-Transat-234-768x512.jpeg 768w, https:\/\/www.barcelonacapitalnautica.org\/wp-content\/uploads\/2023\/11\/Noti-Guanyador-Mini-Transat-234.jpeg 1280w\" sizes=\"auto, (max-width: 900px) 100vw, 900px\" \/><\/figure>\n\n\n\n<figure class=\"wp-block-image size-large\"><img loading=\"lazy\" decoding=\"async\" width=\"900\" height=\"600\" data-id=\"262259\" src=\"https:\/\/www.barcelonacapitalnautica.org\/wp-content\/uploads\/2023\/11\/Noti-Guanyador-Mini-Transat-235-900x600.jpeg\" alt=\"\" class=\"wp-image-262259\" srcset=\"https:\/\/www.barcelonacapitalnautica.org\/wp-content\/uploads\/2023\/11\/Noti-Guanyador-Mini-Transat-235-900x600.jpeg 900w, https:\/\/www.barcelonacapitalnautica.org\/wp-content\/uploads\/2023\/11\/Noti-Guanyador-Mini-Transat-235-560x374.jpeg 560w, https:\/\/www.barcelonacapitalnautica.org\/wp-content\/uploads\/2023\/11\/Noti-Guanyador-Mini-Transat-235-380x254.jpeg 380w, https:\/\/www.barcelonacapitalnautica.org\/wp-content\/uploads\/2023\/11\/Noti-Guanyador-Mini-Transat-235-768x512.jpeg 768w, https:\/\/www.barcelonacapitalnautica.org\/wp-content\/uploads\/2023\/11\/Noti-Guanyador-Mini-Transat-235.jpeg 1280w\" sizes=\"auto, (max-width: 900px) 100vw, 900px\" \/><\/figure>\n<\/figure>\n\n\n\n<p><\/p>\n\n\n\n<p><strong>Carlos Manera<\/strong>, que tambi\u00e9n ha participado por segunda vez en esta regata y es muy cercano a la Fundaci\u00f3 Barcelona Capital N\u00e1utica y fue el <a href=\"https:\/\/www.barcelonacapitalnautica.org\/es\/carlos-manera-gana-la-primera-etapa-de-la-mini-transat-2023\/\">primer clasificado de la primera etapa<\/a> de La Mini Transat. En su caso, el barco con el que ha competido es el Proto 1081 Xucla, un mini muy innovador con foils. El regatista afirmaba:\u00a0 <\/p>\n\n\n\n<blockquote class=\"wp-block-quote is-layout-flow wp-block-quote-is-layout-flow\">\n<p>\u201cEl tercer d\u00eda tuve una ruptura del balc\u00f3n de popa que me hizo reducir la marcha para soldarlo y perder unas 5 horas, dando prioridad a la seguridad. Pero me siento campe\u00f3n y el 2\u00ba puesto es todo un orgullo\u201d.<\/p>\n<\/blockquote>\n\n\n\n<p>Ambos regatistas forman parte del programa educativo \u201c<a href=\"https:\/\/www.22diesen22peus.com\/es\" target=\"_blank\" rel=\"noreferrer noopener\">22 d\u00edas en 22 pies. Aventura en solitario en el Atl\u00e1ntico<\/a>\u201d un programa educativo que desarrollamos conjuntamente con el Museu Mar\u00edtim de Barcelona que propone a alumnos de primaria y secundaria realizar el seguimiento en tiempo real de La Mini Transat, una de las regatas transoce\u00e1nica m\u00e1s conocidas del mundo. El programa parte de una situaci\u00f3n de aprendizaje STEAM vinculada a los ODS 2030 y los valores de la navegaci\u00f3n.<\/p>\n\n\n\n<p>Este a\u00f1o, se ha celebrado la 24 edici\u00f3n de esta regata que ha reunido a 90 navegantes, entre ellos 9 ministas vinculados con la Fundaci\u00f3 Barcelona Capital N\u00e0utica 7 de los cuales han pasado por la <a href=\"https:\/\/www.barcelonacapitalnautica.org\/es\/deporte\/basemini\/\">Base Mini Barcelona<\/a> en los \u00faltimos dos a\u00f1os.<\/p>\n\n\n\n<p>En la <a href=\"https:\/\/minitransat.fr\/\" target=\"_blank\" rel=\"noreferrer noopener\">web de la regata<\/a> se pueden ver todas las clasificaciones y en el canal de <a href=\"https:\/\/www.youtube.com\/@22diesen22peus\" target=\"_blank\" rel=\"noreferrer noopener\">YouTube del programa educativo<\/a> puede ver todas las entrevistas de los participantes.<\/p>\n","protected":false},"excerpt":{"rendered":"<p>El pasado viernes empez\u00f3 a entrar la flota de la [&hellip;]<\/p>\n","protected":false},"author":3,"featured_media":262242,"comment_status":"closed","ping_status":"closed","sticky":false,"template":"","format":"standard","meta":{"_uag_custom_page_level_css":"","site-sidebar-layout":"default","site-content-layout":"","ast-site-content-layout":"default","site-content-style":"default","site-sidebar-style":"default","ast-global-header-display":"","ast-banner-title-visibility":"","ast-main-header-display":"","ast-hfb-above-header-display":"","ast-hfb-below-header-display":"","ast-hfb-mobile-header-display":"","site-post-title":"","ast-breadcrumbs-content":"","ast-featured-img":"","footer-sml-layout":"","ast-disable-related-posts":"","theme-transparent-header-meta":"","adv-header-id-meta":"","stick-header-meta":"","header-above-stick-meta":"","header-main-stick-meta":"","header-below-stick-meta":"","astra-migrate-meta-layouts":"default","ast-page-background-enabled":"default","ast-page-background-meta":{"desktop":{"background-color":"","background-image":"","background-repeat":"repeat","background-position":"center center","background-size":"auto","background-attachment":"scroll","background-type":"","background-media":"","overlay-type":"","overlay-color":"","overlay-opacity":"","overlay-gradient":""},"tablet":{"background-color":"","background-image":"","background-repeat":"repeat","background-position":"center center","background-size":"auto","background-attachment":"scroll","background-type":"","background-media":"","overlay-type":"","overlay-color":"","overlay-opacity":"","overlay-gradient":""},"mobile":{"background-color":"","background-image":"","background-repeat":"repeat","background-position":"center center","background-size":"auto","background-attachment":"scroll","background-type":"","background-media":"","overlay-type":"","overlay-color":"","overlay-opacity":"","overlay-gradient":""}},"ast-content-background-meta":{"desktop":{"background-color":"var(--ast-global-color-5)","background-image":"","background-repeat":"repeat","background-position":"center center","background-size":"auto","background-attachment":"scroll","background-type":"","background-media":"","overlay-type":"","overlay-color":"","overlay-opacity":"","overlay-gradient":""},"tablet":{"background-color":"var(--ast-global-color-5)","background-image":"","background-repeat":"repeat","background-position":"center center","background-size":"auto","background-attachment":"scroll","background-type":"","background-media":"","overlay-type":"","overlay-color":"","overlay-opacity":"","overlay-gradient":""},"mobile":{"background-color":"var(--ast-global-color-5)","background-image":"","background-repeat":"repeat","background-position":"center center","background-size":"auto","background-attachment":"scroll","background-type":"","background-media":"","overlay-type":"","overlay-color":"","overlay-opacity":"","overlay-gradient":""}},"_price":"","_stock":"","_tribe_ticket_header":"","_tribe_default_ticket_provider":"","_tribe_ticket_capacity":"0","_ticket_start_date":"","_ticket_end_date":"","_tribe_ticket_show_description":"","_tribe_ticket_show_not_going":false,"_tribe_ticket_use_global_stock":"","_tribe_ticket_global_stock_level":"","_global_stock_mode":"","_global_stock_cap":"","_tribe_rsvp_for_event":"","_tribe_ticket_going_count":"","_tribe_ticket_not_going_count":"","_tribe_tickets_list":[],"_tribe_ticket_has_attendee_info_fields":false,"footnotes":""},"categories":[104,100,99,106,101],"tags":[118,115,117,124,135,137,119],"class_list":["post-262267","post","type-post","status-publish","format-standard","has-post-thumbnail","hentry","category-base-mini","category-deporte","category-educacion","category-formacion","category-regatas","tag-basemini-es-2","tag-castellano","tag-catala-es","tag-educacio-es","tag-esport","tag-esport-2","tag-regata-es-2"],"yoast_head":"<!-- This site is optimized with the Yoast SEO plugin v27.5 - https:\/\/yoast.com\/product\/yoast-seo-wordpress\/ -->\n<title>Fede Waksman gana la regata La Mini Transat en categor\u00eda Proto - Barcelona Capital N\u00e0utica<\/title>\n<meta name=\"robots\" content=\"index, follow, max-snippet:-1, max-image-preview:large, max-video-preview:-1\" \/>\n<link rel=\"canonical\" href=\"https:\/\/www.barcelonacapitalnautica.org\/es\/fede-waksman-gana-la-regata-la-mini-transat-en-categoria-proto\/\" \/>\n<meta property=\"og:locale\" content=\"es_ES\" \/>\n<meta property=\"og:type\" content=\"article\" \/>\n<meta property=\"og:title\" content=\"Fede Waksman gana la regata La Mini Transat en categor\u00eda Proto - Barcelona Capital N\u00e0utica\" \/>\n<meta property=\"og:description\" content=\"El pasado viernes empez\u00f3 a entrar la flota de la [&hellip;]\" \/>\n<meta property=\"og:url\" content=\"https:\/\/www.barcelonacapitalnautica.org\/es\/fede-waksman-gana-la-regata-la-mini-transat-en-categoria-proto\/\" \/>\n<meta property=\"og:site_name\" content=\"Barcelona Capital N\u00e0utica\" \/>\n<meta property=\"article:publisher\" content=\"https:\/\/www.facebook.com\/barcelonacapitalnautica\" \/>\n<meta property=\"article:published_time\" content=\"2023-11-13T11:51:39+00:00\" \/>\n<meta property=\"article:modified_time\" content=\"2023-11-13T12:52:52+00:00\" \/>\n<meta property=\"og:image\" content=\"https:\/\/www.barcelonacapitalnautica.org\/wp-content\/uploads\/2023\/11\/Noti-Guanyador-Mini-Transat-23.png\" \/>\n\t<meta property=\"og:image:width\" content=\"1140\" \/>\n\t<meta property=\"og:image:height\" content=\"440\" \/>\n\t<meta property=\"og:image:type\" content=\"image\/png\" \/>\n<meta name=\"author\" content=\"Cristina Martin\" \/>\n<meta name=\"twitter:card\" content=\"summary_large_image\" \/>\n<meta name=\"twitter:creator\" content=\"@bcnautica\" \/>\n<meta name=\"twitter:site\" content=\"@bcnautica\" \/>\n<meta name=\"twitter:label1\" content=\"Escrito por\" \/>\n\t<meta name=\"twitter:data1\" content=\"Cristina Martin\" \/>\n\t<meta name=\"twitter:label2\" content=\"Tiempo de lectura\" \/>\n\t<meta name=\"twitter:data2\" content=\"4 minutos\" \/>\n<script type=\"application\/ld+json\" class=\"yoast-schema-graph\">{\"@context\":\"https:\\\/\\\/schema.org\",\"@graph\":[{\"@type\":\"Article\",\"@id\":\"https:\\\/\\\/www.barcelonacapitalnautica.org\\\/es\\\/fede-waksman-gana-la-regata-la-mini-transat-en-categoria-proto\\\/#article\",\"isPartOf\":{\"@id\":\"https:\\\/\\\/www.barcelonacapitalnautica.org\\\/es\\\/fede-waksman-gana-la-regata-la-mini-transat-en-categoria-proto\\\/\"},\"author\":{\"name\":\"Cristina Martin\",\"@id\":\"https:\\\/\\\/www.barcelonacapitalnautica.org\\\/es\\\/#\\\/schema\\\/person\\\/f1a7b6cdf70e48856b35358258241493\"},\"headline\":\"Fede Waksman gana la regata La Mini Transat en categor\u00eda Proto\",\"datePublished\":\"2023-11-13T11:51:39+00:00\",\"dateModified\":\"2023-11-13T12:52:52+00:00\",\"mainEntityOfPage\":{\"@id\":\"https:\\\/\\\/www.barcelonacapitalnautica.org\\\/es\\\/fede-waksman-gana-la-regata-la-mini-transat-en-categoria-proto\\\/\"},\"wordCount\":684,\"publisher\":{\"@id\":\"https:\\\/\\\/www.barcelonacapitalnautica.org\\\/es\\\/#organization\"},\"image\":{\"@id\":\"https:\\\/\\\/www.barcelonacapitalnautica.org\\\/es\\\/fede-waksman-gana-la-regata-la-mini-transat-en-categoria-proto\\\/#primaryimage\"},\"thumbnailUrl\":\"https:\\\/\\\/www.barcelonacapitalnautica.org\\\/wp-content\\\/uploads\\\/2023\\\/11\\\/Noti-Guanyador-Mini-Transat-23.png\",\"keywords\":[\"Base Mini\",\"castellano\",\"catal\u00e0\",\"Educaci\u00f3\",\"Esport\",\"Esport\",\"regata\"],\"articleSection\":[\"Base Mini\",\"Deporte\",\"Educaci\u00f3n\",\"Formaci\u00f3n\",\"Regatas\"],\"inLanguage\":\"es\"},{\"@type\":\"WebPage\",\"@id\":\"https:\\\/\\\/www.barcelonacapitalnautica.org\\\/es\\\/fede-waksman-gana-la-regata-la-mini-transat-en-categoria-proto\\\/\",\"url\":\"https:\\\/\\\/www.barcelonacapitalnautica.org\\\/es\\\/fede-waksman-gana-la-regata-la-mini-transat-en-categoria-proto\\\/\",\"name\":\"Fede Waksman gana la regata La Mini Transat en categor\u00eda Proto - Barcelona Capital N\u00e0utica\",\"isPartOf\":{\"@id\":\"https:\\\/\\\/www.barcelonacapitalnautica.org\\\/es\\\/#website\"},\"primaryImageOfPage\":{\"@id\":\"https:\\\/\\\/www.barcelonacapitalnautica.org\\\/es\\\/fede-waksman-gana-la-regata-la-mini-transat-en-categoria-proto\\\/#primaryimage\"},\"image\":{\"@id\":\"https:\\\/\\\/www.barcelonacapitalnautica.org\\\/es\\\/fede-waksman-gana-la-regata-la-mini-transat-en-categoria-proto\\\/#primaryimage\"},\"thumbnailUrl\":\"https:\\\/\\\/www.barcelonacapitalnautica.org\\\/wp-content\\\/uploads\\\/2023\\\/11\\\/Noti-Guanyador-Mini-Transat-23.png\",\"datePublished\":\"2023-11-13T11:51:39+00:00\",\"dateModified\":\"2023-11-13T12:52:52+00:00\",\"breadcrumb\":{\"@id\":\"https:\\\/\\\/www.barcelonacapitalnautica.org\\\/es\\\/fede-waksman-gana-la-regata-la-mini-transat-en-categoria-proto\\\/#breadcrumb\"},\"inLanguage\":\"es\",\"potentialAction\":[{\"@type\":\"ReadAction\",\"target\":[\"https:\\\/\\\/www.barcelonacapitalnautica.org\\\/es\\\/fede-waksman-gana-la-regata-la-mini-transat-en-categoria-proto\\\/\"]}]},{\"@type\":\"ImageObject\",\"inLanguage\":\"es\",\"@id\":\"https:\\\/\\\/www.barcelonacapitalnautica.org\\\/es\\\/fede-waksman-gana-la-regata-la-mini-transat-en-categoria-proto\\\/#primaryimage\",\"url\":\"https:\\\/\\\/www.barcelonacapitalnautica.org\\\/wp-content\\\/uploads\\\/2023\\\/11\\\/Noti-Guanyador-Mini-Transat-23.png\",\"contentUrl\":\"https:\\\/\\\/www.barcelonacapitalnautica.org\\\/wp-content\\\/uploads\\\/2023\\\/11\\\/Noti-Guanyador-Mini-Transat-23.png\",\"width\":1140,\"height\":440},{\"@type\":\"BreadcrumbList\",\"@id\":\"https:\\\/\\\/www.barcelonacapitalnautica.org\\\/es\\\/fede-waksman-gana-la-regata-la-mini-transat-en-categoria-proto\\\/#breadcrumb\",\"itemListElement\":[{\"@type\":\"ListItem\",\"position\":1,\"name\":\"Inici\",\"item\":\"https:\\\/\\\/www.barcelonacapitalnautica.org\\\/es\\\/\"},{\"@type\":\"ListItem\",\"position\":2,\"name\":\"Fede Waksman gana la regata La Mini Transat en categor\u00eda Proto\"}]},{\"@type\":\"WebSite\",\"@id\":\"https:\\\/\\\/www.barcelonacapitalnautica.org\\\/es\\\/#website\",\"url\":\"https:\\\/\\\/www.barcelonacapitalnautica.org\\\/es\\\/\",\"name\":\"Barcelona Capital N\u00e0utica\",\"description\":\"Barcelona Capital N\u00e0utica\",\"publisher\":{\"@id\":\"https:\\\/\\\/www.barcelonacapitalnautica.org\\\/es\\\/#organization\"},\"alternateName\":\"BCN\u00e0utica, FBCN\",\"potentialAction\":[{\"@type\":\"SearchAction\",\"target\":{\"@type\":\"EntryPoint\",\"urlTemplate\":\"https:\\\/\\\/www.barcelonacapitalnautica.org\\\/es\\\/?s={search_term_string}\"},\"query-input\":{\"@type\":\"PropertyValueSpecification\",\"valueRequired\":true,\"valueName\":\"search_term_string\"}}],\"inLanguage\":\"es\"},{\"@type\":\"Organization\",\"@id\":\"https:\\\/\\\/www.barcelonacapitalnautica.org\\\/es\\\/#organization\",\"name\":\"Barcelona Capital N\u00e0utica\",\"alternateName\":\"Fundaci\u00f3 Barcelona Capital N\u00e0utica\",\"url\":\"https:\\\/\\\/www.barcelonacapitalnautica.org\\\/es\\\/\",\"logo\":{\"@type\":\"ImageObject\",\"inLanguage\":\"es\",\"@id\":\"https:\\\/\\\/www.barcelonacapitalnautica.org\\\/es\\\/#\\\/schema\\\/logo\\\/image\\\/\",\"url\":\"https:\\\/\\\/www.barcelonacapitalnautica.org\\\/wp-content\\\/uploads\\\/2023\\\/03\\\/Logo-blau.svg\",\"contentUrl\":\"https:\\\/\\\/www.barcelonacapitalnautica.org\\\/wp-content\\\/uploads\\\/2023\\\/03\\\/Logo-blau.svg\",\"width\":200,\"height\":58,\"caption\":\"Barcelona Capital N\u00e0utica\"},\"image\":{\"@id\":\"https:\\\/\\\/www.barcelonacapitalnautica.org\\\/es\\\/#\\\/schema\\\/logo\\\/image\\\/\"},\"sameAs\":[\"https:\\\/\\\/www.facebook.com\\\/barcelonacapitalnautica\",\"https:\\\/\\\/x.com\\\/bcnautica\",\"https:\\\/\\\/www.instagram.com\\\/bcnautica\\\/\",\"https:\\\/\\\/www.linkedin.com\\\/company\\\/barcelona-capital-nautica\"]},{\"@type\":\"Person\",\"@id\":\"https:\\\/\\\/www.barcelonacapitalnautica.org\\\/es\\\/#\\\/schema\\\/person\\\/f1a7b6cdf70e48856b35358258241493\",\"name\":\"Cristina Martin\"}]}<\/script>\n<!-- \/ Yoast SEO plugin. -->","yoast_head_json":{"title":"Fede Waksman gana la regata La Mini Transat en categor\u00eda Proto - Barcelona Capital N\u00e0utica","robots":{"index":"index","follow":"follow","max-snippet":"max-snippet:-1","max-image-preview":"max-image-preview:large","max-video-preview":"max-video-preview:-1"},"canonical":"https:\/\/www.barcelonacapitalnautica.org\/es\/fede-waksman-gana-la-regata-la-mini-transat-en-categoria-proto\/","og_locale":"es_ES","og_type":"article","og_title":"Fede Waksman gana la regata La Mini Transat en categor\u00eda Proto - Barcelona Capital N\u00e0utica","og_description":"El pasado viernes empez\u00f3 a entrar la flota de la [&hellip;]","og_url":"https:\/\/www.barcelonacapitalnautica.org\/es\/fede-waksman-gana-la-regata-la-mini-transat-en-categoria-proto\/","og_site_name":"Barcelona Capital N\u00e0utica","article_publisher":"https:\/\/www.facebook.com\/barcelonacapitalnautica","article_published_time":"2023-11-13T11:51:39+00:00","article_modified_time":"2023-11-13T12:52:52+00:00","og_image":[{"width":1140,"height":440,"url":"https:\/\/www.barcelonacapitalnautica.org\/wp-content\/uploads\/2023\/11\/Noti-Guanyador-Mini-Transat-23.png","type":"image\/png"}],"author":"Cristina Martin","twitter_card":"summary_large_image","twitter_creator":"@bcnautica","twitter_site":"@bcnautica","twitter_misc":{"Escrito por":"Cristina Martin","Tiempo de lectura":"4 minutos"},"schema":{"@context":"https:\/\/schema.org","@graph":[{"@type":"Article","@id":"https:\/\/www.barcelonacapitalnautica.org\/es\/fede-waksman-gana-la-regata-la-mini-transat-en-categoria-proto\/#article","isPartOf":{"@id":"https:\/\/www.barcelonacapitalnautica.org\/es\/fede-waksman-gana-la-regata-la-mini-transat-en-categoria-proto\/"},"author":{"name":"Cristina Martin","@id":"https:\/\/www.barcelonacapitalnautica.org\/es\/#\/schema\/person\/f1a7b6cdf70e48856b35358258241493"},"headline":"Fede Waksman gana la regata La Mini Transat en categor\u00eda Proto","datePublished":"2023-11-13T11:51:39+00:00","dateModified":"2023-11-13T12:52:52+00:00","mainEntityOfPage":{"@id":"https:\/\/www.barcelonacapitalnautica.org\/es\/fede-waksman-gana-la-regata-la-mini-transat-en-categoria-proto\/"},"wordCount":684,"publisher":{"@id":"https:\/\/www.barcelonacapitalnautica.org\/es\/#organization"},"image":{"@id":"https:\/\/www.barcelonacapitalnautica.org\/es\/fede-waksman-gana-la-regata-la-mini-transat-en-categoria-proto\/#primaryimage"},"thumbnailUrl":"https:\/\/www.barcelonacapitalnautica.org\/wp-content\/uploads\/2023\/11\/Noti-Guanyador-Mini-Transat-23.png","keywords":["Base Mini","castellano","catal\u00e0","Educaci\u00f3","Esport","Esport","regata"],"articleSection":["Base Mini","Deporte","Educaci\u00f3n","Formaci\u00f3n","Regatas"],"inLanguage":"es"},{"@type":"WebPage","@id":"https:\/\/www.barcelonacapitalnautica.org\/es\/fede-waksman-gana-la-regata-la-mini-transat-en-categoria-proto\/","url":"https:\/\/www.barcelonacapitalnautica.org\/es\/fede-waksman-gana-la-regata-la-mini-transat-en-categoria-proto\/","name":"Fede Waksman gana la regata La Mini Transat en categor\u00eda Proto - Barcelona Capital N\u00e0utica","isPartOf":{"@id":"https:\/\/www.barcelonacapitalnautica.org\/es\/#website"},"primaryImageOfPage":{"@id":"https:\/\/www.barcelonacapitalnautica.org\/es\/fede-waksman-gana-la-regata-la-mini-transat-en-categoria-proto\/#primaryimage"},"image":{"@id":"https:\/\/www.barcelonacapitalnautica.org\/es\/fede-waksman-gana-la-regata-la-mini-transat-en-categoria-proto\/#primaryimage"},"thumbnailUrl":"https:\/\/www.barcelonacapitalnautica.org\/wp-content\/uploads\/2023\/11\/Noti-Guanyador-Mini-Transat-23.png","datePublished":"2023-11-13T11:51:39+00:00","dateModified":"2023-11-13T12:52:52+00:00","breadcrumb":{"@id":"https:\/\/www.barcelonacapitalnautica.org\/es\/fede-waksman-gana-la-regata-la-mini-transat-en-categoria-proto\/#breadcrumb"},"inLanguage":"es","potentialAction":[{"@type":"ReadAction","target":["https:\/\/www.barcelonacapitalnautica.org\/es\/fede-waksman-gana-la-regata-la-mini-transat-en-categoria-proto\/"]}]},{"@type":"ImageObject","inLanguage":"es","@id":"https:\/\/www.barcelonacapitalnautica.org\/es\/fede-waksman-gana-la-regata-la-mini-transat-en-categoria-proto\/#primaryimage","url":"https:\/\/www.barcelonacapitalnautica.org\/wp-content\/uploads\/2023\/11\/Noti-Guanyador-Mini-Transat-23.png","contentUrl":"https:\/\/www.barcelonacapitalnautica.org\/wp-content\/uploads\/2023\/11\/Noti-Guanyador-Mini-Transat-23.png","width":1140,"height":440},{"@type":"BreadcrumbList","@id":"https:\/\/www.barcelonacapitalnautica.org\/es\/fede-waksman-gana-la-regata-la-mini-transat-en-categoria-proto\/#breadcrumb","itemListElement":[{"@type":"ListItem","position":1,"name":"Inici","item":"https:\/\/www.barcelonacapitalnautica.org\/es\/"},{"@type":"ListItem","position":2,"name":"Fede Waksman gana la regata La Mini Transat en categor\u00eda Proto"}]},{"@type":"WebSite","@id":"https:\/\/www.barcelonacapitalnautica.org\/es\/#website","url":"https:\/\/www.barcelonacapitalnautica.org\/es\/","name":"Barcelona Capital N\u00e0utica","description":"Barcelona Capital N\u00e0utica","publisher":{"@id":"https:\/\/www.barcelonacapitalnautica.org\/es\/#organization"},"alternateName":"BCN\u00e0utica, FBCN","potentialAction":[{"@type":"SearchAction","target":{"@type":"EntryPoint","urlTemplate":"https:\/\/www.barcelonacapitalnautica.org\/es\/?s={search_term_string}"},"query-input":{"@type":"PropertyValueSpecification","valueRequired":true,"valueName":"search_term_string"}}],"inLanguage":"es"},{"@type":"Organization","@id":"https:\/\/www.barcelonacapitalnautica.org\/es\/#organization","name":"Barcelona Capital N\u00e0utica","alternateName":"Fundaci\u00f3 Barcelona Capital N\u00e0utica","url":"https:\/\/www.barcelonacapitalnautica.org\/es\/","logo":{"@type":"ImageObject","inLanguage":"es","@id":"https:\/\/www.barcelonacapitalnautica.org\/es\/#\/schema\/logo\/image\/","url":"https:\/\/www.barcelonacapitalnautica.org\/wp-content\/uploads\/2023\/03\/Logo-blau.svg","contentUrl":"https:\/\/www.barcelonacapitalnautica.org\/wp-content\/uploads\/2023\/03\/Logo-blau.svg","width":200,"height":58,"caption":"Barcelona Capital N\u00e0utica"},"image":{"@id":"https:\/\/www.barcelonacapitalnautica.org\/es\/#\/schema\/logo\/image\/"},"sameAs":["https:\/\/www.facebook.com\/barcelonacapitalnautica","https:\/\/x.com\/bcnautica","https:\/\/www.instagram.com\/bcnautica\/","https:\/\/www.linkedin.com\/company\/barcelona-capital-nautica"]},{"@type":"Person","@id":"https:\/\/www.barcelonacapitalnautica.org\/es\/#\/schema\/person\/f1a7b6cdf70e48856b35358258241493","name":"Cristina Martin"}]}},"uagb_featured_image_src":{"full":["https:\/\/www.barcelonacapitalnautica.org\/wp-content\/uploads\/2023\/11\/Noti-Guanyador-Mini-Transat-23.png",1140,440,false],"thumbnail":["https:\/\/www.barcelonacapitalnautica.org\/wp-content\/uploads\/2023\/11\/Noti-Guanyador-Mini-Transat-23-380x147.png",380,147,true],"medium":["https:\/\/www.barcelonacapitalnautica.org\/wp-content\/uploads\/2023\/11\/Noti-Guanyador-Mini-Transat-23-560x216.png",560,216,true],"medium_large":["https:\/\/www.barcelonacapitalnautica.org\/wp-content\/uploads\/2023\/11\/Noti-Guanyador-Mini-Transat-23-768x296.png",768,296,true],"large":["https:\/\/www.barcelonacapitalnautica.org\/wp-content\/uploads\/2023\/11\/Noti-Guanyador-Mini-Transat-23-900x347.png",900,347,true],"1536x1536":["https:\/\/www.barcelonacapitalnautica.org\/wp-content\/uploads\/2023\/11\/Noti-Guanyador-Mini-Transat-23.png",1140,440,false],"2048x2048":["https:\/\/www.barcelonacapitalnautica.org\/wp-content\/uploads\/2023\/11\/Noti-Guanyador-Mini-Transat-23.png",1140,440,false]},"uagb_author_info":{"display_name":"Cristina Martin","author_link":"https:\/\/www.barcelonacapitalnautica.org\/es\/author\/fbcn_cristina\/"},"uagb_comment_info":0,"uagb_excerpt":"El pasado viernes empez\u00f3 a entrar la flota de la [&hellip;]","_links":{"self":[{"href":"https:\/\/www.barcelonacapitalnautica.org\/es\/wp-json\/wp\/v2\/posts\/262267","targetHints":{"allow":["GET"]}}],"collection":[{"href":"https:\/\/www.barcelonacapitalnautica.org\/es\/wp-json\/wp\/v2\/posts"}],"about":[{"href":"https:\/\/www.barcelonacapitalnautica.org\/es\/wp-json\/wp\/v2\/types\/post"}],"author":[{"embeddable":true,"href":"https:\/\/www.barcelonacapitalnautica.org\/es\/wp-json\/wp\/v2\/users\/3"}],"replies":[{"embeddable":true,"href":"https:\/\/www.barcelonacapitalnautica.org\/es\/wp-json\/wp\/v2\/comments?post=262267"}],"version-history":[{"count":4,"href":"https:\/\/www.barcelonacapitalnautica.org\/es\/wp-json\/wp\/v2\/posts\/262267\/revisions"}],"predecessor-version":[{"id":262278,"href":"https:\/\/www.barcelonacapitalnautica.org\/es\/wp-json\/wp\/v2\/posts\/262267\/revisions\/262278"}],"wp:featuredmedia":[{"embeddable":true,"href":"https:\/\/www.barcelonacapitalnautica.org\/es\/wp-json\/wp\/v2\/media\/262242"}],"wp:attachment":[{"href":"https:\/\/www.barcelonacapitalnautica.org\/es\/wp-json\/wp\/v2\/media?parent=262267"}],"wp:term":[{"taxonomy":"category","embeddable":true,"href":"https:\/\/www.barcelonacapitalnautica.org\/es\/wp-json\/wp\/v2\/categories?post=262267"},{"taxonomy":"post_tag","embeddable":true,"href":"https:\/\/www.barcelonacapitalnautica.org\/es\/wp-json\/wp\/v2\/tags?post=262267"}],"curies":[{"name":"wp","href":"https:\/\/api.w.org\/{rel}","templated":true}]}}