{"id":262691,"date":"2023-12-12T16:24:57","date_gmt":"2023-12-12T15:24:57","guid":{"rendered":"https:\/\/www.barcelonacapitalnautica.org\/?p=262691"},"modified":"2024-01-18T20:46:30","modified_gmt":"2024-01-18T19:46:30","slug":"celebrem-la-victoria-dels-navegants-de-la-mini-transat-a-casa","status":"publish","type":"post","link":"https:\/\/www.barcelonacapitalnautica.org\/es\/celebrem-la-victoria-dels-navegants-de-la-mini-transat-a-casa\/","title":{"rendered":"Celebramos la victoria de los navegantes de La Mini Transat en casa!"},"content":{"rendered":"\n<p>La Fundaci\u00f3 Barcelona Capital N\u00e0utica (FBCN), <a href=\"https:\/\/www.barcelonacapitalnautica.org\/es\/deporte\/basemini\/\">Base Mini Barcelona<\/a> y la <a href=\"https:\/\/vela.cat\/\">Federaci\u00f3 Catalana de Vela<\/a> hemos celebrado un acto de bienvenida para los navegantes que participaron en la regata Mini Transat, una de las competiciones m\u00e1s exigentes del mundo, conocida como el \u00abHimalaya del mar\u00bb. Durante el evento, expresamos nuestro agradecimiento a Fede Waksman, quien obtuvo la 1a posici\u00f3n, a Carlos Manera en la 2a posici\u00f3n y a Marc Claramunt en la 13a posici\u00f3n, por su valioso desempe\u00f1o, y compartieron sus experiencias en una de las regatas m\u00e1s desafiantes a nivel mundial. Tambi\u00e9n contamos con la participaci\u00f3n de Susana Closa, Gerente del Instituto Barcelona Esports del Ayuntamiento de Barcelona, quien, en la reuni\u00f3n celebrada en el <a href=\"https:\/\/www.bisc.cat\/\">Barcelona International Sailing Center<\/a> (BISC), reiter\u00f3 <em>\u00abla apuesta del Ayuntamiento de Barcelona por el deporte de la vela y el orgullo de ver c\u00f3mo este proyecto se ha consolidado a nivel nacional y europeo\u00bb<\/em>.<\/p>\n\n\n\n<figure class=\"wp-block-image size-large\"><img loading=\"lazy\" decoding=\"async\" width=\"900\" height=\"600\" src=\"https:\/\/www.barcelonacapitalnautica.org\/wp-content\/uploads\/2023\/12\/Noti-Celebracio-Mini-Transat-2319-1-900x600.jpeg\" alt=\"\" class=\"wp-image-262651\" srcset=\"https:\/\/www.barcelonacapitalnautica.org\/wp-content\/uploads\/2023\/12\/Noti-Celebracio-Mini-Transat-2319-1-900x600.jpeg 900w, https:\/\/www.barcelonacapitalnautica.org\/wp-content\/uploads\/2023\/12\/Noti-Celebracio-Mini-Transat-2319-1-560x373.jpeg 560w, https:\/\/www.barcelonacapitalnautica.org\/wp-content\/uploads\/2023\/12\/Noti-Celebracio-Mini-Transat-2319-1-380x253.jpeg 380w, https:\/\/www.barcelonacapitalnautica.org\/wp-content\/uploads\/2023\/12\/Noti-Celebracio-Mini-Transat-2319-1-768x512.jpeg 768w, https:\/\/www.barcelonacapitalnautica.org\/wp-content\/uploads\/2023\/12\/Noti-Celebracio-Mini-Transat-2319-1-1536x1024.jpeg 1536w, https:\/\/www.barcelonacapitalnautica.org\/wp-content\/uploads\/2023\/12\/Noti-Celebracio-Mini-Transat-2319-1.jpeg 1620w\" sizes=\"auto, (max-width: 900px) 100vw, 900px\" \/><\/figure>\n\n\n\n<p>Los protagonistas del acontecimiento han sido los tres navegantes participantes en la Mini Transat que se han clasificado entre los 10 primeros de la edici\u00f3n de este a\u00f1o, un gran hito teniendo en cuenta la importancia de la regata en el panorama internacional. <strong>Fede Waksman<\/strong>, ganador de la edici\u00f3n 2023 de la regata en categor\u00eda Proto, formado en la Base Mini Barcelona y uno de sus grandes exponentes, ha compartido con los asistentes su experiencia a la regata y la alegr\u00eda de la victoria:<em> \u201cLo m\u00e1s importante es el aprendizaje, las herramientas que vas adquiriendo y te permiten avanzar en un reto de este tipo. La clave est\u00e1 en superar tus l\u00edmites y que cuando la competici\u00f3n se convierte en pura supervivencia, estos conocimientos te den el impulso para seguir y no abandonar\u201d. <\/em>Waksman se ha encontrado con algunos retos durante la traves\u00eda por ejemplo, en la costa de Portugal se cruzaban en su camino unas orcas que comprometieron su mini, aun as\u00ed, el uruguayo pudo hacerse con la preciada primera posici\u00f3n.<\/p>\n\n\n\n<p>El segundo clasificado, <strong>Carlos Manera<\/strong> -hist\u00f3rico primer ganador espa\u00f1ol de la primera etapa de la edici\u00f3n de la regata de 2023- a la pregunta sobre cuando acept\u00f3 que Waksman ser\u00eda el ganador de la regata ha afirmado contundente: <em>\u201cnunca, si algo compartimos el Fede y yo es precisamente esta competitividad y como amigos que somos sabemos que ambos apretaremos hasta el final y lucharemos cada metro, cada segundo. Es lo que nos hace avanzar y mejorar\u201d.<\/em> A\u00fan as\u00ed, el \u00e9xito de su proyecto ha sido indiscutible \u201c<em>todo ha sido fruto del gran trabajo de preparaci\u00f3n y al sacrificio que hemos hecho para tenerlo todo controlado al m\u00e1ximo, para poder salir lo m\u00e1s tranquilos posible. Incluso en la segunda etapa donde tuve problemas con la impresi\u00f3n de la ruta, pude salir tranquilo por todo el trabajo hecho<\/em>\u201d.<\/p>\n\n\n\t\t\t\t\t<div\n\t\t\t\t\t\tclass=\"wp-block-uagb-image-gallery uagb-block-51136451     \"\n\t\t\t\t\t\tstyle=\"\"\n\t\t\t\t\t>\n\t\t\t\t\t\t\t\t\t\t\t<div class=\"spectra-image-gallery spectra-image-gallery__layout--grid spectra-image-gallery__layout--grid-col-3 spectra-image-gallery__layout--grid-col-tab-3 spectra-image-gallery__layout--grid-col-mob-2\">\n\t\t\t\t\t\t\t\t\t\t\t<div class='spectra-image-gallery__media-wrapper' data-spectra-gallery-image-id='262655' tabindex=\"0\">\n\t\t\t\t\t\t\t<div class=\"spectra-image-gallery__media spectra-image-gallery__media--grid\">\n\t\t\t\t<picture>\n\t\t\t\t\t<source media=\"(min-width: 1024px)\" srcset=\"https:\/\/www.barcelonacapitalnautica.org\/wp-content\/uploads\/2023\/12\/Noti-Celebracio-Mini-Transat-2318-900x600.jpeg\">\n\t\t\t\t\t<source media=\"(min-width: 768px)\" srcset=\"https:\/\/www.barcelonacapitalnautica.org\/wp-content\/uploads\/2023\/12\/Noti-Celebracio-Mini-Transat-2318-900x600.jpeg\">\n\t\t\t\t\t<img decoding=\"async\" class=\"spectra-image-gallery__media-thumbnail spectra-image-gallery__media-thumbnail--grid\" src=\"https:\/\/www.barcelonacapitalnautica.org\/wp-content\/uploads\/2023\/12\/Noti-Celebracio-Mini-Transat-2318-560x373.jpeg\" alt=\"\" loading=\"lazy\" \/>\n\t\t\t\t<\/picture>\n\t\t\t\t<div class=\"spectra-image-gallery__media-thumbnail-blurrer\"><\/div>\n\t\t\t\t\t\t\t\t\t\t\t<div class=\"spectra-image-gallery__media-thumbnail-caption-wrapper spectra-image-gallery__media-thumbnail-caption-wrapper--overlay\">\n\t\t\t\t\t\t\t\t\t\t\t<div class=\"spectra-image-gallery__media-thumbnail-caption spectra-image-gallery__media-thumbnail-caption--overlay\">\n\t\t\t\t\tSin leyenda\t\t\t\t<\/div>\n\t\t\t\t\t\t\t\t\t\t<\/div>\n\t\t\t\t\t\t\t\t\t<\/div>\n\t\t\t\t\t\t<\/div>\n\t\t\t\t\t\t<div class='spectra-image-gallery__media-wrapper' data-spectra-gallery-image-id='262671' tabindex=\"0\">\n\t\t\t\t\t\t\t<div class=\"spectra-image-gallery__media spectra-image-gallery__media--grid\">\n\t\t\t\t<picture>\n\t\t\t\t\t<source media=\"(min-width: 1024px)\" srcset=\"https:\/\/www.barcelonacapitalnautica.org\/wp-content\/uploads\/2023\/12\/Noti-Celebracio-Mini-Transat-2313-900x600.jpeg\">\n\t\t\t\t\t<source media=\"(min-width: 768px)\" srcset=\"https:\/\/www.barcelonacapitalnautica.org\/wp-content\/uploads\/2023\/12\/Noti-Celebracio-Mini-Transat-2313-900x600.jpeg\">\n\t\t\t\t\t<img decoding=\"async\" class=\"spectra-image-gallery__media-thumbnail spectra-image-gallery__media-thumbnail--grid\" src=\"https:\/\/www.barcelonacapitalnautica.org\/wp-content\/uploads\/2023\/12\/Noti-Celebracio-Mini-Transat-2313-560x373.jpeg\" alt=\"\" loading=\"lazy\" \/>\n\t\t\t\t<\/picture>\n\t\t\t\t<div class=\"spectra-image-gallery__media-thumbnail-blurrer\"><\/div>\n\t\t\t\t\t\t\t\t\t\t\t<div class=\"spectra-image-gallery__media-thumbnail-caption-wrapper spectra-image-gallery__media-thumbnail-caption-wrapper--overlay\">\n\t\t\t\t\t\t\t\t\t\t\t<div class=\"spectra-image-gallery__media-thumbnail-caption spectra-image-gallery__media-thumbnail-caption--overlay\">\n\t\t\t\t\tSin leyenda\t\t\t\t<\/div>\n\t\t\t\t\t\t\t\t\t\t<\/div>\n\t\t\t\t\t\t\t\t\t<\/div>\n\t\t\t\t\t\t<\/div>\n\t\t\t\t\t\t<div class='spectra-image-gallery__media-wrapper' data-spectra-gallery-image-id='262656' tabindex=\"0\">\n\t\t\t\t\t\t\t<div class=\"spectra-image-gallery__media spectra-image-gallery__media--grid\">\n\t\t\t\t<picture>\n\t\t\t\t\t<source media=\"(min-width: 1024px)\" srcset=\"https:\/\/www.barcelonacapitalnautica.org\/wp-content\/uploads\/2023\/12\/Noti-Celebracio-Mini-Transat-2317-900x600.jpeg\">\n\t\t\t\t\t<source media=\"(min-width: 768px)\" srcset=\"https:\/\/www.barcelonacapitalnautica.org\/wp-content\/uploads\/2023\/12\/Noti-Celebracio-Mini-Transat-2317-900x600.jpeg\">\n\t\t\t\t\t<img decoding=\"async\" class=\"spectra-image-gallery__media-thumbnail spectra-image-gallery__media-thumbnail--grid\" src=\"https:\/\/www.barcelonacapitalnautica.org\/wp-content\/uploads\/2023\/12\/Noti-Celebracio-Mini-Transat-2317-560x373.jpeg\" alt=\"\" loading=\"lazy\" \/>\n\t\t\t\t<\/picture>\n\t\t\t\t<div class=\"spectra-image-gallery__media-thumbnail-blurrer\"><\/div>\n\t\t\t\t\t\t\t\t\t\t\t<div class=\"spectra-image-gallery__media-thumbnail-caption-wrapper spectra-image-gallery__media-thumbnail-caption-wrapper--overlay\">\n\t\t\t\t\t\t\t\t\t\t\t<div class=\"spectra-image-gallery__media-thumbnail-caption spectra-image-gallery__media-thumbnail-caption--overlay\">\n\t\t\t\t\tSin leyenda\t\t\t\t<\/div>\n\t\t\t\t\t\t\t\t\t\t<\/div>\n\t\t\t\t\t\t\t\t\t<\/div>\n\t\t\t\t\t\t<\/div>\n\t\t\t\t\t\t<div class='spectra-image-gallery__media-wrapper' data-spectra-gallery-image-id='262665' tabindex=\"0\">\n\t\t\t\t\t\t\t<div class=\"spectra-image-gallery__media spectra-image-gallery__media--grid\">\n\t\t\t\t<picture>\n\t\t\t\t\t<source media=\"(min-width: 1024px)\" srcset=\"https:\/\/www.barcelonacapitalnautica.org\/wp-content\/uploads\/2023\/12\/Noti-Celebracio-Mini-Transat-2332-900x600.jpeg\">\n\t\t\t\t\t<source media=\"(min-width: 768px)\" srcset=\"https:\/\/www.barcelonacapitalnautica.org\/wp-content\/uploads\/2023\/12\/Noti-Celebracio-Mini-Transat-2332-900x600.jpeg\">\n\t\t\t\t\t<img decoding=\"async\" class=\"spectra-image-gallery__media-thumbnail spectra-image-gallery__media-thumbnail--grid\" src=\"https:\/\/www.barcelonacapitalnautica.org\/wp-content\/uploads\/2023\/12\/Noti-Celebracio-Mini-Transat-2332-560x373.jpeg\" alt=\"\" loading=\"lazy\" \/>\n\t\t\t\t<\/picture>\n\t\t\t\t<div class=\"spectra-image-gallery__media-thumbnail-blurrer\"><\/div>\n\t\t\t\t\t\t\t\t\t\t\t<div class=\"spectra-image-gallery__media-thumbnail-caption-wrapper spectra-image-gallery__media-thumbnail-caption-wrapper--overlay\">\n\t\t\t\t\t\t\t\t\t\t\t<div class=\"spectra-image-gallery__media-thumbnail-caption spectra-image-gallery__media-thumbnail-caption--overlay\">\n\t\t\t\t\tSin leyenda\t\t\t\t<\/div>\n\t\t\t\t\t\t\t\t\t\t<\/div>\n\t\t\t\t\t\t\t\t\t<\/div>\n\t\t\t\t\t\t<\/div>\n\t\t\t\t\t\t<div class='spectra-image-gallery__media-wrapper' data-spectra-gallery-image-id='262686' tabindex=\"0\">\n\t\t\t\t\t\t\t<div class=\"spectra-image-gallery__media spectra-image-gallery__media--grid\">\n\t\t\t\t<picture>\n\t\t\t\t\t<source media=\"(min-width: 1024px)\" srcset=\"https:\/\/www.barcelonacapitalnautica.org\/wp-content\/uploads\/2023\/12\/Noti-Celebracio-Mini-Transat-239-900x600.jpeg\">\n\t\t\t\t\t<source media=\"(min-width: 768px)\" srcset=\"https:\/\/www.barcelonacapitalnautica.org\/wp-content\/uploads\/2023\/12\/Noti-Celebracio-Mini-Transat-239-900x600.jpeg\">\n\t\t\t\t\t<img decoding=\"async\" class=\"spectra-image-gallery__media-thumbnail spectra-image-gallery__media-thumbnail--grid\" src=\"https:\/\/www.barcelonacapitalnautica.org\/wp-content\/uploads\/2023\/12\/Noti-Celebracio-Mini-Transat-239-560x373.jpeg\" alt=\"\" loading=\"lazy\" \/>\n\t\t\t\t<\/picture>\n\t\t\t\t<div class=\"spectra-image-gallery__media-thumbnail-blurrer\"><\/div>\n\t\t\t\t\t\t\t\t\t\t\t<div class=\"spectra-image-gallery__media-thumbnail-caption-wrapper spectra-image-gallery__media-thumbnail-caption-wrapper--overlay\">\n\t\t\t\t\t\t\t\t\t\t\t<div class=\"spectra-image-gallery__media-thumbnail-caption spectra-image-gallery__media-thumbnail-caption--overlay\">\n\t\t\t\t\tSin leyenda\t\t\t\t<\/div>\n\t\t\t\t\t\t\t\t\t\t<\/div>\n\t\t\t\t\t\t\t\t\t<\/div>\n\t\t\t\t\t\t<\/div>\n\t\t\t\t\t\t<div class='spectra-image-gallery__media-wrapper' data-spectra-gallery-image-id='262660' tabindex=\"0\">\n\t\t\t\t\t\t\t<div class=\"spectra-image-gallery__media spectra-image-gallery__media--grid\">\n\t\t\t\t<picture>\n\t\t\t\t\t<source media=\"(min-width: 1024px)\" srcset=\"https:\/\/www.barcelonacapitalnautica.org\/wp-content\/uploads\/2023\/12\/Noti-Celebracio-Mini-Transat-2326-900x600.jpeg\">\n\t\t\t\t\t<source media=\"(min-width: 768px)\" srcset=\"https:\/\/www.barcelonacapitalnautica.org\/wp-content\/uploads\/2023\/12\/Noti-Celebracio-Mini-Transat-2326-900x600.jpeg\">\n\t\t\t\t\t<img decoding=\"async\" class=\"spectra-image-gallery__media-thumbnail spectra-image-gallery__media-thumbnail--grid\" src=\"https:\/\/www.barcelonacapitalnautica.org\/wp-content\/uploads\/2023\/12\/Noti-Celebracio-Mini-Transat-2326-560x373.jpeg\" alt=\"\" loading=\"lazy\" \/>\n\t\t\t\t<\/picture>\n\t\t\t\t<div class=\"spectra-image-gallery__media-thumbnail-blurrer\"><\/div>\n\t\t\t\t\t\t\t\t\t\t\t<div class=\"spectra-image-gallery__media-thumbnail-caption-wrapper spectra-image-gallery__media-thumbnail-caption-wrapper--overlay\">\n\t\t\t\t\t\t\t\t\t\t\t<div class=\"spectra-image-gallery__media-thumbnail-caption spectra-image-gallery__media-thumbnail-caption--overlay\">\n\t\t\t\t\tSin leyenda\t\t\t\t<\/div>\n\t\t\t\t\t\t\t\t\t\t<\/div>\n\t\t\t\t\t\t\t\t\t<\/div>\n\t\t\t\t\t\t<\/div>\n\t\t\t\t\t\t\t\t\t\t<\/div>\n\t\t\t\t\t\t\t\t\t\t\t\t\t\t\t\t\t\t<\/div>\n\t\t\t\t\t\t\t\t\t\n\n\n<p><\/p>\n\n\n\n<p><strong>Marc Claramunt<\/strong>, el 13.\u00ba clasificado, tambi\u00e9n ha hablado del reto que ha supuesto su segunda Mini Transat <em>\u201cesta edici\u00f3n no ha sido m\u00e1s f\u00e1cil que la anterior, pero s\u00ed m\u00e1s tranquila, es una regata dura donde tienes que afrontar todos los retos solo, pero ayuda conocer ya el camino\u201d<\/em>. En cuanto a los nuevos proyectos, Claramunt quiere continuar navegando y no descarta la posibilidad de volver a hacer la Mini Transat con un barco con m\u00e1s posibilidades.<\/p>\n\n\n\n<p>Durante el evento no solo se ha celebrado el triunfo de los navegantes, sino que se ha hecho una valoraci\u00f3n de la trayectoria de la Base Mini Barcelona como plantel de regatistas y de la importancia del deporte base para continuar haciendo crecer la pr\u00e1ctica de la vela en Catalu\u00f1a. <strong>Anna Corbella <\/strong>y<strong> Oriol Pujol<\/strong> responsables de la Base Mini han dicho: <em>\u201ctodo y los altibajos siempre hemos tenido muy buenos acompa\u00f1antes, por eso queremos agradecer al Ayuntamiento de Barcelona que ha apoyado el proyecto desde el minuto 1, que nos escuch\u00f3 cuando era un sue\u00f1o, cuando mucha gente no conoc\u00eda la clase mini, despu\u00e9s nos escucharon tambi\u00e9n la Fundaci\u00f3 [Barcelona Capital N\u00e0utica] y la Federaci\u00f3n [Catalana de Vela], que han cre\u00eddo en nosotros y nos han acompa\u00f1ado. Hasta ahora, que tenemos aut\u00e9nticos campeones sin los que esto no ser\u00eda posible y que han dado el 150% para llegar a lo m\u00e1s alto\u201d<\/em>.&nbsp;<\/p>\n\n\n\n<p>Ha cerrado el acto <strong>Xavier Torres<\/strong>, presidente de la <strong>Federaci\u00f3 Catalana de Vela<\/strong>, que ha manifestado <em>\u201cHoy, estamos reunidos no solo para celebrar estos \u00e9xitos en la Mini Transat, sino tambi\u00e9n para marcar el inicio de una nueva etapa emocionante con la colaboraci\u00f3n entre Fundaci\u00f3 Barcelona Capital N\u00e0utica, Base Mini Barcelona y Federaci\u00f3n Catalana de Vela\u201d.<\/em> Torres ha a\u00f1adido <em>\u201cla nueva sede de la Base Mini, aqu\u00ed en el Barcelona International Sailing Center, tiene que consolidar nuestra posici\u00f3n como referente en la Clase Mini 6.50 en el sur de Europa y tambi\u00e9n asegurar un futuro prometedor para la vela catalana.\u201d<\/em><\/p>\n","protected":false},"excerpt":{"rendered":"<p>La Fundaci\u00f3 Barcelona Capital N\u00e0utica (FBCN), Base Mini Barcelona y [&hellip;]<\/p>\n","protected":false},"author":3,"featured_media":262646,"comment_status":"closed","ping_status":"closed","sticky":false,"template":"","format":"standard","meta":{"_uag_custom_page_level_css":"","site-sidebar-layout":"default","site-content-layout":"","ast-site-content-layout":"default","site-content-style":"default","site-sidebar-style":"default","ast-global-header-display":"","ast-banner-title-visibility":"","ast-main-header-display":"","ast-hfb-above-header-display":"","ast-hfb-below-header-display":"","ast-hfb-mobile-header-display":"","site-post-title":"","ast-breadcrumbs-content":"","ast-featured-img":"","footer-sml-layout":"","ast-disable-related-posts":"","theme-transparent-header-meta":"","adv-header-id-meta":"","stick-header-meta":"","header-above-stick-meta":"","header-main-stick-meta":"","header-below-stick-meta":"","astra-migrate-meta-layouts":"set","ast-page-background-enabled":"default","ast-page-background-meta":{"desktop":{"background-color":"","background-image":"","background-repeat":"repeat","background-position":"center center","background-size":"auto","background-attachment":"scroll","background-type":"","background-media":"","overlay-type":"","overlay-color":"","overlay-opacity":"","overlay-gradient":""},"tablet":{"background-color":"","background-image":"","background-repeat":"repeat","background-position":"center center","background-size":"auto","background-attachment":"scroll","background-type":"","background-media":"","overlay-type":"","overlay-color":"","overlay-opacity":"","overlay-gradient":""},"mobile":{"background-color":"","background-image":"","background-repeat":"repeat","background-position":"center center","background-size":"auto","background-attachment":"scroll","background-type":"","background-media":"","overlay-type":"","overlay-color":"","overlay-opacity":"","overlay-gradient":""}},"ast-content-background-meta":{"desktop":{"background-color":"var(--ast-global-color-5)","background-image":"","background-repeat":"repeat","background-position":"center center","background-size":"auto","background-attachment":"scroll","background-type":"","background-media":"","overlay-type":"","overlay-color":"","overlay-opacity":"","overlay-gradient":""},"tablet":{"background-color":"var(--ast-global-color-5)","background-image":"","background-repeat":"repeat","background-position":"center center","background-size":"auto","background-attachment":"scroll","background-type":"","background-media":"","overlay-type":"","overlay-color":"","overlay-opacity":"","overlay-gradient":""},"mobile":{"background-color":"var(--ast-global-color-5)","background-image":"","background-repeat":"repeat","background-position":"center center","background-size":"auto","background-attachment":"scroll","background-type":"","background-media":"","overlay-type":"","overlay-color":"","overlay-opacity":"","overlay-gradient":""}},"_price":"","_stock":"","_tribe_ticket_header":"","_tribe_default_ticket_provider":"","_tribe_ticket_capacity":"0","_ticket_start_date":"","_ticket_end_date":"","_tribe_ticket_show_description":"","_tribe_ticket_show_not_going":false,"_tribe_ticket_use_global_stock":"","_tribe_ticket_global_stock_level":"","_global_stock_mode":"","_global_stock_cap":"","_tribe_rsvp_for_event":"","_tribe_ticket_going_count":"","_tribe_ticket_not_going_count":"","_tribe_tickets_list":[],"_tribe_ticket_has_attendee_info_fields":false,"footnotes":""},"categories":[104,100,99,101],"tags":[118,115,117,161,124,135,119],"class_list":["post-262691","post","type-post","status-publish","format-standard","has-post-thumbnail","hentry","category-base-mini","category-deporte","category-educacion","category-regatas","tag-basemini-es-2","tag-castellano","tag-catala-es","tag-deporte-es","tag-educacio-es","tag-esport","tag-regata-es-2"],"yoast_head":"<!-- This site is optimized with the Yoast SEO plugin v27.5 - https:\/\/yoast.com\/product\/yoast-seo-wordpress\/ -->\n<title>Celebramos la victoria de los navegantes de La Mini Transat en casa! - Barcelona Capital N\u00e0utica<\/title>\n<meta name=\"robots\" content=\"index, follow, max-snippet:-1, max-image-preview:large, max-video-preview:-1\" \/>\n<link rel=\"canonical\" href=\"https:\/\/www.barcelonacapitalnautica.org\/es\/celebrem-la-victoria-dels-navegants-de-la-mini-transat-a-casa\/\" \/>\n<meta property=\"og:locale\" content=\"es_ES\" \/>\n<meta property=\"og:type\" content=\"article\" \/>\n<meta property=\"og:title\" content=\"Celebramos la victoria de los navegantes de La Mini Transat en casa! - Barcelona Capital N\u00e0utica\" \/>\n<meta property=\"og:description\" content=\"La Fundaci\u00f3 Barcelona Capital N\u00e0utica (FBCN), Base Mini Barcelona y [&hellip;]\" \/>\n<meta property=\"og:url\" content=\"https:\/\/www.barcelonacapitalnautica.org\/es\/celebrem-la-victoria-dels-navegants-de-la-mini-transat-a-casa\/\" \/>\n<meta property=\"og:site_name\" content=\"Barcelona Capital N\u00e0utica\" \/>\n<meta property=\"article:publisher\" content=\"https:\/\/www.facebook.com\/barcelonacapitalnautica\" \/>\n<meta property=\"article:published_time\" content=\"2023-12-12T15:24:57+00:00\" \/>\n<meta property=\"article:modified_time\" content=\"2024-01-18T19:46:30+00:00\" \/>\n<meta property=\"og:image\" content=\"https:\/\/www.barcelonacapitalnautica.org\/wp-content\/uploads\/2023\/12\/Noti-Celebracio-Mini-Transat-23.png\" \/>\n\t<meta property=\"og:image:width\" content=\"1140\" \/>\n\t<meta property=\"og:image:height\" content=\"440\" \/>\n\t<meta property=\"og:image:type\" content=\"image\/png\" \/>\n<meta name=\"author\" content=\"Cristina Martin\" \/>\n<meta name=\"twitter:card\" content=\"summary_large_image\" \/>\n<meta name=\"twitter:creator\" content=\"@bcnautica\" \/>\n<meta name=\"twitter:site\" content=\"@bcnautica\" \/>\n<meta name=\"twitter:label1\" content=\"Escrito por\" \/>\n\t<meta name=\"twitter:data1\" content=\"Cristina Martin\" \/>\n\t<meta name=\"twitter:label2\" content=\"Tiempo de lectura\" \/>\n\t<meta name=\"twitter:data2\" content=\"5 minutos\" \/>\n<script type=\"application\/ld+json\" class=\"yoast-schema-graph\">{\"@context\":\"https:\\\/\\\/schema.org\",\"@graph\":[{\"@type\":\"Article\",\"@id\":\"https:\\\/\\\/www.barcelonacapitalnautica.org\\\/es\\\/celebrem-la-victoria-dels-navegants-de-la-mini-transat-a-casa\\\/#article\",\"isPartOf\":{\"@id\":\"https:\\\/\\\/www.barcelonacapitalnautica.org\\\/es\\\/celebrem-la-victoria-dels-navegants-de-la-mini-transat-a-casa\\\/\"},\"author\":{\"name\":\"Cristina Martin\",\"@id\":\"https:\\\/\\\/www.barcelonacapitalnautica.org\\\/es\\\/#\\\/schema\\\/person\\\/f1a7b6cdf70e48856b35358258241493\"},\"headline\":\"Celebramos la victoria de los navegantes de La Mini Transat en casa!\",\"datePublished\":\"2023-12-12T15:24:57+00:00\",\"dateModified\":\"2024-01-18T19:46:30+00:00\",\"mainEntityOfPage\":{\"@id\":\"https:\\\/\\\/www.barcelonacapitalnautica.org\\\/es\\\/celebrem-la-victoria-dels-navegants-de-la-mini-transat-a-casa\\\/\"},\"wordCount\":853,\"publisher\":{\"@id\":\"https:\\\/\\\/www.barcelonacapitalnautica.org\\\/es\\\/#organization\"},\"image\":{\"@id\":\"https:\\\/\\\/www.barcelonacapitalnautica.org\\\/es\\\/celebrem-la-victoria-dels-navegants-de-la-mini-transat-a-casa\\\/#primaryimage\"},\"thumbnailUrl\":\"https:\\\/\\\/www.barcelonacapitalnautica.org\\\/wp-content\\\/uploads\\\/2023\\\/12\\\/Noti-Celebracio-Mini-Transat-23.png\",\"keywords\":[\"Base Mini\",\"castellano\",\"catal\u00e0\",\"Deporte\",\"Educaci\u00f3\",\"Esport\",\"regata\"],\"articleSection\":[\"Base Mini\",\"Deporte\",\"Educaci\u00f3n\",\"Regatas\"],\"inLanguage\":\"es\"},{\"@type\":\"WebPage\",\"@id\":\"https:\\\/\\\/www.barcelonacapitalnautica.org\\\/es\\\/celebrem-la-victoria-dels-navegants-de-la-mini-transat-a-casa\\\/\",\"url\":\"https:\\\/\\\/www.barcelonacapitalnautica.org\\\/es\\\/celebrem-la-victoria-dels-navegants-de-la-mini-transat-a-casa\\\/\",\"name\":\"Celebramos la victoria de los navegantes de La Mini Transat en casa! - Barcelona Capital N\u00e0utica\",\"isPartOf\":{\"@id\":\"https:\\\/\\\/www.barcelonacapitalnautica.org\\\/es\\\/#website\"},\"primaryImageOfPage\":{\"@id\":\"https:\\\/\\\/www.barcelonacapitalnautica.org\\\/es\\\/celebrem-la-victoria-dels-navegants-de-la-mini-transat-a-casa\\\/#primaryimage\"},\"image\":{\"@id\":\"https:\\\/\\\/www.barcelonacapitalnautica.org\\\/es\\\/celebrem-la-victoria-dels-navegants-de-la-mini-transat-a-casa\\\/#primaryimage\"},\"thumbnailUrl\":\"https:\\\/\\\/www.barcelonacapitalnautica.org\\\/wp-content\\\/uploads\\\/2023\\\/12\\\/Noti-Celebracio-Mini-Transat-23.png\",\"datePublished\":\"2023-12-12T15:24:57+00:00\",\"dateModified\":\"2024-01-18T19:46:30+00:00\",\"breadcrumb\":{\"@id\":\"https:\\\/\\\/www.barcelonacapitalnautica.org\\\/es\\\/celebrem-la-victoria-dels-navegants-de-la-mini-transat-a-casa\\\/#breadcrumb\"},\"inLanguage\":\"es\",\"potentialAction\":[{\"@type\":\"ReadAction\",\"target\":[\"https:\\\/\\\/www.barcelonacapitalnautica.org\\\/es\\\/celebrem-la-victoria-dels-navegants-de-la-mini-transat-a-casa\\\/\"]}]},{\"@type\":\"ImageObject\",\"inLanguage\":\"es\",\"@id\":\"https:\\\/\\\/www.barcelonacapitalnautica.org\\\/es\\\/celebrem-la-victoria-dels-navegants-de-la-mini-transat-a-casa\\\/#primaryimage\",\"url\":\"https:\\\/\\\/www.barcelonacapitalnautica.org\\\/wp-content\\\/uploads\\\/2023\\\/12\\\/Noti-Celebracio-Mini-Transat-23.png\",\"contentUrl\":\"https:\\\/\\\/www.barcelonacapitalnautica.org\\\/wp-content\\\/uploads\\\/2023\\\/12\\\/Noti-Celebracio-Mini-Transat-23.png\",\"width\":1140,\"height\":440},{\"@type\":\"BreadcrumbList\",\"@id\":\"https:\\\/\\\/www.barcelonacapitalnautica.org\\\/es\\\/celebrem-la-victoria-dels-navegants-de-la-mini-transat-a-casa\\\/#breadcrumb\",\"itemListElement\":[{\"@type\":\"ListItem\",\"position\":1,\"name\":\"Inici\",\"item\":\"https:\\\/\\\/www.barcelonacapitalnautica.org\\\/es\\\/\"},{\"@type\":\"ListItem\",\"position\":2,\"name\":\"Celebramos la victoria de los navegantes de La Mini Transat en casa!\"}]},{\"@type\":\"WebSite\",\"@id\":\"https:\\\/\\\/www.barcelonacapitalnautica.org\\\/es\\\/#website\",\"url\":\"https:\\\/\\\/www.barcelonacapitalnautica.org\\\/es\\\/\",\"name\":\"Barcelona Capital N\u00e0utica\",\"description\":\"Barcelona Capital N\u00e0utica\",\"publisher\":{\"@id\":\"https:\\\/\\\/www.barcelonacapitalnautica.org\\\/es\\\/#organization\"},\"alternateName\":\"BCN\u00e0utica, FBCN\",\"potentialAction\":[{\"@type\":\"SearchAction\",\"target\":{\"@type\":\"EntryPoint\",\"urlTemplate\":\"https:\\\/\\\/www.barcelonacapitalnautica.org\\\/es\\\/?s={search_term_string}\"},\"query-input\":{\"@type\":\"PropertyValueSpecification\",\"valueRequired\":true,\"valueName\":\"search_term_string\"}}],\"inLanguage\":\"es\"},{\"@type\":\"Organization\",\"@id\":\"https:\\\/\\\/www.barcelonacapitalnautica.org\\\/es\\\/#organization\",\"name\":\"Barcelona Capital N\u00e0utica\",\"alternateName\":\"Fundaci\u00f3 Barcelona Capital N\u00e0utica\",\"url\":\"https:\\\/\\\/www.barcelonacapitalnautica.org\\\/es\\\/\",\"logo\":{\"@type\":\"ImageObject\",\"inLanguage\":\"es\",\"@id\":\"https:\\\/\\\/www.barcelonacapitalnautica.org\\\/es\\\/#\\\/schema\\\/logo\\\/image\\\/\",\"url\":\"https:\\\/\\\/www.barcelonacapitalnautica.org\\\/wp-content\\\/uploads\\\/2023\\\/03\\\/Logo-blau.svg\",\"contentUrl\":\"https:\\\/\\\/www.barcelonacapitalnautica.org\\\/wp-content\\\/uploads\\\/2023\\\/03\\\/Logo-blau.svg\",\"width\":200,\"height\":58,\"caption\":\"Barcelona Capital N\u00e0utica\"},\"image\":{\"@id\":\"https:\\\/\\\/www.barcelonacapitalnautica.org\\\/es\\\/#\\\/schema\\\/logo\\\/image\\\/\"},\"sameAs\":[\"https:\\\/\\\/www.facebook.com\\\/barcelonacapitalnautica\",\"https:\\\/\\\/x.com\\\/bcnautica\",\"https:\\\/\\\/www.instagram.com\\\/bcnautica\\\/\",\"https:\\\/\\\/www.linkedin.com\\\/company\\\/barcelona-capital-nautica\"]},{\"@type\":\"Person\",\"@id\":\"https:\\\/\\\/www.barcelonacapitalnautica.org\\\/es\\\/#\\\/schema\\\/person\\\/f1a7b6cdf70e48856b35358258241493\",\"name\":\"Cristina Martin\"}]}<\/script>\n<!-- \/ Yoast SEO plugin. -->","yoast_head_json":{"title":"Celebramos la victoria de los navegantes de La Mini Transat en casa! - Barcelona Capital N\u00e0utica","robots":{"index":"index","follow":"follow","max-snippet":"max-snippet:-1","max-image-preview":"max-image-preview:large","max-video-preview":"max-video-preview:-1"},"canonical":"https:\/\/www.barcelonacapitalnautica.org\/es\/celebrem-la-victoria-dels-navegants-de-la-mini-transat-a-casa\/","og_locale":"es_ES","og_type":"article","og_title":"Celebramos la victoria de los navegantes de La Mini Transat en casa! - Barcelona Capital N\u00e0utica","og_description":"La Fundaci\u00f3 Barcelona Capital N\u00e0utica (FBCN), Base Mini Barcelona y [&hellip;]","og_url":"https:\/\/www.barcelonacapitalnautica.org\/es\/celebrem-la-victoria-dels-navegants-de-la-mini-transat-a-casa\/","og_site_name":"Barcelona Capital N\u00e0utica","article_publisher":"https:\/\/www.facebook.com\/barcelonacapitalnautica","article_published_time":"2023-12-12T15:24:57+00:00","article_modified_time":"2024-01-18T19:46:30+00:00","og_image":[{"width":1140,"height":440,"url":"https:\/\/www.barcelonacapitalnautica.org\/wp-content\/uploads\/2023\/12\/Noti-Celebracio-Mini-Transat-23.png","type":"image\/png"}],"author":"Cristina Martin","twitter_card":"summary_large_image","twitter_creator":"@bcnautica","twitter_site":"@bcnautica","twitter_misc":{"Escrito por":"Cristina Martin","Tiempo de lectura":"5 minutos"},"schema":{"@context":"https:\/\/schema.org","@graph":[{"@type":"Article","@id":"https:\/\/www.barcelonacapitalnautica.org\/es\/celebrem-la-victoria-dels-navegants-de-la-mini-transat-a-casa\/#article","isPartOf":{"@id":"https:\/\/www.barcelonacapitalnautica.org\/es\/celebrem-la-victoria-dels-navegants-de-la-mini-transat-a-casa\/"},"author":{"name":"Cristina Martin","@id":"https:\/\/www.barcelonacapitalnautica.org\/es\/#\/schema\/person\/f1a7b6cdf70e48856b35358258241493"},"headline":"Celebramos la victoria de los navegantes de La Mini Transat en casa!","datePublished":"2023-12-12T15:24:57+00:00","dateModified":"2024-01-18T19:46:30+00:00","mainEntityOfPage":{"@id":"https:\/\/www.barcelonacapitalnautica.org\/es\/celebrem-la-victoria-dels-navegants-de-la-mini-transat-a-casa\/"},"wordCount":853,"publisher":{"@id":"https:\/\/www.barcelonacapitalnautica.org\/es\/#organization"},"image":{"@id":"https:\/\/www.barcelonacapitalnautica.org\/es\/celebrem-la-victoria-dels-navegants-de-la-mini-transat-a-casa\/#primaryimage"},"thumbnailUrl":"https:\/\/www.barcelonacapitalnautica.org\/wp-content\/uploads\/2023\/12\/Noti-Celebracio-Mini-Transat-23.png","keywords":["Base Mini","castellano","catal\u00e0","Deporte","Educaci\u00f3","Esport","regata"],"articleSection":["Base Mini","Deporte","Educaci\u00f3n","Regatas"],"inLanguage":"es"},{"@type":"WebPage","@id":"https:\/\/www.barcelonacapitalnautica.org\/es\/celebrem-la-victoria-dels-navegants-de-la-mini-transat-a-casa\/","url":"https:\/\/www.barcelonacapitalnautica.org\/es\/celebrem-la-victoria-dels-navegants-de-la-mini-transat-a-casa\/","name":"Celebramos la victoria de los navegantes de La Mini Transat en casa! - Barcelona Capital N\u00e0utica","isPartOf":{"@id":"https:\/\/www.barcelonacapitalnautica.org\/es\/#website"},"primaryImageOfPage":{"@id":"https:\/\/www.barcelonacapitalnautica.org\/es\/celebrem-la-victoria-dels-navegants-de-la-mini-transat-a-casa\/#primaryimage"},"image":{"@id":"https:\/\/www.barcelonacapitalnautica.org\/es\/celebrem-la-victoria-dels-navegants-de-la-mini-transat-a-casa\/#primaryimage"},"thumbnailUrl":"https:\/\/www.barcelonacapitalnautica.org\/wp-content\/uploads\/2023\/12\/Noti-Celebracio-Mini-Transat-23.png","datePublished":"2023-12-12T15:24:57+00:00","dateModified":"2024-01-18T19:46:30+00:00","breadcrumb":{"@id":"https:\/\/www.barcelonacapitalnautica.org\/es\/celebrem-la-victoria-dels-navegants-de-la-mini-transat-a-casa\/#breadcrumb"},"inLanguage":"es","potentialAction":[{"@type":"ReadAction","target":["https:\/\/www.barcelonacapitalnautica.org\/es\/celebrem-la-victoria-dels-navegants-de-la-mini-transat-a-casa\/"]}]},{"@type":"ImageObject","inLanguage":"es","@id":"https:\/\/www.barcelonacapitalnautica.org\/es\/celebrem-la-victoria-dels-navegants-de-la-mini-transat-a-casa\/#primaryimage","url":"https:\/\/www.barcelonacapitalnautica.org\/wp-content\/uploads\/2023\/12\/Noti-Celebracio-Mini-Transat-23.png","contentUrl":"https:\/\/www.barcelonacapitalnautica.org\/wp-content\/uploads\/2023\/12\/Noti-Celebracio-Mini-Transat-23.png","width":1140,"height":440},{"@type":"BreadcrumbList","@id":"https:\/\/www.barcelonacapitalnautica.org\/es\/celebrem-la-victoria-dels-navegants-de-la-mini-transat-a-casa\/#breadcrumb","itemListElement":[{"@type":"ListItem","position":1,"name":"Inici","item":"https:\/\/www.barcelonacapitalnautica.org\/es\/"},{"@type":"ListItem","position":2,"name":"Celebramos la victoria de los navegantes de La Mini Transat en casa!"}]},{"@type":"WebSite","@id":"https:\/\/www.barcelonacapitalnautica.org\/es\/#website","url":"https:\/\/www.barcelonacapitalnautica.org\/es\/","name":"Barcelona Capital N\u00e0utica","description":"Barcelona Capital N\u00e0utica","publisher":{"@id":"https:\/\/www.barcelonacapitalnautica.org\/es\/#organization"},"alternateName":"BCN\u00e0utica, FBCN","potentialAction":[{"@type":"SearchAction","target":{"@type":"EntryPoint","urlTemplate":"https:\/\/www.barcelonacapitalnautica.org\/es\/?s={search_term_string}"},"query-input":{"@type":"PropertyValueSpecification","valueRequired":true,"valueName":"search_term_string"}}],"inLanguage":"es"},{"@type":"Organization","@id":"https:\/\/www.barcelonacapitalnautica.org\/es\/#organization","name":"Barcelona Capital N\u00e0utica","alternateName":"Fundaci\u00f3 Barcelona Capital N\u00e0utica","url":"https:\/\/www.barcelonacapitalnautica.org\/es\/","logo":{"@type":"ImageObject","inLanguage":"es","@id":"https:\/\/www.barcelonacapitalnautica.org\/es\/#\/schema\/logo\/image\/","url":"https:\/\/www.barcelonacapitalnautica.org\/wp-content\/uploads\/2023\/03\/Logo-blau.svg","contentUrl":"https:\/\/www.barcelonacapitalnautica.org\/wp-content\/uploads\/2023\/03\/Logo-blau.svg","width":200,"height":58,"caption":"Barcelona Capital N\u00e0utica"},"image":{"@id":"https:\/\/www.barcelonacapitalnautica.org\/es\/#\/schema\/logo\/image\/"},"sameAs":["https:\/\/www.facebook.com\/barcelonacapitalnautica","https:\/\/x.com\/bcnautica","https:\/\/www.instagram.com\/bcnautica\/","https:\/\/www.linkedin.com\/company\/barcelona-capital-nautica"]},{"@type":"Person","@id":"https:\/\/www.barcelonacapitalnautica.org\/es\/#\/schema\/person\/f1a7b6cdf70e48856b35358258241493","name":"Cristina Martin"}]}},"uagb_featured_image_src":{"full":["https:\/\/www.barcelonacapitalnautica.org\/wp-content\/uploads\/2023\/12\/Noti-Celebracio-Mini-Transat-23.png",1140,440,false],"thumbnail":["https:\/\/www.barcelonacapitalnautica.org\/wp-content\/uploads\/2023\/12\/Noti-Celebracio-Mini-Transat-23-380x147.png",380,147,true],"medium":["https:\/\/www.barcelonacapitalnautica.org\/wp-content\/uploads\/2023\/12\/Noti-Celebracio-Mini-Transat-23-560x216.png",560,216,true],"medium_large":["https:\/\/www.barcelonacapitalnautica.org\/wp-content\/uploads\/2023\/12\/Noti-Celebracio-Mini-Transat-23-768x296.png",768,296,true],"large":["https:\/\/www.barcelonacapitalnautica.org\/wp-content\/uploads\/2023\/12\/Noti-Celebracio-Mini-Transat-23-900x347.png",900,347,true],"1536x1536":["https:\/\/www.barcelonacapitalnautica.org\/wp-content\/uploads\/2023\/12\/Noti-Celebracio-Mini-Transat-23.png",1140,440,false],"2048x2048":["https:\/\/www.barcelonacapitalnautica.org\/wp-content\/uploads\/2023\/12\/Noti-Celebracio-Mini-Transat-23.png",1140,440,false]},"uagb_author_info":{"display_name":"Cristina Martin","author_link":"https:\/\/www.barcelonacapitalnautica.org\/es\/author\/fbcn_cristina\/"},"uagb_comment_info":0,"uagb_excerpt":"La Fundaci\u00f3 Barcelona Capital N\u00e0utica (FBCN), Base Mini Barcelona y [&hellip;]","_links":{"self":[{"href":"https:\/\/www.barcelonacapitalnautica.org\/es\/wp-json\/wp\/v2\/posts\/262691","targetHints":{"allow":["GET"]}}],"collection":[{"href":"https:\/\/www.barcelonacapitalnautica.org\/es\/wp-json\/wp\/v2\/posts"}],"about":[{"href":"https:\/\/www.barcelonacapitalnautica.org\/es\/wp-json\/wp\/v2\/types\/post"}],"author":[{"embeddable":true,"href":"https:\/\/www.barcelonacapitalnautica.org\/es\/wp-json\/wp\/v2\/users\/3"}],"replies":[{"embeddable":true,"href":"https:\/\/www.barcelonacapitalnautica.org\/es\/wp-json\/wp\/v2\/comments?post=262691"}],"version-history":[{"count":4,"href":"https:\/\/www.barcelonacapitalnautica.org\/es\/wp-json\/wp\/v2\/posts\/262691\/revisions"}],"predecessor-version":[{"id":263687,"href":"https:\/\/www.barcelonacapitalnautica.org\/es\/wp-json\/wp\/v2\/posts\/262691\/revisions\/263687"}],"wp:featuredmedia":[{"embeddable":true,"href":"https:\/\/www.barcelonacapitalnautica.org\/es\/wp-json\/wp\/v2\/media\/262646"}],"wp:attachment":[{"href":"https:\/\/www.barcelonacapitalnautica.org\/es\/wp-json\/wp\/v2\/media?parent=262691"}],"wp:term":[{"taxonomy":"category","embeddable":true,"href":"https:\/\/www.barcelonacapitalnautica.org\/es\/wp-json\/wp\/v2\/categories?post=262691"},{"taxonomy":"post_tag","embeddable":true,"href":"https:\/\/www.barcelonacapitalnautica.org\/es\/wp-json\/wp\/v2\/tags?post=262691"}],"curies":[{"name":"wp","href":"https:\/\/api.w.org\/{rel}","templated":true}]}}