{"id":265898,"date":"2024-04-05T12:30:48","date_gmt":"2024-04-05T10:30:48","guid":{"rendered":"https:\/\/www.barcelonacapitalnautica.org\/?p=265898"},"modified":"2024-07-01T16:09:08","modified_gmt":"2024-07-01T14:09:08","slug":"los-ganadores-y-la-exposicion-del-concurso-de-fotografia-un-mar-abierto-a-todo-el-mundo","status":"publish","type":"post","link":"https:\/\/www.barcelonacapitalnautica.org\/es\/los-ganadores-y-la-exposicion-del-concurso-de-fotografia-un-mar-abierto-a-todo-el-mundo\/","title":{"rendered":"Los ganadores y la exposici\u00f3n del concurso de fotograf\u00eda \u00abUn mar abierto a todo el mundo\u00bb"},"content":{"rendered":"\n<p>Ayer por la tarde anunciamos las tres im\u00e1genes ganadoras del <a href=\"https:\/\/www.barcelonacapitalnautica.org\/es\/concurso-internacional-de-fotografia-un-mar-abierto-a-todo-el-mundo\/\">concurso internacional de fotograf\u00eda<\/a> que lanzamos en febrero. Han participado a trav\u00e9s de la aplicaci\u00f3n catalana Agora Awards con cerca de <strong>2.500 fotograf\u00edas de m\u00e1s de 80 nacionalidades<\/strong> diferentes, como Chile, Australia, Italia o Indonesia, as\u00ed como tambi\u00e9n de todas partes de Espa\u00f1a, como Asturias, Mallorca o Valencia.<\/p>\n\n\n\n<p>Las 25 fotograf\u00edas finalistas se pueden ver en <strong>Can Serra, la sede de la Diputaci\u00f3 de Barcelona<\/strong> (Rambla Catalunya, 126) del <strong>5 al 25 de abril <\/strong>de forma gratuita y es una de las actividades m\u00e1s de la Semana del <a href=\"https:\/\/www.barcelonacapitalnautica.org\/es\/sostenibilidad-e-innovacion\/oceanos\/\">Decenio del Oc\u00e9ano<\/a> de la Unesco, que tiene lugar estos d\u00edas en Barcelona.<\/p>\n\n\n\n<figure class=\"wp-block-embed is-type-video is-provider-youtube wp-block-embed-youtube wp-embed-aspect-16-9 wp-has-aspect-ratio\"><div class=\"wp-block-embed__wrapper\">\n<iframe loading=\"lazy\" title=\"Exposici\u00f3 de fotografies &quot;Un mar obert a tothom&quot;\" width=\"500\" height=\"281\" src=\"https:\/\/www.youtube.com\/embed\/u0RcfE7Gh_0?feature=oembed\" frameborder=\"0\" allow=\"accelerometer; autoplay; clipboard-write; encrypted-media; gyroscope; picture-in-picture; web-share\" referrerpolicy=\"strict-origin-when-cross-origin\" allowfullscreen><\/iframe>\n<\/div><\/figure>\n\n\n\n<p><\/p>\n\n\n\n<p>El objetivo del concurso era mostrar las <strong>distintas perspectivas sobre la relaci\u00f3n de las personas con el mar<\/strong>, fomentando la participaci\u00f3n global y la expresi\u00f3n art\u00edstica y creativa. Fundaci\u00f3 Barcelona Capital N\u00e0utica, con este concurso, busca consolidar en Barcelona y Catalu\u00f1a como referentes n\u00e1uticos, promoviendo aspectos como la n\u00e1utica, el deporte, la sostenibilidad, la formaci\u00f3n, la econom\u00eda azul y la cultura del mar.<\/p>\n\n\n\t\t\t\t\t<div\n\t\t\t\t\t\tclass=\"wp-block-uagb-image-gallery uagb-block-8fd635a8     \"\n\t\t\t\t\t\tstyle=\"\"\n\t\t\t\t\t>\n\t\t\t\t\t\t\t\t\t\t\t<div class=\"spectra-image-gallery spectra-image-gallery__layout--grid spectra-image-gallery__layout--grid-col-3 spectra-image-gallery__layout--grid-col-tab-3 spectra-image-gallery__layout--grid-col-mob-2\">\n\t\t\t\t\t\t\t\t\t\t\t<div class='spectra-image-gallery__media-wrapper' data-spectra-gallery-image-id='265913' tabindex=\"0\">\n\t\t\t\t\t\t\t<div class=\"spectra-image-gallery__media spectra-image-gallery__media--grid\">\n\t\t\t\t<picture>\n\t\t\t\t\t<source media=\"(min-width: 1024px)\" srcset=\"https:\/\/www.barcelonacapitalnautica.org\/wp-content\/uploads\/2024\/04\/Noti-Inauguracio_expo1-900x675.jpeg\">\n\t\t\t\t\t<source media=\"(min-width: 768px)\" srcset=\"https:\/\/www.barcelonacapitalnautica.org\/wp-content\/uploads\/2024\/04\/Noti-Inauguracio_expo1-900x675.jpeg\">\n\t\t\t\t\t<img decoding=\"async\" class=\"spectra-image-gallery__media-thumbnail spectra-image-gallery__media-thumbnail--grid\" src=\"https:\/\/www.barcelonacapitalnautica.org\/wp-content\/uploads\/2024\/04\/Noti-Inauguracio_expo1-560x420.jpeg\" alt=\"\" loading=\"lazy\" \/>\n\t\t\t\t<\/picture>\n\t\t\t\t<div class=\"spectra-image-gallery__media-thumbnail-blurrer\"><\/div>\n\t\t\t\t\t\t\t\t\t\t\t<div class=\"spectra-image-gallery__media-thumbnail-caption-wrapper spectra-image-gallery__media-thumbnail-caption-wrapper--overlay\"><\/div>\n\t\t\t\t\t\t\t\t<\/div>\n\t\t\t\t\t\t<\/div>\n\t\t\t\t\t\t<div class='spectra-image-gallery__media-wrapper' data-spectra-gallery-image-id='265919' tabindex=\"0\">\n\t\t\t\t\t\t\t<div class=\"spectra-image-gallery__media spectra-image-gallery__media--grid\">\n\t\t\t\t<picture>\n\t\t\t\t\t<source media=\"(min-width: 1024px)\" srcset=\"https:\/\/www.barcelonacapitalnautica.org\/wp-content\/uploads\/2024\/04\/Noti-Inauguracio_expo3-900x675.jpeg\">\n\t\t\t\t\t<source media=\"(min-width: 768px)\" srcset=\"https:\/\/www.barcelonacapitalnautica.org\/wp-content\/uploads\/2024\/04\/Noti-Inauguracio_expo3-900x675.jpeg\">\n\t\t\t\t\t<img decoding=\"async\" class=\"spectra-image-gallery__media-thumbnail spectra-image-gallery__media-thumbnail--grid\" src=\"https:\/\/www.barcelonacapitalnautica.org\/wp-content\/uploads\/2024\/04\/Noti-Inauguracio_expo3-560x420.jpeg\" alt=\"\" loading=\"lazy\" \/>\n\t\t\t\t<\/picture>\n\t\t\t\t<div class=\"spectra-image-gallery__media-thumbnail-blurrer\"><\/div>\n\t\t\t\t\t\t\t\t\t\t\t<div class=\"spectra-image-gallery__media-thumbnail-caption-wrapper spectra-image-gallery__media-thumbnail-caption-wrapper--overlay\"><\/div>\n\t\t\t\t\t\t\t\t<\/div>\n\t\t\t\t\t\t<\/div>\n\t\t\t\t\t\t<div class='spectra-image-gallery__media-wrapper' data-spectra-gallery-image-id='265916' tabindex=\"0\">\n\t\t\t\t\t\t\t<div class=\"spectra-image-gallery__media spectra-image-gallery__media--grid\">\n\t\t\t\t<picture>\n\t\t\t\t\t<source media=\"(min-width: 1024px)\" srcset=\"https:\/\/www.barcelonacapitalnautica.org\/wp-content\/uploads\/2024\/04\/Noti-Inauguracio_expo2-900x675.jpeg\">\n\t\t\t\t\t<source media=\"(min-width: 768px)\" srcset=\"https:\/\/www.barcelonacapitalnautica.org\/wp-content\/uploads\/2024\/04\/Noti-Inauguracio_expo2-900x675.jpeg\">\n\t\t\t\t\t<img decoding=\"async\" class=\"spectra-image-gallery__media-thumbnail spectra-image-gallery__media-thumbnail--grid\" src=\"https:\/\/www.barcelonacapitalnautica.org\/wp-content\/uploads\/2024\/04\/Noti-Inauguracio_expo2-560x420.jpeg\" alt=\"\" loading=\"lazy\" \/>\n\t\t\t\t<\/picture>\n\t\t\t\t<div class=\"spectra-image-gallery__media-thumbnail-blurrer\"><\/div>\n\t\t\t\t\t\t\t\t\t\t\t<div class=\"spectra-image-gallery__media-thumbnail-caption-wrapper spectra-image-gallery__media-thumbnail-caption-wrapper--overlay\"><\/div>\n\t\t\t\t\t\t\t\t<\/div>\n\t\t\t\t\t\t<\/div>\n\t\t\t\t\t\t\t\t\t\t<\/div>\n\t\t\t\t\t\t\t\t\t\t\t\t\t\t\t\t\t\t<\/div>\n\t\t\t\t\t\t\t\t\t\n\n\n<p><\/p>\n\n\n\n<p><strong>Premio del Jurado<\/strong><\/p>\n\n\n\n<p>El jurado ha estado compuesto por miembros del patronato de la Fundaci\u00f3 Barcelona Capital N\u00e0utica y la fotograf\u00eda m\u00e1s votada ha sido \u00abIr a mar\u00bb del <strong>fot\u00f3grafo portugu\u00e9s Ant\u00f3nio Jos\u00e9 Cravo<\/strong>. Descendiente de pescadores de la R\u00eda de Aveiro y Mar da Torreira y amante del estudio y preservaci\u00f3n de la pesca de arrastre, asegura que \u201csi la vida naci\u00f3 en los oc\u00e9anos tambi\u00e9n podemos decir que la vida corre el riesgo de morir por la muerte de los oc\u00e9anos\u201d.<\/p>\n\n\n\n<p><strong>Premio del p\u00fablico<\/strong><\/p>\n\n\n\n<p>La fotograf\u00eda m\u00e1s votada por el p\u00fablico a trav\u00e9s del aplicativo Agora Awards ha sido \u201cForat de gusano\u201d del <strong>fot\u00f3grafo y submarinista chileno Benjam\u00edn Y\u00e1var<\/strong>, un banco de sardinas gigante, tomada en Filipinas. Seg\u00fan Y\u00e1var \u201cesta fotograf\u00eda es algo m\u00e1s que una fotograf\u00eda bonita. Quiere ser una llamada de atenci\u00f3n hecha a trav\u00e9s de mi objetivo para que no nos olvidemos de la belleza del oc\u00e9ano que a menudo damos por sentado y que debe ser preservado por su fragilidad\u201d.<\/p>\n\n\n\n<p><strong>Premio de Catalu\u00f1a<\/strong><\/p>\n\n\n\n<p>El premio de la categor\u00eda de Catalu\u00f1a, tambi\u00e9n votado por el jurado del certamen, ha sido \u00abLa mejor piscina de Barcelona\u00bb, hecha por la <strong>fot\u00f3grafa aficionada y nadadora amateur de aguas abiertas, Mar Galt\u00e9s<\/strong>. \u201cNado todo el a\u00f1o, si puedo cada semana, en el mar en Barcelona, \u200b\u200b\u00a1y siempre con la GoPro a punto! En Barcelona, \u200b\u200bcomo en muy pocas otras ciudades del mundo, tenemos un mar que es un privilegio y todav\u00eda hay demasiada poca gente que sepa disfrutarlo. El mar es energ\u00eda, es salud, y es salud mental. No sabemos la suerte que tenemos en Barcelona\u201d, asegura la ganadora.<\/p>\n\n\n\t\t\t\t\t<div\n\t\t\t\t\t\tclass=\"wp-block-uagb-image-gallery uagb-block-84748962     \"\n\t\t\t\t\t\tstyle=\"\"\n\t\t\t\t\t>\n\t\t\t\t\t\t\t\t\t\t\t<div class=\"spectra-image-gallery spectra-image-gallery__layout--grid spectra-image-gallery__layout--grid-col-3 spectra-image-gallery__layout--grid-col-tab-3 spectra-image-gallery__layout--grid-col-mob-2\">\n\t\t\t\t\t\t\t\t\t\t\t<div class='spectra-image-gallery__media-wrapper' data-spectra-gallery-image-id='265884' tabindex=\"0\">\n\t\t\t\t\t\t\t<div class=\"spectra-image-gallery__media spectra-image-gallery__media--grid\">\n\t\t\t\t<picture>\n\t\t\t\t\t<source media=\"(min-width: 1024px)\" srcset=\"https:\/\/www.barcelonacapitalnautica.org\/wp-content\/uploads\/2024\/04\/1x1_Premi_jurat-900x900.png\">\n\t\t\t\t\t<source media=\"(min-width: 768px)\" srcset=\"https:\/\/www.barcelonacapitalnautica.org\/wp-content\/uploads\/2024\/04\/1x1_Premi_jurat-900x900.png\">\n\t\t\t\t\t<img decoding=\"async\" class=\"spectra-image-gallery__media-thumbnail spectra-image-gallery__media-thumbnail--grid\" src=\"https:\/\/www.barcelonacapitalnautica.org\/wp-content\/uploads\/2024\/04\/1x1_Premi_jurat-560x560.png\" alt=\"\" loading=\"lazy\" \/>\n\t\t\t\t<\/picture>\n\t\t\t\t<div class=\"spectra-image-gallery__media-thumbnail-blurrer\"><\/div>\n\t\t\t\t\t\t\t\t\t\t\t<div class=\"spectra-image-gallery__media-thumbnail-caption-wrapper spectra-image-gallery__media-thumbnail-caption-wrapper--overlay\"><\/div>\n\t\t\t\t\t\t\t\t<\/div>\n\t\t\t\t\t\t<\/div>\n\t\t\t\t\t\t<div class='spectra-image-gallery__media-wrapper' data-spectra-gallery-image-id='265887' tabindex=\"0\">\n\t\t\t\t\t\t\t<div class=\"spectra-image-gallery__media spectra-image-gallery__media--grid\">\n\t\t\t\t<picture>\n\t\t\t\t\t<source media=\"(min-width: 1024px)\" srcset=\"https:\/\/www.barcelonacapitalnautica.org\/wp-content\/uploads\/2024\/04\/1x1_Premi_public-900x900.png\">\n\t\t\t\t\t<source media=\"(min-width: 768px)\" srcset=\"https:\/\/www.barcelonacapitalnautica.org\/wp-content\/uploads\/2024\/04\/1x1_Premi_public-900x900.png\">\n\t\t\t\t\t<img decoding=\"async\" class=\"spectra-image-gallery__media-thumbnail spectra-image-gallery__media-thumbnail--grid\" src=\"https:\/\/www.barcelonacapitalnautica.org\/wp-content\/uploads\/2024\/04\/1x1_Premi_public-560x560.png\" alt=\"\" loading=\"lazy\" \/>\n\t\t\t\t<\/picture>\n\t\t\t\t<div class=\"spectra-image-gallery__media-thumbnail-blurrer\"><\/div>\n\t\t\t\t\t\t\t\t\t\t\t<div class=\"spectra-image-gallery__media-thumbnail-caption-wrapper spectra-image-gallery__media-thumbnail-caption-wrapper--overlay\"><\/div>\n\t\t\t\t\t\t\t\t<\/div>\n\t\t\t\t\t\t<\/div>\n\t\t\t\t\t\t<div class='spectra-image-gallery__media-wrapper' data-spectra-gallery-image-id='265881' tabindex=\"0\">\n\t\t\t\t\t\t\t<div class=\"spectra-image-gallery__media spectra-image-gallery__media--grid\">\n\t\t\t\t<picture>\n\t\t\t\t\t<source media=\"(min-width: 1024px)\" srcset=\"https:\/\/www.barcelonacapitalnautica.org\/wp-content\/uploads\/2024\/04\/1x1_Premi_Catalunya-900x900.png\">\n\t\t\t\t\t<source media=\"(min-width: 768px)\" srcset=\"https:\/\/www.barcelonacapitalnautica.org\/wp-content\/uploads\/2024\/04\/1x1_Premi_Catalunya-900x900.png\">\n\t\t\t\t\t<img decoding=\"async\" class=\"spectra-image-gallery__media-thumbnail spectra-image-gallery__media-thumbnail--grid\" src=\"https:\/\/www.barcelonacapitalnautica.org\/wp-content\/uploads\/2024\/04\/1x1_Premi_Catalunya-560x560.png\" alt=\"\" loading=\"lazy\" \/>\n\t\t\t\t<\/picture>\n\t\t\t\t<div class=\"spectra-image-gallery__media-thumbnail-blurrer\"><\/div>\n\t\t\t\t\t\t\t\t\t\t\t<div class=\"spectra-image-gallery__media-thumbnail-caption-wrapper spectra-image-gallery__media-thumbnail-caption-wrapper--overlay\"><\/div>\n\t\t\t\t\t\t\t\t<\/div>\n\t\t\t\t\t\t<\/div>\n\t\t\t\t\t\t\t\t\t\t<\/div>\n\t\t\t\t\t\t\t\t\t\t\t\t\t\t\t\t\t\t<\/div>\n\t\t\t\t\t\t\t\t\t\n\n\n<p><\/p>\n\n\n\n<p><a href=\"https:\/\/docs.google.com\/document\/d\/1IP6SAZkxMvDtItFMicj3JElefTmfrAmOOF3xPNrYRxc\/edit?usp=sharing\" target=\"_blank\" rel=\"noreferrer noopener\">Finalistas del concurso<\/a><\/p>\n","protected":false},"excerpt":{"rendered":"<p>Ayer por la tarde anunciamos las tres im\u00e1genes ganadoras del [&hellip;]<\/p>\n","protected":false},"author":3,"featured_media":265910,"comment_status":"closed","ping_status":"closed","sticky":false,"template":"","format":"standard","meta":{"_uag_custom_page_level_css":"","site-sidebar-layout":"default","site-content-layout":"","ast-site-content-layout":"default","site-content-style":"default","site-sidebar-style":"default","ast-global-header-display":"","ast-banner-title-visibility":"","ast-main-header-display":"","ast-hfb-above-header-display":"","ast-hfb-below-header-display":"","ast-hfb-mobile-header-display":"","site-post-title":"","ast-breadcrumbs-content":"","ast-featured-img":"","footer-sml-layout":"","ast-disable-related-posts":"","theme-transparent-header-meta":"","adv-header-id-meta":"","stick-header-meta":"","header-above-stick-meta":"","header-main-stick-meta":"","header-below-stick-meta":"","astra-migrate-meta-layouts":"set","ast-page-background-enabled":"default","ast-page-background-meta":{"desktop":{"background-color":"","background-image":"","background-repeat":"repeat","background-position":"center center","background-size":"auto","background-attachment":"scroll","background-type":"","background-media":"","overlay-type":"","overlay-color":"","overlay-opacity":"","overlay-gradient":""},"tablet":{"background-color":"","background-image":"","background-repeat":"repeat","background-position":"center center","background-size":"auto","background-attachment":"scroll","background-type":"","background-media":"","overlay-type":"","overlay-color":"","overlay-opacity":"","overlay-gradient":""},"mobile":{"background-color":"","background-image":"","background-repeat":"repeat","background-position":"center center","background-size":"auto","background-attachment":"scroll","background-type":"","background-media":"","overlay-type":"","overlay-color":"","overlay-opacity":"","overlay-gradient":""}},"ast-content-background-meta":{"desktop":{"background-color":"var(--ast-global-color-5)","background-image":"","background-repeat":"repeat","background-position":"center center","background-size":"auto","background-attachment":"scroll","background-type":"","background-media":"","overlay-type":"","overlay-color":"","overlay-opacity":"","overlay-gradient":""},"tablet":{"background-color":"var(--ast-global-color-5)","background-image":"","background-repeat":"repeat","background-position":"center center","background-size":"auto","background-attachment":"scroll","background-type":"","background-media":"","overlay-type":"","overlay-color":"","overlay-opacity":"","overlay-gradient":""},"mobile":{"background-color":"var(--ast-global-color-5)","background-image":"","background-repeat":"repeat","background-position":"center center","background-size":"auto","background-attachment":"scroll","background-type":"","background-media":"","overlay-type":"","overlay-color":"","overlay-opacity":"","overlay-gradient":""}},"_price":"","_stock":"","_tribe_ticket_header":"","_tribe_default_ticket_provider":"","_tribe_ticket_capacity":"0","_ticket_start_date":"","_ticket_end_date":"","_tribe_ticket_show_description":"","_tribe_ticket_show_not_going":false,"_tribe_ticket_use_global_stock":"","_tribe_ticket_global_stock_level":"","_global_stock_mode":"","_global_stock_cap":"","_tribe_rsvp_for_event":"","_tribe_ticket_going_count":"","_tribe_ticket_not_going_count":"","_tribe_tickets_list":[],"_tribe_ticket_has_attendee_info_fields":false,"footnotes":""},"categories":[105],"tags":[115,142,212,185],"class_list":["post-265898","post","type-post","status-publish","format-standard","has-post-thumbnail","hentry","category-cultura","tag-castellano","tag-cultura-2","tag-expo-fotos-2","tag-unesco-2"],"yoast_head":"<!-- This site is optimized with the Yoast SEO plugin v27.5 - https:\/\/yoast.com\/product\/yoast-seo-wordpress\/ -->\n<title>Los ganadores y la exposici\u00f3n del concurso de fotograf\u00eda &quot;Un mar abierto a todo el mundo&quot; - Barcelona Capital N\u00e0utica<\/title>\n<meta name=\"robots\" content=\"index, follow, max-snippet:-1, max-image-preview:large, max-video-preview:-1\" \/>\n<link rel=\"canonical\" href=\"https:\/\/www.barcelonacapitalnautica.org\/es\/los-ganadores-y-la-exposicion-del-concurso-de-fotografia-un-mar-abierto-a-todo-el-mundo\/\" \/>\n<meta property=\"og:locale\" content=\"es_ES\" \/>\n<meta property=\"og:type\" content=\"article\" \/>\n<meta property=\"og:title\" content=\"Los ganadores y la exposici\u00f3n del concurso de fotograf\u00eda &quot;Un mar abierto a todo el mundo&quot; - Barcelona Capital N\u00e0utica\" \/>\n<meta property=\"og:description\" content=\"Ayer por la tarde anunciamos las tres im\u00e1genes ganadoras del [&hellip;]\" \/>\n<meta property=\"og:url\" content=\"https:\/\/www.barcelonacapitalnautica.org\/es\/los-ganadores-y-la-exposicion-del-concurso-de-fotografia-un-mar-abierto-a-todo-el-mundo\/\" \/>\n<meta property=\"og:site_name\" content=\"Barcelona Capital N\u00e0utica\" \/>\n<meta property=\"article:publisher\" content=\"https:\/\/www.facebook.com\/barcelonacapitalnautica\" \/>\n<meta property=\"article:published_time\" content=\"2024-04-05T10:30:48+00:00\" \/>\n<meta property=\"article:modified_time\" content=\"2024-07-01T14:09:08+00:00\" \/>\n<meta property=\"og:image\" content=\"https:\/\/www.barcelonacapitalnautica.org\/wp-content\/uploads\/2024\/04\/Noti-Inauguracio_expo.png\" \/>\n\t<meta property=\"og:image:width\" content=\"1140\" \/>\n\t<meta property=\"og:image:height\" content=\"440\" \/>\n\t<meta property=\"og:image:type\" content=\"image\/png\" \/>\n<meta name=\"author\" content=\"Cristina Martin\" \/>\n<meta name=\"twitter:card\" content=\"summary_large_image\" \/>\n<meta name=\"twitter:creator\" content=\"@bcnautica\" \/>\n<meta name=\"twitter:site\" content=\"@bcnautica\" \/>\n<meta name=\"twitter:label1\" content=\"Escrito por\" \/>\n\t<meta name=\"twitter:data1\" content=\"Cristina Martin\" \/>\n\t<meta name=\"twitter:label2\" content=\"Tiempo de lectura\" \/>\n\t<meta name=\"twitter:data2\" content=\"3 minutos\" \/>\n<script type=\"application\/ld+json\" class=\"yoast-schema-graph\">{\"@context\":\"https:\\\/\\\/schema.org\",\"@graph\":[{\"@type\":\"Article\",\"@id\":\"https:\\\/\\\/www.barcelonacapitalnautica.org\\\/es\\\/los-ganadores-y-la-exposicion-del-concurso-de-fotografia-un-mar-abierto-a-todo-el-mundo\\\/#article\",\"isPartOf\":{\"@id\":\"https:\\\/\\\/www.barcelonacapitalnautica.org\\\/es\\\/los-ganadores-y-la-exposicion-del-concurso-de-fotografia-un-mar-abierto-a-todo-el-mundo\\\/\"},\"author\":{\"name\":\"Cristina Martin\",\"@id\":\"https:\\\/\\\/www.barcelonacapitalnautica.org\\\/es\\\/#\\\/schema\\\/person\\\/f1a7b6cdf70e48856b35358258241493\"},\"headline\":\"Los ganadores y la exposici\u00f3n del concurso de fotograf\u00eda \u00abUn mar abierto a todo el mundo\u00bb\",\"datePublished\":\"2024-04-05T10:30:48+00:00\",\"dateModified\":\"2024-07-01T14:09:08+00:00\",\"mainEntityOfPage\":{\"@id\":\"https:\\\/\\\/www.barcelonacapitalnautica.org\\\/es\\\/los-ganadores-y-la-exposicion-del-concurso-de-fotografia-un-mar-abierto-a-todo-el-mundo\\\/\"},\"wordCount\":523,\"publisher\":{\"@id\":\"https:\\\/\\\/www.barcelonacapitalnautica.org\\\/es\\\/#organization\"},\"image\":{\"@id\":\"https:\\\/\\\/www.barcelonacapitalnautica.org\\\/es\\\/los-ganadores-y-la-exposicion-del-concurso-de-fotografia-un-mar-abierto-a-todo-el-mundo\\\/#primaryimage\"},\"thumbnailUrl\":\"https:\\\/\\\/www.barcelonacapitalnautica.org\\\/wp-content\\\/uploads\\\/2024\\\/04\\\/Noti-Inauguracio_expo.png\",\"keywords\":[\"castellano\",\"cultura\",\"Expo fotos\",\"UNESCO\"],\"articleSection\":[\"Cultura\"],\"inLanguage\":\"es\"},{\"@type\":\"WebPage\",\"@id\":\"https:\\\/\\\/www.barcelonacapitalnautica.org\\\/es\\\/los-ganadores-y-la-exposicion-del-concurso-de-fotografia-un-mar-abierto-a-todo-el-mundo\\\/\",\"url\":\"https:\\\/\\\/www.barcelonacapitalnautica.org\\\/es\\\/los-ganadores-y-la-exposicion-del-concurso-de-fotografia-un-mar-abierto-a-todo-el-mundo\\\/\",\"name\":\"Los ganadores y la exposici\u00f3n del concurso de fotograf\u00eda \\\"Un mar abierto a todo el mundo\\\" - Barcelona Capital N\u00e0utica\",\"isPartOf\":{\"@id\":\"https:\\\/\\\/www.barcelonacapitalnautica.org\\\/es\\\/#website\"},\"primaryImageOfPage\":{\"@id\":\"https:\\\/\\\/www.barcelonacapitalnautica.org\\\/es\\\/los-ganadores-y-la-exposicion-del-concurso-de-fotografia-un-mar-abierto-a-todo-el-mundo\\\/#primaryimage\"},\"image\":{\"@id\":\"https:\\\/\\\/www.barcelonacapitalnautica.org\\\/es\\\/los-ganadores-y-la-exposicion-del-concurso-de-fotografia-un-mar-abierto-a-todo-el-mundo\\\/#primaryimage\"},\"thumbnailUrl\":\"https:\\\/\\\/www.barcelonacapitalnautica.org\\\/wp-content\\\/uploads\\\/2024\\\/04\\\/Noti-Inauguracio_expo.png\",\"datePublished\":\"2024-04-05T10:30:48+00:00\",\"dateModified\":\"2024-07-01T14:09:08+00:00\",\"breadcrumb\":{\"@id\":\"https:\\\/\\\/www.barcelonacapitalnautica.org\\\/es\\\/los-ganadores-y-la-exposicion-del-concurso-de-fotografia-un-mar-abierto-a-todo-el-mundo\\\/#breadcrumb\"},\"inLanguage\":\"es\",\"potentialAction\":[{\"@type\":\"ReadAction\",\"target\":[\"https:\\\/\\\/www.barcelonacapitalnautica.org\\\/es\\\/los-ganadores-y-la-exposicion-del-concurso-de-fotografia-un-mar-abierto-a-todo-el-mundo\\\/\"]}]},{\"@type\":\"ImageObject\",\"inLanguage\":\"es\",\"@id\":\"https:\\\/\\\/www.barcelonacapitalnautica.org\\\/es\\\/los-ganadores-y-la-exposicion-del-concurso-de-fotografia-un-mar-abierto-a-todo-el-mundo\\\/#primaryimage\",\"url\":\"https:\\\/\\\/www.barcelonacapitalnautica.org\\\/wp-content\\\/uploads\\\/2024\\\/04\\\/Noti-Inauguracio_expo.png\",\"contentUrl\":\"https:\\\/\\\/www.barcelonacapitalnautica.org\\\/wp-content\\\/uploads\\\/2024\\\/04\\\/Noti-Inauguracio_expo.png\",\"width\":1140,\"height\":440},{\"@type\":\"BreadcrumbList\",\"@id\":\"https:\\\/\\\/www.barcelonacapitalnautica.org\\\/es\\\/los-ganadores-y-la-exposicion-del-concurso-de-fotografia-un-mar-abierto-a-todo-el-mundo\\\/#breadcrumb\",\"itemListElement\":[{\"@type\":\"ListItem\",\"position\":1,\"name\":\"Inici\",\"item\":\"https:\\\/\\\/www.barcelonacapitalnautica.org\\\/es\\\/\"},{\"@type\":\"ListItem\",\"position\":2,\"name\":\"Los ganadores y la exposici\u00f3n del concurso de fotograf\u00eda &#8220;Un mar abierto a todo el mundo&#8221;\"}]},{\"@type\":\"WebSite\",\"@id\":\"https:\\\/\\\/www.barcelonacapitalnautica.org\\\/es\\\/#website\",\"url\":\"https:\\\/\\\/www.barcelonacapitalnautica.org\\\/es\\\/\",\"name\":\"Barcelona Capital N\u00e0utica\",\"description\":\"Barcelona Capital N\u00e0utica\",\"publisher\":{\"@id\":\"https:\\\/\\\/www.barcelonacapitalnautica.org\\\/es\\\/#organization\"},\"alternateName\":\"BCN\u00e0utica, FBCN\",\"potentialAction\":[{\"@type\":\"SearchAction\",\"target\":{\"@type\":\"EntryPoint\",\"urlTemplate\":\"https:\\\/\\\/www.barcelonacapitalnautica.org\\\/es\\\/?s={search_term_string}\"},\"query-input\":{\"@type\":\"PropertyValueSpecification\",\"valueRequired\":true,\"valueName\":\"search_term_string\"}}],\"inLanguage\":\"es\"},{\"@type\":\"Organization\",\"@id\":\"https:\\\/\\\/www.barcelonacapitalnautica.org\\\/es\\\/#organization\",\"name\":\"Barcelona Capital N\u00e0utica\",\"alternateName\":\"Fundaci\u00f3 Barcelona Capital N\u00e0utica\",\"url\":\"https:\\\/\\\/www.barcelonacapitalnautica.org\\\/es\\\/\",\"logo\":{\"@type\":\"ImageObject\",\"inLanguage\":\"es\",\"@id\":\"https:\\\/\\\/www.barcelonacapitalnautica.org\\\/es\\\/#\\\/schema\\\/logo\\\/image\\\/\",\"url\":\"https:\\\/\\\/www.barcelonacapitalnautica.org\\\/wp-content\\\/uploads\\\/2023\\\/03\\\/Logo-blau.svg\",\"contentUrl\":\"https:\\\/\\\/www.barcelonacapitalnautica.org\\\/wp-content\\\/uploads\\\/2023\\\/03\\\/Logo-blau.svg\",\"width\":200,\"height\":58,\"caption\":\"Barcelona Capital N\u00e0utica\"},\"image\":{\"@id\":\"https:\\\/\\\/www.barcelonacapitalnautica.org\\\/es\\\/#\\\/schema\\\/logo\\\/image\\\/\"},\"sameAs\":[\"https:\\\/\\\/www.facebook.com\\\/barcelonacapitalnautica\",\"https:\\\/\\\/x.com\\\/bcnautica\",\"https:\\\/\\\/www.instagram.com\\\/bcnautica\\\/\",\"https:\\\/\\\/www.linkedin.com\\\/company\\\/barcelona-capital-nautica\"]},{\"@type\":\"Person\",\"@id\":\"https:\\\/\\\/www.barcelonacapitalnautica.org\\\/es\\\/#\\\/schema\\\/person\\\/f1a7b6cdf70e48856b35358258241493\",\"name\":\"Cristina Martin\"}]}<\/script>\n<!-- \/ Yoast SEO plugin. -->","yoast_head_json":{"title":"Los ganadores y la exposici\u00f3n del concurso de fotograf\u00eda \"Un mar abierto a todo el mundo\" - Barcelona Capital N\u00e0utica","robots":{"index":"index","follow":"follow","max-snippet":"max-snippet:-1","max-image-preview":"max-image-preview:large","max-video-preview":"max-video-preview:-1"},"canonical":"https:\/\/www.barcelonacapitalnautica.org\/es\/los-ganadores-y-la-exposicion-del-concurso-de-fotografia-un-mar-abierto-a-todo-el-mundo\/","og_locale":"es_ES","og_type":"article","og_title":"Los ganadores y la exposici\u00f3n del concurso de fotograf\u00eda \"Un mar abierto a todo el mundo\" - Barcelona Capital N\u00e0utica","og_description":"Ayer por la tarde anunciamos las tres im\u00e1genes ganadoras del [&hellip;]","og_url":"https:\/\/www.barcelonacapitalnautica.org\/es\/los-ganadores-y-la-exposicion-del-concurso-de-fotografia-un-mar-abierto-a-todo-el-mundo\/","og_site_name":"Barcelona Capital N\u00e0utica","article_publisher":"https:\/\/www.facebook.com\/barcelonacapitalnautica","article_published_time":"2024-04-05T10:30:48+00:00","article_modified_time":"2024-07-01T14:09:08+00:00","og_image":[{"width":1140,"height":440,"url":"https:\/\/www.barcelonacapitalnautica.org\/wp-content\/uploads\/2024\/04\/Noti-Inauguracio_expo.png","type":"image\/png"}],"author":"Cristina Martin","twitter_card":"summary_large_image","twitter_creator":"@bcnautica","twitter_site":"@bcnautica","twitter_misc":{"Escrito por":"Cristina Martin","Tiempo de lectura":"3 minutos"},"schema":{"@context":"https:\/\/schema.org","@graph":[{"@type":"Article","@id":"https:\/\/www.barcelonacapitalnautica.org\/es\/los-ganadores-y-la-exposicion-del-concurso-de-fotografia-un-mar-abierto-a-todo-el-mundo\/#article","isPartOf":{"@id":"https:\/\/www.barcelonacapitalnautica.org\/es\/los-ganadores-y-la-exposicion-del-concurso-de-fotografia-un-mar-abierto-a-todo-el-mundo\/"},"author":{"name":"Cristina Martin","@id":"https:\/\/www.barcelonacapitalnautica.org\/es\/#\/schema\/person\/f1a7b6cdf70e48856b35358258241493"},"headline":"Los ganadores y la exposici\u00f3n del concurso de fotograf\u00eda \u00abUn mar abierto a todo el mundo\u00bb","datePublished":"2024-04-05T10:30:48+00:00","dateModified":"2024-07-01T14:09:08+00:00","mainEntityOfPage":{"@id":"https:\/\/www.barcelonacapitalnautica.org\/es\/los-ganadores-y-la-exposicion-del-concurso-de-fotografia-un-mar-abierto-a-todo-el-mundo\/"},"wordCount":523,"publisher":{"@id":"https:\/\/www.barcelonacapitalnautica.org\/es\/#organization"},"image":{"@id":"https:\/\/www.barcelonacapitalnautica.org\/es\/los-ganadores-y-la-exposicion-del-concurso-de-fotografia-un-mar-abierto-a-todo-el-mundo\/#primaryimage"},"thumbnailUrl":"https:\/\/www.barcelonacapitalnautica.org\/wp-content\/uploads\/2024\/04\/Noti-Inauguracio_expo.png","keywords":["castellano","cultura","Expo fotos","UNESCO"],"articleSection":["Cultura"],"inLanguage":"es"},{"@type":"WebPage","@id":"https:\/\/www.barcelonacapitalnautica.org\/es\/los-ganadores-y-la-exposicion-del-concurso-de-fotografia-un-mar-abierto-a-todo-el-mundo\/","url":"https:\/\/www.barcelonacapitalnautica.org\/es\/los-ganadores-y-la-exposicion-del-concurso-de-fotografia-un-mar-abierto-a-todo-el-mundo\/","name":"Los ganadores y la exposici\u00f3n del concurso de fotograf\u00eda \"Un mar abierto a todo el mundo\" - Barcelona Capital N\u00e0utica","isPartOf":{"@id":"https:\/\/www.barcelonacapitalnautica.org\/es\/#website"},"primaryImageOfPage":{"@id":"https:\/\/www.barcelonacapitalnautica.org\/es\/los-ganadores-y-la-exposicion-del-concurso-de-fotografia-un-mar-abierto-a-todo-el-mundo\/#primaryimage"},"image":{"@id":"https:\/\/www.barcelonacapitalnautica.org\/es\/los-ganadores-y-la-exposicion-del-concurso-de-fotografia-un-mar-abierto-a-todo-el-mundo\/#primaryimage"},"thumbnailUrl":"https:\/\/www.barcelonacapitalnautica.org\/wp-content\/uploads\/2024\/04\/Noti-Inauguracio_expo.png","datePublished":"2024-04-05T10:30:48+00:00","dateModified":"2024-07-01T14:09:08+00:00","breadcrumb":{"@id":"https:\/\/www.barcelonacapitalnautica.org\/es\/los-ganadores-y-la-exposicion-del-concurso-de-fotografia-un-mar-abierto-a-todo-el-mundo\/#breadcrumb"},"inLanguage":"es","potentialAction":[{"@type":"ReadAction","target":["https:\/\/www.barcelonacapitalnautica.org\/es\/los-ganadores-y-la-exposicion-del-concurso-de-fotografia-un-mar-abierto-a-todo-el-mundo\/"]}]},{"@type":"ImageObject","inLanguage":"es","@id":"https:\/\/www.barcelonacapitalnautica.org\/es\/los-ganadores-y-la-exposicion-del-concurso-de-fotografia-un-mar-abierto-a-todo-el-mundo\/#primaryimage","url":"https:\/\/www.barcelonacapitalnautica.org\/wp-content\/uploads\/2024\/04\/Noti-Inauguracio_expo.png","contentUrl":"https:\/\/www.barcelonacapitalnautica.org\/wp-content\/uploads\/2024\/04\/Noti-Inauguracio_expo.png","width":1140,"height":440},{"@type":"BreadcrumbList","@id":"https:\/\/www.barcelonacapitalnautica.org\/es\/los-ganadores-y-la-exposicion-del-concurso-de-fotografia-un-mar-abierto-a-todo-el-mundo\/#breadcrumb","itemListElement":[{"@type":"ListItem","position":1,"name":"Inici","item":"https:\/\/www.barcelonacapitalnautica.org\/es\/"},{"@type":"ListItem","position":2,"name":"Los ganadores y la exposici\u00f3n del concurso de fotograf\u00eda &#8220;Un mar abierto a todo el mundo&#8221;"}]},{"@type":"WebSite","@id":"https:\/\/www.barcelonacapitalnautica.org\/es\/#website","url":"https:\/\/www.barcelonacapitalnautica.org\/es\/","name":"Barcelona Capital N\u00e0utica","description":"Barcelona Capital N\u00e0utica","publisher":{"@id":"https:\/\/www.barcelonacapitalnautica.org\/es\/#organization"},"alternateName":"BCN\u00e0utica, FBCN","potentialAction":[{"@type":"SearchAction","target":{"@type":"EntryPoint","urlTemplate":"https:\/\/www.barcelonacapitalnautica.org\/es\/?s={search_term_string}"},"query-input":{"@type":"PropertyValueSpecification","valueRequired":true,"valueName":"search_term_string"}}],"inLanguage":"es"},{"@type":"Organization","@id":"https:\/\/www.barcelonacapitalnautica.org\/es\/#organization","name":"Barcelona Capital N\u00e0utica","alternateName":"Fundaci\u00f3 Barcelona Capital N\u00e0utica","url":"https:\/\/www.barcelonacapitalnautica.org\/es\/","logo":{"@type":"ImageObject","inLanguage":"es","@id":"https:\/\/www.barcelonacapitalnautica.org\/es\/#\/schema\/logo\/image\/","url":"https:\/\/www.barcelonacapitalnautica.org\/wp-content\/uploads\/2023\/03\/Logo-blau.svg","contentUrl":"https:\/\/www.barcelonacapitalnautica.org\/wp-content\/uploads\/2023\/03\/Logo-blau.svg","width":200,"height":58,"caption":"Barcelona Capital N\u00e0utica"},"image":{"@id":"https:\/\/www.barcelonacapitalnautica.org\/es\/#\/schema\/logo\/image\/"},"sameAs":["https:\/\/www.facebook.com\/barcelonacapitalnautica","https:\/\/x.com\/bcnautica","https:\/\/www.instagram.com\/bcnautica\/","https:\/\/www.linkedin.com\/company\/barcelona-capital-nautica"]},{"@type":"Person","@id":"https:\/\/www.barcelonacapitalnautica.org\/es\/#\/schema\/person\/f1a7b6cdf70e48856b35358258241493","name":"Cristina Martin"}]}},"uagb_featured_image_src":{"full":["https:\/\/www.barcelonacapitalnautica.org\/wp-content\/uploads\/2024\/04\/Noti-Inauguracio_expo.png",1140,440,false],"thumbnail":["https:\/\/www.barcelonacapitalnautica.org\/wp-content\/uploads\/2024\/04\/Noti-Inauguracio_expo-380x147.png",380,147,true],"medium":["https:\/\/www.barcelonacapitalnautica.org\/wp-content\/uploads\/2024\/04\/Noti-Inauguracio_expo-560x216.png",560,216,true],"medium_large":["https:\/\/www.barcelonacapitalnautica.org\/wp-content\/uploads\/2024\/04\/Noti-Inauguracio_expo-768x296.png",768,296,true],"large":["https:\/\/www.barcelonacapitalnautica.org\/wp-content\/uploads\/2024\/04\/Noti-Inauguracio_expo-900x347.png",900,347,true],"1536x1536":["https:\/\/www.barcelonacapitalnautica.org\/wp-content\/uploads\/2024\/04\/Noti-Inauguracio_expo.png",1140,440,false],"2048x2048":["https:\/\/www.barcelonacapitalnautica.org\/wp-content\/uploads\/2024\/04\/Noti-Inauguracio_expo.png",1140,440,false]},"uagb_author_info":{"display_name":"Cristina Martin","author_link":"https:\/\/www.barcelonacapitalnautica.org\/es\/author\/fbcn_cristina\/"},"uagb_comment_info":0,"uagb_excerpt":"Ayer por la tarde anunciamos las tres im\u00e1genes ganadoras del [&hellip;]","_links":{"self":[{"href":"https:\/\/www.barcelonacapitalnautica.org\/es\/wp-json\/wp\/v2\/posts\/265898","targetHints":{"allow":["GET"]}}],"collection":[{"href":"https:\/\/www.barcelonacapitalnautica.org\/es\/wp-json\/wp\/v2\/posts"}],"about":[{"href":"https:\/\/www.barcelonacapitalnautica.org\/es\/wp-json\/wp\/v2\/types\/post"}],"author":[{"embeddable":true,"href":"https:\/\/www.barcelonacapitalnautica.org\/es\/wp-json\/wp\/v2\/users\/3"}],"replies":[{"embeddable":true,"href":"https:\/\/www.barcelonacapitalnautica.org\/es\/wp-json\/wp\/v2\/comments?post=265898"}],"version-history":[{"count":7,"href":"https:\/\/www.barcelonacapitalnautica.org\/es\/wp-json\/wp\/v2\/posts\/265898\/revisions"}],"predecessor-version":[{"id":268380,"href":"https:\/\/www.barcelonacapitalnautica.org\/es\/wp-json\/wp\/v2\/posts\/265898\/revisions\/268380"}],"wp:featuredmedia":[{"embeddable":true,"href":"https:\/\/www.barcelonacapitalnautica.org\/es\/wp-json\/wp\/v2\/media\/265910"}],"wp:attachment":[{"href":"https:\/\/www.barcelonacapitalnautica.org\/es\/wp-json\/wp\/v2\/media?parent=265898"}],"wp:term":[{"taxonomy":"category","embeddable":true,"href":"https:\/\/www.barcelonacapitalnautica.org\/es\/wp-json\/wp\/v2\/categories?post=265898"},{"taxonomy":"post_tag","embeddable":true,"href":"https:\/\/www.barcelonacapitalnautica.org\/es\/wp-json\/wp\/v2\/tags?post=265898"}],"curies":[{"name":"wp","href":"https:\/\/api.w.org\/{rel}","templated":true}]}}