{"id":266561,"date":"2024-04-29T13:20:08","date_gmt":"2024-04-29T11:20:08","guid":{"rendered":"https:\/\/www.barcelonacapitalnautica.org\/?p=266561"},"modified":"2024-04-29T13:20:38","modified_gmt":"2024-04-29T11:20:38","slug":"nos-adherimos-al-compromiso-medfoto-para-promover-los-valores-del-mediterraneo","status":"publish","type":"post","link":"https:\/\/www.barcelonacapitalnautica.org\/es\/nos-adherimos-al-compromiso-medfoto-para-promover-los-valores-del-mediterraneo\/","title":{"rendered":"\u00a1Nos adherimos al compromiso MedFoto para promover los valores del Mediterr\u00e1neo!"},"content":{"rendered":"\n<p>Estamos muy contentos de anunciar que hemos firmado un compromiso con el certamen <a href=\"https:\/\/medfoto.org\/\" target=\"_blank\" rel=\"noreferrer noopener\">MedFoto<\/a> para <strong>promover los valores del Mediterr\u00e1neo<\/strong>, su riqueza y fragilidad, as\u00ed como su relaci\u00f3n con las personas. Se comprometen, adem\u00e1s, a desarrollar su labor de forma responsable, defendiendo la fauna, la flora y las personas que habitan en el Mediterr\u00e1neo.<\/p>\n\n\n\n<p>El MedFoto es una iniciativa que nace de la colaboraci\u00f3n entre el <a href=\"https:\/\/nauticescala.com\/\" target=\"_blank\" rel=\"noreferrer noopener\">Club N\u00e0utico L&#8217;Escala<\/a> y la <a href=\"https:\/\/alivefund.org\/\" target=\"_blank\" rel=\"noreferrer noopener\">Fundaci\u00f3 Alive<\/a>, con el apoyo del Ayuntamiento de L&#8217;Escala y tiene por objetivo poner en valor la fr\u00e1gil relaci\u00f3n entre las personas y el mar, as\u00ed como dar a conocer los <strong>valores naturales del entorno marino y fomentar la actitud responsable <\/strong>de todos los agentes que operan en el mundo marino y p\u00fablico en general. Con la recogida y difusi\u00f3n del material visual del concurso, el certamen trabaja para contribuir al conocimiento y la preservaci\u00f3n del medio marino.<\/p>\n\n\n\n<p>La firma del compromiso llega en un momento clave para MedFoto y es que se encuentra en plena convocatoria de la cuarta edici\u00f3n de su concurso de fotograf\u00eda. Las<strong> inscripciones del MedFoto<\/strong> 2024 abrieron el pasado 1 de abril y ser\u00e1n <strong>abiertas hasta el 15 de mayo<\/strong>.<\/p>\n\n\n\n<p>Adem\u00e1s, en esta edici\u00f3n, el certamen, validado por la Asociaci\u00f3n Espa\u00f1ola de Fot\u00f3grafos de Naturaleza AEFONA, cuenta con el apoyo de Puertos de la Generalitat, el Ayuntamiento de L&#8217;Escala, Empord\u00e0 Turisme, el camping La Ballena Alegre , Festival Portalblau e Improcat.<\/p>\n\n\n\n<p>Fotograf\u00eda: Marc Marco \/ Premio Absoluto MedFoto 2023<\/p>\n","protected":false},"excerpt":{"rendered":"<p>Estamos muy contentos de anunciar que hemos firmado un compromiso [&hellip;]<\/p>\n","protected":false},"author":3,"featured_media":266556,"comment_status":"closed","ping_status":"closed","sticky":false,"template":"","format":"standard","meta":{"_uag_custom_page_level_css":"","site-sidebar-layout":"default","site-content-layout":"","ast-site-content-layout":"default","site-content-style":"default","site-sidebar-style":"default","ast-global-header-display":"","ast-banner-title-visibility":"","ast-main-header-display":"","ast-hfb-above-header-display":"","ast-hfb-below-header-display":"","ast-hfb-mobile-header-display":"","site-post-title":"","ast-breadcrumbs-content":"","ast-featured-img":"","footer-sml-layout":"","ast-disable-related-posts":"","theme-transparent-header-meta":"","adv-header-id-meta":"","stick-header-meta":"","header-above-stick-meta":"","header-main-stick-meta":"","header-below-stick-meta":"","astra-migrate-meta-layouts":"set","ast-page-background-enabled":"default","ast-page-background-meta":{"desktop":{"background-color":"","background-image":"","background-repeat":"repeat","background-position":"center center","background-size":"auto","background-attachment":"scroll","background-type":"","background-media":"","overlay-type":"","overlay-color":"","overlay-opacity":"","overlay-gradient":""},"tablet":{"background-color":"","background-image":"","background-repeat":"repeat","background-position":"center center","background-size":"auto","background-attachment":"scroll","background-type":"","background-media":"","overlay-type":"","overlay-color":"","overlay-opacity":"","overlay-gradient":""},"mobile":{"background-color":"","background-image":"","background-repeat":"repeat","background-position":"center center","background-size":"auto","background-attachment":"scroll","background-type":"","background-media":"","overlay-type":"","overlay-color":"","overlay-opacity":"","overlay-gradient":""}},"ast-content-background-meta":{"desktop":{"background-color":"var(--ast-global-color-5)","background-image":"","background-repeat":"repeat","background-position":"center center","background-size":"auto","background-attachment":"scroll","background-type":"","background-media":"","overlay-type":"","overlay-color":"","overlay-opacity":"","overlay-gradient":""},"tablet":{"background-color":"var(--ast-global-color-5)","background-image":"","background-repeat":"repeat","background-position":"center center","background-size":"auto","background-attachment":"scroll","background-type":"","background-media":"","overlay-type":"","overlay-color":"","overlay-opacity":"","overlay-gradient":""},"mobile":{"background-color":"var(--ast-global-color-5)","background-image":"","background-repeat":"repeat","background-position":"center center","background-size":"auto","background-attachment":"scroll","background-type":"","background-media":"","overlay-type":"","overlay-color":"","overlay-opacity":"","overlay-gradient":""}},"_price":"","_stock":"","_tribe_ticket_header":"","_tribe_default_ticket_provider":"","_tribe_ticket_capacity":"0","_ticket_start_date":"","_ticket_end_date":"","_tribe_ticket_show_description":"","_tribe_ticket_show_not_going":false,"_tribe_ticket_use_global_stock":"","_tribe_ticket_global_stock_level":"","_global_stock_mode":"","_global_stock_cap":"","_tribe_rsvp_for_event":"","_tribe_ticket_going_count":"","_tribe_ticket_not_going_count":"","_tribe_tickets_list":[],"_tribe_ticket_has_attendee_info_fields":false,"footnotes":""},"categories":[105],"tags":[115,117,142],"class_list":["post-266561","post","type-post","status-publish","format-standard","has-post-thumbnail","hentry","category-cultura","tag-castellano","tag-catala-es","tag-cultura-2"],"yoast_head":"<!-- This site is optimized with the Yoast SEO plugin v27.5 - https:\/\/yoast.com\/product\/yoast-seo-wordpress\/ -->\n<title>\u00a1Nos adherimos al compromiso MedFoto para promover los valores del Mediterr\u00e1neo! - Barcelona Capital N\u00e0utica<\/title>\n<meta name=\"robots\" content=\"index, follow, max-snippet:-1, max-image-preview:large, max-video-preview:-1\" \/>\n<link rel=\"canonical\" href=\"https:\/\/www.barcelonacapitalnautica.org\/es\/nos-adherimos-al-compromiso-medfoto-para-promover-los-valores-del-mediterraneo\/\" \/>\n<meta property=\"og:locale\" content=\"es_ES\" \/>\n<meta property=\"og:type\" content=\"article\" \/>\n<meta property=\"og:title\" content=\"\u00a1Nos adherimos al compromiso MedFoto para promover los valores del Mediterr\u00e1neo! - Barcelona Capital N\u00e0utica\" \/>\n<meta property=\"og:description\" content=\"Estamos muy contentos de anunciar que hemos firmado un compromiso [&hellip;]\" \/>\n<meta property=\"og:url\" content=\"https:\/\/www.barcelonacapitalnautica.org\/es\/nos-adherimos-al-compromiso-medfoto-para-promover-los-valores-del-mediterraneo\/\" \/>\n<meta property=\"og:site_name\" content=\"Barcelona Capital N\u00e0utica\" \/>\n<meta property=\"article:publisher\" content=\"https:\/\/www.facebook.com\/barcelonacapitalnautica\" \/>\n<meta property=\"article:published_time\" content=\"2024-04-29T11:20:08+00:00\" \/>\n<meta property=\"article:modified_time\" content=\"2024-04-29T11:20:38+00:00\" \/>\n<meta property=\"og:image\" content=\"https:\/\/www.barcelonacapitalnautica.org\/wp-content\/uploads\/2024\/04\/Noti-MedFoto.png\" \/>\n\t<meta property=\"og:image:width\" content=\"1140\" \/>\n\t<meta property=\"og:image:height\" content=\"440\" \/>\n\t<meta property=\"og:image:type\" content=\"image\/png\" \/>\n<meta name=\"author\" content=\"Cristina Martin\" \/>\n<meta name=\"twitter:card\" content=\"summary_large_image\" \/>\n<meta name=\"twitter:creator\" content=\"@bcnautica\" \/>\n<meta name=\"twitter:site\" content=\"@bcnautica\" \/>\n<meta name=\"twitter:label1\" content=\"Escrito por\" \/>\n\t<meta name=\"twitter:data1\" content=\"Cristina Martin\" \/>\n\t<meta name=\"twitter:label2\" content=\"Tiempo de lectura\" \/>\n\t<meta name=\"twitter:data2\" content=\"2 minutos\" \/>\n<script type=\"application\/ld+json\" class=\"yoast-schema-graph\">{\"@context\":\"https:\\\/\\\/schema.org\",\"@graph\":[{\"@type\":\"Article\",\"@id\":\"https:\\\/\\\/www.barcelonacapitalnautica.org\\\/es\\\/nos-adherimos-al-compromiso-medfoto-para-promover-los-valores-del-mediterraneo\\\/#article\",\"isPartOf\":{\"@id\":\"https:\\\/\\\/www.barcelonacapitalnautica.org\\\/es\\\/nos-adherimos-al-compromiso-medfoto-para-promover-los-valores-del-mediterraneo\\\/\"},\"author\":{\"name\":\"Cristina Martin\",\"@id\":\"https:\\\/\\\/www.barcelonacapitalnautica.org\\\/es\\\/#\\\/schema\\\/person\\\/f1a7b6cdf70e48856b35358258241493\"},\"headline\":\"\u00a1Nos adherimos al compromiso MedFoto para promover los valores del Mediterr\u00e1neo!\",\"datePublished\":\"2024-04-29T11:20:08+00:00\",\"dateModified\":\"2024-04-29T11:20:38+00:00\",\"mainEntityOfPage\":{\"@id\":\"https:\\\/\\\/www.barcelonacapitalnautica.org\\\/es\\\/nos-adherimos-al-compromiso-medfoto-para-promover-los-valores-del-mediterraneo\\\/\"},\"wordCount\":274,\"publisher\":{\"@id\":\"https:\\\/\\\/www.barcelonacapitalnautica.org\\\/es\\\/#organization\"},\"image\":{\"@id\":\"https:\\\/\\\/www.barcelonacapitalnautica.org\\\/es\\\/nos-adherimos-al-compromiso-medfoto-para-promover-los-valores-del-mediterraneo\\\/#primaryimage\"},\"thumbnailUrl\":\"https:\\\/\\\/www.barcelonacapitalnautica.org\\\/wp-content\\\/uploads\\\/2024\\\/04\\\/Noti-MedFoto.png\",\"keywords\":[\"castellano\",\"catal\u00e0\",\"cultura\"],\"articleSection\":[\"Cultura\"],\"inLanguage\":\"es\"},{\"@type\":\"WebPage\",\"@id\":\"https:\\\/\\\/www.barcelonacapitalnautica.org\\\/es\\\/nos-adherimos-al-compromiso-medfoto-para-promover-los-valores-del-mediterraneo\\\/\",\"url\":\"https:\\\/\\\/www.barcelonacapitalnautica.org\\\/es\\\/nos-adherimos-al-compromiso-medfoto-para-promover-los-valores-del-mediterraneo\\\/\",\"name\":\"\u00a1Nos adherimos al compromiso MedFoto para promover los valores del Mediterr\u00e1neo! - Barcelona Capital N\u00e0utica\",\"isPartOf\":{\"@id\":\"https:\\\/\\\/www.barcelonacapitalnautica.org\\\/es\\\/#website\"},\"primaryImageOfPage\":{\"@id\":\"https:\\\/\\\/www.barcelonacapitalnautica.org\\\/es\\\/nos-adherimos-al-compromiso-medfoto-para-promover-los-valores-del-mediterraneo\\\/#primaryimage\"},\"image\":{\"@id\":\"https:\\\/\\\/www.barcelonacapitalnautica.org\\\/es\\\/nos-adherimos-al-compromiso-medfoto-para-promover-los-valores-del-mediterraneo\\\/#primaryimage\"},\"thumbnailUrl\":\"https:\\\/\\\/www.barcelonacapitalnautica.org\\\/wp-content\\\/uploads\\\/2024\\\/04\\\/Noti-MedFoto.png\",\"datePublished\":\"2024-04-29T11:20:08+00:00\",\"dateModified\":\"2024-04-29T11:20:38+00:00\",\"breadcrumb\":{\"@id\":\"https:\\\/\\\/www.barcelonacapitalnautica.org\\\/es\\\/nos-adherimos-al-compromiso-medfoto-para-promover-los-valores-del-mediterraneo\\\/#breadcrumb\"},\"inLanguage\":\"es\",\"potentialAction\":[{\"@type\":\"ReadAction\",\"target\":[\"https:\\\/\\\/www.barcelonacapitalnautica.org\\\/es\\\/nos-adherimos-al-compromiso-medfoto-para-promover-los-valores-del-mediterraneo\\\/\"]}]},{\"@type\":\"ImageObject\",\"inLanguage\":\"es\",\"@id\":\"https:\\\/\\\/www.barcelonacapitalnautica.org\\\/es\\\/nos-adherimos-al-compromiso-medfoto-para-promover-los-valores-del-mediterraneo\\\/#primaryimage\",\"url\":\"https:\\\/\\\/www.barcelonacapitalnautica.org\\\/wp-content\\\/uploads\\\/2024\\\/04\\\/Noti-MedFoto.png\",\"contentUrl\":\"https:\\\/\\\/www.barcelonacapitalnautica.org\\\/wp-content\\\/uploads\\\/2024\\\/04\\\/Noti-MedFoto.png\",\"width\":1140,\"height\":440},{\"@type\":\"BreadcrumbList\",\"@id\":\"https:\\\/\\\/www.barcelonacapitalnautica.org\\\/es\\\/nos-adherimos-al-compromiso-medfoto-para-promover-los-valores-del-mediterraneo\\\/#breadcrumb\",\"itemListElement\":[{\"@type\":\"ListItem\",\"position\":1,\"name\":\"Inici\",\"item\":\"https:\\\/\\\/www.barcelonacapitalnautica.org\\\/es\\\/\"},{\"@type\":\"ListItem\",\"position\":2,\"name\":\"\u00a1Nos adherimos al compromiso MedFoto para promover los valores del Mediterr\u00e1neo!\"}]},{\"@type\":\"WebSite\",\"@id\":\"https:\\\/\\\/www.barcelonacapitalnautica.org\\\/es\\\/#website\",\"url\":\"https:\\\/\\\/www.barcelonacapitalnautica.org\\\/es\\\/\",\"name\":\"Barcelona Capital N\u00e0utica\",\"description\":\"Barcelona Capital N\u00e0utica\",\"publisher\":{\"@id\":\"https:\\\/\\\/www.barcelonacapitalnautica.org\\\/es\\\/#organization\"},\"alternateName\":\"BCN\u00e0utica, FBCN\",\"potentialAction\":[{\"@type\":\"SearchAction\",\"target\":{\"@type\":\"EntryPoint\",\"urlTemplate\":\"https:\\\/\\\/www.barcelonacapitalnautica.org\\\/es\\\/?s={search_term_string}\"},\"query-input\":{\"@type\":\"PropertyValueSpecification\",\"valueRequired\":true,\"valueName\":\"search_term_string\"}}],\"inLanguage\":\"es\"},{\"@type\":\"Organization\",\"@id\":\"https:\\\/\\\/www.barcelonacapitalnautica.org\\\/es\\\/#organization\",\"name\":\"Barcelona Capital N\u00e0utica\",\"alternateName\":\"Fundaci\u00f3 Barcelona Capital N\u00e0utica\",\"url\":\"https:\\\/\\\/www.barcelonacapitalnautica.org\\\/es\\\/\",\"logo\":{\"@type\":\"ImageObject\",\"inLanguage\":\"es\",\"@id\":\"https:\\\/\\\/www.barcelonacapitalnautica.org\\\/es\\\/#\\\/schema\\\/logo\\\/image\\\/\",\"url\":\"https:\\\/\\\/www.barcelonacapitalnautica.org\\\/wp-content\\\/uploads\\\/2023\\\/03\\\/Logo-blau.svg\",\"contentUrl\":\"https:\\\/\\\/www.barcelonacapitalnautica.org\\\/wp-content\\\/uploads\\\/2023\\\/03\\\/Logo-blau.svg\",\"width\":200,\"height\":58,\"caption\":\"Barcelona Capital N\u00e0utica\"},\"image\":{\"@id\":\"https:\\\/\\\/www.barcelonacapitalnautica.org\\\/es\\\/#\\\/schema\\\/logo\\\/image\\\/\"},\"sameAs\":[\"https:\\\/\\\/www.facebook.com\\\/barcelonacapitalnautica\",\"https:\\\/\\\/x.com\\\/bcnautica\",\"https:\\\/\\\/www.instagram.com\\\/bcnautica\\\/\",\"https:\\\/\\\/www.linkedin.com\\\/company\\\/barcelona-capital-nautica\"]},{\"@type\":\"Person\",\"@id\":\"https:\\\/\\\/www.barcelonacapitalnautica.org\\\/es\\\/#\\\/schema\\\/person\\\/f1a7b6cdf70e48856b35358258241493\",\"name\":\"Cristina Martin\"}]}<\/script>\n<!-- \/ Yoast SEO plugin. -->","yoast_head_json":{"title":"\u00a1Nos adherimos al compromiso MedFoto para promover los valores del Mediterr\u00e1neo! - Barcelona Capital N\u00e0utica","robots":{"index":"index","follow":"follow","max-snippet":"max-snippet:-1","max-image-preview":"max-image-preview:large","max-video-preview":"max-video-preview:-1"},"canonical":"https:\/\/www.barcelonacapitalnautica.org\/es\/nos-adherimos-al-compromiso-medfoto-para-promover-los-valores-del-mediterraneo\/","og_locale":"es_ES","og_type":"article","og_title":"\u00a1Nos adherimos al compromiso MedFoto para promover los valores del Mediterr\u00e1neo! - Barcelona Capital N\u00e0utica","og_description":"Estamos muy contentos de anunciar que hemos firmado un compromiso [&hellip;]","og_url":"https:\/\/www.barcelonacapitalnautica.org\/es\/nos-adherimos-al-compromiso-medfoto-para-promover-los-valores-del-mediterraneo\/","og_site_name":"Barcelona Capital N\u00e0utica","article_publisher":"https:\/\/www.facebook.com\/barcelonacapitalnautica","article_published_time":"2024-04-29T11:20:08+00:00","article_modified_time":"2024-04-29T11:20:38+00:00","og_image":[{"width":1140,"height":440,"url":"https:\/\/www.barcelonacapitalnautica.org\/wp-content\/uploads\/2024\/04\/Noti-MedFoto.png","type":"image\/png"}],"author":"Cristina Martin","twitter_card":"summary_large_image","twitter_creator":"@bcnautica","twitter_site":"@bcnautica","twitter_misc":{"Escrito por":"Cristina Martin","Tiempo de lectura":"2 minutos"},"schema":{"@context":"https:\/\/schema.org","@graph":[{"@type":"Article","@id":"https:\/\/www.barcelonacapitalnautica.org\/es\/nos-adherimos-al-compromiso-medfoto-para-promover-los-valores-del-mediterraneo\/#article","isPartOf":{"@id":"https:\/\/www.barcelonacapitalnautica.org\/es\/nos-adherimos-al-compromiso-medfoto-para-promover-los-valores-del-mediterraneo\/"},"author":{"name":"Cristina Martin","@id":"https:\/\/www.barcelonacapitalnautica.org\/es\/#\/schema\/person\/f1a7b6cdf70e48856b35358258241493"},"headline":"\u00a1Nos adherimos al compromiso MedFoto para promover los valores del Mediterr\u00e1neo!","datePublished":"2024-04-29T11:20:08+00:00","dateModified":"2024-04-29T11:20:38+00:00","mainEntityOfPage":{"@id":"https:\/\/www.barcelonacapitalnautica.org\/es\/nos-adherimos-al-compromiso-medfoto-para-promover-los-valores-del-mediterraneo\/"},"wordCount":274,"publisher":{"@id":"https:\/\/www.barcelonacapitalnautica.org\/es\/#organization"},"image":{"@id":"https:\/\/www.barcelonacapitalnautica.org\/es\/nos-adherimos-al-compromiso-medfoto-para-promover-los-valores-del-mediterraneo\/#primaryimage"},"thumbnailUrl":"https:\/\/www.barcelonacapitalnautica.org\/wp-content\/uploads\/2024\/04\/Noti-MedFoto.png","keywords":["castellano","catal\u00e0","cultura"],"articleSection":["Cultura"],"inLanguage":"es"},{"@type":"WebPage","@id":"https:\/\/www.barcelonacapitalnautica.org\/es\/nos-adherimos-al-compromiso-medfoto-para-promover-los-valores-del-mediterraneo\/","url":"https:\/\/www.barcelonacapitalnautica.org\/es\/nos-adherimos-al-compromiso-medfoto-para-promover-los-valores-del-mediterraneo\/","name":"\u00a1Nos adherimos al compromiso MedFoto para promover los valores del Mediterr\u00e1neo! - Barcelona Capital N\u00e0utica","isPartOf":{"@id":"https:\/\/www.barcelonacapitalnautica.org\/es\/#website"},"primaryImageOfPage":{"@id":"https:\/\/www.barcelonacapitalnautica.org\/es\/nos-adherimos-al-compromiso-medfoto-para-promover-los-valores-del-mediterraneo\/#primaryimage"},"image":{"@id":"https:\/\/www.barcelonacapitalnautica.org\/es\/nos-adherimos-al-compromiso-medfoto-para-promover-los-valores-del-mediterraneo\/#primaryimage"},"thumbnailUrl":"https:\/\/www.barcelonacapitalnautica.org\/wp-content\/uploads\/2024\/04\/Noti-MedFoto.png","datePublished":"2024-04-29T11:20:08+00:00","dateModified":"2024-04-29T11:20:38+00:00","breadcrumb":{"@id":"https:\/\/www.barcelonacapitalnautica.org\/es\/nos-adherimos-al-compromiso-medfoto-para-promover-los-valores-del-mediterraneo\/#breadcrumb"},"inLanguage":"es","potentialAction":[{"@type":"ReadAction","target":["https:\/\/www.barcelonacapitalnautica.org\/es\/nos-adherimos-al-compromiso-medfoto-para-promover-los-valores-del-mediterraneo\/"]}]},{"@type":"ImageObject","inLanguage":"es","@id":"https:\/\/www.barcelonacapitalnautica.org\/es\/nos-adherimos-al-compromiso-medfoto-para-promover-los-valores-del-mediterraneo\/#primaryimage","url":"https:\/\/www.barcelonacapitalnautica.org\/wp-content\/uploads\/2024\/04\/Noti-MedFoto.png","contentUrl":"https:\/\/www.barcelonacapitalnautica.org\/wp-content\/uploads\/2024\/04\/Noti-MedFoto.png","width":1140,"height":440},{"@type":"BreadcrumbList","@id":"https:\/\/www.barcelonacapitalnautica.org\/es\/nos-adherimos-al-compromiso-medfoto-para-promover-los-valores-del-mediterraneo\/#breadcrumb","itemListElement":[{"@type":"ListItem","position":1,"name":"Inici","item":"https:\/\/www.barcelonacapitalnautica.org\/es\/"},{"@type":"ListItem","position":2,"name":"\u00a1Nos adherimos al compromiso MedFoto para promover los valores del Mediterr\u00e1neo!"}]},{"@type":"WebSite","@id":"https:\/\/www.barcelonacapitalnautica.org\/es\/#website","url":"https:\/\/www.barcelonacapitalnautica.org\/es\/","name":"Barcelona Capital N\u00e0utica","description":"Barcelona Capital N\u00e0utica","publisher":{"@id":"https:\/\/www.barcelonacapitalnautica.org\/es\/#organization"},"alternateName":"BCN\u00e0utica, FBCN","potentialAction":[{"@type":"SearchAction","target":{"@type":"EntryPoint","urlTemplate":"https:\/\/www.barcelonacapitalnautica.org\/es\/?s={search_term_string}"},"query-input":{"@type":"PropertyValueSpecification","valueRequired":true,"valueName":"search_term_string"}}],"inLanguage":"es"},{"@type":"Organization","@id":"https:\/\/www.barcelonacapitalnautica.org\/es\/#organization","name":"Barcelona Capital N\u00e0utica","alternateName":"Fundaci\u00f3 Barcelona Capital N\u00e0utica","url":"https:\/\/www.barcelonacapitalnautica.org\/es\/","logo":{"@type":"ImageObject","inLanguage":"es","@id":"https:\/\/www.barcelonacapitalnautica.org\/es\/#\/schema\/logo\/image\/","url":"https:\/\/www.barcelonacapitalnautica.org\/wp-content\/uploads\/2023\/03\/Logo-blau.svg","contentUrl":"https:\/\/www.barcelonacapitalnautica.org\/wp-content\/uploads\/2023\/03\/Logo-blau.svg","width":200,"height":58,"caption":"Barcelona Capital N\u00e0utica"},"image":{"@id":"https:\/\/www.barcelonacapitalnautica.org\/es\/#\/schema\/logo\/image\/"},"sameAs":["https:\/\/www.facebook.com\/barcelonacapitalnautica","https:\/\/x.com\/bcnautica","https:\/\/www.instagram.com\/bcnautica\/","https:\/\/www.linkedin.com\/company\/barcelona-capital-nautica"]},{"@type":"Person","@id":"https:\/\/www.barcelonacapitalnautica.org\/es\/#\/schema\/person\/f1a7b6cdf70e48856b35358258241493","name":"Cristina Martin"}]}},"uagb_featured_image_src":{"full":["https:\/\/www.barcelonacapitalnautica.org\/wp-content\/uploads\/2024\/04\/Noti-MedFoto.png",1140,440,false],"thumbnail":["https:\/\/www.barcelonacapitalnautica.org\/wp-content\/uploads\/2024\/04\/Noti-MedFoto-380x147.png",380,147,true],"medium":["https:\/\/www.barcelonacapitalnautica.org\/wp-content\/uploads\/2024\/04\/Noti-MedFoto-560x216.png",560,216,true],"medium_large":["https:\/\/www.barcelonacapitalnautica.org\/wp-content\/uploads\/2024\/04\/Noti-MedFoto-768x296.png",768,296,true],"large":["https:\/\/www.barcelonacapitalnautica.org\/wp-content\/uploads\/2024\/04\/Noti-MedFoto-900x347.png",900,347,true],"1536x1536":["https:\/\/www.barcelonacapitalnautica.org\/wp-content\/uploads\/2024\/04\/Noti-MedFoto.png",1140,440,false],"2048x2048":["https:\/\/www.barcelonacapitalnautica.org\/wp-content\/uploads\/2024\/04\/Noti-MedFoto.png",1140,440,false]},"uagb_author_info":{"display_name":"Cristina Martin","author_link":"https:\/\/www.barcelonacapitalnautica.org\/es\/author\/fbcn_cristina\/"},"uagb_comment_info":0,"uagb_excerpt":"Estamos muy contentos de anunciar que hemos firmado un compromiso [&hellip;]","_links":{"self":[{"href":"https:\/\/www.barcelonacapitalnautica.org\/es\/wp-json\/wp\/v2\/posts\/266561","targetHints":{"allow":["GET"]}}],"collection":[{"href":"https:\/\/www.barcelonacapitalnautica.org\/es\/wp-json\/wp\/v2\/posts"}],"about":[{"href":"https:\/\/www.barcelonacapitalnautica.org\/es\/wp-json\/wp\/v2\/types\/post"}],"author":[{"embeddable":true,"href":"https:\/\/www.barcelonacapitalnautica.org\/es\/wp-json\/wp\/v2\/users\/3"}],"replies":[{"embeddable":true,"href":"https:\/\/www.barcelonacapitalnautica.org\/es\/wp-json\/wp\/v2\/comments?post=266561"}],"version-history":[{"count":2,"href":"https:\/\/www.barcelonacapitalnautica.org\/es\/wp-json\/wp\/v2\/posts\/266561\/revisions"}],"predecessor-version":[{"id":266607,"href":"https:\/\/www.barcelonacapitalnautica.org\/es\/wp-json\/wp\/v2\/posts\/266561\/revisions\/266607"}],"wp:featuredmedia":[{"embeddable":true,"href":"https:\/\/www.barcelonacapitalnautica.org\/es\/wp-json\/wp\/v2\/media\/266556"}],"wp:attachment":[{"href":"https:\/\/www.barcelonacapitalnautica.org\/es\/wp-json\/wp\/v2\/media?parent=266561"}],"wp:term":[{"taxonomy":"category","embeddable":true,"href":"https:\/\/www.barcelonacapitalnautica.org\/es\/wp-json\/wp\/v2\/categories?post=266561"},{"taxonomy":"post_tag","embeddable":true,"href":"https:\/\/www.barcelonacapitalnautica.org\/es\/wp-json\/wp\/v2\/tags?post=266561"}],"curies":[{"name":"wp","href":"https:\/\/api.w.org\/{rel}","templated":true}]}}