{"id":266946,"date":"2024-05-13T12:08:52","date_gmt":"2024-05-13T10:08:52","guid":{"rendered":"https:\/\/www.barcelonacapitalnautica.org\/?p=266946"},"modified":"2024-05-13T13:29:27","modified_gmt":"2024-05-13T11:29:27","slug":"ha-empezado-la-segunda-etapa-de-la-solomed-los-regatistas-van-rumbo-a-barcelona","status":"publish","type":"post","link":"https:\/\/www.barcelonacapitalnautica.org\/es\/ha-empezado-la-segunda-etapa-de-la-solomed-los-regatistas-van-rumbo-a-barcelona\/","title":{"rendered":"Ha empezado la segunda etapa de la SoloMed: \u00a1los regatistas van rumbo a Barcelona!"},"content":{"rendered":"\n<p>El pasado s\u00e1bado zalp\u00f3 la segunda etapa de la SoloMed, una de las regatas de la Clase Mini 6.50 m\u00e1s emocionantes del Mediterr\u00e1neo. Tras una <a href=\"https:\/\/www.barcelonacapitalnautica.org\/es\/la-tercera-edicion-de-la-solo-med-ya-ha-zarpado\/\">primera etapa impresionante<\/a>, los participantes est\u00e1n listos para enfrentar nuevos desaf\u00edos y seguir demostrando su destreza y determinaci\u00f3n.<\/p>\n\n\n\n<p>Nicolo Gamenara, con su embarcaci\u00f3n <a href=\"https:\/\/www.barcelonacapitalnautica.org\/es\/nicolo-gamenara-lidera-la-primera-etapa-de-la-solomed\/\">Red Hot Mini Pepper 1073, lidera la clasificaci\u00f3n absoluta<\/a> y la de la categor\u00eda Series despu\u00e9s de una primera etapa donde ha establecido un <strong>r\u00e9cord hist\u00f3rico con un tiempo excepcional de 24 horas y 11 minutos<\/strong>. Esto ha puesto el list\u00f3n muy alto para el resto de los regatistas, pero la competici\u00f3n sigue abierta y llena de emociones.<\/p>\n\n\n\t\t\t\t\t<div\n\t\t\t\t\t\tclass=\"wp-block-uagb-image-gallery uagb-block-c270e223     \"\n\t\t\t\t\t\tstyle=\"\"\n\t\t\t\t\t>\n\t\t\t\t\t\t\t\t\t\t\t<div class=\"spectra-image-gallery spectra-image-gallery__layout--grid spectra-image-gallery__layout--grid-col-4 spectra-image-gallery__layout--grid-col-tab-3 spectra-image-gallery__layout--grid-col-mob-2\">\n\t\t\t\t\t\t\t\t\t\t\t<div class='spectra-image-gallery__media-wrapper' data-spectra-gallery-image-id='266933' tabindex=\"0\">\n\t\t\t\t\t\t\t<div class=\"spectra-image-gallery__media spectra-image-gallery__media--grid\">\n\t\t\t\t<picture>\n\t\t\t\t\t<source media=\"(min-width: 1024px)\" srcset=\"https:\/\/www.barcelonacapitalnautica.org\/wp-content\/uploads\/2024\/05\/Noti-Sortida-2a-etapa-Solo-Med-241-900x675.jpg\">\n\t\t\t\t\t<source media=\"(min-width: 768px)\" srcset=\"https:\/\/www.barcelonacapitalnautica.org\/wp-content\/uploads\/2024\/05\/Noti-Sortida-2a-etapa-Solo-Med-241-900x675.jpg\">\n\t\t\t\t\t<img decoding=\"async\" class=\"spectra-image-gallery__media-thumbnail spectra-image-gallery__media-thumbnail--grid\" src=\"https:\/\/www.barcelonacapitalnautica.org\/wp-content\/uploads\/2024\/05\/Noti-Sortida-2a-etapa-Solo-Med-241-560x420.jpg\" alt=\"\" loading=\"lazy\" \/>\n\t\t\t\t<\/picture>\n\t\t\t\t<div class=\"spectra-image-gallery__media-thumbnail-blurrer\"><\/div>\n\t\t\t\t\t\t\t\t\t\t\t<div class=\"spectra-image-gallery__media-thumbnail-caption-wrapper spectra-image-gallery__media-thumbnail-caption-wrapper--overlay\"><\/div>\n\t\t\t\t\t\t\t\t<\/div>\n\t\t\t\t\t\t<\/div>\n\t\t\t\t\t\t<div class='spectra-image-gallery__media-wrapper' data-spectra-gallery-image-id='266939' tabindex=\"0\">\n\t\t\t\t\t\t\t<div class=\"spectra-image-gallery__media spectra-image-gallery__media--grid\">\n\t\t\t\t<picture>\n\t\t\t\t\t<source media=\"(min-width: 1024px)\" srcset=\"https:\/\/www.barcelonacapitalnautica.org\/wp-content\/uploads\/2024\/05\/Noti-Sortida-2a-etapa-Solo-Med-243-900x675.jpg\">\n\t\t\t\t\t<source media=\"(min-width: 768px)\" srcset=\"https:\/\/www.barcelonacapitalnautica.org\/wp-content\/uploads\/2024\/05\/Noti-Sortida-2a-etapa-Solo-Med-243-900x675.jpg\">\n\t\t\t\t\t<img decoding=\"async\" class=\"spectra-image-gallery__media-thumbnail spectra-image-gallery__media-thumbnail--grid\" src=\"https:\/\/www.barcelonacapitalnautica.org\/wp-content\/uploads\/2024\/05\/Noti-Sortida-2a-etapa-Solo-Med-243-560x420.jpg\" alt=\"\" loading=\"lazy\" \/>\n\t\t\t\t<\/picture>\n\t\t\t\t<div class=\"spectra-image-gallery__media-thumbnail-blurrer\"><\/div>\n\t\t\t\t\t\t\t\t\t\t\t<div class=\"spectra-image-gallery__media-thumbnail-caption-wrapper spectra-image-gallery__media-thumbnail-caption-wrapper--overlay\"><\/div>\n\t\t\t\t\t\t\t\t<\/div>\n\t\t\t\t\t\t<\/div>\n\t\t\t\t\t\t<div class='spectra-image-gallery__media-wrapper' data-spectra-gallery-image-id='266936' tabindex=\"0\">\n\t\t\t\t\t\t\t<div class=\"spectra-image-gallery__media spectra-image-gallery__media--grid\">\n\t\t\t\t<picture>\n\t\t\t\t\t<source media=\"(min-width: 1024px)\" srcset=\"https:\/\/www.barcelonacapitalnautica.org\/wp-content\/uploads\/2024\/05\/Noti-Sortida-2a-etapa-Solo-Med-242-900x506.jpg\">\n\t\t\t\t\t<source media=\"(min-width: 768px)\" srcset=\"https:\/\/www.barcelonacapitalnautica.org\/wp-content\/uploads\/2024\/05\/Noti-Sortida-2a-etapa-Solo-Med-242-900x506.jpg\">\n\t\t\t\t\t<img decoding=\"async\" class=\"spectra-image-gallery__media-thumbnail spectra-image-gallery__media-thumbnail--grid\" src=\"https:\/\/www.barcelonacapitalnautica.org\/wp-content\/uploads\/2024\/05\/Noti-Sortida-2a-etapa-Solo-Med-242-560x315.jpg\" alt=\"\" loading=\"lazy\" \/>\n\t\t\t\t<\/picture>\n\t\t\t\t<div class=\"spectra-image-gallery__media-thumbnail-blurrer\"><\/div>\n\t\t\t\t\t\t\t\t\t\t\t<div class=\"spectra-image-gallery__media-thumbnail-caption-wrapper spectra-image-gallery__media-thumbnail-caption-wrapper--overlay\"><\/div>\n\t\t\t\t\t\t\t\t<\/div>\n\t\t\t\t\t\t<\/div>\n\t\t\t\t\t\t<div class='spectra-image-gallery__media-wrapper' data-spectra-gallery-image-id='266942' tabindex=\"0\">\n\t\t\t\t\t\t\t<div class=\"spectra-image-gallery__media spectra-image-gallery__media--grid\">\n\t\t\t\t<picture>\n\t\t\t\t\t<source media=\"(min-width: 1024px)\" srcset=\"https:\/\/www.barcelonacapitalnautica.org\/wp-content\/uploads\/2024\/05\/Noti-Sortida-2a-etapa-Solo-Med-244-900x675.jpg\">\n\t\t\t\t\t<source media=\"(min-width: 768px)\" srcset=\"https:\/\/www.barcelonacapitalnautica.org\/wp-content\/uploads\/2024\/05\/Noti-Sortida-2a-etapa-Solo-Med-244-900x675.jpg\">\n\t\t\t\t\t<img decoding=\"async\" class=\"spectra-image-gallery__media-thumbnail spectra-image-gallery__media-thumbnail--grid\" src=\"https:\/\/www.barcelonacapitalnautica.org\/wp-content\/uploads\/2024\/05\/Noti-Sortida-2a-etapa-Solo-Med-244-560x420.jpg\" alt=\"\" loading=\"lazy\" \/>\n\t\t\t\t<\/picture>\n\t\t\t\t<div class=\"spectra-image-gallery__media-thumbnail-blurrer\"><\/div>\n\t\t\t\t\t\t\t\t\t\t\t<div class=\"spectra-image-gallery__media-thumbnail-caption-wrapper spectra-image-gallery__media-thumbnail-caption-wrapper--overlay\"><\/div>\n\t\t\t\t\t\t\t\t<\/div>\n\t\t\t\t\t\t<\/div>\n\t\t\t\t\t\t\t\t\t\t<\/div>\n\t\t\t\t\t\t\t\t\t\t\t\t\t\t\t\t\t\t<\/div>\n\t\t\t\t\t\t\t\t\t\t\t<div class='spectra-image-gallery__control-lightbox' tabindex='0'>\n\t\t\t\t\t\t\t\t\t\t\t<div class=\"swiper spectra-image-gallery__control-lightbox--main\" dir=\"\">\n\t\t\t\t\t<div class=\"swiper-wrapper\">\n\t\t\t\t\t\t\t\t\t\t\t\t\t\n\t\t\t\t\t\t\t<div class=\"swiper-slide\">\n\t\t\t\t\t\t\t\t<img class=\"swiper-lazy\" data-src=\"https:\/\/www.barcelonacapitalnautica.org\/wp-content\/uploads\/2024\/05\/Noti-Sortida-2a-etapa-Solo-Med-241.jpg\" alt=\"\"\/>\n\t\t\t\t\t\t\t\t<div class=\"swiper-lazy-preloader swiper-lazy-preloader-white\"><\/div>\n\t\t\t\t\t\t\t\t\t\t\t\t\t\t\t<\/div>\n\t\t\t\t\t\t\t\t\t\t\t\t\t\n\t\t\t\t\t\t\t<div class=\"swiper-slide\">\n\t\t\t\t\t\t\t\t<img class=\"swiper-lazy\" data-src=\"https:\/\/www.barcelonacapitalnautica.org\/wp-content\/uploads\/2024\/05\/Noti-Sortida-2a-etapa-Solo-Med-243.jpg\" alt=\"\"\/>\n\t\t\t\t\t\t\t\t<div class=\"swiper-lazy-preloader swiper-lazy-preloader-white\"><\/div>\n\t\t\t\t\t\t\t\t\t\t\t\t\t\t\t<\/div>\n\t\t\t\t\t\t\t\t\t\t\t\t\t\n\t\t\t\t\t\t\t<div class=\"swiper-slide\">\n\t\t\t\t\t\t\t\t<img class=\"swiper-lazy\" data-src=\"https:\/\/www.barcelonacapitalnautica.org\/wp-content\/uploads\/2024\/05\/Noti-Sortida-2a-etapa-Solo-Med-242.jpg\" alt=\"\"\/>\n\t\t\t\t\t\t\t\t<div class=\"swiper-lazy-preloader swiper-lazy-preloader-white\"><\/div>\n\t\t\t\t\t\t\t\t\t\t\t\t\t\t\t<\/div>\n\t\t\t\t\t\t\t\t\t\t\t\t\t\n\t\t\t\t\t\t\t<div class=\"swiper-slide\">\n\t\t\t\t\t\t\t\t<img class=\"swiper-lazy\" data-src=\"https:\/\/www.barcelonacapitalnautica.org\/wp-content\/uploads\/2024\/05\/Noti-Sortida-2a-etapa-Solo-Med-244.jpg\" alt=\"\"\/>\n\t\t\t\t\t\t\t\t<div class=\"swiper-lazy-preloader swiper-lazy-preloader-white\"><\/div>\n\t\t\t\t\t\t\t\t\t\t\t\t\t\t\t<\/div>\n\t\t\t\t\t\t\t\t\t\t\t<\/div>\n\t\t\t\t\t<div class=\"swiper-button-next\"><\/div>\n\t\t\t\t\t<div class=\"swiper-button-prev\"><\/div>\n\t\t\t\t<\/div>\t\t\t\n\t\t\t\t\t\t\t\t\t\t\t\t\t\t\t\t\t\t\t\t\t\t\t\t\t\t\t\t\t\t\t\t<button class='spectra-image-gallery__control-lightbox--close' aria-label=\"Close\">\n\t\t\t\t\t\t\t\t\t\t\t\t\t<svg xmlns=\"https:\/\/www.w3.org\/2000\/svg\" viewBox= \"0 0 320 512\"><path d=\"M310.6 361.4c12.5 12.5 12.5 32.75 0 45.25C304.4 412.9 296.2 416 288 416s-16.38-3.125-22.62-9.375L160 301.3L54.63 406.6C48.38 412.9 40.19 416 32 416S15.63 412.9 9.375 406.6c-12.5-12.5-12.5-32.75 0-45.25l105.4-105.4L9.375 150.6c-12.5-12.5-12.5-32.75 0-45.25s32.75-12.5 45.25 0L160 210.8l105.4-105.4c12.5-12.5 32.75-12.5 45.25 0s12.5 32.75 0 45.25l-105.4 105.4L310.6 361.4z\"><\/path><\/svg>\n\t\t\t\t\t\t\t\t\t\t\t\t<\/button>\n\t\t\t\t\t\t\t\t\t\t\t\t\t<\/div>\n\t\t\t\t\t\t\t\t\t\n\n\n<p><\/p>\n\n\n\n<p>A su estela, destacan regatistas como Lo\u00efc Guyader con el Mini Gusta 1055 y Thomas Darmont con el DLG Profils et Competences 1122, quienes han logrado excelentes segundos y terceros lugares respectivamente en la primera etapa. En la categor\u00eda Protos, los minis liderados por Cecilia Zorzi con el Eki 1089, Giulia Farnetani con el Gigali 1011 y Martial Cuendet con el Paris Texas 5, tambi\u00e9n son fuertes candidatos para la victoria en esta segunda etapa.<\/p>\n\n\n\n<p>Esta fase de la regata promete ser a\u00fan m\u00e1s exigente, con un <strong>recorrido de 500 millas<\/strong> que llevar\u00e1 a los navegantes desde Mallorca hasta las Islas Pitiusas y las Islas Columbretes antes de regresar a Barcelona.<\/p>\n\n\n\n<p>La segunda etapa se divide en dos partes. La primera ser\u00e1 la vuelta a Formentera y Eivissa. La segunda parte se puede definir entre <strong>4 recorridos posibles que se decidir\u00e1n en funci\u00f3n de la meteorolog\u00eda <\/strong>y se comunicar\u00e1 a la flota al paso del primer regatista por Sa R\u00e0pita, donde se prepara un control de paso y toda la flota har\u00e1 escala obligatoriamente despu\u00e9s de Eivissa.<\/p>\n\n\n\n<p>Los cuatro recorridos pueden ser muy diferentes, dos pasando entre Mallorca y Menorca y dos entre Mallorca y Eivissa para dirigirse directamente a Barcelona o pasando por las Islas Columbretes. Se tomar\u00e1 una decisi\u00f3n sobre el recorrido en los pr\u00f3ximos dos d\u00edas. Se estima que llegar\u00e1n a Barcelona alrededor del d\u00eda 17 de mayo.<\/p>\n\n\n\n<p>La Federaci\u00f3n Catalana de Vela, junto con otras entidades como Barcelona Capital N\u00e1utica, el Club N\u00e1utico de Sa R\u00e1pita, Base Mini Barcelona y la Clase Mini, han trabajado arduamente para hacer de esta edici\u00f3n de la SoloMed una competici\u00f3n de prestigio internacional. Con la segunda etapa en marcha, los espectadores y aficionados de la vela esperan con inter\u00e9s ver c\u00f3mo se desarrollan los acontecimientos en esta emocionante regata.<\/p>\n\n\n\n<p><a href=\"https:\/\/drive.google.com\/drive\/folders\/13EDJRUqqy6ZalH4hPWCZZAs0Sqb6NaNN?usp=sharing\" target=\"_blank\" rel=\"noreferrer noopener\">IM\u00c1GENES SALIDA 2A ETAPA<br><\/a><a href=\"https:\/\/drive.google.com\/drive\/folders\/1cxwex4kpJ5-_ejosC0LdQWdnj1TcuJ3R?usp=drive_link\" target=\"_blank\" rel=\"noreferrer noopener\">IM\u00c1GENES 1A ETAPA<br><\/a><a href=\"https:\/\/cf.yb.tl\/smr2024#\" target=\"_blank\" rel=\"noreferrer noopener\">TRACKER DE LA REGATA<\/a><\/p>\n","protected":false},"excerpt":{"rendered":"<p>El pasado s\u00e1bado zalp\u00f3 la segunda etapa de la SoloMed, [&hellip;]<\/p>\n","protected":false},"author":3,"featured_media":266925,"comment_status":"closed","ping_status":"closed","sticky":false,"template":"","format":"standard","meta":{"_uag_custom_page_level_css":"","site-sidebar-layout":"default","site-content-layout":"","ast-site-content-layout":"default","site-content-style":"default","site-sidebar-style":"default","ast-global-header-display":"","ast-banner-title-visibility":"","ast-main-header-display":"","ast-hfb-above-header-display":"","ast-hfb-below-header-display":"","ast-hfb-mobile-header-display":"","site-post-title":"","ast-breadcrumbs-content":"","ast-featured-img":"","footer-sml-layout":"","ast-disable-related-posts":"","theme-transparent-header-meta":"","adv-header-id-meta":"","stick-header-meta":"","header-above-stick-meta":"","header-main-stick-meta":"","header-below-stick-meta":"","astra-migrate-meta-layouts":"set","ast-page-background-enabled":"default","ast-page-background-meta":{"desktop":{"background-color":"","background-image":"","background-repeat":"repeat","background-position":"center center","background-size":"auto","background-attachment":"scroll","background-type":"","background-media":"","overlay-type":"","overlay-color":"","overlay-opacity":"","overlay-gradient":""},"tablet":{"background-color":"","background-image":"","background-repeat":"repeat","background-position":"center center","background-size":"auto","background-attachment":"scroll","background-type":"","background-media":"","overlay-type":"","overlay-color":"","overlay-opacity":"","overlay-gradient":""},"mobile":{"background-color":"","background-image":"","background-repeat":"repeat","background-position":"center center","background-size":"auto","background-attachment":"scroll","background-type":"","background-media":"","overlay-type":"","overlay-color":"","overlay-opacity":"","overlay-gradient":""}},"ast-content-background-meta":{"desktop":{"background-color":"var(--ast-global-color-5)","background-image":"","background-repeat":"repeat","background-position":"center center","background-size":"auto","background-attachment":"scroll","background-type":"","background-media":"","overlay-type":"","overlay-color":"","overlay-opacity":"","overlay-gradient":""},"tablet":{"background-color":"var(--ast-global-color-5)","background-image":"","background-repeat":"repeat","background-position":"center center","background-size":"auto","background-attachment":"scroll","background-type":"","background-media":"","overlay-type":"","overlay-color":"","overlay-opacity":"","overlay-gradient":""},"mobile":{"background-color":"var(--ast-global-color-5)","background-image":"","background-repeat":"repeat","background-position":"center center","background-size":"auto","background-attachment":"scroll","background-type":"","background-media":"","overlay-type":"","overlay-color":"","overlay-opacity":"","overlay-gradient":""}},"_price":"","_stock":"","_tribe_ticket_header":"","_tribe_default_ticket_provider":"","_tribe_ticket_capacity":"0","_ticket_start_date":"","_ticket_end_date":"","_tribe_ticket_show_description":"","_tribe_ticket_show_not_going":false,"_tribe_ticket_use_global_stock":"","_tribe_ticket_global_stock_level":"","_global_stock_mode":"","_global_stock_cap":"","_tribe_rsvp_for_event":"","_tribe_ticket_going_count":"","_tribe_ticket_not_going_count":"","_tribe_tickets_list":[],"_tribe_ticket_has_attendee_info_fields":false,"footnotes":""},"categories":[104,100,101,107],"tags":[118,115,117,161,119,120],"class_list":["post-266946","post","type-post","status-publish","format-standard","has-post-thumbnail","hentry","category-base-mini","category-deporte","category-regatas","category-solomed","tag-basemini-es-2","tag-castellano","tag-catala-es","tag-deporte-es","tag-regata-es-2","tag-solomed-es"],"yoast_head":"<!-- This site is optimized with the Yoast SEO plugin v27.5 - https:\/\/yoast.com\/product\/yoast-seo-wordpress\/ -->\n<title>Ha empezado la segunda etapa de la SoloMed: \u00a1los regatistas van rumbo a Barcelona! - Barcelona Capital N\u00e0utica<\/title>\n<meta name=\"robots\" content=\"index, follow, max-snippet:-1, max-image-preview:large, max-video-preview:-1\" \/>\n<link rel=\"canonical\" href=\"https:\/\/www.barcelonacapitalnautica.org\/es\/ha-empezado-la-segunda-etapa-de-la-solomed-los-regatistas-van-rumbo-a-barcelona\/\" \/>\n<meta property=\"og:locale\" content=\"es_ES\" \/>\n<meta property=\"og:type\" content=\"article\" \/>\n<meta property=\"og:title\" content=\"Ha empezado la segunda etapa de la SoloMed: \u00a1los regatistas van rumbo a Barcelona! - Barcelona Capital N\u00e0utica\" \/>\n<meta property=\"og:description\" content=\"El pasado s\u00e1bado zalp\u00f3 la segunda etapa de la SoloMed, [&hellip;]\" \/>\n<meta property=\"og:url\" content=\"https:\/\/www.barcelonacapitalnautica.org\/es\/ha-empezado-la-segunda-etapa-de-la-solomed-los-regatistas-van-rumbo-a-barcelona\/\" \/>\n<meta property=\"og:site_name\" content=\"Barcelona Capital N\u00e0utica\" \/>\n<meta property=\"article:publisher\" content=\"https:\/\/www.facebook.com\/barcelonacapitalnautica\" \/>\n<meta property=\"article:published_time\" content=\"2024-05-13T10:08:52+00:00\" \/>\n<meta property=\"article:modified_time\" content=\"2024-05-13T11:29:27+00:00\" \/>\n<meta property=\"og:image\" content=\"https:\/\/www.barcelonacapitalnautica.org\/wp-content\/uploads\/2024\/05\/Noti-Sortida-2a-etapa-Solo-Med.png\" \/>\n\t<meta property=\"og:image:width\" content=\"1140\" \/>\n\t<meta property=\"og:image:height\" content=\"440\" \/>\n\t<meta property=\"og:image:type\" content=\"image\/png\" \/>\n<meta name=\"author\" content=\"Cristina Martin\" \/>\n<meta name=\"twitter:card\" content=\"summary_large_image\" \/>\n<meta name=\"twitter:creator\" content=\"@bcnautica\" \/>\n<meta name=\"twitter:site\" content=\"@bcnautica\" \/>\n<meta name=\"twitter:label1\" content=\"Escrito por\" \/>\n\t<meta name=\"twitter:data1\" content=\"Cristina Martin\" \/>\n\t<meta name=\"twitter:label2\" content=\"Tiempo de lectura\" \/>\n\t<meta name=\"twitter:data2\" content=\"3 minutos\" \/>\n<script type=\"application\/ld+json\" class=\"yoast-schema-graph\">{\"@context\":\"https:\\\/\\\/schema.org\",\"@graph\":[{\"@type\":\"Article\",\"@id\":\"https:\\\/\\\/www.barcelonacapitalnautica.org\\\/es\\\/ha-empezado-la-segunda-etapa-de-la-solomed-los-regatistas-van-rumbo-a-barcelona\\\/#article\",\"isPartOf\":{\"@id\":\"https:\\\/\\\/www.barcelonacapitalnautica.org\\\/es\\\/ha-empezado-la-segunda-etapa-de-la-solomed-los-regatistas-van-rumbo-a-barcelona\\\/\"},\"author\":{\"name\":\"Cristina Martin\",\"@id\":\"https:\\\/\\\/www.barcelonacapitalnautica.org\\\/es\\\/#\\\/schema\\\/person\\\/f1a7b6cdf70e48856b35358258241493\"},\"headline\":\"Ha empezado la segunda etapa de la SoloMed: \u00a1los regatistas van rumbo a Barcelona!\",\"datePublished\":\"2024-05-13T10:08:52+00:00\",\"dateModified\":\"2024-05-13T11:29:27+00:00\",\"mainEntityOfPage\":{\"@id\":\"https:\\\/\\\/www.barcelonacapitalnautica.org\\\/es\\\/ha-empezado-la-segunda-etapa-de-la-solomed-los-regatistas-van-rumbo-a-barcelona\\\/\"},\"wordCount\":457,\"publisher\":{\"@id\":\"https:\\\/\\\/www.barcelonacapitalnautica.org\\\/es\\\/#organization\"},\"image\":{\"@id\":\"https:\\\/\\\/www.barcelonacapitalnautica.org\\\/es\\\/ha-empezado-la-segunda-etapa-de-la-solomed-los-regatistas-van-rumbo-a-barcelona\\\/#primaryimage\"},\"thumbnailUrl\":\"https:\\\/\\\/www.barcelonacapitalnautica.org\\\/wp-content\\\/uploads\\\/2024\\\/05\\\/Noti-Sortida-2a-etapa-Solo-Med.png\",\"keywords\":[\"Base Mini\",\"castellano\",\"catal\u00e0\",\"Deporte\",\"regata\",\"Solo Med\"],\"articleSection\":[\"Base Mini\",\"Deporte\",\"Regatas\",\"Solo Med\"],\"inLanguage\":\"es\"},{\"@type\":\"WebPage\",\"@id\":\"https:\\\/\\\/www.barcelonacapitalnautica.org\\\/es\\\/ha-empezado-la-segunda-etapa-de-la-solomed-los-regatistas-van-rumbo-a-barcelona\\\/\",\"url\":\"https:\\\/\\\/www.barcelonacapitalnautica.org\\\/es\\\/ha-empezado-la-segunda-etapa-de-la-solomed-los-regatistas-van-rumbo-a-barcelona\\\/\",\"name\":\"Ha empezado la segunda etapa de la SoloMed: \u00a1los regatistas van rumbo a Barcelona! - Barcelona Capital N\u00e0utica\",\"isPartOf\":{\"@id\":\"https:\\\/\\\/www.barcelonacapitalnautica.org\\\/es\\\/#website\"},\"primaryImageOfPage\":{\"@id\":\"https:\\\/\\\/www.barcelonacapitalnautica.org\\\/es\\\/ha-empezado-la-segunda-etapa-de-la-solomed-los-regatistas-van-rumbo-a-barcelona\\\/#primaryimage\"},\"image\":{\"@id\":\"https:\\\/\\\/www.barcelonacapitalnautica.org\\\/es\\\/ha-empezado-la-segunda-etapa-de-la-solomed-los-regatistas-van-rumbo-a-barcelona\\\/#primaryimage\"},\"thumbnailUrl\":\"https:\\\/\\\/www.barcelonacapitalnautica.org\\\/wp-content\\\/uploads\\\/2024\\\/05\\\/Noti-Sortida-2a-etapa-Solo-Med.png\",\"datePublished\":\"2024-05-13T10:08:52+00:00\",\"dateModified\":\"2024-05-13T11:29:27+00:00\",\"breadcrumb\":{\"@id\":\"https:\\\/\\\/www.barcelonacapitalnautica.org\\\/es\\\/ha-empezado-la-segunda-etapa-de-la-solomed-los-regatistas-van-rumbo-a-barcelona\\\/#breadcrumb\"},\"inLanguage\":\"es\",\"potentialAction\":[{\"@type\":\"ReadAction\",\"target\":[\"https:\\\/\\\/www.barcelonacapitalnautica.org\\\/es\\\/ha-empezado-la-segunda-etapa-de-la-solomed-los-regatistas-van-rumbo-a-barcelona\\\/\"]}]},{\"@type\":\"ImageObject\",\"inLanguage\":\"es\",\"@id\":\"https:\\\/\\\/www.barcelonacapitalnautica.org\\\/es\\\/ha-empezado-la-segunda-etapa-de-la-solomed-los-regatistas-van-rumbo-a-barcelona\\\/#primaryimage\",\"url\":\"https:\\\/\\\/www.barcelonacapitalnautica.org\\\/wp-content\\\/uploads\\\/2024\\\/05\\\/Noti-Sortida-2a-etapa-Solo-Med.png\",\"contentUrl\":\"https:\\\/\\\/www.barcelonacapitalnautica.org\\\/wp-content\\\/uploads\\\/2024\\\/05\\\/Noti-Sortida-2a-etapa-Solo-Med.png\",\"width\":1140,\"height\":440},{\"@type\":\"BreadcrumbList\",\"@id\":\"https:\\\/\\\/www.barcelonacapitalnautica.org\\\/es\\\/ha-empezado-la-segunda-etapa-de-la-solomed-los-regatistas-van-rumbo-a-barcelona\\\/#breadcrumb\",\"itemListElement\":[{\"@type\":\"ListItem\",\"position\":1,\"name\":\"Inici\",\"item\":\"https:\\\/\\\/www.barcelonacapitalnautica.org\\\/es\\\/\"},{\"@type\":\"ListItem\",\"position\":2,\"name\":\"Ha empezado la segunda etapa de la SoloMed: \u00a1los regatistas van rumbo a Barcelona!\"}]},{\"@type\":\"WebSite\",\"@id\":\"https:\\\/\\\/www.barcelonacapitalnautica.org\\\/es\\\/#website\",\"url\":\"https:\\\/\\\/www.barcelonacapitalnautica.org\\\/es\\\/\",\"name\":\"Barcelona Capital N\u00e0utica\",\"description\":\"Barcelona Capital N\u00e0utica\",\"publisher\":{\"@id\":\"https:\\\/\\\/www.barcelonacapitalnautica.org\\\/es\\\/#organization\"},\"alternateName\":\"BCN\u00e0utica, FBCN\",\"potentialAction\":[{\"@type\":\"SearchAction\",\"target\":{\"@type\":\"EntryPoint\",\"urlTemplate\":\"https:\\\/\\\/www.barcelonacapitalnautica.org\\\/es\\\/?s={search_term_string}\"},\"query-input\":{\"@type\":\"PropertyValueSpecification\",\"valueRequired\":true,\"valueName\":\"search_term_string\"}}],\"inLanguage\":\"es\"},{\"@type\":\"Organization\",\"@id\":\"https:\\\/\\\/www.barcelonacapitalnautica.org\\\/es\\\/#organization\",\"name\":\"Barcelona Capital N\u00e0utica\",\"alternateName\":\"Fundaci\u00f3 Barcelona Capital N\u00e0utica\",\"url\":\"https:\\\/\\\/www.barcelonacapitalnautica.org\\\/es\\\/\",\"logo\":{\"@type\":\"ImageObject\",\"inLanguage\":\"es\",\"@id\":\"https:\\\/\\\/www.barcelonacapitalnautica.org\\\/es\\\/#\\\/schema\\\/logo\\\/image\\\/\",\"url\":\"https:\\\/\\\/www.barcelonacapitalnautica.org\\\/wp-content\\\/uploads\\\/2023\\\/03\\\/Logo-blau.svg\",\"contentUrl\":\"https:\\\/\\\/www.barcelonacapitalnautica.org\\\/wp-content\\\/uploads\\\/2023\\\/03\\\/Logo-blau.svg\",\"width\":200,\"height\":58,\"caption\":\"Barcelona Capital N\u00e0utica\"},\"image\":{\"@id\":\"https:\\\/\\\/www.barcelonacapitalnautica.org\\\/es\\\/#\\\/schema\\\/logo\\\/image\\\/\"},\"sameAs\":[\"https:\\\/\\\/www.facebook.com\\\/barcelonacapitalnautica\",\"https:\\\/\\\/x.com\\\/bcnautica\",\"https:\\\/\\\/www.instagram.com\\\/bcnautica\\\/\",\"https:\\\/\\\/www.linkedin.com\\\/company\\\/barcelona-capital-nautica\"]},{\"@type\":\"Person\",\"@id\":\"https:\\\/\\\/www.barcelonacapitalnautica.org\\\/es\\\/#\\\/schema\\\/person\\\/f1a7b6cdf70e48856b35358258241493\",\"name\":\"Cristina Martin\"}]}<\/script>\n<!-- \/ Yoast SEO plugin. -->","yoast_head_json":{"title":"Ha empezado la segunda etapa de la SoloMed: \u00a1los regatistas van rumbo a Barcelona! - Barcelona Capital N\u00e0utica","robots":{"index":"index","follow":"follow","max-snippet":"max-snippet:-1","max-image-preview":"max-image-preview:large","max-video-preview":"max-video-preview:-1"},"canonical":"https:\/\/www.barcelonacapitalnautica.org\/es\/ha-empezado-la-segunda-etapa-de-la-solomed-los-regatistas-van-rumbo-a-barcelona\/","og_locale":"es_ES","og_type":"article","og_title":"Ha empezado la segunda etapa de la SoloMed: \u00a1los regatistas van rumbo a Barcelona! - Barcelona Capital N\u00e0utica","og_description":"El pasado s\u00e1bado zalp\u00f3 la segunda etapa de la SoloMed, [&hellip;]","og_url":"https:\/\/www.barcelonacapitalnautica.org\/es\/ha-empezado-la-segunda-etapa-de-la-solomed-los-regatistas-van-rumbo-a-barcelona\/","og_site_name":"Barcelona Capital N\u00e0utica","article_publisher":"https:\/\/www.facebook.com\/barcelonacapitalnautica","article_published_time":"2024-05-13T10:08:52+00:00","article_modified_time":"2024-05-13T11:29:27+00:00","og_image":[{"width":1140,"height":440,"url":"https:\/\/www.barcelonacapitalnautica.org\/wp-content\/uploads\/2024\/05\/Noti-Sortida-2a-etapa-Solo-Med.png","type":"image\/png"}],"author":"Cristina Martin","twitter_card":"summary_large_image","twitter_creator":"@bcnautica","twitter_site":"@bcnautica","twitter_misc":{"Escrito por":"Cristina Martin","Tiempo de lectura":"3 minutos"},"schema":{"@context":"https:\/\/schema.org","@graph":[{"@type":"Article","@id":"https:\/\/www.barcelonacapitalnautica.org\/es\/ha-empezado-la-segunda-etapa-de-la-solomed-los-regatistas-van-rumbo-a-barcelona\/#article","isPartOf":{"@id":"https:\/\/www.barcelonacapitalnautica.org\/es\/ha-empezado-la-segunda-etapa-de-la-solomed-los-regatistas-van-rumbo-a-barcelona\/"},"author":{"name":"Cristina Martin","@id":"https:\/\/www.barcelonacapitalnautica.org\/es\/#\/schema\/person\/f1a7b6cdf70e48856b35358258241493"},"headline":"Ha empezado la segunda etapa de la SoloMed: \u00a1los regatistas van rumbo a Barcelona!","datePublished":"2024-05-13T10:08:52+00:00","dateModified":"2024-05-13T11:29:27+00:00","mainEntityOfPage":{"@id":"https:\/\/www.barcelonacapitalnautica.org\/es\/ha-empezado-la-segunda-etapa-de-la-solomed-los-regatistas-van-rumbo-a-barcelona\/"},"wordCount":457,"publisher":{"@id":"https:\/\/www.barcelonacapitalnautica.org\/es\/#organization"},"image":{"@id":"https:\/\/www.barcelonacapitalnautica.org\/es\/ha-empezado-la-segunda-etapa-de-la-solomed-los-regatistas-van-rumbo-a-barcelona\/#primaryimage"},"thumbnailUrl":"https:\/\/www.barcelonacapitalnautica.org\/wp-content\/uploads\/2024\/05\/Noti-Sortida-2a-etapa-Solo-Med.png","keywords":["Base Mini","castellano","catal\u00e0","Deporte","regata","Solo Med"],"articleSection":["Base Mini","Deporte","Regatas","Solo Med"],"inLanguage":"es"},{"@type":"WebPage","@id":"https:\/\/www.barcelonacapitalnautica.org\/es\/ha-empezado-la-segunda-etapa-de-la-solomed-los-regatistas-van-rumbo-a-barcelona\/","url":"https:\/\/www.barcelonacapitalnautica.org\/es\/ha-empezado-la-segunda-etapa-de-la-solomed-los-regatistas-van-rumbo-a-barcelona\/","name":"Ha empezado la segunda etapa de la SoloMed: \u00a1los regatistas van rumbo a Barcelona! - Barcelona Capital N\u00e0utica","isPartOf":{"@id":"https:\/\/www.barcelonacapitalnautica.org\/es\/#website"},"primaryImageOfPage":{"@id":"https:\/\/www.barcelonacapitalnautica.org\/es\/ha-empezado-la-segunda-etapa-de-la-solomed-los-regatistas-van-rumbo-a-barcelona\/#primaryimage"},"image":{"@id":"https:\/\/www.barcelonacapitalnautica.org\/es\/ha-empezado-la-segunda-etapa-de-la-solomed-los-regatistas-van-rumbo-a-barcelona\/#primaryimage"},"thumbnailUrl":"https:\/\/www.barcelonacapitalnautica.org\/wp-content\/uploads\/2024\/05\/Noti-Sortida-2a-etapa-Solo-Med.png","datePublished":"2024-05-13T10:08:52+00:00","dateModified":"2024-05-13T11:29:27+00:00","breadcrumb":{"@id":"https:\/\/www.barcelonacapitalnautica.org\/es\/ha-empezado-la-segunda-etapa-de-la-solomed-los-regatistas-van-rumbo-a-barcelona\/#breadcrumb"},"inLanguage":"es","potentialAction":[{"@type":"ReadAction","target":["https:\/\/www.barcelonacapitalnautica.org\/es\/ha-empezado-la-segunda-etapa-de-la-solomed-los-regatistas-van-rumbo-a-barcelona\/"]}]},{"@type":"ImageObject","inLanguage":"es","@id":"https:\/\/www.barcelonacapitalnautica.org\/es\/ha-empezado-la-segunda-etapa-de-la-solomed-los-regatistas-van-rumbo-a-barcelona\/#primaryimage","url":"https:\/\/www.barcelonacapitalnautica.org\/wp-content\/uploads\/2024\/05\/Noti-Sortida-2a-etapa-Solo-Med.png","contentUrl":"https:\/\/www.barcelonacapitalnautica.org\/wp-content\/uploads\/2024\/05\/Noti-Sortida-2a-etapa-Solo-Med.png","width":1140,"height":440},{"@type":"BreadcrumbList","@id":"https:\/\/www.barcelonacapitalnautica.org\/es\/ha-empezado-la-segunda-etapa-de-la-solomed-los-regatistas-van-rumbo-a-barcelona\/#breadcrumb","itemListElement":[{"@type":"ListItem","position":1,"name":"Inici","item":"https:\/\/www.barcelonacapitalnautica.org\/es\/"},{"@type":"ListItem","position":2,"name":"Ha empezado la segunda etapa de la SoloMed: \u00a1los regatistas van rumbo a Barcelona!"}]},{"@type":"WebSite","@id":"https:\/\/www.barcelonacapitalnautica.org\/es\/#website","url":"https:\/\/www.barcelonacapitalnautica.org\/es\/","name":"Barcelona Capital N\u00e0utica","description":"Barcelona Capital N\u00e0utica","publisher":{"@id":"https:\/\/www.barcelonacapitalnautica.org\/es\/#organization"},"alternateName":"BCN\u00e0utica, FBCN","potentialAction":[{"@type":"SearchAction","target":{"@type":"EntryPoint","urlTemplate":"https:\/\/www.barcelonacapitalnautica.org\/es\/?s={search_term_string}"},"query-input":{"@type":"PropertyValueSpecification","valueRequired":true,"valueName":"search_term_string"}}],"inLanguage":"es"},{"@type":"Organization","@id":"https:\/\/www.barcelonacapitalnautica.org\/es\/#organization","name":"Barcelona Capital N\u00e0utica","alternateName":"Fundaci\u00f3 Barcelona Capital N\u00e0utica","url":"https:\/\/www.barcelonacapitalnautica.org\/es\/","logo":{"@type":"ImageObject","inLanguage":"es","@id":"https:\/\/www.barcelonacapitalnautica.org\/es\/#\/schema\/logo\/image\/","url":"https:\/\/www.barcelonacapitalnautica.org\/wp-content\/uploads\/2023\/03\/Logo-blau.svg","contentUrl":"https:\/\/www.barcelonacapitalnautica.org\/wp-content\/uploads\/2023\/03\/Logo-blau.svg","width":200,"height":58,"caption":"Barcelona Capital N\u00e0utica"},"image":{"@id":"https:\/\/www.barcelonacapitalnautica.org\/es\/#\/schema\/logo\/image\/"},"sameAs":["https:\/\/www.facebook.com\/barcelonacapitalnautica","https:\/\/x.com\/bcnautica","https:\/\/www.instagram.com\/bcnautica\/","https:\/\/www.linkedin.com\/company\/barcelona-capital-nautica"]},{"@type":"Person","@id":"https:\/\/www.barcelonacapitalnautica.org\/es\/#\/schema\/person\/f1a7b6cdf70e48856b35358258241493","name":"Cristina Martin"}]}},"uagb_featured_image_src":{"full":["https:\/\/www.barcelonacapitalnautica.org\/wp-content\/uploads\/2024\/05\/Noti-Sortida-2a-etapa-Solo-Med.png",1140,440,false],"thumbnail":["https:\/\/www.barcelonacapitalnautica.org\/wp-content\/uploads\/2024\/05\/Noti-Sortida-2a-etapa-Solo-Med-380x147.png",380,147,true],"medium":["https:\/\/www.barcelonacapitalnautica.org\/wp-content\/uploads\/2024\/05\/Noti-Sortida-2a-etapa-Solo-Med-560x216.png",560,216,true],"medium_large":["https:\/\/www.barcelonacapitalnautica.org\/wp-content\/uploads\/2024\/05\/Noti-Sortida-2a-etapa-Solo-Med-768x296.png",768,296,true],"large":["https:\/\/www.barcelonacapitalnautica.org\/wp-content\/uploads\/2024\/05\/Noti-Sortida-2a-etapa-Solo-Med-900x347.png",900,347,true],"1536x1536":["https:\/\/www.barcelonacapitalnautica.org\/wp-content\/uploads\/2024\/05\/Noti-Sortida-2a-etapa-Solo-Med.png",1140,440,false],"2048x2048":["https:\/\/www.barcelonacapitalnautica.org\/wp-content\/uploads\/2024\/05\/Noti-Sortida-2a-etapa-Solo-Med.png",1140,440,false]},"uagb_author_info":{"display_name":"Cristina Martin","author_link":"https:\/\/www.barcelonacapitalnautica.org\/es\/author\/fbcn_cristina\/"},"uagb_comment_info":0,"uagb_excerpt":"El pasado s\u00e1bado zalp\u00f3 la segunda etapa de la SoloMed, [&hellip;]","_links":{"self":[{"href":"https:\/\/www.barcelonacapitalnautica.org\/es\/wp-json\/wp\/v2\/posts\/266946","targetHints":{"allow":["GET"]}}],"collection":[{"href":"https:\/\/www.barcelonacapitalnautica.org\/es\/wp-json\/wp\/v2\/posts"}],"about":[{"href":"https:\/\/www.barcelonacapitalnautica.org\/es\/wp-json\/wp\/v2\/types\/post"}],"author":[{"embeddable":true,"href":"https:\/\/www.barcelonacapitalnautica.org\/es\/wp-json\/wp\/v2\/users\/3"}],"replies":[{"embeddable":true,"href":"https:\/\/www.barcelonacapitalnautica.org\/es\/wp-json\/wp\/v2\/comments?post=266946"}],"version-history":[{"count":1,"href":"https:\/\/www.barcelonacapitalnautica.org\/es\/wp-json\/wp\/v2\/posts\/266946\/revisions"}],"predecessor-version":[{"id":266947,"href":"https:\/\/www.barcelonacapitalnautica.org\/es\/wp-json\/wp\/v2\/posts\/266946\/revisions\/266947"}],"wp:featuredmedia":[{"embeddable":true,"href":"https:\/\/www.barcelonacapitalnautica.org\/es\/wp-json\/wp\/v2\/media\/266925"}],"wp:attachment":[{"href":"https:\/\/www.barcelonacapitalnautica.org\/es\/wp-json\/wp\/v2\/media?parent=266946"}],"wp:term":[{"taxonomy":"category","embeddable":true,"href":"https:\/\/www.barcelonacapitalnautica.org\/es\/wp-json\/wp\/v2\/categories?post=266946"},{"taxonomy":"post_tag","embeddable":true,"href":"https:\/\/www.barcelonacapitalnautica.org\/es\/wp-json\/wp\/v2\/tags?post=266946"}],"curies":[{"name":"wp","href":"https:\/\/api.w.org\/{rel}","templated":true}]}}