{"id":267257,"date":"2024-05-17T12:34:54","date_gmt":"2024-05-17T10:34:54","guid":{"rendered":"https:\/\/www.barcelonacapitalnautica.org\/?p=267257"},"modified":"2024-07-01T13:05:53","modified_gmt":"2024-07-01T11:05:53","slug":"presentamos-la-primera-embarcacion-100-electrica-y-catalana","status":"publish","type":"post","link":"https:\/\/www.barcelonacapitalnautica.org\/es\/presentamos-la-primera-embarcacion-100-electrica-y-catalana\/","title":{"rendered":"Presentamos la primera embarcaci\u00f3n 100% el\u00e9ctrica y catalana"},"content":{"rendered":"\n<p>El Consejero de Empresa y Trabajo de la Generalitat de Catalunya y Presidente de la Fundaci\u00f3 Barcelona Capital N\u00e0utica, Roger Torrent, ha presentado esta ma\u00f1ana el proyecto \u00ab<a href=\"https:\/\/www.barcelonacapitalnautica.org\/es\/sostenibilidad-e-innovacion\/descarbonizacion-embarcaciones\/\">Descarbonizaci\u00f3n de Embarcaciones de Recreo<\/a>\u00ab, una iniciativa que se enmarca entre los <strong><a href=\"https:\/\/www.barcelonacapitalnautica.org\/es\/fundacion\/proyectos-de-legado\/\">proyectos de legado<\/a> en el marco de la 37a Copa Am\u00e9rica<\/strong> que impulsa la Fundaci\u00f3n, y que debe servir para mejorar la competitividad del sector n\u00e1utico catal\u00e1n y convertirlo en referente de la electrificaci\u00f3n y descarbonizaci\u00f3n a nivel global.<\/p>\n\n\n\n<p>El proyecto cuenta con el apoyo de sus principales patrones: la Generalitat de Catalunya -a trav\u00e9s de ACCI\u00d3-, y el Ayuntamiento de Barcelona -a trav\u00e9s de Barcelona Activa- y el Gobierno de Espa\u00f1a. El objetivo es <strong>convertir Barcelona y Catalunya en referentes mundiales en el \u00e1mbito de la descarbonizaci\u00f3n de la n\u00e1utica<\/strong> aprovechando el reto que supone \u00e9sta y aprovechar la visibilidad que otorga ser sede de la 37a Copa Am\u00e9rica durante este a\u00f1o 2024. El proyecto quiere impulsar la innovaci\u00f3n y el desarrollo tecnol\u00f3gico en el territorio catal\u00e1n y entras sus empresas, ya sea en la construcci\u00f3n de embarcaciones, como en la fabricaci\u00f3n de sistemas de recarga para convertirse en sector estrat\u00e9gico del pa\u00eds, y para hacerlo la FBCN y sus patrones le apoyan.<\/p>\n\n\n\t\t\t\t\t<div\n\t\t\t\t\t\tclass=\"wp-block-uagb-image-gallery uagb-block-38a0ef37     \"\n\t\t\t\t\t\tstyle=\"\"\n\t\t\t\t\t>\n\t\t\t\t\t\t\t\t\t\t\t<div class=\"spectra-image-gallery spectra-image-gallery__layout--carousel\">\n\t\t\t\t\t\t\t\t<div class=\"uagb-slick-carousel uagb-block-38a0ef37\">\n\t\t\t\t\t\t\t\t\t\t\t\t<div class='spectra-image-gallery__media-wrapper' data-spectra-gallery-image-id='267271'>\n\t\t\t\t\t\t\t<div class=\"spectra-image-gallery__media spectra-image-gallery__media--carousel\">\n\t\t\t\t<picture>\n\t\t\t\t\t<source media=\"(min-width: 1024px)\" srcset=\"https:\/\/www.barcelonacapitalnautica.org\/wp-content\/uploads\/2024\/05\/Noti-Rdp_Descarbonitzacio_243-900x600.jpeg\">\n\t\t\t\t\t<source media=\"(min-width: 768px)\" srcset=\"https:\/\/www.barcelonacapitalnautica.org\/wp-content\/uploads\/2024\/05\/Noti-Rdp_Descarbonitzacio_243-900x600.jpeg\">\n\t\t\t\t\t<img decoding=\"async\" class=\"spectra-image-gallery__media-thumbnail spectra-image-gallery__media-thumbnail--carousel\" src=\"https:\/\/www.barcelonacapitalnautica.org\/wp-content\/uploads\/2024\/05\/Noti-Rdp_Descarbonitzacio_243-560x373.jpeg\" alt=\"\" loading=\"lazy\" \/>\n\t\t\t\t<\/picture>\n\t\t\t\t<div class=\"spectra-image-gallery__media-thumbnail-blurrer\"><\/div>\n\t\t\t\t\t\t\t\t\t\t\t<div class=\"spectra-image-gallery__media-thumbnail-caption-wrapper spectra-image-gallery__media-thumbnail-caption-wrapper--overlay\"><\/div>\n\t\t\t\t\t\t\t\t<\/div>\n\t\t\t\t\t\t<\/div>\n\t\t\t\t\t\t<div class='spectra-image-gallery__media-wrapper' data-spectra-gallery-image-id='267274'>\n\t\t\t\t\t\t\t<div class=\"spectra-image-gallery__media spectra-image-gallery__media--carousel\">\n\t\t\t\t<picture>\n\t\t\t\t\t<source media=\"(min-width: 1024px)\" srcset=\"https:\/\/www.barcelonacapitalnautica.org\/wp-content\/uploads\/2024\/05\/Noti-Rdp_Descarbonitzacio_241-900x600.jpeg\">\n\t\t\t\t\t<source media=\"(min-width: 768px)\" srcset=\"https:\/\/www.barcelonacapitalnautica.org\/wp-content\/uploads\/2024\/05\/Noti-Rdp_Descarbonitzacio_241-900x600.jpeg\">\n\t\t\t\t\t<img decoding=\"async\" class=\"spectra-image-gallery__media-thumbnail spectra-image-gallery__media-thumbnail--carousel\" src=\"https:\/\/www.barcelonacapitalnautica.org\/wp-content\/uploads\/2024\/05\/Noti-Rdp_Descarbonitzacio_241-560x373.jpeg\" alt=\"\" loading=\"lazy\" \/>\n\t\t\t\t<\/picture>\n\t\t\t\t<div class=\"spectra-image-gallery__media-thumbnail-blurrer\"><\/div>\n\t\t\t\t\t\t\t\t\t\t\t<div class=\"spectra-image-gallery__media-thumbnail-caption-wrapper spectra-image-gallery__media-thumbnail-caption-wrapper--overlay\"><\/div>\n\t\t\t\t\t\t\t\t<\/div>\n\t\t\t\t\t\t<\/div>\n\t\t\t\t\t\t\t\t\t\t\t<\/div>\n\t\t\t\t\t\t\t<\/div>\n\t\t\t\t\t\t\t\t\t\t\t<\/div>\n\t\t\t\t\t\t\t\t\t\n\n\n<p>El acto ha tenido lugar en el <a href=\"https:\/\/www.marinapalamos.com\/\" target=\"_blank\" rel=\"noreferrer noopener\">Port Marina Palam\u00f3s<\/a> y ha contado con una representaci\u00f3n institucional encabezada por el <strong>Consejero de Empresa y Trabajo de la Generalitat de Catalunya y Presidente de la FBCN, Roger Torrent, y el Alcalde de Palam\u00f3s, Llu\u00eds Puig<\/strong>, as\u00ed como con la participaci\u00f3n de uno de los cuatro astilleros que forman parte del proyecto, la ampurdanesa <strong><a href=\"https:\/\/zephyr-boats.com\/ca\/\" target=\"_blank\" rel=\"noreferrer noopener\">Zephyr Boats<\/a><\/strong>, con su CEO, Gemma Pag\u00e8s quien ha presentado la primera de las seis embarcaciones del proyecto ya finalizada: ZEPHYR800 ECO, una innovadora embarcaci\u00f3n totalmente el\u00e9ctrica y sostenible dise\u00f1ada y fabricada \u00edntegramente en Catalunya.<\/p>\n\n\n\n<p>La presentaci\u00f3n del proyecto se ha realizado en el contexto del festival mar\u00edtimo <a href=\"https:\/\/palamosterrademar.cat\/\" target=\"_blank\" rel=\"noreferrer noopener\">Palam\u00f3s Terra de Mar<\/a> que tiene lugar el <strong>fin de semana del 18 y 19 de mayo<\/strong>. Durante el fin de semana en el puerto de Palam\u00f3s encontrar\u00e1 la exposici\u00f3n \u00abUn mar abierto a todo el mundo\u00bb, se podr\u00e1 entrar a visitar el IMOCA de la Fundaci\u00f3n y asistir a una charla sobre Copa Am\u00e9rica, entre otras muchas actividades.<\/p>\n","protected":false},"excerpt":{"rendered":"<p>El Consejero de Empresa y Trabajo de la Generalitat de [&hellip;]<\/p>\n","protected":false},"author":3,"featured_media":267270,"comment_status":"closed","ping_status":"closed","sticky":false,"template":"","format":"standard","meta":{"_uag_custom_page_level_css":"","site-sidebar-layout":"default","site-content-layout":"","ast-site-content-layout":"default","site-content-style":"default","site-sidebar-style":"default","ast-global-header-display":"","ast-banner-title-visibility":"","ast-main-header-display":"","ast-hfb-above-header-display":"","ast-hfb-below-header-display":"","ast-hfb-mobile-header-display":"","site-post-title":"","ast-breadcrumbs-content":"","ast-featured-img":"","footer-sml-layout":"","ast-disable-related-posts":"","theme-transparent-header-meta":"","adv-header-id-meta":"","stick-header-meta":"","header-above-stick-meta":"","header-main-stick-meta":"","header-below-stick-meta":"","astra-migrate-meta-layouts":"set","ast-page-background-enabled":"default","ast-page-background-meta":{"desktop":{"background-color":"","background-image":"","background-repeat":"repeat","background-position":"center center","background-size":"auto","background-attachment":"scroll","background-type":"","background-media":"","overlay-type":"","overlay-color":"","overlay-opacity":"","overlay-gradient":""},"tablet":{"background-color":"","background-image":"","background-repeat":"repeat","background-position":"center center","background-size":"auto","background-attachment":"scroll","background-type":"","background-media":"","overlay-type":"","overlay-color":"","overlay-opacity":"","overlay-gradient":""},"mobile":{"background-color":"","background-image":"","background-repeat":"repeat","background-position":"center center","background-size":"auto","background-attachment":"scroll","background-type":"","background-media":"","overlay-type":"","overlay-color":"","overlay-opacity":"","overlay-gradient":""}},"ast-content-background-meta":{"desktop":{"background-color":"var(--ast-global-color-5)","background-image":"","background-repeat":"repeat","background-position":"center center","background-size":"auto","background-attachment":"scroll","background-type":"","background-media":"","overlay-type":"","overlay-color":"","overlay-opacity":"","overlay-gradient":""},"tablet":{"background-color":"var(--ast-global-color-5)","background-image":"","background-repeat":"repeat","background-position":"center center","background-size":"auto","background-attachment":"scroll","background-type":"","background-media":"","overlay-type":"","overlay-color":"","overlay-opacity":"","overlay-gradient":""},"mobile":{"background-color":"var(--ast-global-color-5)","background-image":"","background-repeat":"repeat","background-position":"center center","background-size":"auto","background-attachment":"scroll","background-type":"","background-media":"","overlay-type":"","overlay-color":"","overlay-opacity":"","overlay-gradient":""}},"_price":"","_stock":"","_tribe_ticket_header":"","_tribe_default_ticket_provider":"","_tribe_ticket_capacity":"0","_ticket_start_date":"","_ticket_end_date":"","_tribe_ticket_show_description":"","_tribe_ticket_show_not_going":false,"_tribe_ticket_use_global_stock":"","_tribe_ticket_global_stock_level":"","_global_stock_mode":"","_global_stock_cap":"","_tribe_rsvp_for_event":"","_tribe_ticket_going_count":"","_tribe_ticket_not_going_count":"","_tribe_tickets_list":[],"_tribe_ticket_has_attendee_info_fields":false,"footnotes":""},"categories":[102],"tags":[115,197,191,136],"class_list":["post-267257","post","type-post","status-publish","format-standard","has-post-thumbnail","hentry","category-sostenibilidad","tag-castellano","tag-descarbonizacion","tag-proyectos-de-legado","tag-sostenibilitat-2"],"yoast_head":"<!-- This site is optimized with the Yoast SEO plugin v27.5 - https:\/\/yoast.com\/product\/yoast-seo-wordpress\/ -->\n<title>Presentamos la primera embarcaci\u00f3n 100% el\u00e9ctrica y catalana - Barcelona Capital N\u00e0utica<\/title>\n<meta name=\"robots\" content=\"index, follow, max-snippet:-1, max-image-preview:large, max-video-preview:-1\" \/>\n<link rel=\"canonical\" href=\"https:\/\/www.barcelonacapitalnautica.org\/es\/presentamos-la-primera-embarcacion-100-electrica-y-catalana\/\" \/>\n<meta property=\"og:locale\" content=\"es_ES\" \/>\n<meta property=\"og:type\" content=\"article\" \/>\n<meta property=\"og:title\" content=\"Presentamos la primera embarcaci\u00f3n 100% el\u00e9ctrica y catalana - Barcelona Capital N\u00e0utica\" \/>\n<meta property=\"og:description\" content=\"El Consejero de Empresa y Trabajo de la Generalitat de [&hellip;]\" \/>\n<meta property=\"og:url\" content=\"https:\/\/www.barcelonacapitalnautica.org\/es\/presentamos-la-primera-embarcacion-100-electrica-y-catalana\/\" \/>\n<meta property=\"og:site_name\" content=\"Barcelona Capital N\u00e0utica\" \/>\n<meta property=\"article:publisher\" content=\"https:\/\/www.facebook.com\/barcelonacapitalnautica\" \/>\n<meta property=\"article:published_time\" content=\"2024-05-17T10:34:54+00:00\" \/>\n<meta property=\"article:modified_time\" content=\"2024-07-01T11:05:53+00:00\" \/>\n<meta property=\"og:image\" content=\"https:\/\/www.barcelonacapitalnautica.org\/wp-content\/uploads\/2024\/05\/Noti-RdP_Descarbonitzacio_24.png\" \/>\n\t<meta property=\"og:image:width\" content=\"1140\" \/>\n\t<meta property=\"og:image:height\" content=\"440\" \/>\n\t<meta property=\"og:image:type\" content=\"image\/png\" \/>\n<meta name=\"author\" content=\"Cristina Martin\" \/>\n<meta name=\"twitter:card\" content=\"summary_large_image\" \/>\n<meta name=\"twitter:creator\" content=\"@bcnautica\" \/>\n<meta name=\"twitter:site\" content=\"@bcnautica\" \/>\n<meta name=\"twitter:label1\" content=\"Escrito por\" \/>\n\t<meta name=\"twitter:data1\" content=\"Cristina Martin\" \/>\n\t<meta name=\"twitter:label2\" content=\"Tiempo de lectura\" \/>\n\t<meta name=\"twitter:data2\" content=\"3 minutos\" \/>\n<script type=\"application\/ld+json\" class=\"yoast-schema-graph\">{\"@context\":\"https:\\\/\\\/schema.org\",\"@graph\":[{\"@type\":\"Article\",\"@id\":\"https:\\\/\\\/www.barcelonacapitalnautica.org\\\/es\\\/presentamos-la-primera-embarcacion-100-electrica-y-catalana\\\/#article\",\"isPartOf\":{\"@id\":\"https:\\\/\\\/www.barcelonacapitalnautica.org\\\/es\\\/presentamos-la-primera-embarcacion-100-electrica-y-catalana\\\/\"},\"author\":{\"name\":\"Cristina Martin\",\"@id\":\"https:\\\/\\\/www.barcelonacapitalnautica.org\\\/es\\\/#\\\/schema\\\/person\\\/f1a7b6cdf70e48856b35358258241493\"},\"headline\":\"Presentamos la primera embarcaci\u00f3n 100% el\u00e9ctrica y catalana\",\"datePublished\":\"2024-05-17T10:34:54+00:00\",\"dateModified\":\"2024-07-01T11:05:53+00:00\",\"mainEntityOfPage\":{\"@id\":\"https:\\\/\\\/www.barcelonacapitalnautica.org\\\/es\\\/presentamos-la-primera-embarcacion-100-electrica-y-catalana\\\/\"},\"wordCount\":418,\"publisher\":{\"@id\":\"https:\\\/\\\/www.barcelonacapitalnautica.org\\\/es\\\/#organization\"},\"image\":{\"@id\":\"https:\\\/\\\/www.barcelonacapitalnautica.org\\\/es\\\/presentamos-la-primera-embarcacion-100-electrica-y-catalana\\\/#primaryimage\"},\"thumbnailUrl\":\"https:\\\/\\\/www.barcelonacapitalnautica.org\\\/wp-content\\\/uploads\\\/2024\\\/05\\\/Noti-RdP_Descarbonitzacio_24.png\",\"keywords\":[\"castellano\",\"Descarbonizaci\u00f3n\",\"Proyectos de Legado\",\"sostenibilitat\"],\"articleSection\":[\"Sostenibilidad\"],\"inLanguage\":\"es\"},{\"@type\":\"WebPage\",\"@id\":\"https:\\\/\\\/www.barcelonacapitalnautica.org\\\/es\\\/presentamos-la-primera-embarcacion-100-electrica-y-catalana\\\/\",\"url\":\"https:\\\/\\\/www.barcelonacapitalnautica.org\\\/es\\\/presentamos-la-primera-embarcacion-100-electrica-y-catalana\\\/\",\"name\":\"Presentamos la primera embarcaci\u00f3n 100% el\u00e9ctrica y catalana - Barcelona Capital N\u00e0utica\",\"isPartOf\":{\"@id\":\"https:\\\/\\\/www.barcelonacapitalnautica.org\\\/es\\\/#website\"},\"primaryImageOfPage\":{\"@id\":\"https:\\\/\\\/www.barcelonacapitalnautica.org\\\/es\\\/presentamos-la-primera-embarcacion-100-electrica-y-catalana\\\/#primaryimage\"},\"image\":{\"@id\":\"https:\\\/\\\/www.barcelonacapitalnautica.org\\\/es\\\/presentamos-la-primera-embarcacion-100-electrica-y-catalana\\\/#primaryimage\"},\"thumbnailUrl\":\"https:\\\/\\\/www.barcelonacapitalnautica.org\\\/wp-content\\\/uploads\\\/2024\\\/05\\\/Noti-RdP_Descarbonitzacio_24.png\",\"datePublished\":\"2024-05-17T10:34:54+00:00\",\"dateModified\":\"2024-07-01T11:05:53+00:00\",\"breadcrumb\":{\"@id\":\"https:\\\/\\\/www.barcelonacapitalnautica.org\\\/es\\\/presentamos-la-primera-embarcacion-100-electrica-y-catalana\\\/#breadcrumb\"},\"inLanguage\":\"es\",\"potentialAction\":[{\"@type\":\"ReadAction\",\"target\":[\"https:\\\/\\\/www.barcelonacapitalnautica.org\\\/es\\\/presentamos-la-primera-embarcacion-100-electrica-y-catalana\\\/\"]}]},{\"@type\":\"ImageObject\",\"inLanguage\":\"es\",\"@id\":\"https:\\\/\\\/www.barcelonacapitalnautica.org\\\/es\\\/presentamos-la-primera-embarcacion-100-electrica-y-catalana\\\/#primaryimage\",\"url\":\"https:\\\/\\\/www.barcelonacapitalnautica.org\\\/wp-content\\\/uploads\\\/2024\\\/05\\\/Noti-RdP_Descarbonitzacio_24.png\",\"contentUrl\":\"https:\\\/\\\/www.barcelonacapitalnautica.org\\\/wp-content\\\/uploads\\\/2024\\\/05\\\/Noti-RdP_Descarbonitzacio_24.png\",\"width\":1140,\"height\":440},{\"@type\":\"BreadcrumbList\",\"@id\":\"https:\\\/\\\/www.barcelonacapitalnautica.org\\\/es\\\/presentamos-la-primera-embarcacion-100-electrica-y-catalana\\\/#breadcrumb\",\"itemListElement\":[{\"@type\":\"ListItem\",\"position\":1,\"name\":\"Inici\",\"item\":\"https:\\\/\\\/www.barcelonacapitalnautica.org\\\/es\\\/\"},{\"@type\":\"ListItem\",\"position\":2,\"name\":\"Presentamos la primera embarcaci\u00f3n 100% el\u00e9ctrica y catalana\"}]},{\"@type\":\"WebSite\",\"@id\":\"https:\\\/\\\/www.barcelonacapitalnautica.org\\\/es\\\/#website\",\"url\":\"https:\\\/\\\/www.barcelonacapitalnautica.org\\\/es\\\/\",\"name\":\"Barcelona Capital N\u00e0utica\",\"description\":\"Barcelona Capital N\u00e0utica\",\"publisher\":{\"@id\":\"https:\\\/\\\/www.barcelonacapitalnautica.org\\\/es\\\/#organization\"},\"alternateName\":\"BCN\u00e0utica, FBCN\",\"potentialAction\":[{\"@type\":\"SearchAction\",\"target\":{\"@type\":\"EntryPoint\",\"urlTemplate\":\"https:\\\/\\\/www.barcelonacapitalnautica.org\\\/es\\\/?s={search_term_string}\"},\"query-input\":{\"@type\":\"PropertyValueSpecification\",\"valueRequired\":true,\"valueName\":\"search_term_string\"}}],\"inLanguage\":\"es\"},{\"@type\":\"Organization\",\"@id\":\"https:\\\/\\\/www.barcelonacapitalnautica.org\\\/es\\\/#organization\",\"name\":\"Barcelona Capital N\u00e0utica\",\"alternateName\":\"Fundaci\u00f3 Barcelona Capital N\u00e0utica\",\"url\":\"https:\\\/\\\/www.barcelonacapitalnautica.org\\\/es\\\/\",\"logo\":{\"@type\":\"ImageObject\",\"inLanguage\":\"es\",\"@id\":\"https:\\\/\\\/www.barcelonacapitalnautica.org\\\/es\\\/#\\\/schema\\\/logo\\\/image\\\/\",\"url\":\"https:\\\/\\\/www.barcelonacapitalnautica.org\\\/wp-content\\\/uploads\\\/2023\\\/03\\\/Logo-blau.svg\",\"contentUrl\":\"https:\\\/\\\/www.barcelonacapitalnautica.org\\\/wp-content\\\/uploads\\\/2023\\\/03\\\/Logo-blau.svg\",\"width\":200,\"height\":58,\"caption\":\"Barcelona Capital N\u00e0utica\"},\"image\":{\"@id\":\"https:\\\/\\\/www.barcelonacapitalnautica.org\\\/es\\\/#\\\/schema\\\/logo\\\/image\\\/\"},\"sameAs\":[\"https:\\\/\\\/www.facebook.com\\\/barcelonacapitalnautica\",\"https:\\\/\\\/x.com\\\/bcnautica\",\"https:\\\/\\\/www.instagram.com\\\/bcnautica\\\/\",\"https:\\\/\\\/www.linkedin.com\\\/company\\\/barcelona-capital-nautica\"]},{\"@type\":\"Person\",\"@id\":\"https:\\\/\\\/www.barcelonacapitalnautica.org\\\/es\\\/#\\\/schema\\\/person\\\/f1a7b6cdf70e48856b35358258241493\",\"name\":\"Cristina Martin\"}]}<\/script>\n<!-- \/ Yoast SEO plugin. -->","yoast_head_json":{"title":"Presentamos la primera embarcaci\u00f3n 100% el\u00e9ctrica y catalana - Barcelona Capital N\u00e0utica","robots":{"index":"index","follow":"follow","max-snippet":"max-snippet:-1","max-image-preview":"max-image-preview:large","max-video-preview":"max-video-preview:-1"},"canonical":"https:\/\/www.barcelonacapitalnautica.org\/es\/presentamos-la-primera-embarcacion-100-electrica-y-catalana\/","og_locale":"es_ES","og_type":"article","og_title":"Presentamos la primera embarcaci\u00f3n 100% el\u00e9ctrica y catalana - Barcelona Capital N\u00e0utica","og_description":"El Consejero de Empresa y Trabajo de la Generalitat de [&hellip;]","og_url":"https:\/\/www.barcelonacapitalnautica.org\/es\/presentamos-la-primera-embarcacion-100-electrica-y-catalana\/","og_site_name":"Barcelona Capital N\u00e0utica","article_publisher":"https:\/\/www.facebook.com\/barcelonacapitalnautica","article_published_time":"2024-05-17T10:34:54+00:00","article_modified_time":"2024-07-01T11:05:53+00:00","og_image":[{"width":1140,"height":440,"url":"https:\/\/www.barcelonacapitalnautica.org\/wp-content\/uploads\/2024\/05\/Noti-RdP_Descarbonitzacio_24.png","type":"image\/png"}],"author":"Cristina Martin","twitter_card":"summary_large_image","twitter_creator":"@bcnautica","twitter_site":"@bcnautica","twitter_misc":{"Escrito por":"Cristina Martin","Tiempo de lectura":"3 minutos"},"schema":{"@context":"https:\/\/schema.org","@graph":[{"@type":"Article","@id":"https:\/\/www.barcelonacapitalnautica.org\/es\/presentamos-la-primera-embarcacion-100-electrica-y-catalana\/#article","isPartOf":{"@id":"https:\/\/www.barcelonacapitalnautica.org\/es\/presentamos-la-primera-embarcacion-100-electrica-y-catalana\/"},"author":{"name":"Cristina Martin","@id":"https:\/\/www.barcelonacapitalnautica.org\/es\/#\/schema\/person\/f1a7b6cdf70e48856b35358258241493"},"headline":"Presentamos la primera embarcaci\u00f3n 100% el\u00e9ctrica y catalana","datePublished":"2024-05-17T10:34:54+00:00","dateModified":"2024-07-01T11:05:53+00:00","mainEntityOfPage":{"@id":"https:\/\/www.barcelonacapitalnautica.org\/es\/presentamos-la-primera-embarcacion-100-electrica-y-catalana\/"},"wordCount":418,"publisher":{"@id":"https:\/\/www.barcelonacapitalnautica.org\/es\/#organization"},"image":{"@id":"https:\/\/www.barcelonacapitalnautica.org\/es\/presentamos-la-primera-embarcacion-100-electrica-y-catalana\/#primaryimage"},"thumbnailUrl":"https:\/\/www.barcelonacapitalnautica.org\/wp-content\/uploads\/2024\/05\/Noti-RdP_Descarbonitzacio_24.png","keywords":["castellano","Descarbonizaci\u00f3n","Proyectos de Legado","sostenibilitat"],"articleSection":["Sostenibilidad"],"inLanguage":"es"},{"@type":"WebPage","@id":"https:\/\/www.barcelonacapitalnautica.org\/es\/presentamos-la-primera-embarcacion-100-electrica-y-catalana\/","url":"https:\/\/www.barcelonacapitalnautica.org\/es\/presentamos-la-primera-embarcacion-100-electrica-y-catalana\/","name":"Presentamos la primera embarcaci\u00f3n 100% el\u00e9ctrica y catalana - Barcelona Capital N\u00e0utica","isPartOf":{"@id":"https:\/\/www.barcelonacapitalnautica.org\/es\/#website"},"primaryImageOfPage":{"@id":"https:\/\/www.barcelonacapitalnautica.org\/es\/presentamos-la-primera-embarcacion-100-electrica-y-catalana\/#primaryimage"},"image":{"@id":"https:\/\/www.barcelonacapitalnautica.org\/es\/presentamos-la-primera-embarcacion-100-electrica-y-catalana\/#primaryimage"},"thumbnailUrl":"https:\/\/www.barcelonacapitalnautica.org\/wp-content\/uploads\/2024\/05\/Noti-RdP_Descarbonitzacio_24.png","datePublished":"2024-05-17T10:34:54+00:00","dateModified":"2024-07-01T11:05:53+00:00","breadcrumb":{"@id":"https:\/\/www.barcelonacapitalnautica.org\/es\/presentamos-la-primera-embarcacion-100-electrica-y-catalana\/#breadcrumb"},"inLanguage":"es","potentialAction":[{"@type":"ReadAction","target":["https:\/\/www.barcelonacapitalnautica.org\/es\/presentamos-la-primera-embarcacion-100-electrica-y-catalana\/"]}]},{"@type":"ImageObject","inLanguage":"es","@id":"https:\/\/www.barcelonacapitalnautica.org\/es\/presentamos-la-primera-embarcacion-100-electrica-y-catalana\/#primaryimage","url":"https:\/\/www.barcelonacapitalnautica.org\/wp-content\/uploads\/2024\/05\/Noti-RdP_Descarbonitzacio_24.png","contentUrl":"https:\/\/www.barcelonacapitalnautica.org\/wp-content\/uploads\/2024\/05\/Noti-RdP_Descarbonitzacio_24.png","width":1140,"height":440},{"@type":"BreadcrumbList","@id":"https:\/\/www.barcelonacapitalnautica.org\/es\/presentamos-la-primera-embarcacion-100-electrica-y-catalana\/#breadcrumb","itemListElement":[{"@type":"ListItem","position":1,"name":"Inici","item":"https:\/\/www.barcelonacapitalnautica.org\/es\/"},{"@type":"ListItem","position":2,"name":"Presentamos la primera embarcaci\u00f3n 100% el\u00e9ctrica y catalana"}]},{"@type":"WebSite","@id":"https:\/\/www.barcelonacapitalnautica.org\/es\/#website","url":"https:\/\/www.barcelonacapitalnautica.org\/es\/","name":"Barcelona Capital N\u00e0utica","description":"Barcelona Capital N\u00e0utica","publisher":{"@id":"https:\/\/www.barcelonacapitalnautica.org\/es\/#organization"},"alternateName":"BCN\u00e0utica, FBCN","potentialAction":[{"@type":"SearchAction","target":{"@type":"EntryPoint","urlTemplate":"https:\/\/www.barcelonacapitalnautica.org\/es\/?s={search_term_string}"},"query-input":{"@type":"PropertyValueSpecification","valueRequired":true,"valueName":"search_term_string"}}],"inLanguage":"es"},{"@type":"Organization","@id":"https:\/\/www.barcelonacapitalnautica.org\/es\/#organization","name":"Barcelona Capital N\u00e0utica","alternateName":"Fundaci\u00f3 Barcelona Capital N\u00e0utica","url":"https:\/\/www.barcelonacapitalnautica.org\/es\/","logo":{"@type":"ImageObject","inLanguage":"es","@id":"https:\/\/www.barcelonacapitalnautica.org\/es\/#\/schema\/logo\/image\/","url":"https:\/\/www.barcelonacapitalnautica.org\/wp-content\/uploads\/2023\/03\/Logo-blau.svg","contentUrl":"https:\/\/www.barcelonacapitalnautica.org\/wp-content\/uploads\/2023\/03\/Logo-blau.svg","width":200,"height":58,"caption":"Barcelona Capital N\u00e0utica"},"image":{"@id":"https:\/\/www.barcelonacapitalnautica.org\/es\/#\/schema\/logo\/image\/"},"sameAs":["https:\/\/www.facebook.com\/barcelonacapitalnautica","https:\/\/x.com\/bcnautica","https:\/\/www.instagram.com\/bcnautica\/","https:\/\/www.linkedin.com\/company\/barcelona-capital-nautica"]},{"@type":"Person","@id":"https:\/\/www.barcelonacapitalnautica.org\/es\/#\/schema\/person\/f1a7b6cdf70e48856b35358258241493","name":"Cristina Martin"}]}},"uagb_featured_image_src":{"full":["https:\/\/www.barcelonacapitalnautica.org\/wp-content\/uploads\/2024\/05\/Noti-RdP_Descarbonitzacio_24.png",1140,440,false],"thumbnail":["https:\/\/www.barcelonacapitalnautica.org\/wp-content\/uploads\/2024\/05\/Noti-RdP_Descarbonitzacio_24-380x147.png",380,147,true],"medium":["https:\/\/www.barcelonacapitalnautica.org\/wp-content\/uploads\/2024\/05\/Noti-RdP_Descarbonitzacio_24-560x216.png",560,216,true],"medium_large":["https:\/\/www.barcelonacapitalnautica.org\/wp-content\/uploads\/2024\/05\/Noti-RdP_Descarbonitzacio_24-768x296.png",768,296,true],"large":["https:\/\/www.barcelonacapitalnautica.org\/wp-content\/uploads\/2024\/05\/Noti-RdP_Descarbonitzacio_24-900x347.png",900,347,true],"1536x1536":["https:\/\/www.barcelonacapitalnautica.org\/wp-content\/uploads\/2024\/05\/Noti-RdP_Descarbonitzacio_24.png",1140,440,false],"2048x2048":["https:\/\/www.barcelonacapitalnautica.org\/wp-content\/uploads\/2024\/05\/Noti-RdP_Descarbonitzacio_24.png",1140,440,false]},"uagb_author_info":{"display_name":"Cristina Martin","author_link":"https:\/\/www.barcelonacapitalnautica.org\/es\/author\/fbcn_cristina\/"},"uagb_comment_info":0,"uagb_excerpt":"El Consejero de Empresa y Trabajo de la Generalitat de [&hellip;]","_links":{"self":[{"href":"https:\/\/www.barcelonacapitalnautica.org\/es\/wp-json\/wp\/v2\/posts\/267257","targetHints":{"allow":["GET"]}}],"collection":[{"href":"https:\/\/www.barcelonacapitalnautica.org\/es\/wp-json\/wp\/v2\/posts"}],"about":[{"href":"https:\/\/www.barcelonacapitalnautica.org\/es\/wp-json\/wp\/v2\/types\/post"}],"author":[{"embeddable":true,"href":"https:\/\/www.barcelonacapitalnautica.org\/es\/wp-json\/wp\/v2\/users\/3"}],"replies":[{"embeddable":true,"href":"https:\/\/www.barcelonacapitalnautica.org\/es\/wp-json\/wp\/v2\/comments?post=267257"}],"version-history":[{"count":8,"href":"https:\/\/www.barcelonacapitalnautica.org\/es\/wp-json\/wp\/v2\/posts\/267257\/revisions"}],"predecessor-version":[{"id":268325,"href":"https:\/\/www.barcelonacapitalnautica.org\/es\/wp-json\/wp\/v2\/posts\/267257\/revisions\/268325"}],"wp:featuredmedia":[{"embeddable":true,"href":"https:\/\/www.barcelonacapitalnautica.org\/es\/wp-json\/wp\/v2\/media\/267270"}],"wp:attachment":[{"href":"https:\/\/www.barcelonacapitalnautica.org\/es\/wp-json\/wp\/v2\/media?parent=267257"}],"wp:term":[{"taxonomy":"category","embeddable":true,"href":"https:\/\/www.barcelonacapitalnautica.org\/es\/wp-json\/wp\/v2\/categories?post=267257"},{"taxonomy":"post_tag","embeddable":true,"href":"https:\/\/www.barcelonacapitalnautica.org\/es\/wp-json\/wp\/v2\/tags?post=267257"}],"curies":[{"name":"wp","href":"https:\/\/api.w.org\/{rel}","templated":true}]}}