{"id":267806,"date":"2024-06-06T13:46:43","date_gmt":"2024-06-06T11:46:43","guid":{"rendered":"https:\/\/www.barcelonacapitalnautica.org\/?p=267806"},"modified":"2024-07-01T15:51:48","modified_gmt":"2024-07-01T13:51:48","slug":"inscripciones-abiertas-para-el-curso-de-formacion-de-profesorado-del-nuevo-programa-educativo","status":"publish","type":"post","link":"https:\/\/www.barcelonacapitalnautica.org\/es\/inscripciones-abiertas-para-el-curso-de-formacion-de-profesorado-del-nuevo-programa-educativo\/","title":{"rendered":"Inscripciones abiertas para el curso de formaci\u00f3n de profesorado del nuevo programa educativo"},"content":{"rendered":"\n<p>La Fundaci\u00f3 Barcelona Capital N\u00e0utica y el Museo Mar\u00edtim de Barcelona organizamos una sesi\u00f3n de formaci\u00f3n para <strong>docentes de Educaci\u00f3n Secundaria <\/strong>con el objetivo de dar a conocer el programa educativo \u00ab<a href=\"https:\/\/www.mmb.cat\/es\/proyectos\/la-navegacio-esportiva-al-segle-xxi-un-repte-tenologic\/\" target=\"_blank\" rel=\"noreferrer noopener\">La navegaci\u00f3n deportiva en el siglo XXI, un reto tecnol\u00f3gico<\/a>\u00ab.<\/p>\n\n\n\n<p>La formaci\u00f3n, que tiene una duraci\u00f3n de 15 horas de duraci\u00f3n y es semipresencial, tiene por <strong>objetivos<\/strong> conocer el potencial pedag\u00f3gico de la regata Copa Am\u00e9rica, conocer la propuesta did\u00e1ctica del programa educativo la navegaci\u00f3n deportiva en el siglo XXI un reto tecnol\u00f3gico y promover la cultura mar\u00edtima , el deporte de la vela y sus valores.<\/p>\n\n\n\n<p>El curso constar\u00e1 de tres sesiones, repartidas entre el <strong>2 y 3 de julio<\/strong>, que incluyen una presentaci\u00f3n de la Copa Am\u00e9rica y el programa en la sede de la Fundaci\u00f3n Barcelona Capital N\u00e1utica, una presentaci\u00f3n de las actividades en el Museu Mar\u00edtim de Barcelona y una salida de navegaci\u00f3n por el campo de regatas de la Copa Am\u00e9rica.<\/p>\n\n\n\n<p><strong>Datos t\u00e9cnicos<\/strong><\/p>\n\n\n\n<ul class=\"wp-block-list\">\n<li>Fecha: 2 y 3 de julio de 2024<\/li>\n\n\n\n<li>Lugar: Fundaci\u00f3n Barcelona Capital N\u00e1utica y Museo Mar\u00edtimo de Barcelona<\/li>\n\n\n\n<li>Formato: semipresencial<\/li>\n\n\n\n<li>Duraci\u00f3n: 15 horas<\/li>\n\n\n\n<li>A qui\u00e9n va dirigido: docentes de Educaci\u00f3n Secundaria Obligatoria.<\/li>\n\n\n\n<li>Plazas limitadas<\/li>\n<\/ul>\n\n\n\n<p><strong>Contenidos<\/strong><\/p>\n\n\n\n<ul class=\"wp-block-list\">\n<li>\u00bfQu\u00e9 es la Copa Am\u00e9rica de vela<\/li>\n\n\n\n<li>Los equipos de la Copa Am\u00e9rica<\/li>\n\n\n\n<li>El programa educativo \u00abLa navegaci\u00f3n deportiva en el siglo XXI un reto tecnol\u00f3gico\u00bb<\/li>\n\n\n\n<li>Actividades y recursos educativos.<\/li>\n\n\n\n<li>Propuestas de c\u00f3mo trabajar la regata en el aula de forma globalizadora.<\/li>\n\n\n\n<li>Actividades educativas en el Museu Mar\u00edtim de Barcelona.<\/li>\n<\/ul>\n\n\n\n<p><a href=\"https:\/\/www.mmb.cat\/es\/actividades\/sesion-de-formacion-para-docentes\/\">M\u00e1s informaci\u00f3n e inscripciones en el curso de profesorado<\/a><\/p>\n\n\n\n<p><a href=\"https:\/\/www.barcelonacapitalnautica.org\/es\/en-marcha-un-nuevo-programa-educativo-sobre-la-navegacion-deportiva-en-el-s-xxi\/\">El programa educativo \u00abLa navegaci\u00f3n deportiva en el siglo XXI un reto tecnol\u00f3gico\u00bb<\/a><\/p>\n","protected":false},"excerpt":{"rendered":"<p>La Fundaci\u00f3 Barcelona Capital N\u00e0utica y el Museo Mar\u00edtim de [&hellip;]<\/p>\n","protected":false},"author":3,"featured_media":267815,"comment_status":"closed","ping_status":"closed","sticky":false,"template":"","format":"standard","meta":{"_uag_custom_page_level_css":"","site-sidebar-layout":"default","site-content-layout":"","ast-site-content-layout":"default","site-content-style":"default","site-sidebar-style":"default","ast-global-header-display":"","ast-banner-title-visibility":"","ast-main-header-display":"","ast-hfb-above-header-display":"","ast-hfb-below-header-display":"","ast-hfb-mobile-header-display":"","site-post-title":"","ast-breadcrumbs-content":"","ast-featured-img":"","footer-sml-layout":"","ast-disable-related-posts":"","theme-transparent-header-meta":"","adv-header-id-meta":"","stick-header-meta":"","header-above-stick-meta":"","header-main-stick-meta":"","header-below-stick-meta":"","astra-migrate-meta-layouts":"set","ast-page-background-enabled":"default","ast-page-background-meta":{"desktop":{"background-color":"","background-image":"","background-repeat":"repeat","background-position":"center center","background-size":"auto","background-attachment":"scroll","background-type":"","background-media":"","overlay-type":"","overlay-color":"","overlay-opacity":"","overlay-gradient":""},"tablet":{"background-color":"","background-image":"","background-repeat":"repeat","background-position":"center center","background-size":"auto","background-attachment":"scroll","background-type":"","background-media":"","overlay-type":"","overlay-color":"","overlay-opacity":"","overlay-gradient":""},"mobile":{"background-color":"","background-image":"","background-repeat":"repeat","background-position":"center center","background-size":"auto","background-attachment":"scroll","background-type":"","background-media":"","overlay-type":"","overlay-color":"","overlay-opacity":"","overlay-gradient":""}},"ast-content-background-meta":{"desktop":{"background-color":"var(--ast-global-color-5)","background-image":"","background-repeat":"repeat","background-position":"center center","background-size":"auto","background-attachment":"scroll","background-type":"","background-media":"","overlay-type":"","overlay-color":"","overlay-opacity":"","overlay-gradient":""},"tablet":{"background-color":"var(--ast-global-color-5)","background-image":"","background-repeat":"repeat","background-position":"center center","background-size":"auto","background-attachment":"scroll","background-type":"","background-media":"","overlay-type":"","overlay-color":"","overlay-opacity":"","overlay-gradient":""},"mobile":{"background-color":"var(--ast-global-color-5)","background-image":"","background-repeat":"repeat","background-position":"center center","background-size":"auto","background-attachment":"scroll","background-type":"","background-media":"","overlay-type":"","overlay-color":"","overlay-opacity":"","overlay-gradient":""}},"_price":"","_stock":"","_tribe_ticket_header":"","_tribe_default_ticket_provider":"","_tribe_ticket_capacity":"0","_ticket_start_date":"","_ticket_end_date":"","_tribe_ticket_show_description":"","_tribe_ticket_show_not_going":false,"_tribe_ticket_use_global_stock":"","_tribe_ticket_global_stock_level":"","_global_stock_mode":"","_global_stock_cap":"","_tribe_rsvp_for_event":"","_tribe_ticket_going_count":"","_tribe_ticket_not_going_count":"","_tribe_tickets_list":[],"_tribe_ticket_has_attendee_info_fields":false,"footnotes":""},"categories":[98,99,106],"tags":[115,117,114,124,215,203],"class_list":["post-267806","post","type-post","status-publish","format-standard","has-post-thumbnail","hentry","category-copa-america","category-educacion","category-formacion","tag-castellano","tag-catala-es","tag-copa-america-es-2","tag-educacio-es","tag-educacion","tag-formacion"],"yoast_head":"<!-- This site is optimized with the Yoast SEO plugin v27.5 - https:\/\/yoast.com\/product\/yoast-seo-wordpress\/ -->\n<title>Inscripciones abiertas para el curso de formaci\u00f3n de profesorado del nuevo programa educativo - Barcelona Capital N\u00e0utica<\/title>\n<meta name=\"robots\" content=\"index, follow, max-snippet:-1, max-image-preview:large, max-video-preview:-1\" \/>\n<link rel=\"canonical\" href=\"https:\/\/www.barcelonacapitalnautica.org\/es\/inscripciones-abiertas-para-el-curso-de-formacion-de-profesorado-del-nuevo-programa-educativo\/\" \/>\n<meta property=\"og:locale\" content=\"es_ES\" \/>\n<meta property=\"og:type\" content=\"article\" \/>\n<meta property=\"og:title\" content=\"Inscripciones abiertas para el curso de formaci\u00f3n de profesorado del nuevo programa educativo - Barcelona Capital N\u00e0utica\" \/>\n<meta property=\"og:description\" content=\"La Fundaci\u00f3 Barcelona Capital N\u00e0utica y el Museo Mar\u00edtim de [&hellip;]\" \/>\n<meta property=\"og:url\" content=\"https:\/\/www.barcelonacapitalnautica.org\/es\/inscripciones-abiertas-para-el-curso-de-formacion-de-profesorado-del-nuevo-programa-educativo\/\" \/>\n<meta property=\"og:site_name\" content=\"Barcelona Capital N\u00e0utica\" \/>\n<meta property=\"article:publisher\" content=\"https:\/\/www.facebook.com\/barcelonacapitalnautica\" \/>\n<meta property=\"article:published_time\" content=\"2024-06-06T11:46:43+00:00\" \/>\n<meta property=\"article:modified_time\" content=\"2024-07-01T13:51:48+00:00\" \/>\n<meta property=\"og:image\" content=\"https:\/\/www.barcelonacapitalnautica.org\/wp-content\/uploads\/2024\/06\/Noti-Formacio_2.png\" \/>\n\t<meta property=\"og:image:width\" content=\"1140\" \/>\n\t<meta property=\"og:image:height\" content=\"440\" \/>\n\t<meta property=\"og:image:type\" content=\"image\/png\" \/>\n<meta name=\"author\" content=\"Cristina Martin\" \/>\n<meta name=\"twitter:card\" content=\"summary_large_image\" \/>\n<meta name=\"twitter:creator\" content=\"@bcnautica\" \/>\n<meta name=\"twitter:site\" content=\"@bcnautica\" \/>\n<meta name=\"twitter:label1\" content=\"Escrito por\" \/>\n\t<meta name=\"twitter:data1\" content=\"Cristina Martin\" \/>\n\t<meta name=\"twitter:label2\" content=\"Tiempo de lectura\" \/>\n\t<meta name=\"twitter:data2\" content=\"2 minutos\" \/>\n<script type=\"application\/ld+json\" class=\"yoast-schema-graph\">{\"@context\":\"https:\\\/\\\/schema.org\",\"@graph\":[{\"@type\":\"Article\",\"@id\":\"https:\\\/\\\/www.barcelonacapitalnautica.org\\\/es\\\/inscripciones-abiertas-para-el-curso-de-formacion-de-profesorado-del-nuevo-programa-educativo\\\/#article\",\"isPartOf\":{\"@id\":\"https:\\\/\\\/www.barcelonacapitalnautica.org\\\/es\\\/inscripciones-abiertas-para-el-curso-de-formacion-de-profesorado-del-nuevo-programa-educativo\\\/\"},\"author\":{\"name\":\"Cristina Martin\",\"@id\":\"https:\\\/\\\/www.barcelonacapitalnautica.org\\\/es\\\/#\\\/schema\\\/person\\\/f1a7b6cdf70e48856b35358258241493\"},\"headline\":\"Inscripciones abiertas para el curso de formaci\u00f3n de profesorado del nuevo programa educativo\",\"datePublished\":\"2024-06-06T11:46:43+00:00\",\"dateModified\":\"2024-07-01T13:51:48+00:00\",\"mainEntityOfPage\":{\"@id\":\"https:\\\/\\\/www.barcelonacapitalnautica.org\\\/es\\\/inscripciones-abiertas-para-el-curso-de-formacion-de-profesorado-del-nuevo-programa-educativo\\\/\"},\"wordCount\":313,\"publisher\":{\"@id\":\"https:\\\/\\\/www.barcelonacapitalnautica.org\\\/es\\\/#organization\"},\"image\":{\"@id\":\"https:\\\/\\\/www.barcelonacapitalnautica.org\\\/es\\\/inscripciones-abiertas-para-el-curso-de-formacion-de-profesorado-del-nuevo-programa-educativo\\\/#primaryimage\"},\"thumbnailUrl\":\"https:\\\/\\\/www.barcelonacapitalnautica.org\\\/wp-content\\\/uploads\\\/2024\\\/06\\\/Noti-Formacio_2.png\",\"keywords\":[\"castellano\",\"catal\u00e0\",\"Copa Am\u00e8rica\",\"Educaci\u00f3\",\"Educaci\u00f3n\",\"Formaci\u00f3n\"],\"articleSection\":[\"Copa Am\u00e9rica\",\"Educaci\u00f3n\",\"Formaci\u00f3n\"],\"inLanguage\":\"es\"},{\"@type\":\"WebPage\",\"@id\":\"https:\\\/\\\/www.barcelonacapitalnautica.org\\\/es\\\/inscripciones-abiertas-para-el-curso-de-formacion-de-profesorado-del-nuevo-programa-educativo\\\/\",\"url\":\"https:\\\/\\\/www.barcelonacapitalnautica.org\\\/es\\\/inscripciones-abiertas-para-el-curso-de-formacion-de-profesorado-del-nuevo-programa-educativo\\\/\",\"name\":\"Inscripciones abiertas para el curso de formaci\u00f3n de profesorado del nuevo programa educativo - Barcelona Capital N\u00e0utica\",\"isPartOf\":{\"@id\":\"https:\\\/\\\/www.barcelonacapitalnautica.org\\\/es\\\/#website\"},\"primaryImageOfPage\":{\"@id\":\"https:\\\/\\\/www.barcelonacapitalnautica.org\\\/es\\\/inscripciones-abiertas-para-el-curso-de-formacion-de-profesorado-del-nuevo-programa-educativo\\\/#primaryimage\"},\"image\":{\"@id\":\"https:\\\/\\\/www.barcelonacapitalnautica.org\\\/es\\\/inscripciones-abiertas-para-el-curso-de-formacion-de-profesorado-del-nuevo-programa-educativo\\\/#primaryimage\"},\"thumbnailUrl\":\"https:\\\/\\\/www.barcelonacapitalnautica.org\\\/wp-content\\\/uploads\\\/2024\\\/06\\\/Noti-Formacio_2.png\",\"datePublished\":\"2024-06-06T11:46:43+00:00\",\"dateModified\":\"2024-07-01T13:51:48+00:00\",\"breadcrumb\":{\"@id\":\"https:\\\/\\\/www.barcelonacapitalnautica.org\\\/es\\\/inscripciones-abiertas-para-el-curso-de-formacion-de-profesorado-del-nuevo-programa-educativo\\\/#breadcrumb\"},\"inLanguage\":\"es\",\"potentialAction\":[{\"@type\":\"ReadAction\",\"target\":[\"https:\\\/\\\/www.barcelonacapitalnautica.org\\\/es\\\/inscripciones-abiertas-para-el-curso-de-formacion-de-profesorado-del-nuevo-programa-educativo\\\/\"]}]},{\"@type\":\"ImageObject\",\"inLanguage\":\"es\",\"@id\":\"https:\\\/\\\/www.barcelonacapitalnautica.org\\\/es\\\/inscripciones-abiertas-para-el-curso-de-formacion-de-profesorado-del-nuevo-programa-educativo\\\/#primaryimage\",\"url\":\"https:\\\/\\\/www.barcelonacapitalnautica.org\\\/wp-content\\\/uploads\\\/2024\\\/06\\\/Noti-Formacio_2.png\",\"contentUrl\":\"https:\\\/\\\/www.barcelonacapitalnautica.org\\\/wp-content\\\/uploads\\\/2024\\\/06\\\/Noti-Formacio_2.png\",\"width\":1140,\"height\":440,\"caption\":\"formacion\"},{\"@type\":\"BreadcrumbList\",\"@id\":\"https:\\\/\\\/www.barcelonacapitalnautica.org\\\/es\\\/inscripciones-abiertas-para-el-curso-de-formacion-de-profesorado-del-nuevo-programa-educativo\\\/#breadcrumb\",\"itemListElement\":[{\"@type\":\"ListItem\",\"position\":1,\"name\":\"Inici\",\"item\":\"https:\\\/\\\/www.barcelonacapitalnautica.org\\\/es\\\/\"},{\"@type\":\"ListItem\",\"position\":2,\"name\":\"Inscripciones abiertas para el curso de formaci\u00f3n de profesorado del nuevo programa educativo\"}]},{\"@type\":\"WebSite\",\"@id\":\"https:\\\/\\\/www.barcelonacapitalnautica.org\\\/es\\\/#website\",\"url\":\"https:\\\/\\\/www.barcelonacapitalnautica.org\\\/es\\\/\",\"name\":\"Barcelona Capital N\u00e0utica\",\"description\":\"Barcelona Capital N\u00e0utica\",\"publisher\":{\"@id\":\"https:\\\/\\\/www.barcelonacapitalnautica.org\\\/es\\\/#organization\"},\"alternateName\":\"BCN\u00e0utica, FBCN\",\"potentialAction\":[{\"@type\":\"SearchAction\",\"target\":{\"@type\":\"EntryPoint\",\"urlTemplate\":\"https:\\\/\\\/www.barcelonacapitalnautica.org\\\/es\\\/?s={search_term_string}\"},\"query-input\":{\"@type\":\"PropertyValueSpecification\",\"valueRequired\":true,\"valueName\":\"search_term_string\"}}],\"inLanguage\":\"es\"},{\"@type\":\"Organization\",\"@id\":\"https:\\\/\\\/www.barcelonacapitalnautica.org\\\/es\\\/#organization\",\"name\":\"Barcelona Capital N\u00e0utica\",\"alternateName\":\"Fundaci\u00f3 Barcelona Capital N\u00e0utica\",\"url\":\"https:\\\/\\\/www.barcelonacapitalnautica.org\\\/es\\\/\",\"logo\":{\"@type\":\"ImageObject\",\"inLanguage\":\"es\",\"@id\":\"https:\\\/\\\/www.barcelonacapitalnautica.org\\\/es\\\/#\\\/schema\\\/logo\\\/image\\\/\",\"url\":\"https:\\\/\\\/www.barcelonacapitalnautica.org\\\/wp-content\\\/uploads\\\/2023\\\/03\\\/Logo-blau.svg\",\"contentUrl\":\"https:\\\/\\\/www.barcelonacapitalnautica.org\\\/wp-content\\\/uploads\\\/2023\\\/03\\\/Logo-blau.svg\",\"width\":200,\"height\":58,\"caption\":\"Barcelona Capital N\u00e0utica\"},\"image\":{\"@id\":\"https:\\\/\\\/www.barcelonacapitalnautica.org\\\/es\\\/#\\\/schema\\\/logo\\\/image\\\/\"},\"sameAs\":[\"https:\\\/\\\/www.facebook.com\\\/barcelonacapitalnautica\",\"https:\\\/\\\/x.com\\\/bcnautica\",\"https:\\\/\\\/www.instagram.com\\\/bcnautica\\\/\",\"https:\\\/\\\/www.linkedin.com\\\/company\\\/barcelona-capital-nautica\"]},{\"@type\":\"Person\",\"@id\":\"https:\\\/\\\/www.barcelonacapitalnautica.org\\\/es\\\/#\\\/schema\\\/person\\\/f1a7b6cdf70e48856b35358258241493\",\"name\":\"Cristina Martin\"}]}<\/script>\n<!-- \/ Yoast SEO plugin. -->","yoast_head_json":{"title":"Inscripciones abiertas para el curso de formaci\u00f3n de profesorado del nuevo programa educativo - Barcelona Capital N\u00e0utica","robots":{"index":"index","follow":"follow","max-snippet":"max-snippet:-1","max-image-preview":"max-image-preview:large","max-video-preview":"max-video-preview:-1"},"canonical":"https:\/\/www.barcelonacapitalnautica.org\/es\/inscripciones-abiertas-para-el-curso-de-formacion-de-profesorado-del-nuevo-programa-educativo\/","og_locale":"es_ES","og_type":"article","og_title":"Inscripciones abiertas para el curso de formaci\u00f3n de profesorado del nuevo programa educativo - Barcelona Capital N\u00e0utica","og_description":"La Fundaci\u00f3 Barcelona Capital N\u00e0utica y el Museo Mar\u00edtim de [&hellip;]","og_url":"https:\/\/www.barcelonacapitalnautica.org\/es\/inscripciones-abiertas-para-el-curso-de-formacion-de-profesorado-del-nuevo-programa-educativo\/","og_site_name":"Barcelona Capital N\u00e0utica","article_publisher":"https:\/\/www.facebook.com\/barcelonacapitalnautica","article_published_time":"2024-06-06T11:46:43+00:00","article_modified_time":"2024-07-01T13:51:48+00:00","og_image":[{"width":1140,"height":440,"url":"https:\/\/www.barcelonacapitalnautica.org\/wp-content\/uploads\/2024\/06\/Noti-Formacio_2.png","type":"image\/png"}],"author":"Cristina Martin","twitter_card":"summary_large_image","twitter_creator":"@bcnautica","twitter_site":"@bcnautica","twitter_misc":{"Escrito por":"Cristina Martin","Tiempo de lectura":"2 minutos"},"schema":{"@context":"https:\/\/schema.org","@graph":[{"@type":"Article","@id":"https:\/\/www.barcelonacapitalnautica.org\/es\/inscripciones-abiertas-para-el-curso-de-formacion-de-profesorado-del-nuevo-programa-educativo\/#article","isPartOf":{"@id":"https:\/\/www.barcelonacapitalnautica.org\/es\/inscripciones-abiertas-para-el-curso-de-formacion-de-profesorado-del-nuevo-programa-educativo\/"},"author":{"name":"Cristina Martin","@id":"https:\/\/www.barcelonacapitalnautica.org\/es\/#\/schema\/person\/f1a7b6cdf70e48856b35358258241493"},"headline":"Inscripciones abiertas para el curso de formaci\u00f3n de profesorado del nuevo programa educativo","datePublished":"2024-06-06T11:46:43+00:00","dateModified":"2024-07-01T13:51:48+00:00","mainEntityOfPage":{"@id":"https:\/\/www.barcelonacapitalnautica.org\/es\/inscripciones-abiertas-para-el-curso-de-formacion-de-profesorado-del-nuevo-programa-educativo\/"},"wordCount":313,"publisher":{"@id":"https:\/\/www.barcelonacapitalnautica.org\/es\/#organization"},"image":{"@id":"https:\/\/www.barcelonacapitalnautica.org\/es\/inscripciones-abiertas-para-el-curso-de-formacion-de-profesorado-del-nuevo-programa-educativo\/#primaryimage"},"thumbnailUrl":"https:\/\/www.barcelonacapitalnautica.org\/wp-content\/uploads\/2024\/06\/Noti-Formacio_2.png","keywords":["castellano","catal\u00e0","Copa Am\u00e8rica","Educaci\u00f3","Educaci\u00f3n","Formaci\u00f3n"],"articleSection":["Copa Am\u00e9rica","Educaci\u00f3n","Formaci\u00f3n"],"inLanguage":"es"},{"@type":"WebPage","@id":"https:\/\/www.barcelonacapitalnautica.org\/es\/inscripciones-abiertas-para-el-curso-de-formacion-de-profesorado-del-nuevo-programa-educativo\/","url":"https:\/\/www.barcelonacapitalnautica.org\/es\/inscripciones-abiertas-para-el-curso-de-formacion-de-profesorado-del-nuevo-programa-educativo\/","name":"Inscripciones abiertas para el curso de formaci\u00f3n de profesorado del nuevo programa educativo - Barcelona Capital N\u00e0utica","isPartOf":{"@id":"https:\/\/www.barcelonacapitalnautica.org\/es\/#website"},"primaryImageOfPage":{"@id":"https:\/\/www.barcelonacapitalnautica.org\/es\/inscripciones-abiertas-para-el-curso-de-formacion-de-profesorado-del-nuevo-programa-educativo\/#primaryimage"},"image":{"@id":"https:\/\/www.barcelonacapitalnautica.org\/es\/inscripciones-abiertas-para-el-curso-de-formacion-de-profesorado-del-nuevo-programa-educativo\/#primaryimage"},"thumbnailUrl":"https:\/\/www.barcelonacapitalnautica.org\/wp-content\/uploads\/2024\/06\/Noti-Formacio_2.png","datePublished":"2024-06-06T11:46:43+00:00","dateModified":"2024-07-01T13:51:48+00:00","breadcrumb":{"@id":"https:\/\/www.barcelonacapitalnautica.org\/es\/inscripciones-abiertas-para-el-curso-de-formacion-de-profesorado-del-nuevo-programa-educativo\/#breadcrumb"},"inLanguage":"es","potentialAction":[{"@type":"ReadAction","target":["https:\/\/www.barcelonacapitalnautica.org\/es\/inscripciones-abiertas-para-el-curso-de-formacion-de-profesorado-del-nuevo-programa-educativo\/"]}]},{"@type":"ImageObject","inLanguage":"es","@id":"https:\/\/www.barcelonacapitalnautica.org\/es\/inscripciones-abiertas-para-el-curso-de-formacion-de-profesorado-del-nuevo-programa-educativo\/#primaryimage","url":"https:\/\/www.barcelonacapitalnautica.org\/wp-content\/uploads\/2024\/06\/Noti-Formacio_2.png","contentUrl":"https:\/\/www.barcelonacapitalnautica.org\/wp-content\/uploads\/2024\/06\/Noti-Formacio_2.png","width":1140,"height":440,"caption":"formacion"},{"@type":"BreadcrumbList","@id":"https:\/\/www.barcelonacapitalnautica.org\/es\/inscripciones-abiertas-para-el-curso-de-formacion-de-profesorado-del-nuevo-programa-educativo\/#breadcrumb","itemListElement":[{"@type":"ListItem","position":1,"name":"Inici","item":"https:\/\/www.barcelonacapitalnautica.org\/es\/"},{"@type":"ListItem","position":2,"name":"Inscripciones abiertas para el curso de formaci\u00f3n de profesorado del nuevo programa educativo"}]},{"@type":"WebSite","@id":"https:\/\/www.barcelonacapitalnautica.org\/es\/#website","url":"https:\/\/www.barcelonacapitalnautica.org\/es\/","name":"Barcelona Capital N\u00e0utica","description":"Barcelona Capital N\u00e0utica","publisher":{"@id":"https:\/\/www.barcelonacapitalnautica.org\/es\/#organization"},"alternateName":"BCN\u00e0utica, FBCN","potentialAction":[{"@type":"SearchAction","target":{"@type":"EntryPoint","urlTemplate":"https:\/\/www.barcelonacapitalnautica.org\/es\/?s={search_term_string}"},"query-input":{"@type":"PropertyValueSpecification","valueRequired":true,"valueName":"search_term_string"}}],"inLanguage":"es"},{"@type":"Organization","@id":"https:\/\/www.barcelonacapitalnautica.org\/es\/#organization","name":"Barcelona Capital N\u00e0utica","alternateName":"Fundaci\u00f3 Barcelona Capital N\u00e0utica","url":"https:\/\/www.barcelonacapitalnautica.org\/es\/","logo":{"@type":"ImageObject","inLanguage":"es","@id":"https:\/\/www.barcelonacapitalnautica.org\/es\/#\/schema\/logo\/image\/","url":"https:\/\/www.barcelonacapitalnautica.org\/wp-content\/uploads\/2023\/03\/Logo-blau.svg","contentUrl":"https:\/\/www.barcelonacapitalnautica.org\/wp-content\/uploads\/2023\/03\/Logo-blau.svg","width":200,"height":58,"caption":"Barcelona Capital N\u00e0utica"},"image":{"@id":"https:\/\/www.barcelonacapitalnautica.org\/es\/#\/schema\/logo\/image\/"},"sameAs":["https:\/\/www.facebook.com\/barcelonacapitalnautica","https:\/\/x.com\/bcnautica","https:\/\/www.instagram.com\/bcnautica\/","https:\/\/www.linkedin.com\/company\/barcelona-capital-nautica"]},{"@type":"Person","@id":"https:\/\/www.barcelonacapitalnautica.org\/es\/#\/schema\/person\/f1a7b6cdf70e48856b35358258241493","name":"Cristina Martin"}]}},"uagb_featured_image_src":{"full":["https:\/\/www.barcelonacapitalnautica.org\/wp-content\/uploads\/2024\/06\/Noti-Formacio_2.png",1140,440,false],"thumbnail":["https:\/\/www.barcelonacapitalnautica.org\/wp-content\/uploads\/2024\/06\/Noti-Formacio_2-380x147.png",380,147,true],"medium":["https:\/\/www.barcelonacapitalnautica.org\/wp-content\/uploads\/2024\/06\/Noti-Formacio_2-560x216.png",560,216,true],"medium_large":["https:\/\/www.barcelonacapitalnautica.org\/wp-content\/uploads\/2024\/06\/Noti-Formacio_2-768x296.png",768,296,true],"large":["https:\/\/www.barcelonacapitalnautica.org\/wp-content\/uploads\/2024\/06\/Noti-Formacio_2-900x347.png",900,347,true],"1536x1536":["https:\/\/www.barcelonacapitalnautica.org\/wp-content\/uploads\/2024\/06\/Noti-Formacio_2.png",1140,440,false],"2048x2048":["https:\/\/www.barcelonacapitalnautica.org\/wp-content\/uploads\/2024\/06\/Noti-Formacio_2.png",1140,440,false]},"uagb_author_info":{"display_name":"Cristina Martin","author_link":"https:\/\/www.barcelonacapitalnautica.org\/es\/author\/fbcn_cristina\/"},"uagb_comment_info":0,"uagb_excerpt":"La Fundaci\u00f3 Barcelona Capital N\u00e0utica y el Museo Mar\u00edtim de [&hellip;]","_links":{"self":[{"href":"https:\/\/www.barcelonacapitalnautica.org\/es\/wp-json\/wp\/v2\/posts\/267806","targetHints":{"allow":["GET"]}}],"collection":[{"href":"https:\/\/www.barcelonacapitalnautica.org\/es\/wp-json\/wp\/v2\/posts"}],"about":[{"href":"https:\/\/www.barcelonacapitalnautica.org\/es\/wp-json\/wp\/v2\/types\/post"}],"author":[{"embeddable":true,"href":"https:\/\/www.barcelonacapitalnautica.org\/es\/wp-json\/wp\/v2\/users\/3"}],"replies":[{"embeddable":true,"href":"https:\/\/www.barcelonacapitalnautica.org\/es\/wp-json\/wp\/v2\/comments?post=267806"}],"version-history":[{"count":3,"href":"https:\/\/www.barcelonacapitalnautica.org\/es\/wp-json\/wp\/v2\/posts\/267806\/revisions"}],"predecessor-version":[{"id":268097,"href":"https:\/\/www.barcelonacapitalnautica.org\/es\/wp-json\/wp\/v2\/posts\/267806\/revisions\/268097"}],"wp:featuredmedia":[{"embeddable":true,"href":"https:\/\/www.barcelonacapitalnautica.org\/es\/wp-json\/wp\/v2\/media\/267815"}],"wp:attachment":[{"href":"https:\/\/www.barcelonacapitalnautica.org\/es\/wp-json\/wp\/v2\/media?parent=267806"}],"wp:term":[{"taxonomy":"category","embeddable":true,"href":"https:\/\/www.barcelonacapitalnautica.org\/es\/wp-json\/wp\/v2\/categories?post=267806"},{"taxonomy":"post_tag","embeddable":true,"href":"https:\/\/www.barcelonacapitalnautica.org\/es\/wp-json\/wp\/v2\/tags?post=267806"}],"curies":[{"name":"wp","href":"https:\/\/api.w.org\/{rel}","templated":true}]}}