{"id":268198,"date":"2024-06-20T13:32:52","date_gmt":"2024-06-20T11:32:52","guid":{"rendered":"https:\/\/www.barcelonacapitalnautica.org\/?p=268198"},"modified":"2024-07-01T13:40:09","modified_gmt":"2024-07-01T11:40:09","slug":"la-exposicion-un-mar-abierto-a-todo-el-mundo-en-el-espai-merce-sala","status":"publish","type":"post","link":"https:\/\/www.barcelonacapitalnautica.org\/es\/la-exposicion-un-mar-abierto-a-todo-el-mundo-en-el-espai-merce-sala\/","title":{"rendered":"La exposici\u00f3n \u201cUn mar abierto a todo el mundo\u201d en el Espai Merc\u00e8 Sala"},"content":{"rendered":"\n<p>La exposici\u00f3n internacional de fotograf\u00eda \u201c<a href=\"https:\/\/www.barcelonacapitalnautica.org\/es\/cultura\/exposicion-de-fotografias\/\">Un mar abierto a todo el mundo<\/a>\u201d se puede visitar en el <strong>Espai Merc\u00e8 Sala<\/strong> de TMB hasta el 5 de septiembre.<\/p>\n\n\n\n<p>Al febrero de este a\u00f1o lanzamos un <a href=\"https:\/\/www.barcelonacapitalnautica.org\/es\/concurso-internacional-de-fotografia-un-mar-abierto-a-todo-el-mundo\/\">concurso de fotograf\u00eda internacional<\/a> a trav\u00e9s de la plataforma <strong>Agora Awards <\/strong>bajo el lema \u201cUn abierto a todo el mundo\u201d donde se presentaron 2.500 fotograf\u00edas de m\u00e1s de 80 nacionalidades distintas, como Chile, Australia, Italia o Indonesia, as\u00ed como tambi\u00e9n de todas partes de Espa\u00f1a, como Asturias, Mallorca o Valencia.<\/p>\n\n\n\t\t\t\t\t<div\n\t\t\t\t\t\tclass=\"wp-block-uagb-image-gallery uagb-block-18d49a41     \"\n\t\t\t\t\t\tstyle=\"\"\n\t\t\t\t\t>\n\t\t\t\t\t\t\t\t\t\t\t<div class=\"spectra-image-gallery spectra-image-gallery__layout--grid spectra-image-gallery__layout--grid-col-3 spectra-image-gallery__layout--grid-col-tab-3 spectra-image-gallery__layout--grid-col-mob-2\">\n\t\t\t\t\t\t\t\t\t\t\t<div class='spectra-image-gallery__media-wrapper' data-spectra-gallery-image-id='268189' tabindex=\"0\">\n\t\t\t\t\t\t\t<div class=\"spectra-image-gallery__media spectra-image-gallery__media--grid\">\n\t\t\t\t<picture>\n\t\t\t\t\t<source media=\"(min-width: 1024px)\" srcset=\"https:\/\/www.barcelonacapitalnautica.org\/wp-content\/uploads\/2024\/06\/Noti-Espai-Merce-Sala1-900x600.jpeg\">\n\t\t\t\t\t<source media=\"(min-width: 768px)\" srcset=\"https:\/\/www.barcelonacapitalnautica.org\/wp-content\/uploads\/2024\/06\/Noti-Espai-Merce-Sala1-900x600.jpeg\">\n\t\t\t\t\t<img decoding=\"async\" class=\"spectra-image-gallery__media-thumbnail spectra-image-gallery__media-thumbnail--grid\" src=\"https:\/\/www.barcelonacapitalnautica.org\/wp-content\/uploads\/2024\/06\/Noti-Espai-Merce-Sala1-560x373.jpeg\" alt=\"\" loading=\"lazy\" \/>\n\t\t\t\t<\/picture>\n\t\t\t\t<div class=\"spectra-image-gallery__media-thumbnail-blurrer\"><\/div>\n\t\t\t\t\t\t\t\t\t\t\t<div class=\"spectra-image-gallery__media-thumbnail-caption-wrapper spectra-image-gallery__media-thumbnail-caption-wrapper--overlay\"><\/div>\n\t\t\t\t\t\t\t\t<\/div>\n\t\t\t\t\t\t<\/div>\n\t\t\t\t\t\t<div class='spectra-image-gallery__media-wrapper' data-spectra-gallery-image-id='268192' tabindex=\"0\">\n\t\t\t\t\t\t\t<div class=\"spectra-image-gallery__media spectra-image-gallery__media--grid\">\n\t\t\t\t<picture>\n\t\t\t\t\t<source media=\"(min-width: 1024px)\" srcset=\"https:\/\/www.barcelonacapitalnautica.org\/wp-content\/uploads\/2024\/06\/Noti-Espai-Merce-Sala2-900x600.jpeg\">\n\t\t\t\t\t<source media=\"(min-width: 768px)\" srcset=\"https:\/\/www.barcelonacapitalnautica.org\/wp-content\/uploads\/2024\/06\/Noti-Espai-Merce-Sala2-900x600.jpeg\">\n\t\t\t\t\t<img decoding=\"async\" class=\"spectra-image-gallery__media-thumbnail spectra-image-gallery__media-thumbnail--grid\" src=\"https:\/\/www.barcelonacapitalnautica.org\/wp-content\/uploads\/2024\/06\/Noti-Espai-Merce-Sala2-560x373.jpeg\" alt=\"\" loading=\"lazy\" \/>\n\t\t\t\t<\/picture>\n\t\t\t\t<div class=\"spectra-image-gallery__media-thumbnail-blurrer\"><\/div>\n\t\t\t\t\t\t\t\t\t\t\t<div class=\"spectra-image-gallery__media-thumbnail-caption-wrapper spectra-image-gallery__media-thumbnail-caption-wrapper--overlay\"><\/div>\n\t\t\t\t\t\t\t\t<\/div>\n\t\t\t\t\t\t<\/div>\n\t\t\t\t\t\t<div class='spectra-image-gallery__media-wrapper' data-spectra-gallery-image-id='268195' tabindex=\"0\">\n\t\t\t\t\t\t\t<div class=\"spectra-image-gallery__media spectra-image-gallery__media--grid\">\n\t\t\t\t<picture>\n\t\t\t\t\t<source media=\"(min-width: 1024px)\" srcset=\"https:\/\/www.barcelonacapitalnautica.org\/wp-content\/uploads\/2024\/06\/Noti-Espai-Merce-Sala3-900x600.jpeg\">\n\t\t\t\t\t<source media=\"(min-width: 768px)\" srcset=\"https:\/\/www.barcelonacapitalnautica.org\/wp-content\/uploads\/2024\/06\/Noti-Espai-Merce-Sala3-900x600.jpeg\">\n\t\t\t\t\t<img decoding=\"async\" class=\"spectra-image-gallery__media-thumbnail spectra-image-gallery__media-thumbnail--grid\" src=\"https:\/\/www.barcelonacapitalnautica.org\/wp-content\/uploads\/2024\/06\/Noti-Espai-Merce-Sala3-560x373.jpeg\" alt=\"\" loading=\"lazy\" \/>\n\t\t\t\t<\/picture>\n\t\t\t\t<div class=\"spectra-image-gallery__media-thumbnail-blurrer\"><\/div>\n\t\t\t\t\t\t\t\t\t\t\t<div class=\"spectra-image-gallery__media-thumbnail-caption-wrapper spectra-image-gallery__media-thumbnail-caption-wrapper--overlay\"><\/div>\n\t\t\t\t\t\t\t\t<\/div>\n\t\t\t\t\t\t<\/div>\n\t\t\t\t\t\t\t\t\t\t<\/div>\n\t\t\t\t\t\t\t\t\t\t\t\t\t\t\t\t\t\t<\/div>\n\t\t\t\t\t\t\t\t\t\n\n\n<p><\/p>\n\n\n\n<p>Con las tres fotograf\u00edas ganadoras y las finalistas hemos montado una muestra itinerante que del <strong>17 de junio al 5 de septiembre<\/strong> se puede visitar en el Espai Merc\u00e8 Sala de TMB.<\/p>\n\n\n\n<p>La sala de exposiciones se encuentra en el <strong>vest\u00edbulo de conexi\u00f3n entre las l\u00edneas de metro L3 y L5<\/strong> de la estaci\u00f3n de Diagonal.<\/p>\n\n\n\n<figure class=\"wp-block-embed is-type-video is-provider-youtube wp-block-embed-youtube wp-embed-aspect-16-9 wp-has-aspect-ratio\"><div class=\"wp-block-embed__wrapper\">\n<iframe loading=\"lazy\" title=\"Exposici\u00f3 de fotografies &quot;Un mar obert a tothom&quot;\" width=\"500\" height=\"281\" src=\"https:\/\/www.youtube.com\/embed\/u0RcfE7Gh_0?feature=oembed\" frameborder=\"0\" allow=\"accelerometer; autoplay; clipboard-write; encrypted-media; gyroscope; picture-in-picture; web-share\" referrerpolicy=\"strict-origin-when-cross-origin\" allowfullscreen><\/iframe>\n<\/div><\/figure>\n","protected":false},"excerpt":{"rendered":"<p>La exposici\u00f3n internacional de fotograf\u00eda \u201cUn mar abierto a todo [&hellip;]<\/p>\n","protected":false},"author":3,"featured_media":268186,"comment_status":"closed","ping_status":"closed","sticky":false,"template":"","format":"standard","meta":{"_uag_custom_page_level_css":"","site-sidebar-layout":"default","site-content-layout":"","ast-site-content-layout":"default","site-content-style":"default","site-sidebar-style":"default","ast-global-header-display":"","ast-banner-title-visibility":"","ast-main-header-display":"","ast-hfb-above-header-display":"","ast-hfb-below-header-display":"","ast-hfb-mobile-header-display":"","site-post-title":"","ast-breadcrumbs-content":"","ast-featured-img":"","footer-sml-layout":"","ast-disable-related-posts":"","theme-transparent-header-meta":"","adv-header-id-meta":"","stick-header-meta":"","header-above-stick-meta":"","header-main-stick-meta":"","header-below-stick-meta":"","astra-migrate-meta-layouts":"set","ast-page-background-enabled":"default","ast-page-background-meta":{"desktop":{"background-color":"","background-image":"","background-repeat":"repeat","background-position":"center center","background-size":"auto","background-attachment":"scroll","background-type":"","background-media":"","overlay-type":"","overlay-color":"","overlay-opacity":"","overlay-gradient":""},"tablet":{"background-color":"","background-image":"","background-repeat":"repeat","background-position":"center center","background-size":"auto","background-attachment":"scroll","background-type":"","background-media":"","overlay-type":"","overlay-color":"","overlay-opacity":"","overlay-gradient":""},"mobile":{"background-color":"","background-image":"","background-repeat":"repeat","background-position":"center center","background-size":"auto","background-attachment":"scroll","background-type":"","background-media":"","overlay-type":"","overlay-color":"","overlay-opacity":"","overlay-gradient":""}},"ast-content-background-meta":{"desktop":{"background-color":"var(--ast-global-color-5)","background-image":"","background-repeat":"repeat","background-position":"center center","background-size":"auto","background-attachment":"scroll","background-type":"","background-media":"","overlay-type":"","overlay-color":"","overlay-opacity":"","overlay-gradient":""},"tablet":{"background-color":"var(--ast-global-color-5)","background-image":"","background-repeat":"repeat","background-position":"center center","background-size":"auto","background-attachment":"scroll","background-type":"","background-media":"","overlay-type":"","overlay-color":"","overlay-opacity":"","overlay-gradient":""},"mobile":{"background-color":"var(--ast-global-color-5)","background-image":"","background-repeat":"repeat","background-position":"center center","background-size":"auto","background-attachment":"scroll","background-type":"","background-media":"","overlay-type":"","overlay-color":"","overlay-opacity":"","overlay-gradient":""}},"_price":"","_stock":"","_tribe_ticket_header":"","_tribe_default_ticket_provider":"","_tribe_ticket_capacity":"0","_ticket_start_date":"","_ticket_end_date":"","_tribe_ticket_show_description":"","_tribe_ticket_show_not_going":false,"_tribe_ticket_use_global_stock":"","_tribe_ticket_global_stock_level":"","_global_stock_mode":"","_global_stock_cap":"","_tribe_rsvp_for_event":"","_tribe_ticket_going_count":"","_tribe_ticket_not_going_count":"","_tribe_tickets_list":[],"_tribe_ticket_has_attendee_info_fields":false,"footnotes":""},"categories":[105],"tags":[115,142,212],"class_list":["post-268198","post","type-post","status-publish","format-standard","has-post-thumbnail","hentry","category-cultura","tag-castellano","tag-cultura-2","tag-expo-fotos-2"],"yoast_head":"<!-- This site is optimized with the Yoast SEO plugin v27.5 - https:\/\/yoast.com\/product\/yoast-seo-wordpress\/ -->\n<title>La exposici\u00f3n \u201cUn mar abierto a todo el mundo\u201d en el Espai Merc\u00e8 Sala - Barcelona Capital N\u00e0utica<\/title>\n<meta name=\"robots\" content=\"index, follow, max-snippet:-1, max-image-preview:large, max-video-preview:-1\" \/>\n<link rel=\"canonical\" href=\"https:\/\/www.barcelonacapitalnautica.org\/es\/la-exposicion-un-mar-abierto-a-todo-el-mundo-en-el-espai-merce-sala\/\" \/>\n<meta property=\"og:locale\" content=\"es_ES\" \/>\n<meta property=\"og:type\" content=\"article\" \/>\n<meta property=\"og:title\" content=\"La exposici\u00f3n \u201cUn mar abierto a todo el mundo\u201d en el Espai Merc\u00e8 Sala - Barcelona Capital N\u00e0utica\" \/>\n<meta property=\"og:description\" content=\"La exposici\u00f3n internacional de fotograf\u00eda \u201cUn mar abierto a todo [&hellip;]\" \/>\n<meta property=\"og:url\" content=\"https:\/\/www.barcelonacapitalnautica.org\/es\/la-exposicion-un-mar-abierto-a-todo-el-mundo-en-el-espai-merce-sala\/\" \/>\n<meta property=\"og:site_name\" content=\"Barcelona Capital N\u00e0utica\" \/>\n<meta property=\"article:publisher\" content=\"https:\/\/www.facebook.com\/barcelonacapitalnautica\" \/>\n<meta property=\"article:published_time\" content=\"2024-06-20T11:32:52+00:00\" \/>\n<meta property=\"article:modified_time\" content=\"2024-07-01T11:40:09+00:00\" \/>\n<meta property=\"og:image\" content=\"https:\/\/www.barcelonacapitalnautica.org\/wp-content\/uploads\/2024\/06\/Noti-Expo-fotos-Merce-Sala.png\" \/>\n\t<meta property=\"og:image:width\" content=\"1140\" \/>\n\t<meta property=\"og:image:height\" content=\"440\" \/>\n\t<meta property=\"og:image:type\" content=\"image\/png\" \/>\n<meta name=\"author\" content=\"Cristina Martin\" \/>\n<meta name=\"twitter:card\" content=\"summary_large_image\" \/>\n<meta name=\"twitter:creator\" content=\"@bcnautica\" \/>\n<meta name=\"twitter:site\" content=\"@bcnautica\" \/>\n<meta name=\"twitter:label1\" content=\"Escrito por\" \/>\n\t<meta name=\"twitter:data1\" content=\"Cristina Martin\" \/>\n\t<meta name=\"twitter:label2\" content=\"Tiempo de lectura\" \/>\n\t<meta name=\"twitter:data2\" content=\"1 minuto\" \/>\n<script type=\"application\/ld+json\" class=\"yoast-schema-graph\">{\"@context\":\"https:\\\/\\\/schema.org\",\"@graph\":[{\"@type\":\"Article\",\"@id\":\"https:\\\/\\\/www.barcelonacapitalnautica.org\\\/es\\\/la-exposicion-un-mar-abierto-a-todo-el-mundo-en-el-espai-merce-sala\\\/#article\",\"isPartOf\":{\"@id\":\"https:\\\/\\\/www.barcelonacapitalnautica.org\\\/es\\\/la-exposicion-un-mar-abierto-a-todo-el-mundo-en-el-espai-merce-sala\\\/\"},\"author\":{\"name\":\"Cristina Martin\",\"@id\":\"https:\\\/\\\/www.barcelonacapitalnautica.org\\\/es\\\/#\\\/schema\\\/person\\\/f1a7b6cdf70e48856b35358258241493\"},\"headline\":\"La exposici\u00f3n \u201cUn mar abierto a todo el mundo\u201d en el Espai Merc\u00e8 Sala\",\"datePublished\":\"2024-06-20T11:32:52+00:00\",\"dateModified\":\"2024-07-01T11:40:09+00:00\",\"mainEntityOfPage\":{\"@id\":\"https:\\\/\\\/www.barcelonacapitalnautica.org\\\/es\\\/la-exposicion-un-mar-abierto-a-todo-el-mundo-en-el-espai-merce-sala\\\/\"},\"wordCount\":170,\"publisher\":{\"@id\":\"https:\\\/\\\/www.barcelonacapitalnautica.org\\\/es\\\/#organization\"},\"image\":{\"@id\":\"https:\\\/\\\/www.barcelonacapitalnautica.org\\\/es\\\/la-exposicion-un-mar-abierto-a-todo-el-mundo-en-el-espai-merce-sala\\\/#primaryimage\"},\"thumbnailUrl\":\"https:\\\/\\\/www.barcelonacapitalnautica.org\\\/wp-content\\\/uploads\\\/2024\\\/06\\\/Noti-Expo-fotos-Merce-Sala.png\",\"keywords\":[\"castellano\",\"cultura\",\"Expo fotos\"],\"articleSection\":[\"Cultura\"],\"inLanguage\":\"es\"},{\"@type\":\"WebPage\",\"@id\":\"https:\\\/\\\/www.barcelonacapitalnautica.org\\\/es\\\/la-exposicion-un-mar-abierto-a-todo-el-mundo-en-el-espai-merce-sala\\\/\",\"url\":\"https:\\\/\\\/www.barcelonacapitalnautica.org\\\/es\\\/la-exposicion-un-mar-abierto-a-todo-el-mundo-en-el-espai-merce-sala\\\/\",\"name\":\"La exposici\u00f3n \u201cUn mar abierto a todo el mundo\u201d en el Espai Merc\u00e8 Sala - Barcelona Capital N\u00e0utica\",\"isPartOf\":{\"@id\":\"https:\\\/\\\/www.barcelonacapitalnautica.org\\\/es\\\/#website\"},\"primaryImageOfPage\":{\"@id\":\"https:\\\/\\\/www.barcelonacapitalnautica.org\\\/es\\\/la-exposicion-un-mar-abierto-a-todo-el-mundo-en-el-espai-merce-sala\\\/#primaryimage\"},\"image\":{\"@id\":\"https:\\\/\\\/www.barcelonacapitalnautica.org\\\/es\\\/la-exposicion-un-mar-abierto-a-todo-el-mundo-en-el-espai-merce-sala\\\/#primaryimage\"},\"thumbnailUrl\":\"https:\\\/\\\/www.barcelonacapitalnautica.org\\\/wp-content\\\/uploads\\\/2024\\\/06\\\/Noti-Expo-fotos-Merce-Sala.png\",\"datePublished\":\"2024-06-20T11:32:52+00:00\",\"dateModified\":\"2024-07-01T11:40:09+00:00\",\"breadcrumb\":{\"@id\":\"https:\\\/\\\/www.barcelonacapitalnautica.org\\\/es\\\/la-exposicion-un-mar-abierto-a-todo-el-mundo-en-el-espai-merce-sala\\\/#breadcrumb\"},\"inLanguage\":\"es\",\"potentialAction\":[{\"@type\":\"ReadAction\",\"target\":[\"https:\\\/\\\/www.barcelonacapitalnautica.org\\\/es\\\/la-exposicion-un-mar-abierto-a-todo-el-mundo-en-el-espai-merce-sala\\\/\"]}]},{\"@type\":\"ImageObject\",\"inLanguage\":\"es\",\"@id\":\"https:\\\/\\\/www.barcelonacapitalnautica.org\\\/es\\\/la-exposicion-un-mar-abierto-a-todo-el-mundo-en-el-espai-merce-sala\\\/#primaryimage\",\"url\":\"https:\\\/\\\/www.barcelonacapitalnautica.org\\\/wp-content\\\/uploads\\\/2024\\\/06\\\/Noti-Expo-fotos-Merce-Sala.png\",\"contentUrl\":\"https:\\\/\\\/www.barcelonacapitalnautica.org\\\/wp-content\\\/uploads\\\/2024\\\/06\\\/Noti-Expo-fotos-Merce-Sala.png\",\"width\":1140,\"height\":440},{\"@type\":\"BreadcrumbList\",\"@id\":\"https:\\\/\\\/www.barcelonacapitalnautica.org\\\/es\\\/la-exposicion-un-mar-abierto-a-todo-el-mundo-en-el-espai-merce-sala\\\/#breadcrumb\",\"itemListElement\":[{\"@type\":\"ListItem\",\"position\":1,\"name\":\"Inici\",\"item\":\"https:\\\/\\\/www.barcelonacapitalnautica.org\\\/es\\\/\"},{\"@type\":\"ListItem\",\"position\":2,\"name\":\"La exposici\u00f3n \u201cUn mar abierto a todo el mundo\u201d en el Espai Merc\u00e8 Sala\"}]},{\"@type\":\"WebSite\",\"@id\":\"https:\\\/\\\/www.barcelonacapitalnautica.org\\\/es\\\/#website\",\"url\":\"https:\\\/\\\/www.barcelonacapitalnautica.org\\\/es\\\/\",\"name\":\"Barcelona Capital N\u00e0utica\",\"description\":\"Barcelona Capital N\u00e0utica\",\"publisher\":{\"@id\":\"https:\\\/\\\/www.barcelonacapitalnautica.org\\\/es\\\/#organization\"},\"alternateName\":\"BCN\u00e0utica, FBCN\",\"potentialAction\":[{\"@type\":\"SearchAction\",\"target\":{\"@type\":\"EntryPoint\",\"urlTemplate\":\"https:\\\/\\\/www.barcelonacapitalnautica.org\\\/es\\\/?s={search_term_string}\"},\"query-input\":{\"@type\":\"PropertyValueSpecification\",\"valueRequired\":true,\"valueName\":\"search_term_string\"}}],\"inLanguage\":\"es\"},{\"@type\":\"Organization\",\"@id\":\"https:\\\/\\\/www.barcelonacapitalnautica.org\\\/es\\\/#organization\",\"name\":\"Barcelona Capital N\u00e0utica\",\"alternateName\":\"Fundaci\u00f3 Barcelona Capital N\u00e0utica\",\"url\":\"https:\\\/\\\/www.barcelonacapitalnautica.org\\\/es\\\/\",\"logo\":{\"@type\":\"ImageObject\",\"inLanguage\":\"es\",\"@id\":\"https:\\\/\\\/www.barcelonacapitalnautica.org\\\/es\\\/#\\\/schema\\\/logo\\\/image\\\/\",\"url\":\"https:\\\/\\\/www.barcelonacapitalnautica.org\\\/wp-content\\\/uploads\\\/2023\\\/03\\\/Logo-blau.svg\",\"contentUrl\":\"https:\\\/\\\/www.barcelonacapitalnautica.org\\\/wp-content\\\/uploads\\\/2023\\\/03\\\/Logo-blau.svg\",\"width\":200,\"height\":58,\"caption\":\"Barcelona Capital N\u00e0utica\"},\"image\":{\"@id\":\"https:\\\/\\\/www.barcelonacapitalnautica.org\\\/es\\\/#\\\/schema\\\/logo\\\/image\\\/\"},\"sameAs\":[\"https:\\\/\\\/www.facebook.com\\\/barcelonacapitalnautica\",\"https:\\\/\\\/x.com\\\/bcnautica\",\"https:\\\/\\\/www.instagram.com\\\/bcnautica\\\/\",\"https:\\\/\\\/www.linkedin.com\\\/company\\\/barcelona-capital-nautica\"]},{\"@type\":\"Person\",\"@id\":\"https:\\\/\\\/www.barcelonacapitalnautica.org\\\/es\\\/#\\\/schema\\\/person\\\/f1a7b6cdf70e48856b35358258241493\",\"name\":\"Cristina Martin\"}]}<\/script>\n<!-- \/ Yoast SEO plugin. -->","yoast_head_json":{"title":"La exposici\u00f3n \u201cUn mar abierto a todo el mundo\u201d en el Espai Merc\u00e8 Sala - Barcelona Capital N\u00e0utica","robots":{"index":"index","follow":"follow","max-snippet":"max-snippet:-1","max-image-preview":"max-image-preview:large","max-video-preview":"max-video-preview:-1"},"canonical":"https:\/\/www.barcelonacapitalnautica.org\/es\/la-exposicion-un-mar-abierto-a-todo-el-mundo-en-el-espai-merce-sala\/","og_locale":"es_ES","og_type":"article","og_title":"La exposici\u00f3n \u201cUn mar abierto a todo el mundo\u201d en el Espai Merc\u00e8 Sala - Barcelona Capital N\u00e0utica","og_description":"La exposici\u00f3n internacional de fotograf\u00eda \u201cUn mar abierto a todo [&hellip;]","og_url":"https:\/\/www.barcelonacapitalnautica.org\/es\/la-exposicion-un-mar-abierto-a-todo-el-mundo-en-el-espai-merce-sala\/","og_site_name":"Barcelona Capital N\u00e0utica","article_publisher":"https:\/\/www.facebook.com\/barcelonacapitalnautica","article_published_time":"2024-06-20T11:32:52+00:00","article_modified_time":"2024-07-01T11:40:09+00:00","og_image":[{"width":1140,"height":440,"url":"https:\/\/www.barcelonacapitalnautica.org\/wp-content\/uploads\/2024\/06\/Noti-Expo-fotos-Merce-Sala.png","type":"image\/png"}],"author":"Cristina Martin","twitter_card":"summary_large_image","twitter_creator":"@bcnautica","twitter_site":"@bcnautica","twitter_misc":{"Escrito por":"Cristina Martin","Tiempo de lectura":"1 minuto"},"schema":{"@context":"https:\/\/schema.org","@graph":[{"@type":"Article","@id":"https:\/\/www.barcelonacapitalnautica.org\/es\/la-exposicion-un-mar-abierto-a-todo-el-mundo-en-el-espai-merce-sala\/#article","isPartOf":{"@id":"https:\/\/www.barcelonacapitalnautica.org\/es\/la-exposicion-un-mar-abierto-a-todo-el-mundo-en-el-espai-merce-sala\/"},"author":{"name":"Cristina Martin","@id":"https:\/\/www.barcelonacapitalnautica.org\/es\/#\/schema\/person\/f1a7b6cdf70e48856b35358258241493"},"headline":"La exposici\u00f3n \u201cUn mar abierto a todo el mundo\u201d en el Espai Merc\u00e8 Sala","datePublished":"2024-06-20T11:32:52+00:00","dateModified":"2024-07-01T11:40:09+00:00","mainEntityOfPage":{"@id":"https:\/\/www.barcelonacapitalnautica.org\/es\/la-exposicion-un-mar-abierto-a-todo-el-mundo-en-el-espai-merce-sala\/"},"wordCount":170,"publisher":{"@id":"https:\/\/www.barcelonacapitalnautica.org\/es\/#organization"},"image":{"@id":"https:\/\/www.barcelonacapitalnautica.org\/es\/la-exposicion-un-mar-abierto-a-todo-el-mundo-en-el-espai-merce-sala\/#primaryimage"},"thumbnailUrl":"https:\/\/www.barcelonacapitalnautica.org\/wp-content\/uploads\/2024\/06\/Noti-Expo-fotos-Merce-Sala.png","keywords":["castellano","cultura","Expo fotos"],"articleSection":["Cultura"],"inLanguage":"es"},{"@type":"WebPage","@id":"https:\/\/www.barcelonacapitalnautica.org\/es\/la-exposicion-un-mar-abierto-a-todo-el-mundo-en-el-espai-merce-sala\/","url":"https:\/\/www.barcelonacapitalnautica.org\/es\/la-exposicion-un-mar-abierto-a-todo-el-mundo-en-el-espai-merce-sala\/","name":"La exposici\u00f3n \u201cUn mar abierto a todo el mundo\u201d en el Espai Merc\u00e8 Sala - Barcelona Capital N\u00e0utica","isPartOf":{"@id":"https:\/\/www.barcelonacapitalnautica.org\/es\/#website"},"primaryImageOfPage":{"@id":"https:\/\/www.barcelonacapitalnautica.org\/es\/la-exposicion-un-mar-abierto-a-todo-el-mundo-en-el-espai-merce-sala\/#primaryimage"},"image":{"@id":"https:\/\/www.barcelonacapitalnautica.org\/es\/la-exposicion-un-mar-abierto-a-todo-el-mundo-en-el-espai-merce-sala\/#primaryimage"},"thumbnailUrl":"https:\/\/www.barcelonacapitalnautica.org\/wp-content\/uploads\/2024\/06\/Noti-Expo-fotos-Merce-Sala.png","datePublished":"2024-06-20T11:32:52+00:00","dateModified":"2024-07-01T11:40:09+00:00","breadcrumb":{"@id":"https:\/\/www.barcelonacapitalnautica.org\/es\/la-exposicion-un-mar-abierto-a-todo-el-mundo-en-el-espai-merce-sala\/#breadcrumb"},"inLanguage":"es","potentialAction":[{"@type":"ReadAction","target":["https:\/\/www.barcelonacapitalnautica.org\/es\/la-exposicion-un-mar-abierto-a-todo-el-mundo-en-el-espai-merce-sala\/"]}]},{"@type":"ImageObject","inLanguage":"es","@id":"https:\/\/www.barcelonacapitalnautica.org\/es\/la-exposicion-un-mar-abierto-a-todo-el-mundo-en-el-espai-merce-sala\/#primaryimage","url":"https:\/\/www.barcelonacapitalnautica.org\/wp-content\/uploads\/2024\/06\/Noti-Expo-fotos-Merce-Sala.png","contentUrl":"https:\/\/www.barcelonacapitalnautica.org\/wp-content\/uploads\/2024\/06\/Noti-Expo-fotos-Merce-Sala.png","width":1140,"height":440},{"@type":"BreadcrumbList","@id":"https:\/\/www.barcelonacapitalnautica.org\/es\/la-exposicion-un-mar-abierto-a-todo-el-mundo-en-el-espai-merce-sala\/#breadcrumb","itemListElement":[{"@type":"ListItem","position":1,"name":"Inici","item":"https:\/\/www.barcelonacapitalnautica.org\/es\/"},{"@type":"ListItem","position":2,"name":"La exposici\u00f3n \u201cUn mar abierto a todo el mundo\u201d en el Espai Merc\u00e8 Sala"}]},{"@type":"WebSite","@id":"https:\/\/www.barcelonacapitalnautica.org\/es\/#website","url":"https:\/\/www.barcelonacapitalnautica.org\/es\/","name":"Barcelona Capital N\u00e0utica","description":"Barcelona Capital N\u00e0utica","publisher":{"@id":"https:\/\/www.barcelonacapitalnautica.org\/es\/#organization"},"alternateName":"BCN\u00e0utica, FBCN","potentialAction":[{"@type":"SearchAction","target":{"@type":"EntryPoint","urlTemplate":"https:\/\/www.barcelonacapitalnautica.org\/es\/?s={search_term_string}"},"query-input":{"@type":"PropertyValueSpecification","valueRequired":true,"valueName":"search_term_string"}}],"inLanguage":"es"},{"@type":"Organization","@id":"https:\/\/www.barcelonacapitalnautica.org\/es\/#organization","name":"Barcelona Capital N\u00e0utica","alternateName":"Fundaci\u00f3 Barcelona Capital N\u00e0utica","url":"https:\/\/www.barcelonacapitalnautica.org\/es\/","logo":{"@type":"ImageObject","inLanguage":"es","@id":"https:\/\/www.barcelonacapitalnautica.org\/es\/#\/schema\/logo\/image\/","url":"https:\/\/www.barcelonacapitalnautica.org\/wp-content\/uploads\/2023\/03\/Logo-blau.svg","contentUrl":"https:\/\/www.barcelonacapitalnautica.org\/wp-content\/uploads\/2023\/03\/Logo-blau.svg","width":200,"height":58,"caption":"Barcelona Capital N\u00e0utica"},"image":{"@id":"https:\/\/www.barcelonacapitalnautica.org\/es\/#\/schema\/logo\/image\/"},"sameAs":["https:\/\/www.facebook.com\/barcelonacapitalnautica","https:\/\/x.com\/bcnautica","https:\/\/www.instagram.com\/bcnautica\/","https:\/\/www.linkedin.com\/company\/barcelona-capital-nautica"]},{"@type":"Person","@id":"https:\/\/www.barcelonacapitalnautica.org\/es\/#\/schema\/person\/f1a7b6cdf70e48856b35358258241493","name":"Cristina Martin"}]}},"uagb_featured_image_src":{"full":["https:\/\/www.barcelonacapitalnautica.org\/wp-content\/uploads\/2024\/06\/Noti-Expo-fotos-Merce-Sala.png",1140,440,false],"thumbnail":["https:\/\/www.barcelonacapitalnautica.org\/wp-content\/uploads\/2024\/06\/Noti-Expo-fotos-Merce-Sala-380x147.png",380,147,true],"medium":["https:\/\/www.barcelonacapitalnautica.org\/wp-content\/uploads\/2024\/06\/Noti-Expo-fotos-Merce-Sala-560x216.png",560,216,true],"medium_large":["https:\/\/www.barcelonacapitalnautica.org\/wp-content\/uploads\/2024\/06\/Noti-Expo-fotos-Merce-Sala-768x296.png",768,296,true],"large":["https:\/\/www.barcelonacapitalnautica.org\/wp-content\/uploads\/2024\/06\/Noti-Expo-fotos-Merce-Sala-900x347.png",900,347,true],"1536x1536":["https:\/\/www.barcelonacapitalnautica.org\/wp-content\/uploads\/2024\/06\/Noti-Expo-fotos-Merce-Sala.png",1140,440,false],"2048x2048":["https:\/\/www.barcelonacapitalnautica.org\/wp-content\/uploads\/2024\/06\/Noti-Expo-fotos-Merce-Sala.png",1140,440,false]},"uagb_author_info":{"display_name":"Cristina Martin","author_link":"https:\/\/www.barcelonacapitalnautica.org\/es\/author\/fbcn_cristina\/"},"uagb_comment_info":0,"uagb_excerpt":"La exposici\u00f3n internacional de fotograf\u00eda \u201cUn mar abierto a todo [&hellip;]","_links":{"self":[{"href":"https:\/\/www.barcelonacapitalnautica.org\/es\/wp-json\/wp\/v2\/posts\/268198","targetHints":{"allow":["GET"]}}],"collection":[{"href":"https:\/\/www.barcelonacapitalnautica.org\/es\/wp-json\/wp\/v2\/posts"}],"about":[{"href":"https:\/\/www.barcelonacapitalnautica.org\/es\/wp-json\/wp\/v2\/types\/post"}],"author":[{"embeddable":true,"href":"https:\/\/www.barcelonacapitalnautica.org\/es\/wp-json\/wp\/v2\/users\/3"}],"replies":[{"embeddable":true,"href":"https:\/\/www.barcelonacapitalnautica.org\/es\/wp-json\/wp\/v2\/comments?post=268198"}],"version-history":[{"count":3,"href":"https:\/\/www.barcelonacapitalnautica.org\/es\/wp-json\/wp\/v2\/posts\/268198\/revisions"}],"predecessor-version":[{"id":268335,"href":"https:\/\/www.barcelonacapitalnautica.org\/es\/wp-json\/wp\/v2\/posts\/268198\/revisions\/268335"}],"wp:featuredmedia":[{"embeddable":true,"href":"https:\/\/www.barcelonacapitalnautica.org\/es\/wp-json\/wp\/v2\/media\/268186"}],"wp:attachment":[{"href":"https:\/\/www.barcelonacapitalnautica.org\/es\/wp-json\/wp\/v2\/media?parent=268198"}],"wp:term":[{"taxonomy":"category","embeddable":true,"href":"https:\/\/www.barcelonacapitalnautica.org\/es\/wp-json\/wp\/v2\/categories?post=268198"},{"taxonomy":"post_tag","embeddable":true,"href":"https:\/\/www.barcelonacapitalnautica.org\/es\/wp-json\/wp\/v2\/tags?post=268198"}],"curies":[{"name":"wp","href":"https:\/\/api.w.org\/{rel}","templated":true}]}}