{"id":269019,"date":"2024-09-09T16:23:22","date_gmt":"2024-09-09T14:23:22","guid":{"rendered":"https:\/\/www.barcelonacapitalnautica.org\/?p=269019"},"modified":"2024-09-09T16:30:42","modified_gmt":"2024-09-09T14:30:42","slug":"ya-ha-empezado-el-curso-escolar-y-con-el-el-nuevo-programa-educativo","status":"publish","type":"post","link":"https:\/\/www.barcelonacapitalnautica.org\/es\/ya-ha-empezado-el-curso-escolar-y-con-el-el-nuevo-programa-educativo\/","title":{"rendered":"\u00a1Ya ha empezado el curso escolar y con \u00e9l el nuevo programa educativo!"},"content":{"rendered":"\n<p>Este lunes ha comenzado el curso escolar y tambi\u00e9n se ha puesto en marcha el nuevo programa educativo \u00ab<a href=\"https:\/\/www.mmb.cat\/es\/proyectos\/la-navegacio-esportiva-al-segle-xxi-un-repte-tenologic\/\" target=\"_blank\" rel=\"noreferrer noopener\">La navegaci\u00f3n deportiva en el siglo XXI, un reto tecnol\u00f3gico<\/a>\u00ab.<\/p>\n\n\n\n<p>\u00c9sta es una iniciativa dirigida al <strong>profesorado de educaci\u00f3n secundaria<\/strong>, dise\u00f1ada con motivo de la 37\u00aa edici\u00f3n de La Copa Am\u00e9rica en Barcelona. Este programa ha sido impulsado por el Museu Mar\u00edtim de Barcelona y la Fundaci\u00f3 Barcelona Capital N\u00e0utica, y se enmarca en un contexto real y globalizado para proporcionar a los alumnos una experiencia de aprendizaje innovadora y relevante.<\/p>\n\n\n\n<div class=\"wp-block-uagb-image uagb-block-af35f29d wp-block-uagb-image--layout-default wp-block-uagb-image--effect-static wp-block-uagb-image--align-none\"><figure class=\"wp-block-uagb-image__figure\"><img decoding=\"async\" srcset=\"https:\/\/www.barcelonacapitalnautica.org\/wp-content\/uploads\/2024\/04\/Destacat-Navegacio_esportiva.png ,https:\/\/www.barcelonacapitalnautica.org\/wp-content\/uploads\/2024\/04\/Destacat-Navegacio_esportiva.png 780w, https:\/\/www.barcelonacapitalnautica.org\/wp-content\/uploads\/2024\/04\/Destacat-Navegacio_esportiva.png 360w\" sizes=\"auto, (max-width: 480px) 150px\" src=\"https:\/\/www.barcelonacapitalnautica.org\/wp-content\/uploads\/2024\/04\/Destacat-Navegacio_esportiva.png\" alt=\"\" class=\"uag-image-266546\" width=\"560\" height=\"420\" title=\"Destacat - Navegacio_esportiva\" loading=\"lazy\" role=\"img\"\/><\/figure><\/div>\n\n\n\n<p><\/p>\n\n\n\n<p>El programa se centra en el <strong>trabajo por retos<\/strong>, permitiendo a los estudiantes explorar la competici\u00f3n de vela m\u00e1s antigua del mundo. As\u00ed, los alumnos pueden conocer los equipos participantes, los barcos AC75, conocidos por ser aut\u00e9nticos \u00abvoladores\u00bb sobre el agua, y las novedades como las competiciones juveniles y femeninas, que se celebran por primera vez en esta edici\u00f3n.<\/p>\n\n\n\n<p>Adem\u00e1s, este proyecto ofrece una comprensi\u00f3n profunda de c\u00f3mo la <strong>tecnolog\u00eda ha transformado los AC75 en los barcos a vela m\u00e1s r\u00e1pidos del mundo<\/strong>, explorando tambi\u00e9n como factores naturales como el mar y el viento afectan a la navegaci\u00f3n. El programa no olvida el rico legado hist\u00f3rico que tiene Barcelona con el mar, v\u00ednculo que se refleja en el enfoque educativo del proyecto.<\/p>\n\n\n\n<p>Esta iniciativa presenta una oportunidad \u00fanica para el alumnado de aprender de forma motivadora y contextualizada, conectando la historia, la tecnolog\u00eda y la cultura mar\u00edtima en un evento de repercusi\u00f3n internacional. <a href=\"https:\/\/www.mmb.cat\/es\/proyectos\/la-navegacio-esportiva-al-segle-xxi-un-repte-tenologic\/\" target=\"_blank\" rel=\"noreferrer noopener\">\u00a1A\u00fan est\u00e1is a tiempo de apuntaros!<\/a><\/p>\n","protected":false},"excerpt":{"rendered":"<p>Este lunes ha comenzado el curso escolar y tambi\u00e9n se [&hellip;]<\/p>\n","protected":false},"author":3,"featured_media":269017,"comment_status":"closed","ping_status":"closed","sticky":false,"template":"","format":"standard","meta":{"_uag_custom_page_level_css":"","site-sidebar-layout":"default","site-content-layout":"","ast-site-content-layout":"default","site-content-style":"default","site-sidebar-style":"default","ast-global-header-display":"","ast-banner-title-visibility":"","ast-main-header-display":"","ast-hfb-above-header-display":"","ast-hfb-below-header-display":"","ast-hfb-mobile-header-display":"","site-post-title":"","ast-breadcrumbs-content":"","ast-featured-img":"","footer-sml-layout":"","ast-disable-related-posts":"","theme-transparent-header-meta":"","adv-header-id-meta":"","stick-header-meta":"","header-above-stick-meta":"","header-main-stick-meta":"","header-below-stick-meta":"","astra-migrate-meta-layouts":"set","ast-page-background-enabled":"default","ast-page-background-meta":{"desktop":{"background-color":"","background-image":"","background-repeat":"repeat","background-position":"center center","background-size":"auto","background-attachment":"scroll","background-type":"","background-media":"","overlay-type":"","overlay-color":"","overlay-opacity":"","overlay-gradient":""},"tablet":{"background-color":"","background-image":"","background-repeat":"repeat","background-position":"center center","background-size":"auto","background-attachment":"scroll","background-type":"","background-media":"","overlay-type":"","overlay-color":"","overlay-opacity":"","overlay-gradient":""},"mobile":{"background-color":"","background-image":"","background-repeat":"repeat","background-position":"center center","background-size":"auto","background-attachment":"scroll","background-type":"","background-media":"","overlay-type":"","overlay-color":"","overlay-opacity":"","overlay-gradient":""}},"ast-content-background-meta":{"desktop":{"background-color":"var(--ast-global-color-5)","background-image":"","background-repeat":"repeat","background-position":"center center","background-size":"auto","background-attachment":"scroll","background-type":"","background-media":"","overlay-type":"","overlay-color":"","overlay-opacity":"","overlay-gradient":""},"tablet":{"background-color":"var(--ast-global-color-5)","background-image":"","background-repeat":"repeat","background-position":"center center","background-size":"auto","background-attachment":"scroll","background-type":"","background-media":"","overlay-type":"","overlay-color":"","overlay-opacity":"","overlay-gradient":""},"mobile":{"background-color":"var(--ast-global-color-5)","background-image":"","background-repeat":"repeat","background-position":"center center","background-size":"auto","background-attachment":"scroll","background-type":"","background-media":"","overlay-type":"","overlay-color":"","overlay-opacity":"","overlay-gradient":""}},"_price":"","_stock":"","_tribe_ticket_header":"","_tribe_default_ticket_provider":"","_tribe_ticket_capacity":"0","_ticket_start_date":"","_ticket_end_date":"","_tribe_ticket_show_description":"","_tribe_ticket_show_not_going":false,"_tribe_ticket_use_global_stock":"","_tribe_ticket_global_stock_level":"","_global_stock_mode":"","_global_stock_cap":"","_tribe_rsvp_for_event":"","_tribe_ticket_going_count":"","_tribe_ticket_not_going_count":"","_tribe_tickets_list":[],"_tribe_ticket_has_attendee_info_fields":false,"footnotes":""},"categories":[98,106],"tags":[115,117,114,124],"class_list":["post-269019","post","type-post","status-publish","format-standard","has-post-thumbnail","hentry","category-copa-america","category-formacion","tag-castellano","tag-catala-es","tag-copa-america-es-2","tag-educacio-es"],"yoast_head":"<!-- This site is optimized with the Yoast SEO plugin v27.5 - https:\/\/yoast.com\/product\/yoast-seo-wordpress\/ -->\n<title>\u00a1Ya ha empezado el curso escolar y con \u00e9l el nuevo programa educativo! - Barcelona Capital N\u00e0utica<\/title>\n<meta name=\"robots\" content=\"index, follow, max-snippet:-1, max-image-preview:large, max-video-preview:-1\" \/>\n<link rel=\"canonical\" href=\"https:\/\/www.barcelonacapitalnautica.org\/es\/ya-ha-empezado-el-curso-escolar-y-con-el-el-nuevo-programa-educativo\/\" \/>\n<meta property=\"og:locale\" content=\"es_ES\" \/>\n<meta property=\"og:type\" content=\"article\" \/>\n<meta property=\"og:title\" content=\"\u00a1Ya ha empezado el curso escolar y con \u00e9l el nuevo programa educativo! - Barcelona Capital N\u00e0utica\" \/>\n<meta property=\"og:description\" content=\"Este lunes ha comenzado el curso escolar y tambi\u00e9n se [&hellip;]\" \/>\n<meta property=\"og:url\" content=\"https:\/\/www.barcelonacapitalnautica.org\/es\/ya-ha-empezado-el-curso-escolar-y-con-el-el-nuevo-programa-educativo\/\" \/>\n<meta property=\"og:site_name\" content=\"Barcelona Capital N\u00e0utica\" \/>\n<meta property=\"article:publisher\" content=\"https:\/\/www.facebook.com\/barcelonacapitalnautica\" \/>\n<meta property=\"article:published_time\" content=\"2024-09-09T14:23:22+00:00\" \/>\n<meta property=\"article:modified_time\" content=\"2024-09-09T14:30:42+00:00\" \/>\n<meta property=\"og:image\" content=\"https:\/\/www.barcelonacapitalnautica.org\/wp-content\/uploads\/2024\/09\/Noti-nou-curs-escolar.png\" \/>\n\t<meta property=\"og:image:width\" content=\"1140\" \/>\n\t<meta property=\"og:image:height\" content=\"440\" \/>\n\t<meta property=\"og:image:type\" content=\"image\/png\" \/>\n<meta name=\"author\" content=\"Cristina Martin\" \/>\n<meta name=\"twitter:card\" content=\"summary_large_image\" \/>\n<meta name=\"twitter:creator\" content=\"@bcnautica\" \/>\n<meta name=\"twitter:site\" content=\"@bcnautica\" \/>\n<meta name=\"twitter:label1\" content=\"Escrito por\" \/>\n\t<meta name=\"twitter:data1\" content=\"Cristina Martin\" \/>\n\t<meta name=\"twitter:label2\" content=\"Tiempo de lectura\" \/>\n\t<meta name=\"twitter:data2\" content=\"2 minutos\" \/>\n<script type=\"application\/ld+json\" class=\"yoast-schema-graph\">{\"@context\":\"https:\\\/\\\/schema.org\",\"@graph\":[{\"@type\":\"Article\",\"@id\":\"https:\\\/\\\/www.barcelonacapitalnautica.org\\\/es\\\/ya-ha-empezado-el-curso-escolar-y-con-el-el-nuevo-programa-educativo\\\/#article\",\"isPartOf\":{\"@id\":\"https:\\\/\\\/www.barcelonacapitalnautica.org\\\/es\\\/ya-ha-empezado-el-curso-escolar-y-con-el-el-nuevo-programa-educativo\\\/\"},\"author\":{\"name\":\"Cristina Martin\",\"@id\":\"https:\\\/\\\/www.barcelonacapitalnautica.org\\\/es\\\/#\\\/schema\\\/person\\\/f1a7b6cdf70e48856b35358258241493\"},\"headline\":\"\u00a1Ya ha empezado el curso escolar y con \u00e9l el nuevo programa educativo!\",\"datePublished\":\"2024-09-09T14:23:22+00:00\",\"dateModified\":\"2024-09-09T14:30:42+00:00\",\"mainEntityOfPage\":{\"@id\":\"https:\\\/\\\/www.barcelonacapitalnautica.org\\\/es\\\/ya-ha-empezado-el-curso-escolar-y-con-el-el-nuevo-programa-educativo\\\/\"},\"wordCount\":288,\"publisher\":{\"@id\":\"https:\\\/\\\/www.barcelonacapitalnautica.org\\\/es\\\/#organization\"},\"image\":{\"@id\":\"https:\\\/\\\/www.barcelonacapitalnautica.org\\\/es\\\/ya-ha-empezado-el-curso-escolar-y-con-el-el-nuevo-programa-educativo\\\/#primaryimage\"},\"thumbnailUrl\":\"https:\\\/\\\/www.barcelonacapitalnautica.org\\\/wp-content\\\/uploads\\\/2024\\\/09\\\/Noti-nou-curs-escolar.png\",\"keywords\":[\"castellano\",\"catal\u00e0\",\"Copa Am\u00e8rica\",\"Educaci\u00f3\"],\"articleSection\":[\"Copa Am\u00e9rica\",\"Formaci\u00f3n\"],\"inLanguage\":\"es\"},{\"@type\":\"WebPage\",\"@id\":\"https:\\\/\\\/www.barcelonacapitalnautica.org\\\/es\\\/ya-ha-empezado-el-curso-escolar-y-con-el-el-nuevo-programa-educativo\\\/\",\"url\":\"https:\\\/\\\/www.barcelonacapitalnautica.org\\\/es\\\/ya-ha-empezado-el-curso-escolar-y-con-el-el-nuevo-programa-educativo\\\/\",\"name\":\"\u00a1Ya ha empezado el curso escolar y con \u00e9l el nuevo programa educativo! - Barcelona Capital N\u00e0utica\",\"isPartOf\":{\"@id\":\"https:\\\/\\\/www.barcelonacapitalnautica.org\\\/es\\\/#website\"},\"primaryImageOfPage\":{\"@id\":\"https:\\\/\\\/www.barcelonacapitalnautica.org\\\/es\\\/ya-ha-empezado-el-curso-escolar-y-con-el-el-nuevo-programa-educativo\\\/#primaryimage\"},\"image\":{\"@id\":\"https:\\\/\\\/www.barcelonacapitalnautica.org\\\/es\\\/ya-ha-empezado-el-curso-escolar-y-con-el-el-nuevo-programa-educativo\\\/#primaryimage\"},\"thumbnailUrl\":\"https:\\\/\\\/www.barcelonacapitalnautica.org\\\/wp-content\\\/uploads\\\/2024\\\/09\\\/Noti-nou-curs-escolar.png\",\"datePublished\":\"2024-09-09T14:23:22+00:00\",\"dateModified\":\"2024-09-09T14:30:42+00:00\",\"breadcrumb\":{\"@id\":\"https:\\\/\\\/www.barcelonacapitalnautica.org\\\/es\\\/ya-ha-empezado-el-curso-escolar-y-con-el-el-nuevo-programa-educativo\\\/#breadcrumb\"},\"inLanguage\":\"es\",\"potentialAction\":[{\"@type\":\"ReadAction\",\"target\":[\"https:\\\/\\\/www.barcelonacapitalnautica.org\\\/es\\\/ya-ha-empezado-el-curso-escolar-y-con-el-el-nuevo-programa-educativo\\\/\"]}]},{\"@type\":\"ImageObject\",\"inLanguage\":\"es\",\"@id\":\"https:\\\/\\\/www.barcelonacapitalnautica.org\\\/es\\\/ya-ha-empezado-el-curso-escolar-y-con-el-el-nuevo-programa-educativo\\\/#primaryimage\",\"url\":\"https:\\\/\\\/www.barcelonacapitalnautica.org\\\/wp-content\\\/uploads\\\/2024\\\/09\\\/Noti-nou-curs-escolar.png\",\"contentUrl\":\"https:\\\/\\\/www.barcelonacapitalnautica.org\\\/wp-content\\\/uploads\\\/2024\\\/09\\\/Noti-nou-curs-escolar.png\",\"width\":1140,\"height\":440},{\"@type\":\"BreadcrumbList\",\"@id\":\"https:\\\/\\\/www.barcelonacapitalnautica.org\\\/es\\\/ya-ha-empezado-el-curso-escolar-y-con-el-el-nuevo-programa-educativo\\\/#breadcrumb\",\"itemListElement\":[{\"@type\":\"ListItem\",\"position\":1,\"name\":\"Inici\",\"item\":\"https:\\\/\\\/www.barcelonacapitalnautica.org\\\/es\\\/\"},{\"@type\":\"ListItem\",\"position\":2,\"name\":\"\u00a1Ya ha empezado el curso escolar y con \u00e9l el nuevo programa educativo!\"}]},{\"@type\":\"WebSite\",\"@id\":\"https:\\\/\\\/www.barcelonacapitalnautica.org\\\/es\\\/#website\",\"url\":\"https:\\\/\\\/www.barcelonacapitalnautica.org\\\/es\\\/\",\"name\":\"Barcelona Capital N\u00e0utica\",\"description\":\"Barcelona Capital N\u00e0utica\",\"publisher\":{\"@id\":\"https:\\\/\\\/www.barcelonacapitalnautica.org\\\/es\\\/#organization\"},\"alternateName\":\"BCN\u00e0utica, FBCN\",\"potentialAction\":[{\"@type\":\"SearchAction\",\"target\":{\"@type\":\"EntryPoint\",\"urlTemplate\":\"https:\\\/\\\/www.barcelonacapitalnautica.org\\\/es\\\/?s={search_term_string}\"},\"query-input\":{\"@type\":\"PropertyValueSpecification\",\"valueRequired\":true,\"valueName\":\"search_term_string\"}}],\"inLanguage\":\"es\"},{\"@type\":\"Organization\",\"@id\":\"https:\\\/\\\/www.barcelonacapitalnautica.org\\\/es\\\/#organization\",\"name\":\"Barcelona Capital N\u00e0utica\",\"alternateName\":\"Fundaci\u00f3 Barcelona Capital N\u00e0utica\",\"url\":\"https:\\\/\\\/www.barcelonacapitalnautica.org\\\/es\\\/\",\"logo\":{\"@type\":\"ImageObject\",\"inLanguage\":\"es\",\"@id\":\"https:\\\/\\\/www.barcelonacapitalnautica.org\\\/es\\\/#\\\/schema\\\/logo\\\/image\\\/\",\"url\":\"https:\\\/\\\/www.barcelonacapitalnautica.org\\\/wp-content\\\/uploads\\\/2023\\\/03\\\/Logo-blau.svg\",\"contentUrl\":\"https:\\\/\\\/www.barcelonacapitalnautica.org\\\/wp-content\\\/uploads\\\/2023\\\/03\\\/Logo-blau.svg\",\"width\":200,\"height\":58,\"caption\":\"Barcelona Capital N\u00e0utica\"},\"image\":{\"@id\":\"https:\\\/\\\/www.barcelonacapitalnautica.org\\\/es\\\/#\\\/schema\\\/logo\\\/image\\\/\"},\"sameAs\":[\"https:\\\/\\\/www.facebook.com\\\/barcelonacapitalnautica\",\"https:\\\/\\\/x.com\\\/bcnautica\",\"https:\\\/\\\/www.instagram.com\\\/bcnautica\\\/\",\"https:\\\/\\\/www.linkedin.com\\\/company\\\/barcelona-capital-nautica\"]},{\"@type\":\"Person\",\"@id\":\"https:\\\/\\\/www.barcelonacapitalnautica.org\\\/es\\\/#\\\/schema\\\/person\\\/f1a7b6cdf70e48856b35358258241493\",\"name\":\"Cristina Martin\"}]}<\/script>\n<!-- \/ Yoast SEO plugin. -->","yoast_head_json":{"title":"\u00a1Ya ha empezado el curso escolar y con \u00e9l el nuevo programa educativo! - Barcelona Capital N\u00e0utica","robots":{"index":"index","follow":"follow","max-snippet":"max-snippet:-1","max-image-preview":"max-image-preview:large","max-video-preview":"max-video-preview:-1"},"canonical":"https:\/\/www.barcelonacapitalnautica.org\/es\/ya-ha-empezado-el-curso-escolar-y-con-el-el-nuevo-programa-educativo\/","og_locale":"es_ES","og_type":"article","og_title":"\u00a1Ya ha empezado el curso escolar y con \u00e9l el nuevo programa educativo! - Barcelona Capital N\u00e0utica","og_description":"Este lunes ha comenzado el curso escolar y tambi\u00e9n se [&hellip;]","og_url":"https:\/\/www.barcelonacapitalnautica.org\/es\/ya-ha-empezado-el-curso-escolar-y-con-el-el-nuevo-programa-educativo\/","og_site_name":"Barcelona Capital N\u00e0utica","article_publisher":"https:\/\/www.facebook.com\/barcelonacapitalnautica","article_published_time":"2024-09-09T14:23:22+00:00","article_modified_time":"2024-09-09T14:30:42+00:00","og_image":[{"width":1140,"height":440,"url":"https:\/\/www.barcelonacapitalnautica.org\/wp-content\/uploads\/2024\/09\/Noti-nou-curs-escolar.png","type":"image\/png"}],"author":"Cristina Martin","twitter_card":"summary_large_image","twitter_creator":"@bcnautica","twitter_site":"@bcnautica","twitter_misc":{"Escrito por":"Cristina Martin","Tiempo de lectura":"2 minutos"},"schema":{"@context":"https:\/\/schema.org","@graph":[{"@type":"Article","@id":"https:\/\/www.barcelonacapitalnautica.org\/es\/ya-ha-empezado-el-curso-escolar-y-con-el-el-nuevo-programa-educativo\/#article","isPartOf":{"@id":"https:\/\/www.barcelonacapitalnautica.org\/es\/ya-ha-empezado-el-curso-escolar-y-con-el-el-nuevo-programa-educativo\/"},"author":{"name":"Cristina Martin","@id":"https:\/\/www.barcelonacapitalnautica.org\/es\/#\/schema\/person\/f1a7b6cdf70e48856b35358258241493"},"headline":"\u00a1Ya ha empezado el curso escolar y con \u00e9l el nuevo programa educativo!","datePublished":"2024-09-09T14:23:22+00:00","dateModified":"2024-09-09T14:30:42+00:00","mainEntityOfPage":{"@id":"https:\/\/www.barcelonacapitalnautica.org\/es\/ya-ha-empezado-el-curso-escolar-y-con-el-el-nuevo-programa-educativo\/"},"wordCount":288,"publisher":{"@id":"https:\/\/www.barcelonacapitalnautica.org\/es\/#organization"},"image":{"@id":"https:\/\/www.barcelonacapitalnautica.org\/es\/ya-ha-empezado-el-curso-escolar-y-con-el-el-nuevo-programa-educativo\/#primaryimage"},"thumbnailUrl":"https:\/\/www.barcelonacapitalnautica.org\/wp-content\/uploads\/2024\/09\/Noti-nou-curs-escolar.png","keywords":["castellano","catal\u00e0","Copa Am\u00e8rica","Educaci\u00f3"],"articleSection":["Copa Am\u00e9rica","Formaci\u00f3n"],"inLanguage":"es"},{"@type":"WebPage","@id":"https:\/\/www.barcelonacapitalnautica.org\/es\/ya-ha-empezado-el-curso-escolar-y-con-el-el-nuevo-programa-educativo\/","url":"https:\/\/www.barcelonacapitalnautica.org\/es\/ya-ha-empezado-el-curso-escolar-y-con-el-el-nuevo-programa-educativo\/","name":"\u00a1Ya ha empezado el curso escolar y con \u00e9l el nuevo programa educativo! - Barcelona Capital N\u00e0utica","isPartOf":{"@id":"https:\/\/www.barcelonacapitalnautica.org\/es\/#website"},"primaryImageOfPage":{"@id":"https:\/\/www.barcelonacapitalnautica.org\/es\/ya-ha-empezado-el-curso-escolar-y-con-el-el-nuevo-programa-educativo\/#primaryimage"},"image":{"@id":"https:\/\/www.barcelonacapitalnautica.org\/es\/ya-ha-empezado-el-curso-escolar-y-con-el-el-nuevo-programa-educativo\/#primaryimage"},"thumbnailUrl":"https:\/\/www.barcelonacapitalnautica.org\/wp-content\/uploads\/2024\/09\/Noti-nou-curs-escolar.png","datePublished":"2024-09-09T14:23:22+00:00","dateModified":"2024-09-09T14:30:42+00:00","breadcrumb":{"@id":"https:\/\/www.barcelonacapitalnautica.org\/es\/ya-ha-empezado-el-curso-escolar-y-con-el-el-nuevo-programa-educativo\/#breadcrumb"},"inLanguage":"es","potentialAction":[{"@type":"ReadAction","target":["https:\/\/www.barcelonacapitalnautica.org\/es\/ya-ha-empezado-el-curso-escolar-y-con-el-el-nuevo-programa-educativo\/"]}]},{"@type":"ImageObject","inLanguage":"es","@id":"https:\/\/www.barcelonacapitalnautica.org\/es\/ya-ha-empezado-el-curso-escolar-y-con-el-el-nuevo-programa-educativo\/#primaryimage","url":"https:\/\/www.barcelonacapitalnautica.org\/wp-content\/uploads\/2024\/09\/Noti-nou-curs-escolar.png","contentUrl":"https:\/\/www.barcelonacapitalnautica.org\/wp-content\/uploads\/2024\/09\/Noti-nou-curs-escolar.png","width":1140,"height":440},{"@type":"BreadcrumbList","@id":"https:\/\/www.barcelonacapitalnautica.org\/es\/ya-ha-empezado-el-curso-escolar-y-con-el-el-nuevo-programa-educativo\/#breadcrumb","itemListElement":[{"@type":"ListItem","position":1,"name":"Inici","item":"https:\/\/www.barcelonacapitalnautica.org\/es\/"},{"@type":"ListItem","position":2,"name":"\u00a1Ya ha empezado el curso escolar y con \u00e9l el nuevo programa educativo!"}]},{"@type":"WebSite","@id":"https:\/\/www.barcelonacapitalnautica.org\/es\/#website","url":"https:\/\/www.barcelonacapitalnautica.org\/es\/","name":"Barcelona Capital N\u00e0utica","description":"Barcelona Capital N\u00e0utica","publisher":{"@id":"https:\/\/www.barcelonacapitalnautica.org\/es\/#organization"},"alternateName":"BCN\u00e0utica, FBCN","potentialAction":[{"@type":"SearchAction","target":{"@type":"EntryPoint","urlTemplate":"https:\/\/www.barcelonacapitalnautica.org\/es\/?s={search_term_string}"},"query-input":{"@type":"PropertyValueSpecification","valueRequired":true,"valueName":"search_term_string"}}],"inLanguage":"es"},{"@type":"Organization","@id":"https:\/\/www.barcelonacapitalnautica.org\/es\/#organization","name":"Barcelona Capital N\u00e0utica","alternateName":"Fundaci\u00f3 Barcelona Capital N\u00e0utica","url":"https:\/\/www.barcelonacapitalnautica.org\/es\/","logo":{"@type":"ImageObject","inLanguage":"es","@id":"https:\/\/www.barcelonacapitalnautica.org\/es\/#\/schema\/logo\/image\/","url":"https:\/\/www.barcelonacapitalnautica.org\/wp-content\/uploads\/2023\/03\/Logo-blau.svg","contentUrl":"https:\/\/www.barcelonacapitalnautica.org\/wp-content\/uploads\/2023\/03\/Logo-blau.svg","width":200,"height":58,"caption":"Barcelona Capital N\u00e0utica"},"image":{"@id":"https:\/\/www.barcelonacapitalnautica.org\/es\/#\/schema\/logo\/image\/"},"sameAs":["https:\/\/www.facebook.com\/barcelonacapitalnautica","https:\/\/x.com\/bcnautica","https:\/\/www.instagram.com\/bcnautica\/","https:\/\/www.linkedin.com\/company\/barcelona-capital-nautica"]},{"@type":"Person","@id":"https:\/\/www.barcelonacapitalnautica.org\/es\/#\/schema\/person\/f1a7b6cdf70e48856b35358258241493","name":"Cristina Martin"}]}},"uagb_featured_image_src":{"full":["https:\/\/www.barcelonacapitalnautica.org\/wp-content\/uploads\/2024\/09\/Noti-nou-curs-escolar.png",1140,440,false],"thumbnail":["https:\/\/www.barcelonacapitalnautica.org\/wp-content\/uploads\/2024\/09\/Noti-nou-curs-escolar-380x147.png",380,147,true],"medium":["https:\/\/www.barcelonacapitalnautica.org\/wp-content\/uploads\/2024\/09\/Noti-nou-curs-escolar-560x216.png",560,216,true],"medium_large":["https:\/\/www.barcelonacapitalnautica.org\/wp-content\/uploads\/2024\/09\/Noti-nou-curs-escolar-768x296.png",768,296,true],"large":["https:\/\/www.barcelonacapitalnautica.org\/wp-content\/uploads\/2024\/09\/Noti-nou-curs-escolar-900x347.png",900,347,true],"1536x1536":["https:\/\/www.barcelonacapitalnautica.org\/wp-content\/uploads\/2024\/09\/Noti-nou-curs-escolar.png",1140,440,false],"2048x2048":["https:\/\/www.barcelonacapitalnautica.org\/wp-content\/uploads\/2024\/09\/Noti-nou-curs-escolar.png",1140,440,false]},"uagb_author_info":{"display_name":"Cristina Martin","author_link":"https:\/\/www.barcelonacapitalnautica.org\/es\/author\/fbcn_cristina\/"},"uagb_comment_info":0,"uagb_excerpt":"Este lunes ha comenzado el curso escolar y tambi\u00e9n se [&hellip;]","_links":{"self":[{"href":"https:\/\/www.barcelonacapitalnautica.org\/es\/wp-json\/wp\/v2\/posts\/269019","targetHints":{"allow":["GET"]}}],"collection":[{"href":"https:\/\/www.barcelonacapitalnautica.org\/es\/wp-json\/wp\/v2\/posts"}],"about":[{"href":"https:\/\/www.barcelonacapitalnautica.org\/es\/wp-json\/wp\/v2\/types\/post"}],"author":[{"embeddable":true,"href":"https:\/\/www.barcelonacapitalnautica.org\/es\/wp-json\/wp\/v2\/users\/3"}],"replies":[{"embeddable":true,"href":"https:\/\/www.barcelonacapitalnautica.org\/es\/wp-json\/wp\/v2\/comments?post=269019"}],"version-history":[{"count":1,"href":"https:\/\/www.barcelonacapitalnautica.org\/es\/wp-json\/wp\/v2\/posts\/269019\/revisions"}],"predecessor-version":[{"id":269021,"href":"https:\/\/www.barcelonacapitalnautica.org\/es\/wp-json\/wp\/v2\/posts\/269019\/revisions\/269021"}],"wp:featuredmedia":[{"embeddable":true,"href":"https:\/\/www.barcelonacapitalnautica.org\/es\/wp-json\/wp\/v2\/media\/269017"}],"wp:attachment":[{"href":"https:\/\/www.barcelonacapitalnautica.org\/es\/wp-json\/wp\/v2\/media?parent=269019"}],"wp:term":[{"taxonomy":"category","embeddable":true,"href":"https:\/\/www.barcelonacapitalnautica.org\/es\/wp-json\/wp\/v2\/categories?post=269019"},{"taxonomy":"post_tag","embeddable":true,"href":"https:\/\/www.barcelonacapitalnautica.org\/es\/wp-json\/wp\/v2\/tags?post=269019"}],"curies":[{"name":"wp","href":"https:\/\/api.w.org\/{rel}","templated":true}]}}