{"id":269178,"date":"2024-09-26T16:09:25","date_gmt":"2024-09-26T14:09:25","guid":{"rendered":"https:\/\/www.barcelonacapitalnautica.org\/?p=269178"},"modified":"2024-10-14T14:36:20","modified_gmt":"2024-10-14T12:36:20","slug":"barcelona-sera-el-faro-en-el-mundo-durante-laceremonia-de-la-louis-vuitton-37a-americas-cup","status":"publish","type":"post","link":"https:\/\/www.barcelonacapitalnautica.org\/es\/barcelona-sera-el-faro-en-el-mundo-durante-laceremonia-de-la-louis-vuitton-37a-americas-cup\/","title":{"rendered":"Barcelona ser\u00e1 el \u00abfaro en el mundo\u00bb durante la ceremonia de la Louis Vuitton 37\u00aa America&#8217;s Cup"},"content":{"rendered":"\n<p>El pr\u00f3ximo 10 de octubre, la ciudad de Barcelona acoger\u00e1 el <a href=\"https:\/\/www.barcelonacapitalnautica.org\/es\/cultura\/ceremonia-copa-america\/\">espect\u00e1culo \u00abBarcelona, \u200b\u200bfaro en el mundo\u00bb<\/a>, un evento de luz, m\u00fasica y tecnolog\u00eda que dar\u00e1 el pistoletazo de salida a la gran <strong>final de la Louis Vuitton 37a America&#8217;s Cup<\/strong>. La Playa del Bogatell ser\u00e1 el escenario de este evento, que empezar\u00e1 a las 21.00 hy servir\u00e1 para inaugurar oficialmente el &#8216;Match&#8217; entre el Emirates Team New Zealand, defensor del t\u00edtulo, y el ganador de la Louis Vuitton Cup.<\/p>\n\n\n\n<p>El espect\u00e1culo, inspirado en los valores del deporte, el arte y la cultura, promete ser una <strong>experiencia visual y auditiva \u00fanica <\/strong>y contar\u00e1 con la presencia de instituciones y artistas de la cultura catalana. Los efectos visuales como constelaciones de drones, pantallas LED y avatares, el mar y la vela ser\u00e1n los grandes protagonistas de esta ceremonia, que se retransmitir\u00e1 internacionalmente ya trav\u00e9s de los canales La2, 3Cat y Betev\u00e9.<\/p>\n\n\n\t\t\t\t\t<div\n\t\t\t\t\t\tclass=\"wp-block-uagb-image-gallery uagb-block-d86df840     \"\n\t\t\t\t\t\tstyle=\"\"\n\t\t\t\t\t>\n\t\t\t\t\t\t\t\t\t\t\t<div class=\"spectra-image-gallery spectra-image-gallery__layout--masonry spectra-image-gallery__layout--masonry-col-3 spectra-image-gallery__layout--masonry-col-tab-3 spectra-image-gallery__layout--masonry-col-mob-2\">\n\t\t\t\t\t\t\t\t\t\t\t<div class='spectra-image-gallery__media-wrapper--isotope'>\n\t\t\t\t\t\t\t<div class='spectra-image-gallery__media-wrapper' data-spectra-gallery-image-id='269155' tabindex=\"0\">\n\t\t\t\t\t\t\t<div class=\"spectra-image-gallery__media spectra-image-gallery__media--masonry\">\n\t\t\t\t<picture>\n\t\t\t\t\t<source media=\"(min-width: 1024px)\" srcset=\"https:\/\/www.barcelonacapitalnautica.org\/wp-content\/uploads\/2024\/09\/Barcelona-Fundacion-Nautica_Far-Al-Mon_Rueda-de-prensa_baja-2150-900x600.jpg\">\n\t\t\t\t\t<source media=\"(min-width: 768px)\" srcset=\"https:\/\/www.barcelonacapitalnautica.org\/wp-content\/uploads\/2024\/09\/Barcelona-Fundacion-Nautica_Far-Al-Mon_Rueda-de-prensa_baja-2150-900x600.jpg\">\n\t\t\t\t\t<img decoding=\"async\" class=\"spectra-image-gallery__media-thumbnail spectra-image-gallery__media-thumbnail--masonry\" src=\"https:\/\/www.barcelonacapitalnautica.org\/wp-content\/uploads\/2024\/09\/Barcelona-Fundacion-Nautica_Far-Al-Mon_Rueda-de-prensa_baja-2150-560x373.jpg\" alt=\"\" loading=\"lazy\" \/>\n\t\t\t\t<\/picture>\n\t\t\t\t<div class=\"spectra-image-gallery__media-thumbnail-blurrer\"><\/div>\n\t\t\t\t\t\t\t\t\t\t\t<div class=\"spectra-image-gallery__media-thumbnail-caption-wrapper spectra-image-gallery__media-thumbnail-caption-wrapper--overlay\"><\/div>\n\t\t\t\t\t\t\t\t<\/div>\n\t\t\t\t\t\t<\/div>\n\t\t\t\t\t\t<\/div>\n\t\t\t\t\t\t<div class='spectra-image-gallery__media-wrapper--isotope'>\n\t\t\t\t\t\t\t<div class='spectra-image-gallery__media-wrapper' data-spectra-gallery-image-id='269158' tabindex=\"0\">\n\t\t\t\t\t\t\t<div class=\"spectra-image-gallery__media spectra-image-gallery__media--masonry\">\n\t\t\t\t<picture>\n\t\t\t\t\t<source media=\"(min-width: 1024px)\" srcset=\"https:\/\/www.barcelonacapitalnautica.org\/wp-content\/uploads\/2024\/09\/Barcelona-Fundacion-Nautica_Far-Al-Mon_Rueda-de-prensa_baja-2162-900x600.jpg\">\n\t\t\t\t\t<source media=\"(min-width: 768px)\" srcset=\"https:\/\/www.barcelonacapitalnautica.org\/wp-content\/uploads\/2024\/09\/Barcelona-Fundacion-Nautica_Far-Al-Mon_Rueda-de-prensa_baja-2162-900x600.jpg\">\n\t\t\t\t\t<img decoding=\"async\" class=\"spectra-image-gallery__media-thumbnail spectra-image-gallery__media-thumbnail--masonry\" src=\"https:\/\/www.barcelonacapitalnautica.org\/wp-content\/uploads\/2024\/09\/Barcelona-Fundacion-Nautica_Far-Al-Mon_Rueda-de-prensa_baja-2162-560x373.jpg\" alt=\"\" loading=\"lazy\" \/>\n\t\t\t\t<\/picture>\n\t\t\t\t<div class=\"spectra-image-gallery__media-thumbnail-blurrer\"><\/div>\n\t\t\t\t\t\t\t\t\t\t\t<div class=\"spectra-image-gallery__media-thumbnail-caption-wrapper spectra-image-gallery__media-thumbnail-caption-wrapper--overlay\"><\/div>\n\t\t\t\t\t\t\t\t<\/div>\n\t\t\t\t\t\t<\/div>\n\t\t\t\t\t\t<\/div>\n\t\t\t\t\t\t<div class='spectra-image-gallery__media-wrapper--isotope'>\n\t\t\t\t\t\t\t<div class='spectra-image-gallery__media-wrapper' data-spectra-gallery-image-id='269173' tabindex=\"0\">\n\t\t\t\t\t\t\t<div class=\"spectra-image-gallery__media spectra-image-gallery__media--masonry\">\n\t\t\t\t<picture>\n\t\t\t\t\t<source media=\"(min-width: 1024px)\" srcset=\"https:\/\/www.barcelonacapitalnautica.org\/wp-content\/uploads\/2024\/09\/Barcelona-Fundacion-Nautica_Far-Al-Mon_Rueda-de-prensa_baja-2224-900x600.jpg\">\n\t\t\t\t\t<source media=\"(min-width: 768px)\" srcset=\"https:\/\/www.barcelonacapitalnautica.org\/wp-content\/uploads\/2024\/09\/Barcelona-Fundacion-Nautica_Far-Al-Mon_Rueda-de-prensa_baja-2224-900x600.jpg\">\n\t\t\t\t\t<img decoding=\"async\" class=\"spectra-image-gallery__media-thumbnail spectra-image-gallery__media-thumbnail--masonry\" src=\"https:\/\/www.barcelonacapitalnautica.org\/wp-content\/uploads\/2024\/09\/Barcelona-Fundacion-Nautica_Far-Al-Mon_Rueda-de-prensa_baja-2224-560x373.jpg\" alt=\"\" loading=\"lazy\" \/>\n\t\t\t\t<\/picture>\n\t\t\t\t<div class=\"spectra-image-gallery__media-thumbnail-blurrer\"><\/div>\n\t\t\t\t\t\t\t\t\t\t\t<div class=\"spectra-image-gallery__media-thumbnail-caption-wrapper spectra-image-gallery__media-thumbnail-caption-wrapper--overlay\"><\/div>\n\t\t\t\t\t\t\t\t<\/div>\n\t\t\t\t\t\t<\/div>\n\t\t\t\t\t\t<\/div>\n\t\t\t\t\t\t<div class='spectra-image-gallery__media-wrapper--isotope'>\n\t\t\t\t\t\t\t<div class='spectra-image-gallery__media-wrapper' data-spectra-gallery-image-id='269164' tabindex=\"0\">\n\t\t\t\t\t\t\t<div class=\"spectra-image-gallery__media spectra-image-gallery__media--masonry\">\n\t\t\t\t<picture>\n\t\t\t\t\t<source media=\"(min-width: 1024px)\" srcset=\"https:\/\/www.barcelonacapitalnautica.org\/wp-content\/uploads\/2024\/09\/Barcelona-Fundacion-Nautica_Far-Al-Mon_Rueda-de-prensa_baja-2199-900x600.jpg\">\n\t\t\t\t\t<source media=\"(min-width: 768px)\" srcset=\"https:\/\/www.barcelonacapitalnautica.org\/wp-content\/uploads\/2024\/09\/Barcelona-Fundacion-Nautica_Far-Al-Mon_Rueda-de-prensa_baja-2199-900x600.jpg\">\n\t\t\t\t\t<img decoding=\"async\" class=\"spectra-image-gallery__media-thumbnail spectra-image-gallery__media-thumbnail--masonry\" src=\"https:\/\/www.barcelonacapitalnautica.org\/wp-content\/uploads\/2024\/09\/Barcelona-Fundacion-Nautica_Far-Al-Mon_Rueda-de-prensa_baja-2199-560x373.jpg\" alt=\"\" loading=\"lazy\" \/>\n\t\t\t\t<\/picture>\n\t\t\t\t<div class=\"spectra-image-gallery__media-thumbnail-blurrer\"><\/div>\n\t\t\t\t\t\t\t\t\t\t\t<div class=\"spectra-image-gallery__media-thumbnail-caption-wrapper spectra-image-gallery__media-thumbnail-caption-wrapper--overlay\"><\/div>\n\t\t\t\t\t\t\t\t<\/div>\n\t\t\t\t\t\t<\/div>\n\t\t\t\t\t\t<\/div>\n\t\t\t\t\t\t<div class='spectra-image-gallery__media-wrapper--isotope'>\n\t\t\t\t\t\t\t<div class='spectra-image-gallery__media-wrapper' data-spectra-gallery-image-id='269167' tabindex=\"0\">\n\t\t\t\t\t\t\t<div class=\"spectra-image-gallery__media spectra-image-gallery__media--masonry\">\n\t\t\t\t<picture>\n\t\t\t\t\t<source media=\"(min-width: 1024px)\" srcset=\"https:\/\/www.barcelonacapitalnautica.org\/wp-content\/uploads\/2024\/09\/Barcelona-Fundacion-Nautica_Far-Al-Mon_Rueda-de-prensa_baja-2210-900x600.jpg\">\n\t\t\t\t\t<source media=\"(min-width: 768px)\" srcset=\"https:\/\/www.barcelonacapitalnautica.org\/wp-content\/uploads\/2024\/09\/Barcelona-Fundacion-Nautica_Far-Al-Mon_Rueda-de-prensa_baja-2210-900x600.jpg\">\n\t\t\t\t\t<img decoding=\"async\" class=\"spectra-image-gallery__media-thumbnail spectra-image-gallery__media-thumbnail--masonry\" src=\"https:\/\/www.barcelonacapitalnautica.org\/wp-content\/uploads\/2024\/09\/Barcelona-Fundacion-Nautica_Far-Al-Mon_Rueda-de-prensa_baja-2210-560x373.jpg\" alt=\"\" loading=\"lazy\" \/>\n\t\t\t\t<\/picture>\n\t\t\t\t<div class=\"spectra-image-gallery__media-thumbnail-blurrer\"><\/div>\n\t\t\t\t\t\t\t\t\t\t\t<div class=\"spectra-image-gallery__media-thumbnail-caption-wrapper spectra-image-gallery__media-thumbnail-caption-wrapper--overlay\"><\/div>\n\t\t\t\t\t\t\t\t<\/div>\n\t\t\t\t\t\t<\/div>\n\t\t\t\t\t\t<\/div>\n\t\t\t\t\t\t<div class='spectra-image-gallery__media-wrapper--isotope'>\n\t\t\t\t\t\t\t<div class='spectra-image-gallery__media-wrapper' data-spectra-gallery-image-id='269170' tabindex=\"0\">\n\t\t\t\t\t\t\t<div class=\"spectra-image-gallery__media spectra-image-gallery__media--masonry\">\n\t\t\t\t<picture>\n\t\t\t\t\t<source media=\"(min-width: 1024px)\" srcset=\"https:\/\/www.barcelonacapitalnautica.org\/wp-content\/uploads\/2024\/09\/Barcelona-Fundacion-Nautica_Far-Al-Mon_Rueda-de-prensa_baja-2222-900x600.jpg\">\n\t\t\t\t\t<source media=\"(min-width: 768px)\" srcset=\"https:\/\/www.barcelonacapitalnautica.org\/wp-content\/uploads\/2024\/09\/Barcelona-Fundacion-Nautica_Far-Al-Mon_Rueda-de-prensa_baja-2222-900x600.jpg\">\n\t\t\t\t\t<img decoding=\"async\" class=\"spectra-image-gallery__media-thumbnail spectra-image-gallery__media-thumbnail--masonry\" src=\"https:\/\/www.barcelonacapitalnautica.org\/wp-content\/uploads\/2024\/09\/Barcelona-Fundacion-Nautica_Far-Al-Mon_Rueda-de-prensa_baja-2222-560x373.jpg\" alt=\"\" loading=\"lazy\" \/>\n\t\t\t\t<\/picture>\n\t\t\t\t<div class=\"spectra-image-gallery__media-thumbnail-blurrer\"><\/div>\n\t\t\t\t\t\t\t\t\t\t\t<div class=\"spectra-image-gallery__media-thumbnail-caption-wrapper spectra-image-gallery__media-thumbnail-caption-wrapper--overlay\"><\/div>\n\t\t\t\t\t\t\t\t<\/div>\n\t\t\t\t\t\t<\/div>\n\t\t\t\t\t\t<\/div>\n\t\t\t\t\t\t\t\t\t\t<\/div>\n\t\t\t\t\t\t\t\t\t\t\t\t\t\t\t\t\t\t<\/div>\n\t\t\t\t\t\t\t\t\t\n\n\n<p><\/p>\n\n\n\n<p>El proyecto, parte del <a href=\"https:\/\/www.barcelonacapitalnautica.org\/es\/fundacion\/proyectos-de-legado\/\">Legado de la Copa Am\u00e9rica<\/a> y con el <strong>apoyo de instituciones patronos de la Fundaci\u00f3 Barcelona Capital N\u00e0utica,<\/strong> busca destacar la conexi\u00f3n entre naturaleza, tecnolog\u00eda y cultura. Los organizadores, liderados por America&#8217;s Cup Event, han dise\u00f1ado una experiencia inmersiva con bandas sonoras creadas por el compositor Albert Guinovart y actuaciones dirigidas por Hansel Cereza.<\/p>\n\n\n\n<p>Este jueves, durante la presentaci\u00f3n oficial, figuras institucionales como Miquel S\u00e0mper, consejero de Empresa y Trabajo, y Jordi Valls, teniente de alcalde del Ayuntamiento de Barcelona, \u200b\u200b<strong>subrayaron la importancia de este evento para la ciudad<\/strong>, que reafirma su papel como referente mundial en innovaci\u00f3n y eventos culturales de gran escala.<\/p>\n","protected":false},"excerpt":{"rendered":"<p>El pr\u00f3ximo 10 de octubre, la ciudad de Barcelona acoger\u00e1 [&hellip;]<\/p>\n","protected":false},"author":3,"featured_media":269154,"comment_status":"closed","ping_status":"closed","sticky":false,"template":"","format":"standard","meta":{"_uag_custom_page_level_css":"","site-sidebar-layout":"default","site-content-layout":"","ast-site-content-layout":"default","site-content-style":"default","site-sidebar-style":"default","ast-global-header-display":"","ast-banner-title-visibility":"","ast-main-header-display":"","ast-hfb-above-header-display":"","ast-hfb-below-header-display":"","ast-hfb-mobile-header-display":"","site-post-title":"","ast-breadcrumbs-content":"","ast-featured-img":"","footer-sml-layout":"","ast-disable-related-posts":"","theme-transparent-header-meta":"","adv-header-id-meta":"","stick-header-meta":"","header-above-stick-meta":"","header-main-stick-meta":"","header-below-stick-meta":"","astra-migrate-meta-layouts":"set","ast-page-background-enabled":"default","ast-page-background-meta":{"desktop":{"background-color":"","background-image":"","background-repeat":"repeat","background-position":"center center","background-size":"auto","background-attachment":"scroll","background-type":"","background-media":"","overlay-type":"","overlay-color":"","overlay-opacity":"","overlay-gradient":""},"tablet":{"background-color":"","background-image":"","background-repeat":"repeat","background-position":"center center","background-size":"auto","background-attachment":"scroll","background-type":"","background-media":"","overlay-type":"","overlay-color":"","overlay-opacity":"","overlay-gradient":""},"mobile":{"background-color":"","background-image":"","background-repeat":"repeat","background-position":"center center","background-size":"auto","background-attachment":"scroll","background-type":"","background-media":"","overlay-type":"","overlay-color":"","overlay-opacity":"","overlay-gradient":""}},"ast-content-background-meta":{"desktop":{"background-color":"var(--ast-global-color-5)","background-image":"","background-repeat":"repeat","background-position":"center center","background-size":"auto","background-attachment":"scroll","background-type":"","background-media":"","overlay-type":"","overlay-color":"","overlay-opacity":"","overlay-gradient":""},"tablet":{"background-color":"var(--ast-global-color-5)","background-image":"","background-repeat":"repeat","background-position":"center center","background-size":"auto","background-attachment":"scroll","background-type":"","background-media":"","overlay-type":"","overlay-color":"","overlay-opacity":"","overlay-gradient":""},"mobile":{"background-color":"var(--ast-global-color-5)","background-image":"","background-repeat":"repeat","background-position":"center center","background-size":"auto","background-attachment":"scroll","background-type":"","background-media":"","overlay-type":"","overlay-color":"","overlay-opacity":"","overlay-gradient":""}},"_price":"","_stock":"","_tribe_ticket_header":"","_tribe_default_ticket_provider":"","_tribe_ticket_capacity":"0","_ticket_start_date":"","_ticket_end_date":"","_tribe_ticket_show_description":"","_tribe_ticket_show_not_going":false,"_tribe_ticket_use_global_stock":"","_tribe_ticket_global_stock_level":"","_global_stock_mode":"","_global_stock_cap":"","_tribe_rsvp_for_event":"","_tribe_ticket_going_count":"","_tribe_ticket_not_going_count":"","_tribe_tickets_list":[],"_tribe_ticket_has_attendee_info_fields":false,"footnotes":""},"categories":[98,105],"tags":[115,218,114,142],"class_list":["post-269178","post","type-post","status-publish","format-standard","has-post-thumbnail","hentry","category-copa-america","category-cultura","tag-castellano","tag-ceremonia","tag-copa-america-es-2","tag-cultura-2"],"yoast_head":"<!-- This site is optimized with the Yoast SEO plugin v27.5 - https:\/\/yoast.com\/product\/yoast-seo-wordpress\/ -->\n<title>Barcelona ser\u00e1 el &quot;faro en el mundo&quot; durante la ceremonia de la Louis Vuitton 37\u00aa America&#039;s Cup - Barcelona Capital N\u00e0utica<\/title>\n<meta name=\"robots\" content=\"index, follow, max-snippet:-1, max-image-preview:large, max-video-preview:-1\" \/>\n<link rel=\"canonical\" href=\"https:\/\/www.barcelonacapitalnautica.org\/es\/barcelona-sera-el-faro-en-el-mundo-durante-laceremonia-de-la-louis-vuitton-37a-americas-cup\/\" \/>\n<meta property=\"og:locale\" content=\"es_ES\" \/>\n<meta property=\"og:type\" content=\"article\" \/>\n<meta property=\"og:title\" content=\"Barcelona ser\u00e1 el &quot;faro en el mundo&quot; durante la ceremonia de la Louis Vuitton 37\u00aa America&#039;s Cup - Barcelona Capital N\u00e0utica\" \/>\n<meta property=\"og:description\" content=\"El pr\u00f3ximo 10 de octubre, la ciudad de Barcelona acoger\u00e1 [&hellip;]\" \/>\n<meta property=\"og:url\" content=\"https:\/\/www.barcelonacapitalnautica.org\/es\/barcelona-sera-el-faro-en-el-mundo-durante-laceremonia-de-la-louis-vuitton-37a-americas-cup\/\" \/>\n<meta property=\"og:site_name\" content=\"Barcelona Capital N\u00e0utica\" \/>\n<meta property=\"article:publisher\" content=\"https:\/\/www.facebook.com\/barcelonacapitalnautica\" \/>\n<meta property=\"article:published_time\" content=\"2024-09-26T14:09:25+00:00\" \/>\n<meta property=\"article:modified_time\" content=\"2024-10-14T12:36:20+00:00\" \/>\n<meta property=\"og:image\" content=\"https:\/\/www.barcelonacapitalnautica.org\/wp-content\/uploads\/2024\/09\/Noti-Rdp_Cerimonia.png\" \/>\n\t<meta property=\"og:image:width\" content=\"1140\" \/>\n\t<meta property=\"og:image:height\" content=\"440\" \/>\n\t<meta property=\"og:image:type\" content=\"image\/png\" \/>\n<meta name=\"author\" content=\"Cristina Martin\" \/>\n<meta name=\"twitter:card\" content=\"summary_large_image\" \/>\n<meta name=\"twitter:creator\" content=\"@bcnautica\" \/>\n<meta name=\"twitter:site\" content=\"@bcnautica\" \/>\n<meta name=\"twitter:label1\" content=\"Escrito por\" \/>\n\t<meta name=\"twitter:data1\" content=\"Cristina Martin\" \/>\n\t<meta name=\"twitter:label2\" content=\"Tiempo de lectura\" \/>\n\t<meta name=\"twitter:data2\" content=\"2 minutos\" \/>\n<script type=\"application\/ld+json\" class=\"yoast-schema-graph\">{\"@context\":\"https:\\\/\\\/schema.org\",\"@graph\":[{\"@type\":\"Article\",\"@id\":\"https:\\\/\\\/www.barcelonacapitalnautica.org\\\/es\\\/barcelona-sera-el-faro-en-el-mundo-durante-laceremonia-de-la-louis-vuitton-37a-americas-cup\\\/#article\",\"isPartOf\":{\"@id\":\"https:\\\/\\\/www.barcelonacapitalnautica.org\\\/es\\\/barcelona-sera-el-faro-en-el-mundo-durante-laceremonia-de-la-louis-vuitton-37a-americas-cup\\\/\"},\"author\":{\"name\":\"Cristina Martin\",\"@id\":\"https:\\\/\\\/www.barcelonacapitalnautica.org\\\/es\\\/#\\\/schema\\\/person\\\/f1a7b6cdf70e48856b35358258241493\"},\"headline\":\"Barcelona ser\u00e1 el \u00abfaro en el mundo\u00bb durante la ceremonia de la Louis Vuitton 37\u00aa America&#8217;s Cup\",\"datePublished\":\"2024-09-26T14:09:25+00:00\",\"dateModified\":\"2024-10-14T12:36:20+00:00\",\"mainEntityOfPage\":{\"@id\":\"https:\\\/\\\/www.barcelonacapitalnautica.org\\\/es\\\/barcelona-sera-el-faro-en-el-mundo-durante-laceremonia-de-la-louis-vuitton-37a-americas-cup\\\/\"},\"wordCount\":291,\"publisher\":{\"@id\":\"https:\\\/\\\/www.barcelonacapitalnautica.org\\\/es\\\/#organization\"},\"image\":{\"@id\":\"https:\\\/\\\/www.barcelonacapitalnautica.org\\\/es\\\/barcelona-sera-el-faro-en-el-mundo-durante-laceremonia-de-la-louis-vuitton-37a-americas-cup\\\/#primaryimage\"},\"thumbnailUrl\":\"https:\\\/\\\/www.barcelonacapitalnautica.org\\\/wp-content\\\/uploads\\\/2024\\\/09\\\/Noti-Rdp_Cerimonia.png\",\"keywords\":[\"castellano\",\"Ceremonia\",\"Copa Am\u00e8rica\",\"cultura\"],\"articleSection\":[\"Copa Am\u00e9rica\",\"Cultura\"],\"inLanguage\":\"es\"},{\"@type\":\"WebPage\",\"@id\":\"https:\\\/\\\/www.barcelonacapitalnautica.org\\\/es\\\/barcelona-sera-el-faro-en-el-mundo-durante-laceremonia-de-la-louis-vuitton-37a-americas-cup\\\/\",\"url\":\"https:\\\/\\\/www.barcelonacapitalnautica.org\\\/es\\\/barcelona-sera-el-faro-en-el-mundo-durante-laceremonia-de-la-louis-vuitton-37a-americas-cup\\\/\",\"name\":\"Barcelona ser\u00e1 el \\\"faro en el mundo\\\" durante la ceremonia de la Louis Vuitton 37\u00aa America's Cup - Barcelona Capital N\u00e0utica\",\"isPartOf\":{\"@id\":\"https:\\\/\\\/www.barcelonacapitalnautica.org\\\/es\\\/#website\"},\"primaryImageOfPage\":{\"@id\":\"https:\\\/\\\/www.barcelonacapitalnautica.org\\\/es\\\/barcelona-sera-el-faro-en-el-mundo-durante-laceremonia-de-la-louis-vuitton-37a-americas-cup\\\/#primaryimage\"},\"image\":{\"@id\":\"https:\\\/\\\/www.barcelonacapitalnautica.org\\\/es\\\/barcelona-sera-el-faro-en-el-mundo-durante-laceremonia-de-la-louis-vuitton-37a-americas-cup\\\/#primaryimage\"},\"thumbnailUrl\":\"https:\\\/\\\/www.barcelonacapitalnautica.org\\\/wp-content\\\/uploads\\\/2024\\\/09\\\/Noti-Rdp_Cerimonia.png\",\"datePublished\":\"2024-09-26T14:09:25+00:00\",\"dateModified\":\"2024-10-14T12:36:20+00:00\",\"breadcrumb\":{\"@id\":\"https:\\\/\\\/www.barcelonacapitalnautica.org\\\/es\\\/barcelona-sera-el-faro-en-el-mundo-durante-laceremonia-de-la-louis-vuitton-37a-americas-cup\\\/#breadcrumb\"},\"inLanguage\":\"es\",\"potentialAction\":[{\"@type\":\"ReadAction\",\"target\":[\"https:\\\/\\\/www.barcelonacapitalnautica.org\\\/es\\\/barcelona-sera-el-faro-en-el-mundo-durante-laceremonia-de-la-louis-vuitton-37a-americas-cup\\\/\"]}]},{\"@type\":\"ImageObject\",\"inLanguage\":\"es\",\"@id\":\"https:\\\/\\\/www.barcelonacapitalnautica.org\\\/es\\\/barcelona-sera-el-faro-en-el-mundo-durante-laceremonia-de-la-louis-vuitton-37a-americas-cup\\\/#primaryimage\",\"url\":\"https:\\\/\\\/www.barcelonacapitalnautica.org\\\/wp-content\\\/uploads\\\/2024\\\/09\\\/Noti-Rdp_Cerimonia.png\",\"contentUrl\":\"https:\\\/\\\/www.barcelonacapitalnautica.org\\\/wp-content\\\/uploads\\\/2024\\\/09\\\/Noti-Rdp_Cerimonia.png\",\"width\":1140,\"height\":440},{\"@type\":\"BreadcrumbList\",\"@id\":\"https:\\\/\\\/www.barcelonacapitalnautica.org\\\/es\\\/barcelona-sera-el-faro-en-el-mundo-durante-laceremonia-de-la-louis-vuitton-37a-americas-cup\\\/#breadcrumb\",\"itemListElement\":[{\"@type\":\"ListItem\",\"position\":1,\"name\":\"Inici\",\"item\":\"https:\\\/\\\/www.barcelonacapitalnautica.org\\\/es\\\/\"},{\"@type\":\"ListItem\",\"position\":2,\"name\":\"Barcelona ser\u00e1 el &#8220;faro en el mundo&#8221; durante la ceremonia de la Louis Vuitton 37\u00aa America&#8217;s Cup\"}]},{\"@type\":\"WebSite\",\"@id\":\"https:\\\/\\\/www.barcelonacapitalnautica.org\\\/es\\\/#website\",\"url\":\"https:\\\/\\\/www.barcelonacapitalnautica.org\\\/es\\\/\",\"name\":\"Barcelona Capital N\u00e0utica\",\"description\":\"Barcelona Capital N\u00e0utica\",\"publisher\":{\"@id\":\"https:\\\/\\\/www.barcelonacapitalnautica.org\\\/es\\\/#organization\"},\"alternateName\":\"BCN\u00e0utica, FBCN\",\"potentialAction\":[{\"@type\":\"SearchAction\",\"target\":{\"@type\":\"EntryPoint\",\"urlTemplate\":\"https:\\\/\\\/www.barcelonacapitalnautica.org\\\/es\\\/?s={search_term_string}\"},\"query-input\":{\"@type\":\"PropertyValueSpecification\",\"valueRequired\":true,\"valueName\":\"search_term_string\"}}],\"inLanguage\":\"es\"},{\"@type\":\"Organization\",\"@id\":\"https:\\\/\\\/www.barcelonacapitalnautica.org\\\/es\\\/#organization\",\"name\":\"Barcelona Capital N\u00e0utica\",\"alternateName\":\"Fundaci\u00f3 Barcelona Capital N\u00e0utica\",\"url\":\"https:\\\/\\\/www.barcelonacapitalnautica.org\\\/es\\\/\",\"logo\":{\"@type\":\"ImageObject\",\"inLanguage\":\"es\",\"@id\":\"https:\\\/\\\/www.barcelonacapitalnautica.org\\\/es\\\/#\\\/schema\\\/logo\\\/image\\\/\",\"url\":\"https:\\\/\\\/www.barcelonacapitalnautica.org\\\/wp-content\\\/uploads\\\/2023\\\/03\\\/Logo-blau.svg\",\"contentUrl\":\"https:\\\/\\\/www.barcelonacapitalnautica.org\\\/wp-content\\\/uploads\\\/2023\\\/03\\\/Logo-blau.svg\",\"width\":200,\"height\":58,\"caption\":\"Barcelona Capital N\u00e0utica\"},\"image\":{\"@id\":\"https:\\\/\\\/www.barcelonacapitalnautica.org\\\/es\\\/#\\\/schema\\\/logo\\\/image\\\/\"},\"sameAs\":[\"https:\\\/\\\/www.facebook.com\\\/barcelonacapitalnautica\",\"https:\\\/\\\/x.com\\\/bcnautica\",\"https:\\\/\\\/www.instagram.com\\\/bcnautica\\\/\",\"https:\\\/\\\/www.linkedin.com\\\/company\\\/barcelona-capital-nautica\"]},{\"@type\":\"Person\",\"@id\":\"https:\\\/\\\/www.barcelonacapitalnautica.org\\\/es\\\/#\\\/schema\\\/person\\\/f1a7b6cdf70e48856b35358258241493\",\"name\":\"Cristina Martin\"}]}<\/script>\n<!-- \/ Yoast SEO plugin. -->","yoast_head_json":{"title":"Barcelona ser\u00e1 el \"faro en el mundo\" durante la ceremonia de la Louis Vuitton 37\u00aa America's Cup - Barcelona Capital N\u00e0utica","robots":{"index":"index","follow":"follow","max-snippet":"max-snippet:-1","max-image-preview":"max-image-preview:large","max-video-preview":"max-video-preview:-1"},"canonical":"https:\/\/www.barcelonacapitalnautica.org\/es\/barcelona-sera-el-faro-en-el-mundo-durante-laceremonia-de-la-louis-vuitton-37a-americas-cup\/","og_locale":"es_ES","og_type":"article","og_title":"Barcelona ser\u00e1 el \"faro en el mundo\" durante la ceremonia de la Louis Vuitton 37\u00aa America's Cup - Barcelona Capital N\u00e0utica","og_description":"El pr\u00f3ximo 10 de octubre, la ciudad de Barcelona acoger\u00e1 [&hellip;]","og_url":"https:\/\/www.barcelonacapitalnautica.org\/es\/barcelona-sera-el-faro-en-el-mundo-durante-laceremonia-de-la-louis-vuitton-37a-americas-cup\/","og_site_name":"Barcelona Capital N\u00e0utica","article_publisher":"https:\/\/www.facebook.com\/barcelonacapitalnautica","article_published_time":"2024-09-26T14:09:25+00:00","article_modified_time":"2024-10-14T12:36:20+00:00","og_image":[{"width":1140,"height":440,"url":"https:\/\/www.barcelonacapitalnautica.org\/wp-content\/uploads\/2024\/09\/Noti-Rdp_Cerimonia.png","type":"image\/png"}],"author":"Cristina Martin","twitter_card":"summary_large_image","twitter_creator":"@bcnautica","twitter_site":"@bcnautica","twitter_misc":{"Escrito por":"Cristina Martin","Tiempo de lectura":"2 minutos"},"schema":{"@context":"https:\/\/schema.org","@graph":[{"@type":"Article","@id":"https:\/\/www.barcelonacapitalnautica.org\/es\/barcelona-sera-el-faro-en-el-mundo-durante-laceremonia-de-la-louis-vuitton-37a-americas-cup\/#article","isPartOf":{"@id":"https:\/\/www.barcelonacapitalnautica.org\/es\/barcelona-sera-el-faro-en-el-mundo-durante-laceremonia-de-la-louis-vuitton-37a-americas-cup\/"},"author":{"name":"Cristina Martin","@id":"https:\/\/www.barcelonacapitalnautica.org\/es\/#\/schema\/person\/f1a7b6cdf70e48856b35358258241493"},"headline":"Barcelona ser\u00e1 el \u00abfaro en el mundo\u00bb durante la ceremonia de la Louis Vuitton 37\u00aa America&#8217;s Cup","datePublished":"2024-09-26T14:09:25+00:00","dateModified":"2024-10-14T12:36:20+00:00","mainEntityOfPage":{"@id":"https:\/\/www.barcelonacapitalnautica.org\/es\/barcelona-sera-el-faro-en-el-mundo-durante-laceremonia-de-la-louis-vuitton-37a-americas-cup\/"},"wordCount":291,"publisher":{"@id":"https:\/\/www.barcelonacapitalnautica.org\/es\/#organization"},"image":{"@id":"https:\/\/www.barcelonacapitalnautica.org\/es\/barcelona-sera-el-faro-en-el-mundo-durante-laceremonia-de-la-louis-vuitton-37a-americas-cup\/#primaryimage"},"thumbnailUrl":"https:\/\/www.barcelonacapitalnautica.org\/wp-content\/uploads\/2024\/09\/Noti-Rdp_Cerimonia.png","keywords":["castellano","Ceremonia","Copa Am\u00e8rica","cultura"],"articleSection":["Copa Am\u00e9rica","Cultura"],"inLanguage":"es"},{"@type":"WebPage","@id":"https:\/\/www.barcelonacapitalnautica.org\/es\/barcelona-sera-el-faro-en-el-mundo-durante-laceremonia-de-la-louis-vuitton-37a-americas-cup\/","url":"https:\/\/www.barcelonacapitalnautica.org\/es\/barcelona-sera-el-faro-en-el-mundo-durante-laceremonia-de-la-louis-vuitton-37a-americas-cup\/","name":"Barcelona ser\u00e1 el \"faro en el mundo\" durante la ceremonia de la Louis Vuitton 37\u00aa America's Cup - Barcelona Capital N\u00e0utica","isPartOf":{"@id":"https:\/\/www.barcelonacapitalnautica.org\/es\/#website"},"primaryImageOfPage":{"@id":"https:\/\/www.barcelonacapitalnautica.org\/es\/barcelona-sera-el-faro-en-el-mundo-durante-laceremonia-de-la-louis-vuitton-37a-americas-cup\/#primaryimage"},"image":{"@id":"https:\/\/www.barcelonacapitalnautica.org\/es\/barcelona-sera-el-faro-en-el-mundo-durante-laceremonia-de-la-louis-vuitton-37a-americas-cup\/#primaryimage"},"thumbnailUrl":"https:\/\/www.barcelonacapitalnautica.org\/wp-content\/uploads\/2024\/09\/Noti-Rdp_Cerimonia.png","datePublished":"2024-09-26T14:09:25+00:00","dateModified":"2024-10-14T12:36:20+00:00","breadcrumb":{"@id":"https:\/\/www.barcelonacapitalnautica.org\/es\/barcelona-sera-el-faro-en-el-mundo-durante-laceremonia-de-la-louis-vuitton-37a-americas-cup\/#breadcrumb"},"inLanguage":"es","potentialAction":[{"@type":"ReadAction","target":["https:\/\/www.barcelonacapitalnautica.org\/es\/barcelona-sera-el-faro-en-el-mundo-durante-laceremonia-de-la-louis-vuitton-37a-americas-cup\/"]}]},{"@type":"ImageObject","inLanguage":"es","@id":"https:\/\/www.barcelonacapitalnautica.org\/es\/barcelona-sera-el-faro-en-el-mundo-durante-laceremonia-de-la-louis-vuitton-37a-americas-cup\/#primaryimage","url":"https:\/\/www.barcelonacapitalnautica.org\/wp-content\/uploads\/2024\/09\/Noti-Rdp_Cerimonia.png","contentUrl":"https:\/\/www.barcelonacapitalnautica.org\/wp-content\/uploads\/2024\/09\/Noti-Rdp_Cerimonia.png","width":1140,"height":440},{"@type":"BreadcrumbList","@id":"https:\/\/www.barcelonacapitalnautica.org\/es\/barcelona-sera-el-faro-en-el-mundo-durante-laceremonia-de-la-louis-vuitton-37a-americas-cup\/#breadcrumb","itemListElement":[{"@type":"ListItem","position":1,"name":"Inici","item":"https:\/\/www.barcelonacapitalnautica.org\/es\/"},{"@type":"ListItem","position":2,"name":"Barcelona ser\u00e1 el &#8220;faro en el mundo&#8221; durante la ceremonia de la Louis Vuitton 37\u00aa America&#8217;s Cup"}]},{"@type":"WebSite","@id":"https:\/\/www.barcelonacapitalnautica.org\/es\/#website","url":"https:\/\/www.barcelonacapitalnautica.org\/es\/","name":"Barcelona Capital N\u00e0utica","description":"Barcelona Capital N\u00e0utica","publisher":{"@id":"https:\/\/www.barcelonacapitalnautica.org\/es\/#organization"},"alternateName":"BCN\u00e0utica, FBCN","potentialAction":[{"@type":"SearchAction","target":{"@type":"EntryPoint","urlTemplate":"https:\/\/www.barcelonacapitalnautica.org\/es\/?s={search_term_string}"},"query-input":{"@type":"PropertyValueSpecification","valueRequired":true,"valueName":"search_term_string"}}],"inLanguage":"es"},{"@type":"Organization","@id":"https:\/\/www.barcelonacapitalnautica.org\/es\/#organization","name":"Barcelona Capital N\u00e0utica","alternateName":"Fundaci\u00f3 Barcelona Capital N\u00e0utica","url":"https:\/\/www.barcelonacapitalnautica.org\/es\/","logo":{"@type":"ImageObject","inLanguage":"es","@id":"https:\/\/www.barcelonacapitalnautica.org\/es\/#\/schema\/logo\/image\/","url":"https:\/\/www.barcelonacapitalnautica.org\/wp-content\/uploads\/2023\/03\/Logo-blau.svg","contentUrl":"https:\/\/www.barcelonacapitalnautica.org\/wp-content\/uploads\/2023\/03\/Logo-blau.svg","width":200,"height":58,"caption":"Barcelona Capital N\u00e0utica"},"image":{"@id":"https:\/\/www.barcelonacapitalnautica.org\/es\/#\/schema\/logo\/image\/"},"sameAs":["https:\/\/www.facebook.com\/barcelonacapitalnautica","https:\/\/x.com\/bcnautica","https:\/\/www.instagram.com\/bcnautica\/","https:\/\/www.linkedin.com\/company\/barcelona-capital-nautica"]},{"@type":"Person","@id":"https:\/\/www.barcelonacapitalnautica.org\/es\/#\/schema\/person\/f1a7b6cdf70e48856b35358258241493","name":"Cristina Martin"}]}},"uagb_featured_image_src":{"full":["https:\/\/www.barcelonacapitalnautica.org\/wp-content\/uploads\/2024\/09\/Noti-Rdp_Cerimonia.png",1140,440,false],"thumbnail":["https:\/\/www.barcelonacapitalnautica.org\/wp-content\/uploads\/2024\/09\/Noti-Rdp_Cerimonia-380x147.png",380,147,true],"medium":["https:\/\/www.barcelonacapitalnautica.org\/wp-content\/uploads\/2024\/09\/Noti-Rdp_Cerimonia-560x216.png",560,216,true],"medium_large":["https:\/\/www.barcelonacapitalnautica.org\/wp-content\/uploads\/2024\/09\/Noti-Rdp_Cerimonia-768x296.png",768,296,true],"large":["https:\/\/www.barcelonacapitalnautica.org\/wp-content\/uploads\/2024\/09\/Noti-Rdp_Cerimonia-900x347.png",900,347,true],"1536x1536":["https:\/\/www.barcelonacapitalnautica.org\/wp-content\/uploads\/2024\/09\/Noti-Rdp_Cerimonia.png",1140,440,false],"2048x2048":["https:\/\/www.barcelonacapitalnautica.org\/wp-content\/uploads\/2024\/09\/Noti-Rdp_Cerimonia.png",1140,440,false]},"uagb_author_info":{"display_name":"Cristina Martin","author_link":"https:\/\/www.barcelonacapitalnautica.org\/es\/author\/fbcn_cristina\/"},"uagb_comment_info":0,"uagb_excerpt":"El pr\u00f3ximo 10 de octubre, la ciudad de Barcelona acoger\u00e1 [&hellip;]","_links":{"self":[{"href":"https:\/\/www.barcelonacapitalnautica.org\/es\/wp-json\/wp\/v2\/posts\/269178","targetHints":{"allow":["GET"]}}],"collection":[{"href":"https:\/\/www.barcelonacapitalnautica.org\/es\/wp-json\/wp\/v2\/posts"}],"about":[{"href":"https:\/\/www.barcelonacapitalnautica.org\/es\/wp-json\/wp\/v2\/types\/post"}],"author":[{"embeddable":true,"href":"https:\/\/www.barcelonacapitalnautica.org\/es\/wp-json\/wp\/v2\/users\/3"}],"replies":[{"embeddable":true,"href":"https:\/\/www.barcelonacapitalnautica.org\/es\/wp-json\/wp\/v2\/comments?post=269178"}],"version-history":[{"count":3,"href":"https:\/\/www.barcelonacapitalnautica.org\/es\/wp-json\/wp\/v2\/posts\/269178\/revisions"}],"predecessor-version":[{"id":269197,"href":"https:\/\/www.barcelonacapitalnautica.org\/es\/wp-json\/wp\/v2\/posts\/269178\/revisions\/269197"}],"wp:featuredmedia":[{"embeddable":true,"href":"https:\/\/www.barcelonacapitalnautica.org\/es\/wp-json\/wp\/v2\/media\/269154"}],"wp:attachment":[{"href":"https:\/\/www.barcelonacapitalnautica.org\/es\/wp-json\/wp\/v2\/media?parent=269178"}],"wp:term":[{"taxonomy":"category","embeddable":true,"href":"https:\/\/www.barcelonacapitalnautica.org\/es\/wp-json\/wp\/v2\/categories?post=269178"},{"taxonomy":"post_tag","embeddable":true,"href":"https:\/\/www.barcelonacapitalnautica.org\/es\/wp-json\/wp\/v2\/tags?post=269178"}],"curies":[{"name":"wp","href":"https:\/\/api.w.org\/{rel}","templated":true}]}}