{"id":269661,"date":"2024-10-22T11:42:56","date_gmt":"2024-10-22T09:42:56","guid":{"rendered":"https:\/\/www.barcelonacapitalnautica.org\/?p=269661"},"modified":"2024-10-22T11:53:55","modified_gmt":"2024-10-22T09:53:55","slug":"barcelona-clausura-la-copa-america-con-el-concierto-que-celebra-el-200-aniversario-del-paseo-de-gracia","status":"publish","type":"post","link":"https:\/\/www.barcelonacapitalnautica.org\/es\/barcelona-clausura-la-copa-america-con-el-concierto-que-celebra-el-200-aniversario-del-paseo-de-gracia\/","title":{"rendered":"Barcelona clausura la Copa Am\u00e9rica con el concierto que celebra el 200 aniversario del Paseo de Gracia"},"content":{"rendered":"\n<p>El Paseo de Gracia, una de las calles m\u00e1s ic\u00f3nicas de la ciudad condal, fue el escenario perfecto para celebrar la clausura de la Copa Am\u00e9rica con el concierto de celebraci\u00f3n del 200\u00ba aniversario del Paseo de Gracia. Este evento ha puesto el broche de oro a un a\u00f1o repleto de actividades culturales y deportivas que han destacado a Barcelona como una capital mundial del deporte y la cultura.<\/p>\n\n\n\t\t\t\t\t<div\n\t\t\t\t\t\tclass=\"wp-block-uagb-image-gallery uagb-block-247b3759     \"\n\t\t\t\t\t\tstyle=\"\"\n\t\t\t\t\t>\n\t\t\t\t\t\t\t\t\t\t\t<div class=\"spectra-image-gallery spectra-image-gallery__layout--masonry spectra-image-gallery__layout--masonry-col-2 spectra-image-gallery__layout--masonry-col-tab-3 spectra-image-gallery__layout--masonry-col-mob-2\">\n\t\t\t\t\t\t\t\t\t\t\t<div class='spectra-image-gallery__media-wrapper--isotope'>\n\t\t\t\t\t\t\t<div class='spectra-image-gallery__media-wrapper' data-spectra-gallery-image-id='269653' tabindex=\"0\">\n\t\t\t\t\t\t\t<div class=\"spectra-image-gallery__media spectra-image-gallery__media--masonry\">\n\t\t\t\t<picture>\n\t\t\t\t\t<source media=\"(min-width: 1024px)\" srcset=\"https:\/\/www.barcelonacapitalnautica.org\/wp-content\/uploads\/2024\/10\/Noti-Concert-AC3-900x600.jpeg\">\n\t\t\t\t\t<source media=\"(min-width: 768px)\" srcset=\"https:\/\/www.barcelonacapitalnautica.org\/wp-content\/uploads\/2024\/10\/Noti-Concert-AC3-900x600.jpeg\">\n\t\t\t\t\t<img decoding=\"async\" class=\"spectra-image-gallery__media-thumbnail spectra-image-gallery__media-thumbnail--masonry\" src=\"https:\/\/www.barcelonacapitalnautica.org\/wp-content\/uploads\/2024\/10\/Noti-Concert-AC3-560x373.jpeg\" alt=\"\" loading=\"lazy\" \/>\n\t\t\t\t<\/picture>\n\t\t\t\t<div class=\"spectra-image-gallery__media-thumbnail-blurrer\"><\/div>\n\t\t\t\t\t\t\t\t\t\t\t<div class=\"spectra-image-gallery__media-thumbnail-caption-wrapper spectra-image-gallery__media-thumbnail-caption-wrapper--overlay\"><\/div>\n\t\t\t\t\t\t\t\t<\/div>\n\t\t\t\t\t\t<\/div>\n\t\t\t\t\t\t<\/div>\n\t\t\t\t\t\t<div class='spectra-image-gallery__media-wrapper--isotope'>\n\t\t\t\t\t\t\t<div class='spectra-image-gallery__media-wrapper' data-spectra-gallery-image-id='269656' tabindex=\"0\">\n\t\t\t\t\t\t\t<div class=\"spectra-image-gallery__media spectra-image-gallery__media--masonry\">\n\t\t\t\t<picture>\n\t\t\t\t\t<source media=\"(min-width: 1024px)\" srcset=\"https:\/\/www.barcelonacapitalnautica.org\/wp-content\/uploads\/2024\/10\/Noti-Concert-AC4-900x600.jpeg\">\n\t\t\t\t\t<source media=\"(min-width: 768px)\" srcset=\"https:\/\/www.barcelonacapitalnautica.org\/wp-content\/uploads\/2024\/10\/Noti-Concert-AC4-900x600.jpeg\">\n\t\t\t\t\t<img decoding=\"async\" class=\"spectra-image-gallery__media-thumbnail spectra-image-gallery__media-thumbnail--masonry\" src=\"https:\/\/www.barcelonacapitalnautica.org\/wp-content\/uploads\/2024\/10\/Noti-Concert-AC4-560x373.jpeg\" alt=\"\" loading=\"lazy\" \/>\n\t\t\t\t<\/picture>\n\t\t\t\t<div class=\"spectra-image-gallery__media-thumbnail-blurrer\"><\/div>\n\t\t\t\t\t\t\t\t\t\t\t<div class=\"spectra-image-gallery__media-thumbnail-caption-wrapper spectra-image-gallery__media-thumbnail-caption-wrapper--overlay\"><\/div>\n\t\t\t\t\t\t\t\t<\/div>\n\t\t\t\t\t\t<\/div>\n\t\t\t\t\t\t<\/div>\n\t\t\t\t\t\t<div class='spectra-image-gallery__media-wrapper--isotope'>\n\t\t\t\t\t\t\t<div class='spectra-image-gallery__media-wrapper' data-spectra-gallery-image-id='269647' tabindex=\"0\">\n\t\t\t\t\t\t\t<div class=\"spectra-image-gallery__media spectra-image-gallery__media--masonry\">\n\t\t\t\t<picture>\n\t\t\t\t\t<source media=\"(min-width: 1024px)\" srcset=\"https:\/\/www.barcelonacapitalnautica.org\/wp-content\/uploads\/2024\/10\/Noti-Concert-AC1-900x600.jpeg\">\n\t\t\t\t\t<source media=\"(min-width: 768px)\" srcset=\"https:\/\/www.barcelonacapitalnautica.org\/wp-content\/uploads\/2024\/10\/Noti-Concert-AC1-900x600.jpeg\">\n\t\t\t\t\t<img decoding=\"async\" class=\"spectra-image-gallery__media-thumbnail spectra-image-gallery__media-thumbnail--masonry\" src=\"https:\/\/www.barcelonacapitalnautica.org\/wp-content\/uploads\/2024\/10\/Noti-Concert-AC1-560x373.jpeg\" alt=\"\" loading=\"lazy\" \/>\n\t\t\t\t<\/picture>\n\t\t\t\t<div class=\"spectra-image-gallery__media-thumbnail-blurrer\"><\/div>\n\t\t\t\t\t\t\t\t\t\t\t<div class=\"spectra-image-gallery__media-thumbnail-caption-wrapper spectra-image-gallery__media-thumbnail-caption-wrapper--overlay\"><\/div>\n\t\t\t\t\t\t\t\t<\/div>\n\t\t\t\t\t\t<\/div>\n\t\t\t\t\t\t<\/div>\n\t\t\t\t\t\t<div class='spectra-image-gallery__media-wrapper--isotope'>\n\t\t\t\t\t\t\t<div class='spectra-image-gallery__media-wrapper' data-spectra-gallery-image-id='269650' tabindex=\"0\">\n\t\t\t\t\t\t\t<div class=\"spectra-image-gallery__media spectra-image-gallery__media--masonry\">\n\t\t\t\t<picture>\n\t\t\t\t\t<source media=\"(min-width: 1024px)\" srcset=\"https:\/\/www.barcelonacapitalnautica.org\/wp-content\/uploads\/2024\/10\/Noti-Concert-AC2-900x600.jpeg\">\n\t\t\t\t\t<source media=\"(min-width: 768px)\" srcset=\"https:\/\/www.barcelonacapitalnautica.org\/wp-content\/uploads\/2024\/10\/Noti-Concert-AC2-900x600.jpeg\">\n\t\t\t\t\t<img decoding=\"async\" class=\"spectra-image-gallery__media-thumbnail spectra-image-gallery__media-thumbnail--masonry\" src=\"https:\/\/www.barcelonacapitalnautica.org\/wp-content\/uploads\/2024\/10\/Noti-Concert-AC2-560x373.jpeg\" alt=\"\" loading=\"lazy\" \/>\n\t\t\t\t<\/picture>\n\t\t\t\t<div class=\"spectra-image-gallery__media-thumbnail-blurrer\"><\/div>\n\t\t\t\t\t\t\t\t\t\t\t<div class=\"spectra-image-gallery__media-thumbnail-caption-wrapper spectra-image-gallery__media-thumbnail-caption-wrapper--overlay\"><\/div>\n\t\t\t\t\t\t\t\t<\/div>\n\t\t\t\t\t\t<\/div>\n\t\t\t\t\t\t<\/div>\n\t\t\t\t\t\t\t\t\t\t<\/div>\n\t\t\t\t\t\t\t\t\t\t\t\t\t\t\t\t\t\t<\/div>\n\t\t\t\t\t\t\t\t\t\n\n\n<p><\/p>\n\n\n\n<p>El espectacular concierto reuni\u00f3 a miles de personas a lo largo del paseo, que se convirti\u00f3 en un escenario al aire libre para la ocasi\u00f3n. El tenor Josep Carreras, la bailaora Sara Baras y la <a href=\"https:\/\/www.auditori.cat\/ca\/artist\/obc\/\" target=\"_blank\" rel=\"noreferrer noopener\">Orquestra Simf\u00f2nica de Barcelona i Nacional de Catalunya<\/a> (OBC) fueron los encargados de ofrecer una actuaci\u00f3n que conmovi\u00f3 al p\u00fablico, interpretando una fusi\u00f3n de cl\u00e1sicos de la m\u00fasica catalana y piezas internacionales emblem\u00e1ticas, acompa\u00f1adas de un impactante juego de luces y proyecciones sobre los edificios modernistas que decoran esta hist\u00f3rica avenida.<\/p>\n\n\n\n<p>Este evento marca el fin de un cap\u00edtulo destacado para la ciudad, pero tambi\u00e9n inaugura un futuro lleno de promesas y nuevos eventos que seguir\u00e1n llenando de vida el Paseo de Gracia y las calles de Barcelona.<\/p>\n","protected":false},"excerpt":{"rendered":"<p>El Paseo de Gracia, una de las calles m\u00e1s ic\u00f3nicas [&hellip;]<\/p>\n","protected":false},"author":3,"featured_media":269645,"comment_status":"closed","ping_status":"closed","sticky":false,"template":"","format":"standard","meta":{"_uag_custom_page_level_css":"","site-sidebar-layout":"default","site-content-layout":"","ast-site-content-layout":"default","site-content-style":"default","site-sidebar-style":"default","ast-global-header-display":"","ast-banner-title-visibility":"","ast-main-header-display":"","ast-hfb-above-header-display":"","ast-hfb-below-header-display":"","ast-hfb-mobile-header-display":"","site-post-title":"","ast-breadcrumbs-content":"","ast-featured-img":"","footer-sml-layout":"","ast-disable-related-posts":"","theme-transparent-header-meta":"","adv-header-id-meta":"","stick-header-meta":"","header-above-stick-meta":"","header-main-stick-meta":"","header-below-stick-meta":"","astra-migrate-meta-layouts":"set","ast-page-background-enabled":"default","ast-page-background-meta":{"desktop":{"background-color":"","background-image":"","background-repeat":"repeat","background-position":"center center","background-size":"auto","background-attachment":"scroll","background-type":"","background-media":"","overlay-type":"","overlay-color":"","overlay-opacity":"","overlay-gradient":""},"tablet":{"background-color":"","background-image":"","background-repeat":"repeat","background-position":"center center","background-size":"auto","background-attachment":"scroll","background-type":"","background-media":"","overlay-type":"","overlay-color":"","overlay-opacity":"","overlay-gradient":""},"mobile":{"background-color":"","background-image":"","background-repeat":"repeat","background-position":"center center","background-size":"auto","background-attachment":"scroll","background-type":"","background-media":"","overlay-type":"","overlay-color":"","overlay-opacity":"","overlay-gradient":""}},"ast-content-background-meta":{"desktop":{"background-color":"var(--ast-global-color-5)","background-image":"","background-repeat":"repeat","background-position":"center center","background-size":"auto","background-attachment":"scroll","background-type":"","background-media":"","overlay-type":"","overlay-color":"","overlay-opacity":"","overlay-gradient":""},"tablet":{"background-color":"var(--ast-global-color-5)","background-image":"","background-repeat":"repeat","background-position":"center center","background-size":"auto","background-attachment":"scroll","background-type":"","background-media":"","overlay-type":"","overlay-color":"","overlay-opacity":"","overlay-gradient":""},"mobile":{"background-color":"var(--ast-global-color-5)","background-image":"","background-repeat":"repeat","background-position":"center center","background-size":"auto","background-attachment":"scroll","background-type":"","background-media":"","overlay-type":"","overlay-color":"","overlay-opacity":"","overlay-gradient":""}},"_price":"","_stock":"","_tribe_ticket_header":"","_tribe_default_ticket_provider":"","_tribe_ticket_capacity":"0","_ticket_start_date":"","_ticket_end_date":"","_tribe_ticket_show_description":"","_tribe_ticket_show_not_going":false,"_tribe_ticket_use_global_stock":"","_tribe_ticket_global_stock_level":"","_global_stock_mode":"","_global_stock_cap":"","_tribe_rsvp_for_event":"","_tribe_ticket_going_count":"","_tribe_ticket_not_going_count":"","_tribe_tickets_list":[],"_tribe_ticket_has_attendee_info_fields":false,"footnotes":""},"categories":[98,105],"tags":[115,114,142],"class_list":["post-269661","post","type-post","status-publish","format-standard","has-post-thumbnail","hentry","category-copa-america","category-cultura","tag-castellano","tag-copa-america-es-2","tag-cultura-2"],"yoast_head":"<!-- This site is optimized with the Yoast SEO plugin v27.5 - https:\/\/yoast.com\/product\/yoast-seo-wordpress\/ -->\n<title>Barcelona clausura la Copa Am\u00e9rica con el concierto que celebra el 200 aniversario del Paseo de Gracia - Barcelona Capital N\u00e0utica<\/title>\n<meta name=\"robots\" content=\"index, follow, max-snippet:-1, max-image-preview:large, max-video-preview:-1\" \/>\n<link rel=\"canonical\" href=\"https:\/\/www.barcelonacapitalnautica.org\/es\/barcelona-clausura-la-copa-america-con-el-concierto-que-celebra-el-200-aniversario-del-paseo-de-gracia\/\" \/>\n<meta property=\"og:locale\" content=\"es_ES\" \/>\n<meta property=\"og:type\" content=\"article\" \/>\n<meta property=\"og:title\" content=\"Barcelona clausura la Copa Am\u00e9rica con el concierto que celebra el 200 aniversario del Paseo de Gracia - Barcelona Capital N\u00e0utica\" \/>\n<meta property=\"og:description\" content=\"El Paseo de Gracia, una de las calles m\u00e1s ic\u00f3nicas [&hellip;]\" \/>\n<meta property=\"og:url\" content=\"https:\/\/www.barcelonacapitalnautica.org\/es\/barcelona-clausura-la-copa-america-con-el-concierto-que-celebra-el-200-aniversario-del-paseo-de-gracia\/\" \/>\n<meta property=\"og:site_name\" content=\"Barcelona Capital N\u00e0utica\" \/>\n<meta property=\"article:publisher\" content=\"https:\/\/www.facebook.com\/barcelonacapitalnautica\" \/>\n<meta property=\"article:published_time\" content=\"2024-10-22T09:42:56+00:00\" \/>\n<meta property=\"article:modified_time\" content=\"2024-10-22T09:53:55+00:00\" \/>\n<meta property=\"og:image\" content=\"https:\/\/www.barcelonacapitalnautica.org\/wp-content\/uploads\/2024\/10\/Noti-Concert.png\" \/>\n\t<meta property=\"og:image:width\" content=\"1140\" \/>\n\t<meta property=\"og:image:height\" content=\"440\" \/>\n\t<meta property=\"og:image:type\" content=\"image\/png\" \/>\n<meta name=\"author\" content=\"Cristina Martin\" \/>\n<meta name=\"twitter:card\" content=\"summary_large_image\" \/>\n<meta name=\"twitter:creator\" content=\"@bcnautica\" \/>\n<meta name=\"twitter:site\" content=\"@bcnautica\" \/>\n<meta name=\"twitter:label1\" content=\"Escrito por\" \/>\n\t<meta name=\"twitter:data1\" content=\"Cristina Martin\" \/>\n\t<meta name=\"twitter:label2\" content=\"Tiempo de lectura\" \/>\n\t<meta name=\"twitter:data2\" content=\"2 minutos\" \/>\n<script type=\"application\/ld+json\" class=\"yoast-schema-graph\">{\"@context\":\"https:\\\/\\\/schema.org\",\"@graph\":[{\"@type\":\"Article\",\"@id\":\"https:\\\/\\\/www.barcelonacapitalnautica.org\\\/es\\\/barcelona-clausura-la-copa-america-con-el-concierto-que-celebra-el-200-aniversario-del-paseo-de-gracia\\\/#article\",\"isPartOf\":{\"@id\":\"https:\\\/\\\/www.barcelonacapitalnautica.org\\\/es\\\/barcelona-clausura-la-copa-america-con-el-concierto-que-celebra-el-200-aniversario-del-paseo-de-gracia\\\/\"},\"author\":{\"name\":\"Cristina Martin\",\"@id\":\"https:\\\/\\\/www.barcelonacapitalnautica.org\\\/es\\\/#\\\/schema\\\/person\\\/f1a7b6cdf70e48856b35358258241493\"},\"headline\":\"Barcelona clausura la Copa Am\u00e9rica con el concierto que celebra el 200 aniversario del Paseo de Gracia\",\"datePublished\":\"2024-10-22T09:42:56+00:00\",\"dateModified\":\"2024-10-22T09:53:55+00:00\",\"mainEntityOfPage\":{\"@id\":\"https:\\\/\\\/www.barcelonacapitalnautica.org\\\/es\\\/barcelona-clausura-la-copa-america-con-el-concierto-que-celebra-el-200-aniversario-del-paseo-de-gracia\\\/\"},\"wordCount\":226,\"publisher\":{\"@id\":\"https:\\\/\\\/www.barcelonacapitalnautica.org\\\/es\\\/#organization\"},\"image\":{\"@id\":\"https:\\\/\\\/www.barcelonacapitalnautica.org\\\/es\\\/barcelona-clausura-la-copa-america-con-el-concierto-que-celebra-el-200-aniversario-del-paseo-de-gracia\\\/#primaryimage\"},\"thumbnailUrl\":\"https:\\\/\\\/www.barcelonacapitalnautica.org\\\/wp-content\\\/uploads\\\/2024\\\/10\\\/Noti-Concert.png\",\"keywords\":[\"castellano\",\"Copa Am\u00e8rica\",\"cultura\"],\"articleSection\":[\"Copa Am\u00e9rica\",\"Cultura\"],\"inLanguage\":\"es\"},{\"@type\":\"WebPage\",\"@id\":\"https:\\\/\\\/www.barcelonacapitalnautica.org\\\/es\\\/barcelona-clausura-la-copa-america-con-el-concierto-que-celebra-el-200-aniversario-del-paseo-de-gracia\\\/\",\"url\":\"https:\\\/\\\/www.barcelonacapitalnautica.org\\\/es\\\/barcelona-clausura-la-copa-america-con-el-concierto-que-celebra-el-200-aniversario-del-paseo-de-gracia\\\/\",\"name\":\"Barcelona clausura la Copa Am\u00e9rica con el concierto que celebra el 200 aniversario del Paseo de Gracia - Barcelona Capital N\u00e0utica\",\"isPartOf\":{\"@id\":\"https:\\\/\\\/www.barcelonacapitalnautica.org\\\/es\\\/#website\"},\"primaryImageOfPage\":{\"@id\":\"https:\\\/\\\/www.barcelonacapitalnautica.org\\\/es\\\/barcelona-clausura-la-copa-america-con-el-concierto-que-celebra-el-200-aniversario-del-paseo-de-gracia\\\/#primaryimage\"},\"image\":{\"@id\":\"https:\\\/\\\/www.barcelonacapitalnautica.org\\\/es\\\/barcelona-clausura-la-copa-america-con-el-concierto-que-celebra-el-200-aniversario-del-paseo-de-gracia\\\/#primaryimage\"},\"thumbnailUrl\":\"https:\\\/\\\/www.barcelonacapitalnautica.org\\\/wp-content\\\/uploads\\\/2024\\\/10\\\/Noti-Concert.png\",\"datePublished\":\"2024-10-22T09:42:56+00:00\",\"dateModified\":\"2024-10-22T09:53:55+00:00\",\"breadcrumb\":{\"@id\":\"https:\\\/\\\/www.barcelonacapitalnautica.org\\\/es\\\/barcelona-clausura-la-copa-america-con-el-concierto-que-celebra-el-200-aniversario-del-paseo-de-gracia\\\/#breadcrumb\"},\"inLanguage\":\"es\",\"potentialAction\":[{\"@type\":\"ReadAction\",\"target\":[\"https:\\\/\\\/www.barcelonacapitalnautica.org\\\/es\\\/barcelona-clausura-la-copa-america-con-el-concierto-que-celebra-el-200-aniversario-del-paseo-de-gracia\\\/\"]}]},{\"@type\":\"ImageObject\",\"inLanguage\":\"es\",\"@id\":\"https:\\\/\\\/www.barcelonacapitalnautica.org\\\/es\\\/barcelona-clausura-la-copa-america-con-el-concierto-que-celebra-el-200-aniversario-del-paseo-de-gracia\\\/#primaryimage\",\"url\":\"https:\\\/\\\/www.barcelonacapitalnautica.org\\\/wp-content\\\/uploads\\\/2024\\\/10\\\/Noti-Concert.png\",\"contentUrl\":\"https:\\\/\\\/www.barcelonacapitalnautica.org\\\/wp-content\\\/uploads\\\/2024\\\/10\\\/Noti-Concert.png\",\"width\":1140,\"height\":440},{\"@type\":\"BreadcrumbList\",\"@id\":\"https:\\\/\\\/www.barcelonacapitalnautica.org\\\/es\\\/barcelona-clausura-la-copa-america-con-el-concierto-que-celebra-el-200-aniversario-del-paseo-de-gracia\\\/#breadcrumb\",\"itemListElement\":[{\"@type\":\"ListItem\",\"position\":1,\"name\":\"Inici\",\"item\":\"https:\\\/\\\/www.barcelonacapitalnautica.org\\\/es\\\/\"},{\"@type\":\"ListItem\",\"position\":2,\"name\":\"Barcelona clausura la Copa Am\u00e9rica con el concierto que celebra el 200 aniversario del Paseo de Gracia\"}]},{\"@type\":\"WebSite\",\"@id\":\"https:\\\/\\\/www.barcelonacapitalnautica.org\\\/es\\\/#website\",\"url\":\"https:\\\/\\\/www.barcelonacapitalnautica.org\\\/es\\\/\",\"name\":\"Barcelona Capital N\u00e0utica\",\"description\":\"Barcelona Capital N\u00e0utica\",\"publisher\":{\"@id\":\"https:\\\/\\\/www.barcelonacapitalnautica.org\\\/es\\\/#organization\"},\"alternateName\":\"BCN\u00e0utica, FBCN\",\"potentialAction\":[{\"@type\":\"SearchAction\",\"target\":{\"@type\":\"EntryPoint\",\"urlTemplate\":\"https:\\\/\\\/www.barcelonacapitalnautica.org\\\/es\\\/?s={search_term_string}\"},\"query-input\":{\"@type\":\"PropertyValueSpecification\",\"valueRequired\":true,\"valueName\":\"search_term_string\"}}],\"inLanguage\":\"es\"},{\"@type\":\"Organization\",\"@id\":\"https:\\\/\\\/www.barcelonacapitalnautica.org\\\/es\\\/#organization\",\"name\":\"Barcelona Capital N\u00e0utica\",\"alternateName\":\"Fundaci\u00f3 Barcelona Capital N\u00e0utica\",\"url\":\"https:\\\/\\\/www.barcelonacapitalnautica.org\\\/es\\\/\",\"logo\":{\"@type\":\"ImageObject\",\"inLanguage\":\"es\",\"@id\":\"https:\\\/\\\/www.barcelonacapitalnautica.org\\\/es\\\/#\\\/schema\\\/logo\\\/image\\\/\",\"url\":\"https:\\\/\\\/www.barcelonacapitalnautica.org\\\/wp-content\\\/uploads\\\/2023\\\/03\\\/Logo-blau.svg\",\"contentUrl\":\"https:\\\/\\\/www.barcelonacapitalnautica.org\\\/wp-content\\\/uploads\\\/2023\\\/03\\\/Logo-blau.svg\",\"width\":200,\"height\":58,\"caption\":\"Barcelona Capital N\u00e0utica\"},\"image\":{\"@id\":\"https:\\\/\\\/www.barcelonacapitalnautica.org\\\/es\\\/#\\\/schema\\\/logo\\\/image\\\/\"},\"sameAs\":[\"https:\\\/\\\/www.facebook.com\\\/barcelonacapitalnautica\",\"https:\\\/\\\/x.com\\\/bcnautica\",\"https:\\\/\\\/www.instagram.com\\\/bcnautica\\\/\",\"https:\\\/\\\/www.linkedin.com\\\/company\\\/barcelona-capital-nautica\"]},{\"@type\":\"Person\",\"@id\":\"https:\\\/\\\/www.barcelonacapitalnautica.org\\\/es\\\/#\\\/schema\\\/person\\\/f1a7b6cdf70e48856b35358258241493\",\"name\":\"Cristina Martin\"}]}<\/script>\n<!-- \/ Yoast SEO plugin. -->","yoast_head_json":{"title":"Barcelona clausura la Copa Am\u00e9rica con el concierto que celebra el 200 aniversario del Paseo de Gracia - Barcelona Capital N\u00e0utica","robots":{"index":"index","follow":"follow","max-snippet":"max-snippet:-1","max-image-preview":"max-image-preview:large","max-video-preview":"max-video-preview:-1"},"canonical":"https:\/\/www.barcelonacapitalnautica.org\/es\/barcelona-clausura-la-copa-america-con-el-concierto-que-celebra-el-200-aniversario-del-paseo-de-gracia\/","og_locale":"es_ES","og_type":"article","og_title":"Barcelona clausura la Copa Am\u00e9rica con el concierto que celebra el 200 aniversario del Paseo de Gracia - Barcelona Capital N\u00e0utica","og_description":"El Paseo de Gracia, una de las calles m\u00e1s ic\u00f3nicas [&hellip;]","og_url":"https:\/\/www.barcelonacapitalnautica.org\/es\/barcelona-clausura-la-copa-america-con-el-concierto-que-celebra-el-200-aniversario-del-paseo-de-gracia\/","og_site_name":"Barcelona Capital N\u00e0utica","article_publisher":"https:\/\/www.facebook.com\/barcelonacapitalnautica","article_published_time":"2024-10-22T09:42:56+00:00","article_modified_time":"2024-10-22T09:53:55+00:00","og_image":[{"width":1140,"height":440,"url":"https:\/\/www.barcelonacapitalnautica.org\/wp-content\/uploads\/2024\/10\/Noti-Concert.png","type":"image\/png"}],"author":"Cristina Martin","twitter_card":"summary_large_image","twitter_creator":"@bcnautica","twitter_site":"@bcnautica","twitter_misc":{"Escrito por":"Cristina Martin","Tiempo de lectura":"2 minutos"},"schema":{"@context":"https:\/\/schema.org","@graph":[{"@type":"Article","@id":"https:\/\/www.barcelonacapitalnautica.org\/es\/barcelona-clausura-la-copa-america-con-el-concierto-que-celebra-el-200-aniversario-del-paseo-de-gracia\/#article","isPartOf":{"@id":"https:\/\/www.barcelonacapitalnautica.org\/es\/barcelona-clausura-la-copa-america-con-el-concierto-que-celebra-el-200-aniversario-del-paseo-de-gracia\/"},"author":{"name":"Cristina Martin","@id":"https:\/\/www.barcelonacapitalnautica.org\/es\/#\/schema\/person\/f1a7b6cdf70e48856b35358258241493"},"headline":"Barcelona clausura la Copa Am\u00e9rica con el concierto que celebra el 200 aniversario del Paseo de Gracia","datePublished":"2024-10-22T09:42:56+00:00","dateModified":"2024-10-22T09:53:55+00:00","mainEntityOfPage":{"@id":"https:\/\/www.barcelonacapitalnautica.org\/es\/barcelona-clausura-la-copa-america-con-el-concierto-que-celebra-el-200-aniversario-del-paseo-de-gracia\/"},"wordCount":226,"publisher":{"@id":"https:\/\/www.barcelonacapitalnautica.org\/es\/#organization"},"image":{"@id":"https:\/\/www.barcelonacapitalnautica.org\/es\/barcelona-clausura-la-copa-america-con-el-concierto-que-celebra-el-200-aniversario-del-paseo-de-gracia\/#primaryimage"},"thumbnailUrl":"https:\/\/www.barcelonacapitalnautica.org\/wp-content\/uploads\/2024\/10\/Noti-Concert.png","keywords":["castellano","Copa Am\u00e8rica","cultura"],"articleSection":["Copa Am\u00e9rica","Cultura"],"inLanguage":"es"},{"@type":"WebPage","@id":"https:\/\/www.barcelonacapitalnautica.org\/es\/barcelona-clausura-la-copa-america-con-el-concierto-que-celebra-el-200-aniversario-del-paseo-de-gracia\/","url":"https:\/\/www.barcelonacapitalnautica.org\/es\/barcelona-clausura-la-copa-america-con-el-concierto-que-celebra-el-200-aniversario-del-paseo-de-gracia\/","name":"Barcelona clausura la Copa Am\u00e9rica con el concierto que celebra el 200 aniversario del Paseo de Gracia - Barcelona Capital N\u00e0utica","isPartOf":{"@id":"https:\/\/www.barcelonacapitalnautica.org\/es\/#website"},"primaryImageOfPage":{"@id":"https:\/\/www.barcelonacapitalnautica.org\/es\/barcelona-clausura-la-copa-america-con-el-concierto-que-celebra-el-200-aniversario-del-paseo-de-gracia\/#primaryimage"},"image":{"@id":"https:\/\/www.barcelonacapitalnautica.org\/es\/barcelona-clausura-la-copa-america-con-el-concierto-que-celebra-el-200-aniversario-del-paseo-de-gracia\/#primaryimage"},"thumbnailUrl":"https:\/\/www.barcelonacapitalnautica.org\/wp-content\/uploads\/2024\/10\/Noti-Concert.png","datePublished":"2024-10-22T09:42:56+00:00","dateModified":"2024-10-22T09:53:55+00:00","breadcrumb":{"@id":"https:\/\/www.barcelonacapitalnautica.org\/es\/barcelona-clausura-la-copa-america-con-el-concierto-que-celebra-el-200-aniversario-del-paseo-de-gracia\/#breadcrumb"},"inLanguage":"es","potentialAction":[{"@type":"ReadAction","target":["https:\/\/www.barcelonacapitalnautica.org\/es\/barcelona-clausura-la-copa-america-con-el-concierto-que-celebra-el-200-aniversario-del-paseo-de-gracia\/"]}]},{"@type":"ImageObject","inLanguage":"es","@id":"https:\/\/www.barcelonacapitalnautica.org\/es\/barcelona-clausura-la-copa-america-con-el-concierto-que-celebra-el-200-aniversario-del-paseo-de-gracia\/#primaryimage","url":"https:\/\/www.barcelonacapitalnautica.org\/wp-content\/uploads\/2024\/10\/Noti-Concert.png","contentUrl":"https:\/\/www.barcelonacapitalnautica.org\/wp-content\/uploads\/2024\/10\/Noti-Concert.png","width":1140,"height":440},{"@type":"BreadcrumbList","@id":"https:\/\/www.barcelonacapitalnautica.org\/es\/barcelona-clausura-la-copa-america-con-el-concierto-que-celebra-el-200-aniversario-del-paseo-de-gracia\/#breadcrumb","itemListElement":[{"@type":"ListItem","position":1,"name":"Inici","item":"https:\/\/www.barcelonacapitalnautica.org\/es\/"},{"@type":"ListItem","position":2,"name":"Barcelona clausura la Copa Am\u00e9rica con el concierto que celebra el 200 aniversario del Paseo de Gracia"}]},{"@type":"WebSite","@id":"https:\/\/www.barcelonacapitalnautica.org\/es\/#website","url":"https:\/\/www.barcelonacapitalnautica.org\/es\/","name":"Barcelona Capital N\u00e0utica","description":"Barcelona Capital N\u00e0utica","publisher":{"@id":"https:\/\/www.barcelonacapitalnautica.org\/es\/#organization"},"alternateName":"BCN\u00e0utica, FBCN","potentialAction":[{"@type":"SearchAction","target":{"@type":"EntryPoint","urlTemplate":"https:\/\/www.barcelonacapitalnautica.org\/es\/?s={search_term_string}"},"query-input":{"@type":"PropertyValueSpecification","valueRequired":true,"valueName":"search_term_string"}}],"inLanguage":"es"},{"@type":"Organization","@id":"https:\/\/www.barcelonacapitalnautica.org\/es\/#organization","name":"Barcelona Capital N\u00e0utica","alternateName":"Fundaci\u00f3 Barcelona Capital N\u00e0utica","url":"https:\/\/www.barcelonacapitalnautica.org\/es\/","logo":{"@type":"ImageObject","inLanguage":"es","@id":"https:\/\/www.barcelonacapitalnautica.org\/es\/#\/schema\/logo\/image\/","url":"https:\/\/www.barcelonacapitalnautica.org\/wp-content\/uploads\/2023\/03\/Logo-blau.svg","contentUrl":"https:\/\/www.barcelonacapitalnautica.org\/wp-content\/uploads\/2023\/03\/Logo-blau.svg","width":200,"height":58,"caption":"Barcelona Capital N\u00e0utica"},"image":{"@id":"https:\/\/www.barcelonacapitalnautica.org\/es\/#\/schema\/logo\/image\/"},"sameAs":["https:\/\/www.facebook.com\/barcelonacapitalnautica","https:\/\/x.com\/bcnautica","https:\/\/www.instagram.com\/bcnautica\/","https:\/\/www.linkedin.com\/company\/barcelona-capital-nautica"]},{"@type":"Person","@id":"https:\/\/www.barcelonacapitalnautica.org\/es\/#\/schema\/person\/f1a7b6cdf70e48856b35358258241493","name":"Cristina Martin"}]}},"uagb_featured_image_src":{"full":["https:\/\/www.barcelonacapitalnautica.org\/wp-content\/uploads\/2024\/10\/Noti-Concert.png",1140,440,false],"thumbnail":["https:\/\/www.barcelonacapitalnautica.org\/wp-content\/uploads\/2024\/10\/Noti-Concert-380x147.png",380,147,true],"medium":["https:\/\/www.barcelonacapitalnautica.org\/wp-content\/uploads\/2024\/10\/Noti-Concert-560x216.png",560,216,true],"medium_large":["https:\/\/www.barcelonacapitalnautica.org\/wp-content\/uploads\/2024\/10\/Noti-Concert-768x296.png",768,296,true],"large":["https:\/\/www.barcelonacapitalnautica.org\/wp-content\/uploads\/2024\/10\/Noti-Concert-900x347.png",900,347,true],"1536x1536":["https:\/\/www.barcelonacapitalnautica.org\/wp-content\/uploads\/2024\/10\/Noti-Concert.png",1140,440,false],"2048x2048":["https:\/\/www.barcelonacapitalnautica.org\/wp-content\/uploads\/2024\/10\/Noti-Concert.png",1140,440,false]},"uagb_author_info":{"display_name":"Cristina Martin","author_link":"https:\/\/www.barcelonacapitalnautica.org\/es\/author\/fbcn_cristina\/"},"uagb_comment_info":0,"uagb_excerpt":"El Paseo de Gracia, una de las calles m\u00e1s ic\u00f3nicas [&hellip;]","_links":{"self":[{"href":"https:\/\/www.barcelonacapitalnautica.org\/es\/wp-json\/wp\/v2\/posts\/269661","targetHints":{"allow":["GET"]}}],"collection":[{"href":"https:\/\/www.barcelonacapitalnautica.org\/es\/wp-json\/wp\/v2\/posts"}],"about":[{"href":"https:\/\/www.barcelonacapitalnautica.org\/es\/wp-json\/wp\/v2\/types\/post"}],"author":[{"embeddable":true,"href":"https:\/\/www.barcelonacapitalnautica.org\/es\/wp-json\/wp\/v2\/users\/3"}],"replies":[{"embeddable":true,"href":"https:\/\/www.barcelonacapitalnautica.org\/es\/wp-json\/wp\/v2\/comments?post=269661"}],"version-history":[{"count":1,"href":"https:\/\/www.barcelonacapitalnautica.org\/es\/wp-json\/wp\/v2\/posts\/269661\/revisions"}],"predecessor-version":[{"id":269662,"href":"https:\/\/www.barcelonacapitalnautica.org\/es\/wp-json\/wp\/v2\/posts\/269661\/revisions\/269662"}],"wp:featuredmedia":[{"embeddable":true,"href":"https:\/\/www.barcelonacapitalnautica.org\/es\/wp-json\/wp\/v2\/media\/269645"}],"wp:attachment":[{"href":"https:\/\/www.barcelonacapitalnautica.org\/es\/wp-json\/wp\/v2\/media?parent=269661"}],"wp:term":[{"taxonomy":"category","embeddable":true,"href":"https:\/\/www.barcelonacapitalnautica.org\/es\/wp-json\/wp\/v2\/categories?post=269661"},{"taxonomy":"post_tag","embeddable":true,"href":"https:\/\/www.barcelonacapitalnautica.org\/es\/wp-json\/wp\/v2\/tags?post=269661"}],"curies":[{"name":"wp","href":"https:\/\/api.w.org\/{rel}","templated":true}]}}