{"id":269734,"date":"2024-10-30T08:57:38","date_gmt":"2024-10-30T07:57:38","guid":{"rendered":"https:\/\/www.barcelonacapitalnautica.org\/?p=269734"},"modified":"2024-10-30T12:25:22","modified_gmt":"2024-10-30T11:25:22","slug":"la-copa-america-entra-en-las-aulas-con-el-programa-educativo-la-navegacion-deportiva-en-el-siglo-xxi-un-reto-tecnologico","status":"publish","type":"post","link":"https:\/\/www.barcelonacapitalnautica.org\/es\/la-copa-america-entra-en-las-aulas-con-el-programa-educativo-la-navegacion-deportiva-en-el-siglo-xxi-un-reto-tecnologico\/","title":{"rendered":"La Copa Am\u00e9rica entra en las aulas con el programa educativo \u201cLa navegaci\u00f3n deportiva en el siglo XXI, un reto tecnol\u00f3gico\u201d"},"content":{"rendered":"\n<p>Durante la Copa Am\u00e9rica, 1.200 estudiantes de unos treinta centros de Secundaria han aprendido sobre n\u00e1utica y tecnolog\u00eda a trav\u00e9s del programa educativo \u201c<a href=\"https:\/\/www.mmb.cat\/es\/proyectos\/la-navegacio-esportiva-al-segle-xxi-un-repte-tenologic\/\" target=\"_blank\" rel=\"noreferrer noopener\">La navegaci\u00f3n deportiva en el siglo XXI, un reto tecnol\u00f3gico<\/a>\u201d. El programa ha sido impulsado en conjunto con el <a href=\"https:\/\/www.mmb.cat\/es\/\" target=\"_blank\" rel=\"noreferrer noopener\">Museu Mar\u00edtim de Barcelona<\/a>, con el objetivo de proporcionar al alumnado una experiencia de aprendizaje innovadora y relevante en un <strong>contexto real y globalizado<\/strong>.<\/p>\n\n\n\n<p>El programa, basado en el <strong>aprendizaje por retos<\/strong>, ofrece a los estudiantes la oportunidad de explorar la competici\u00f3n de vela m\u00e1s antigua del mundo. As\u00ed, los alumnos han podido conocer a los equipos participantes, los barcos AC75 y las nuevas competiciones juveniles y femeninas, la \u00faltima de las cuales se ha incorporado por primera vez en esta edici\u00f3n.<\/p>\n\n\n\t\t\t\t\t<div\n\t\t\t\t\t\tclass=\"wp-block-uagb-image-gallery uagb-block-d40a1e1d     \"\n\t\t\t\t\t\tstyle=\"\"\n\t\t\t\t\t>\n\t\t\t\t\t\t\t\t\t\t\t<div class=\"spectra-image-gallery spectra-image-gallery__layout--grid spectra-image-gallery__layout--grid-col-3 spectra-image-gallery__layout--grid-col-tab-3 spectra-image-gallery__layout--grid-col-mob-2\">\n\t\t\t\t\t\t\t\t\t\t\t<div class='spectra-image-gallery__media-wrapper' data-spectra-gallery-image-id='269718' tabindex=\"0\">\n\t\t\t\t\t\t\t<div class=\"spectra-image-gallery__media spectra-image-gallery__media--grid\">\n\t\t\t\t<picture>\n\t\t\t\t\t<source media=\"(min-width: 1024px)\" srcset=\"https:\/\/www.barcelonacapitalnautica.org\/wp-content\/uploads\/2024\/10\/Noti-PECA3-900x675.jpg\">\n\t\t\t\t\t<source media=\"(min-width: 768px)\" srcset=\"https:\/\/www.barcelonacapitalnautica.org\/wp-content\/uploads\/2024\/10\/Noti-PECA3-900x675.jpg\">\n\t\t\t\t\t<img decoding=\"async\" class=\"spectra-image-gallery__media-thumbnail spectra-image-gallery__media-thumbnail--grid\" src=\"https:\/\/www.barcelonacapitalnautica.org\/wp-content\/uploads\/2024\/10\/Noti-PECA3-560x420.jpg\" alt=\"\" loading=\"lazy\" \/>\n\t\t\t\t<\/picture>\n\t\t\t\t<div class=\"spectra-image-gallery__media-thumbnail-blurrer\"><\/div>\n\t\t\t\t\t\t\t\t\t\t\t<div class=\"spectra-image-gallery__media-thumbnail-caption-wrapper spectra-image-gallery__media-thumbnail-caption-wrapper--overlay\"><\/div>\n\t\t\t\t\t\t\t\t<\/div>\n\t\t\t\t\t\t<\/div>\n\t\t\t\t\t\t<div class='spectra-image-gallery__media-wrapper' data-spectra-gallery-image-id='269721' tabindex=\"0\">\n\t\t\t\t\t\t\t<div class=\"spectra-image-gallery__media spectra-image-gallery__media--grid\">\n\t\t\t\t<picture>\n\t\t\t\t\t<source media=\"(min-width: 1024px)\" srcset=\"https:\/\/www.barcelonacapitalnautica.org\/wp-content\/uploads\/2024\/10\/Noti-PECA4-900x675.jpg\">\n\t\t\t\t\t<source media=\"(min-width: 768px)\" srcset=\"https:\/\/www.barcelonacapitalnautica.org\/wp-content\/uploads\/2024\/10\/Noti-PECA4-900x675.jpg\">\n\t\t\t\t\t<img decoding=\"async\" class=\"spectra-image-gallery__media-thumbnail spectra-image-gallery__media-thumbnail--grid\" src=\"https:\/\/www.barcelonacapitalnautica.org\/wp-content\/uploads\/2024\/10\/Noti-PECA4-560x420.jpg\" alt=\"\" loading=\"lazy\" \/>\n\t\t\t\t<\/picture>\n\t\t\t\t<div class=\"spectra-image-gallery__media-thumbnail-blurrer\"><\/div>\n\t\t\t\t\t\t\t\t\t\t\t<div class=\"spectra-image-gallery__media-thumbnail-caption-wrapper spectra-image-gallery__media-thumbnail-caption-wrapper--overlay\"><\/div>\n\t\t\t\t\t\t\t\t<\/div>\n\t\t\t\t\t\t<\/div>\n\t\t\t\t\t\t<div class='spectra-image-gallery__media-wrapper' data-spectra-gallery-image-id='269712' tabindex=\"0\">\n\t\t\t\t\t\t\t<div class=\"spectra-image-gallery__media spectra-image-gallery__media--grid\">\n\t\t\t\t<picture>\n\t\t\t\t\t<source media=\"(min-width: 1024px)\" srcset=\"https:\/\/www.barcelonacapitalnautica.org\/wp-content\/uploads\/2024\/10\/Noti-PECA1-900x675.jpg\">\n\t\t\t\t\t<source media=\"(min-width: 768px)\" srcset=\"https:\/\/www.barcelonacapitalnautica.org\/wp-content\/uploads\/2024\/10\/Noti-PECA1-900x675.jpg\">\n\t\t\t\t\t<img decoding=\"async\" class=\"spectra-image-gallery__media-thumbnail spectra-image-gallery__media-thumbnail--grid\" src=\"https:\/\/www.barcelonacapitalnautica.org\/wp-content\/uploads\/2024\/10\/Noti-PECA1-560x420.jpg\" alt=\"\" loading=\"lazy\" \/>\n\t\t\t\t<\/picture>\n\t\t\t\t<div class=\"spectra-image-gallery__media-thumbnail-blurrer\"><\/div>\n\t\t\t\t\t\t\t\t\t\t\t<div class=\"spectra-image-gallery__media-thumbnail-caption-wrapper spectra-image-gallery__media-thumbnail-caption-wrapper--overlay\"><\/div>\n\t\t\t\t\t\t\t\t<\/div>\n\t\t\t\t\t\t<\/div>\n\t\t\t\t\t\t<div class='spectra-image-gallery__media-wrapper' data-spectra-gallery-image-id='269724' tabindex=\"0\">\n\t\t\t\t\t\t\t<div class=\"spectra-image-gallery__media spectra-image-gallery__media--grid\">\n\t\t\t\t<picture>\n\t\t\t\t\t<source media=\"(min-width: 1024px)\" srcset=\"https:\/\/www.barcelonacapitalnautica.org\/wp-content\/uploads\/2024\/10\/Noti-PECA5-678x900.jpeg\">\n\t\t\t\t\t<source media=\"(min-width: 768px)\" srcset=\"https:\/\/www.barcelonacapitalnautica.org\/wp-content\/uploads\/2024\/10\/Noti-PECA5-678x900.jpeg\">\n\t\t\t\t\t<img decoding=\"async\" class=\"spectra-image-gallery__media-thumbnail spectra-image-gallery__media-thumbnail--grid\" src=\"https:\/\/www.barcelonacapitalnautica.org\/wp-content\/uploads\/2024\/10\/Noti-PECA5-422x560.jpeg\" alt=\"\" loading=\"lazy\" \/>\n\t\t\t\t<\/picture>\n\t\t\t\t<div class=\"spectra-image-gallery__media-thumbnail-blurrer\"><\/div>\n\t\t\t\t\t\t\t\t\t\t\t<div class=\"spectra-image-gallery__media-thumbnail-caption-wrapper spectra-image-gallery__media-thumbnail-caption-wrapper--overlay\"><\/div>\n\t\t\t\t\t\t\t\t<\/div>\n\t\t\t\t\t\t<\/div>\n\t\t\t\t\t\t<div class='spectra-image-gallery__media-wrapper' data-spectra-gallery-image-id='269715' tabindex=\"0\">\n\t\t\t\t\t\t\t<div class=\"spectra-image-gallery__media spectra-image-gallery__media--grid\">\n\t\t\t\t<picture>\n\t\t\t\t\t<source media=\"(min-width: 1024px)\" srcset=\"https:\/\/www.barcelonacapitalnautica.org\/wp-content\/uploads\/2024\/10\/Noti-PECA2-900x675.jpg\">\n\t\t\t\t\t<source media=\"(min-width: 768px)\" srcset=\"https:\/\/www.barcelonacapitalnautica.org\/wp-content\/uploads\/2024\/10\/Noti-PECA2-900x675.jpg\">\n\t\t\t\t\t<img decoding=\"async\" class=\"spectra-image-gallery__media-thumbnail spectra-image-gallery__media-thumbnail--grid\" src=\"https:\/\/www.barcelonacapitalnautica.org\/wp-content\/uploads\/2024\/10\/Noti-PECA2-560x420.jpg\" alt=\"\" loading=\"lazy\" \/>\n\t\t\t\t<\/picture>\n\t\t\t\t<div class=\"spectra-image-gallery__media-thumbnail-blurrer\"><\/div>\n\t\t\t\t\t\t\t\t\t\t\t<div class=\"spectra-image-gallery__media-thumbnail-caption-wrapper spectra-image-gallery__media-thumbnail-caption-wrapper--overlay\"><\/div>\n\t\t\t\t\t\t\t\t<\/div>\n\t\t\t\t\t\t<\/div>\n\t\t\t\t\t\t<div class='spectra-image-gallery__media-wrapper' data-spectra-gallery-image-id='269727' tabindex=\"0\">\n\t\t\t\t\t\t\t<div class=\"spectra-image-gallery__media spectra-image-gallery__media--grid\">\n\t\t\t\t<picture>\n\t\t\t\t\t<source media=\"(min-width: 1024px)\" srcset=\"https:\/\/www.barcelonacapitalnautica.org\/wp-content\/uploads\/2024\/10\/Noti-PECA6-900x675.jpeg\">\n\t\t\t\t\t<source media=\"(min-width: 768px)\" srcset=\"https:\/\/www.barcelonacapitalnautica.org\/wp-content\/uploads\/2024\/10\/Noti-PECA6-900x675.jpeg\">\n\t\t\t\t\t<img decoding=\"async\" class=\"spectra-image-gallery__media-thumbnail spectra-image-gallery__media-thumbnail--grid\" src=\"https:\/\/www.barcelonacapitalnautica.org\/wp-content\/uploads\/2024\/10\/Noti-PECA6-560x420.jpeg\" alt=\"\" loading=\"lazy\" \/>\n\t\t\t\t<\/picture>\n\t\t\t\t<div class=\"spectra-image-gallery__media-thumbnail-blurrer\"><\/div>\n\t\t\t\t\t\t\t\t\t\t\t<div class=\"spectra-image-gallery__media-thumbnail-caption-wrapper spectra-image-gallery__media-thumbnail-caption-wrapper--overlay\"><\/div>\n\t\t\t\t\t\t\t\t<\/div>\n\t\t\t\t\t\t<\/div>\n\t\t\t\t\t\t\t\t\t\t<\/div>\n\t\t\t\t\t\t\t\t\t\t\t\t\t\t\t\t\t\t<\/div>\n\t\t\t\t\t\t\t\t\t\n\n\n<p><\/p>\n\n\n\n<p>Este proyecto tambi\u00e9n ha permitido a los estudiantes comprender c\u00f3mo la tecnolog\u00eda ha convertido a los AC75 en los barcos de vela m\u00e1s r\u00e1pidos del mundo y explorar el impacto del mar y el viento en la navegaci\u00f3n. Al mismo tiempo, el programa ha puesto en valor el <strong>rico legado mar\u00edtimo de Barcelona<\/strong>, integr\u00e1ndolo en el enfoque educativo de la iniciativa.<\/p>\n\n\n\n<p><strong>\u00a1La opini\u00f3n del profesorado!<\/strong><\/p>\n\n\n\n<p>No solo el alumnado est\u00e1 contento con este programa, que sigue desarroll\u00e1ndose durante todo el curso 24-25, sino tambi\u00e9n el profesorado. Aqu\u00ed algunas opiniones:<\/p>\n\n\n\n<p><em>\u201cEl hecho de poder contextualizar el trabajo que hacemos en el aula ayuda a dar sentido a los conceptos que trabajamos. Adem\u00e1s, creo que es un gran valor a\u00f1adido poder trabajar con temas mar\u00edtimos. Somos una tierra de mar, y sin embargo la sociedad vive de espaldas a \u00e9l. Este proyecto es una oportunidad para traer el mar al aula mientras trabajamos el curr\u00edculo. Por eso, valoro muy positivamente el proyecto \u00abLa navegaci\u00f3n deportiva en el siglo XXI. Un reto tecnol\u00f3gico\u00bb.\u201d<\/em> N\u00faria, INS Llu\u00eds Dom\u00e8nech i Montaner de Canet<\/p>\n\n\n\n<p><em>\u201cSe trata de un proyecto muy completo y motivador. Partir de un contexto actual y real y de la tecnolog\u00eda de los barcos, que sorprende a los alumnos, facilita mucho su trabajo. En cuanto al curr\u00edculo, el proyecto nos permite trabajar, desde el aprendizaje basado en la indagaci\u00f3n y con una perspectiva constructivista, diversos ODS y las STEAM, para completar y ampliar saberes de diversas materias, dada su transversalidad.\u201d<\/em> Esperanza, INS Fort Pius de Barcelona<\/p>\n\n\n\n<p><em>\u201cEl proyecto ha sido una oportunidad para trabajar aspectos del curr\u00edculo en un contexto de la vida real. Contenidos de f\u00edsica para entender por qu\u00e9 los barcos vuelan, de lengua para comprender y comunicar el impacto de la Copa Am\u00e9rica en su entorno, aspectos m\u00e1s sociales que involucran valores como el esfuerzo, el respeto, la perspectiva de g\u00e9nero\u2026 \u00a1y mucho m\u00e1s! A los alumnos les ha impresionado ver las regatas y han estado muy motivados siguiendo la competici\u00f3n, apoyando al equipo de Nueva Zelanda y, finalmente, muy contentos con el desenlace final.\u201d<\/em> Carla, Creixen GOAR Viladecans<\/p>\n\n\n\n<p><em>\u201cDurante el curso desarrollar\u00e9 todos los retos; todos son interesantes y \u00fatiles. El proyecto es y ser\u00e1 el hilo conductor de una asignatura de Medio Ambiente que tiene como objetivo trabajar el agua, los mares y oc\u00e9anos. Seguimos los retos tal como est\u00e1n planteados y profundizamos en saberes donde no llegan otras materias.\u201d <\/em>Esperanza, INS Fort Pius de Barcelona<\/p>\n\n\n\n<p><em>\u201cEste tercer reto ha sido muy enriquecedor, integrando diversas competencias. Hemos estudiado la formaci\u00f3n de la brisa marina y su importancia para una regata mediante un experimento y hemos analizado datos meteorol\u00f3gicos reales de Barcelona para determinar el mejor momento para la competici\u00f3n. Adem\u00e1s, hemos investigado otras ciudades de Catalu\u00f1a para encontrar la ubicaci\u00f3n \u00f3ptima, desarrollando el an\u00e1lisis cr\u00edtico y la argumentaci\u00f3n basada en datos reales.\u201d <\/em>Carla, Creixen GOAR Viladecans<\/p>\n\n\n\n<p><em>\u201cEl equipo de profesores y profesoras estamos valorando positivamente este proyecto, porque nos ha permitido trabajar de manera transversal las STEAM y tambi\u00e9n con otras \u00e1reas que no forman parte de ellas, como Educaci\u00f3n F\u00edsica y las lenguas como Franc\u00e9s e Ingl\u00e9s y \u00c9tica. Cada docente lo adaptar\u00e1 o ya lo estamos incorporando en el momento en que los contenidos est\u00e9n relacionados con el reto.\u201d<\/em> Pau Monta\u00f1a, Escola Escaladei.<\/p>\n\n\n\n<p>El programa ha contado con <strong>actividades complementarias <\/strong>como visitas al Museu Mar\u00edtim de Barcelona, charlas en la Fundaci\u00f3n, pruebas de deportes n\u00e1uticos y visitas comentadas al Race Village de la Copa Am\u00e9rica y a la exposici\u00f3n \u201c<a href=\"https:\/\/www.barcelonacapitalnautica.org\/es\/exposicion\/\">Hablamos del mar para hablar de nosotros<\/a>\u201d.<\/p>\n\n\n\n<p>En conjunto, esta experiencia educativa ofrece al alumnado una <strong>oportunidad \u00fanica de aprender de manera motivadora<\/strong> y contextualizada, combinando historia, tecnolog\u00eda y cultura mar\u00edtima en un evento de relevancia internacional durante todo el curso escolar.<\/p>\n","protected":false},"excerpt":{"rendered":"<p>Durante la Copa Am\u00e9rica, 1.200 estudiantes de unos treinta centros [&hellip;]<\/p>\n","protected":false},"author":3,"featured_media":269710,"comment_status":"closed","ping_status":"closed","sticky":false,"template":"","format":"standard","meta":{"_uag_custom_page_level_css":"","site-sidebar-layout":"default","site-content-layout":"","ast-site-content-layout":"default","site-content-style":"default","site-sidebar-style":"default","ast-global-header-display":"","ast-banner-title-visibility":"","ast-main-header-display":"","ast-hfb-above-header-display":"","ast-hfb-below-header-display":"","ast-hfb-mobile-header-display":"","site-post-title":"","ast-breadcrumbs-content":"","ast-featured-img":"","footer-sml-layout":"","ast-disable-related-posts":"","theme-transparent-header-meta":"","adv-header-id-meta":"","stick-header-meta":"","header-above-stick-meta":"","header-main-stick-meta":"","header-below-stick-meta":"","astra-migrate-meta-layouts":"set","ast-page-background-enabled":"default","ast-page-background-meta":{"desktop":{"background-color":"","background-image":"","background-repeat":"repeat","background-position":"center center","background-size":"auto","background-attachment":"scroll","background-type":"","background-media":"","overlay-type":"","overlay-color":"","overlay-opacity":"","overlay-gradient":""},"tablet":{"background-color":"","background-image":"","background-repeat":"repeat","background-position":"center center","background-size":"auto","background-attachment":"scroll","background-type":"","background-media":"","overlay-type":"","overlay-color":"","overlay-opacity":"","overlay-gradient":""},"mobile":{"background-color":"","background-image":"","background-repeat":"repeat","background-position":"center center","background-size":"auto","background-attachment":"scroll","background-type":"","background-media":"","overlay-type":"","overlay-color":"","overlay-opacity":"","overlay-gradient":""}},"ast-content-background-meta":{"desktop":{"background-color":"var(--ast-global-color-5)","background-image":"","background-repeat":"repeat","background-position":"center center","background-size":"auto","background-attachment":"scroll","background-type":"","background-media":"","overlay-type":"","overlay-color":"","overlay-opacity":"","overlay-gradient":""},"tablet":{"background-color":"var(--ast-global-color-5)","background-image":"","background-repeat":"repeat","background-position":"center center","background-size":"auto","background-attachment":"scroll","background-type":"","background-media":"","overlay-type":"","overlay-color":"","overlay-opacity":"","overlay-gradient":""},"mobile":{"background-color":"var(--ast-global-color-5)","background-image":"","background-repeat":"repeat","background-position":"center center","background-size":"auto","background-attachment":"scroll","background-type":"","background-media":"","overlay-type":"","overlay-color":"","overlay-opacity":"","overlay-gradient":""}},"_price":"","_stock":"","_tribe_ticket_header":"","_tribe_default_ticket_provider":"","_tribe_ticket_capacity":"0","_ticket_start_date":"","_ticket_end_date":"","_tribe_ticket_show_description":"","_tribe_ticket_show_not_going":false,"_tribe_ticket_use_global_stock":"","_tribe_ticket_global_stock_level":"","_global_stock_mode":"","_global_stock_cap":"","_tribe_rsvp_for_event":"","_tribe_ticket_going_count":"","_tribe_ticket_not_going_count":"","_tribe_tickets_list":[],"_tribe_ticket_has_attendee_info_fields":false,"footnotes":""},"categories":[98,99],"tags":[115,117,114,124],"class_list":["post-269734","post","type-post","status-publish","format-standard","has-post-thumbnail","hentry","category-copa-america","category-educacion","tag-castellano","tag-catala-es","tag-copa-america-es-2","tag-educacio-es"],"yoast_head":"<!-- This site is optimized with the Yoast SEO plugin v27.5 - https:\/\/yoast.com\/product\/yoast-seo-wordpress\/ -->\n<title>La Copa Am\u00e9rica entra en las aulas con el programa educativo \u201cLa navegaci\u00f3n deportiva en el siglo XXI, un reto tecnol\u00f3gico\u201d - Barcelona Capital N\u00e0utica<\/title>\n<meta name=\"robots\" content=\"index, follow, max-snippet:-1, max-image-preview:large, max-video-preview:-1\" \/>\n<link rel=\"canonical\" href=\"https:\/\/www.barcelonacapitalnautica.org\/es\/la-copa-america-entra-en-las-aulas-con-el-programa-educativo-la-navegacion-deportiva-en-el-siglo-xxi-un-reto-tecnologico\/\" \/>\n<meta property=\"og:locale\" content=\"es_ES\" \/>\n<meta property=\"og:type\" content=\"article\" \/>\n<meta property=\"og:title\" content=\"La Copa Am\u00e9rica entra en las aulas con el programa educativo \u201cLa navegaci\u00f3n deportiva en el siglo XXI, un reto tecnol\u00f3gico\u201d - Barcelona Capital N\u00e0utica\" \/>\n<meta property=\"og:description\" content=\"Durante la Copa Am\u00e9rica, 1.200 estudiantes de unos treinta centros [&hellip;]\" \/>\n<meta property=\"og:url\" content=\"https:\/\/www.barcelonacapitalnautica.org\/es\/la-copa-america-entra-en-las-aulas-con-el-programa-educativo-la-navegacion-deportiva-en-el-siglo-xxi-un-reto-tecnologico\/\" \/>\n<meta property=\"og:site_name\" content=\"Barcelona Capital N\u00e0utica\" \/>\n<meta property=\"article:publisher\" content=\"https:\/\/www.facebook.com\/barcelonacapitalnautica\" \/>\n<meta property=\"article:published_time\" content=\"2024-10-30T07:57:38+00:00\" \/>\n<meta property=\"article:modified_time\" content=\"2024-10-30T11:25:22+00:00\" \/>\n<meta property=\"og:image\" content=\"https:\/\/www.barcelonacapitalnautica.org\/wp-content\/uploads\/2024\/10\/Noti-PECA.png\" \/>\n\t<meta property=\"og:image:width\" content=\"1140\" \/>\n\t<meta property=\"og:image:height\" content=\"440\" \/>\n\t<meta property=\"og:image:type\" content=\"image\/png\" \/>\n<meta name=\"author\" content=\"Cristina Martin\" \/>\n<meta name=\"twitter:card\" content=\"summary_large_image\" \/>\n<meta name=\"twitter:creator\" content=\"@bcnautica\" \/>\n<meta name=\"twitter:site\" content=\"@bcnautica\" \/>\n<meta name=\"twitter:label1\" content=\"Escrito por\" \/>\n\t<meta name=\"twitter:data1\" content=\"Cristina Martin\" \/>\n\t<meta name=\"twitter:label2\" content=\"Tiempo de lectura\" \/>\n\t<meta name=\"twitter:data2\" content=\"5 minutos\" \/>\n<script type=\"application\/ld+json\" class=\"yoast-schema-graph\">{\"@context\":\"https:\\\/\\\/schema.org\",\"@graph\":[{\"@type\":\"Article\",\"@id\":\"https:\\\/\\\/www.barcelonacapitalnautica.org\\\/es\\\/la-copa-america-entra-en-las-aulas-con-el-programa-educativo-la-navegacion-deportiva-en-el-siglo-xxi-un-reto-tecnologico\\\/#article\",\"isPartOf\":{\"@id\":\"https:\\\/\\\/www.barcelonacapitalnautica.org\\\/es\\\/la-copa-america-entra-en-las-aulas-con-el-programa-educativo-la-navegacion-deportiva-en-el-siglo-xxi-un-reto-tecnologico\\\/\"},\"author\":{\"name\":\"Cristina Martin\",\"@id\":\"https:\\\/\\\/www.barcelonacapitalnautica.org\\\/es\\\/#\\\/schema\\\/person\\\/f1a7b6cdf70e48856b35358258241493\"},\"headline\":\"La Copa Am\u00e9rica entra en las aulas con el programa educativo \u201cLa navegaci\u00f3n deportiva en el siglo XXI, un reto tecnol\u00f3gico\u201d\",\"datePublished\":\"2024-10-30T07:57:38+00:00\",\"dateModified\":\"2024-10-30T11:25:22+00:00\",\"mainEntityOfPage\":{\"@id\":\"https:\\\/\\\/www.barcelonacapitalnautica.org\\\/es\\\/la-copa-america-entra-en-las-aulas-con-el-programa-educativo-la-navegacion-deportiva-en-el-siglo-xxi-un-reto-tecnologico\\\/\"},\"wordCount\":837,\"publisher\":{\"@id\":\"https:\\\/\\\/www.barcelonacapitalnautica.org\\\/es\\\/#organization\"},\"image\":{\"@id\":\"https:\\\/\\\/www.barcelonacapitalnautica.org\\\/es\\\/la-copa-america-entra-en-las-aulas-con-el-programa-educativo-la-navegacion-deportiva-en-el-siglo-xxi-un-reto-tecnologico\\\/#primaryimage\"},\"thumbnailUrl\":\"https:\\\/\\\/www.barcelonacapitalnautica.org\\\/wp-content\\\/uploads\\\/2024\\\/10\\\/Noti-PECA.png\",\"keywords\":[\"castellano\",\"catal\u00e0\",\"Copa Am\u00e8rica\",\"Educaci\u00f3\"],\"articleSection\":[\"Copa Am\u00e9rica\",\"Educaci\u00f3n\"],\"inLanguage\":\"es\"},{\"@type\":\"WebPage\",\"@id\":\"https:\\\/\\\/www.barcelonacapitalnautica.org\\\/es\\\/la-copa-america-entra-en-las-aulas-con-el-programa-educativo-la-navegacion-deportiva-en-el-siglo-xxi-un-reto-tecnologico\\\/\",\"url\":\"https:\\\/\\\/www.barcelonacapitalnautica.org\\\/es\\\/la-copa-america-entra-en-las-aulas-con-el-programa-educativo-la-navegacion-deportiva-en-el-siglo-xxi-un-reto-tecnologico\\\/\",\"name\":\"La Copa Am\u00e9rica entra en las aulas con el programa educativo \u201cLa navegaci\u00f3n deportiva en el siglo XXI, un reto tecnol\u00f3gico\u201d - Barcelona Capital N\u00e0utica\",\"isPartOf\":{\"@id\":\"https:\\\/\\\/www.barcelonacapitalnautica.org\\\/es\\\/#website\"},\"primaryImageOfPage\":{\"@id\":\"https:\\\/\\\/www.barcelonacapitalnautica.org\\\/es\\\/la-copa-america-entra-en-las-aulas-con-el-programa-educativo-la-navegacion-deportiva-en-el-siglo-xxi-un-reto-tecnologico\\\/#primaryimage\"},\"image\":{\"@id\":\"https:\\\/\\\/www.barcelonacapitalnautica.org\\\/es\\\/la-copa-america-entra-en-las-aulas-con-el-programa-educativo-la-navegacion-deportiva-en-el-siglo-xxi-un-reto-tecnologico\\\/#primaryimage\"},\"thumbnailUrl\":\"https:\\\/\\\/www.barcelonacapitalnautica.org\\\/wp-content\\\/uploads\\\/2024\\\/10\\\/Noti-PECA.png\",\"datePublished\":\"2024-10-30T07:57:38+00:00\",\"dateModified\":\"2024-10-30T11:25:22+00:00\",\"breadcrumb\":{\"@id\":\"https:\\\/\\\/www.barcelonacapitalnautica.org\\\/es\\\/la-copa-america-entra-en-las-aulas-con-el-programa-educativo-la-navegacion-deportiva-en-el-siglo-xxi-un-reto-tecnologico\\\/#breadcrumb\"},\"inLanguage\":\"es\",\"potentialAction\":[{\"@type\":\"ReadAction\",\"target\":[\"https:\\\/\\\/www.barcelonacapitalnautica.org\\\/es\\\/la-copa-america-entra-en-las-aulas-con-el-programa-educativo-la-navegacion-deportiva-en-el-siglo-xxi-un-reto-tecnologico\\\/\"]}]},{\"@type\":\"ImageObject\",\"inLanguage\":\"es\",\"@id\":\"https:\\\/\\\/www.barcelonacapitalnautica.org\\\/es\\\/la-copa-america-entra-en-las-aulas-con-el-programa-educativo-la-navegacion-deportiva-en-el-siglo-xxi-un-reto-tecnologico\\\/#primaryimage\",\"url\":\"https:\\\/\\\/www.barcelonacapitalnautica.org\\\/wp-content\\\/uploads\\\/2024\\\/10\\\/Noti-PECA.png\",\"contentUrl\":\"https:\\\/\\\/www.barcelonacapitalnautica.org\\\/wp-content\\\/uploads\\\/2024\\\/10\\\/Noti-PECA.png\",\"width\":1140,\"height\":440},{\"@type\":\"BreadcrumbList\",\"@id\":\"https:\\\/\\\/www.barcelonacapitalnautica.org\\\/es\\\/la-copa-america-entra-en-las-aulas-con-el-programa-educativo-la-navegacion-deportiva-en-el-siglo-xxi-un-reto-tecnologico\\\/#breadcrumb\",\"itemListElement\":[{\"@type\":\"ListItem\",\"position\":1,\"name\":\"Inici\",\"item\":\"https:\\\/\\\/www.barcelonacapitalnautica.org\\\/es\\\/\"},{\"@type\":\"ListItem\",\"position\":2,\"name\":\"La Copa Am\u00e9rica entra en las aulas con el programa educativo \u201cLa navegaci\u00f3n deportiva en el siglo XXI, un reto tecnol\u00f3gico\u201d\"}]},{\"@type\":\"WebSite\",\"@id\":\"https:\\\/\\\/www.barcelonacapitalnautica.org\\\/es\\\/#website\",\"url\":\"https:\\\/\\\/www.barcelonacapitalnautica.org\\\/es\\\/\",\"name\":\"Barcelona Capital N\u00e0utica\",\"description\":\"Barcelona Capital N\u00e0utica\",\"publisher\":{\"@id\":\"https:\\\/\\\/www.barcelonacapitalnautica.org\\\/es\\\/#organization\"},\"alternateName\":\"BCN\u00e0utica, FBCN\",\"potentialAction\":[{\"@type\":\"SearchAction\",\"target\":{\"@type\":\"EntryPoint\",\"urlTemplate\":\"https:\\\/\\\/www.barcelonacapitalnautica.org\\\/es\\\/?s={search_term_string}\"},\"query-input\":{\"@type\":\"PropertyValueSpecification\",\"valueRequired\":true,\"valueName\":\"search_term_string\"}}],\"inLanguage\":\"es\"},{\"@type\":\"Organization\",\"@id\":\"https:\\\/\\\/www.barcelonacapitalnautica.org\\\/es\\\/#organization\",\"name\":\"Barcelona Capital N\u00e0utica\",\"alternateName\":\"Fundaci\u00f3 Barcelona Capital N\u00e0utica\",\"url\":\"https:\\\/\\\/www.barcelonacapitalnautica.org\\\/es\\\/\",\"logo\":{\"@type\":\"ImageObject\",\"inLanguage\":\"es\",\"@id\":\"https:\\\/\\\/www.barcelonacapitalnautica.org\\\/es\\\/#\\\/schema\\\/logo\\\/image\\\/\",\"url\":\"https:\\\/\\\/www.barcelonacapitalnautica.org\\\/wp-content\\\/uploads\\\/2023\\\/03\\\/Logo-blau.svg\",\"contentUrl\":\"https:\\\/\\\/www.barcelonacapitalnautica.org\\\/wp-content\\\/uploads\\\/2023\\\/03\\\/Logo-blau.svg\",\"width\":200,\"height\":58,\"caption\":\"Barcelona Capital N\u00e0utica\"},\"image\":{\"@id\":\"https:\\\/\\\/www.barcelonacapitalnautica.org\\\/es\\\/#\\\/schema\\\/logo\\\/image\\\/\"},\"sameAs\":[\"https:\\\/\\\/www.facebook.com\\\/barcelonacapitalnautica\",\"https:\\\/\\\/x.com\\\/bcnautica\",\"https:\\\/\\\/www.instagram.com\\\/bcnautica\\\/\",\"https:\\\/\\\/www.linkedin.com\\\/company\\\/barcelona-capital-nautica\"]},{\"@type\":\"Person\",\"@id\":\"https:\\\/\\\/www.barcelonacapitalnautica.org\\\/es\\\/#\\\/schema\\\/person\\\/f1a7b6cdf70e48856b35358258241493\",\"name\":\"Cristina Martin\"}]}<\/script>\n<!-- \/ Yoast SEO plugin. -->","yoast_head_json":{"title":"La Copa Am\u00e9rica entra en las aulas con el programa educativo \u201cLa navegaci\u00f3n deportiva en el siglo XXI, un reto tecnol\u00f3gico\u201d - Barcelona Capital N\u00e0utica","robots":{"index":"index","follow":"follow","max-snippet":"max-snippet:-1","max-image-preview":"max-image-preview:large","max-video-preview":"max-video-preview:-1"},"canonical":"https:\/\/www.barcelonacapitalnautica.org\/es\/la-copa-america-entra-en-las-aulas-con-el-programa-educativo-la-navegacion-deportiva-en-el-siglo-xxi-un-reto-tecnologico\/","og_locale":"es_ES","og_type":"article","og_title":"La Copa Am\u00e9rica entra en las aulas con el programa educativo \u201cLa navegaci\u00f3n deportiva en el siglo XXI, un reto tecnol\u00f3gico\u201d - Barcelona Capital N\u00e0utica","og_description":"Durante la Copa Am\u00e9rica, 1.200 estudiantes de unos treinta centros [&hellip;]","og_url":"https:\/\/www.barcelonacapitalnautica.org\/es\/la-copa-america-entra-en-las-aulas-con-el-programa-educativo-la-navegacion-deportiva-en-el-siglo-xxi-un-reto-tecnologico\/","og_site_name":"Barcelona Capital N\u00e0utica","article_publisher":"https:\/\/www.facebook.com\/barcelonacapitalnautica","article_published_time":"2024-10-30T07:57:38+00:00","article_modified_time":"2024-10-30T11:25:22+00:00","og_image":[{"width":1140,"height":440,"url":"https:\/\/www.barcelonacapitalnautica.org\/wp-content\/uploads\/2024\/10\/Noti-PECA.png","type":"image\/png"}],"author":"Cristina Martin","twitter_card":"summary_large_image","twitter_creator":"@bcnautica","twitter_site":"@bcnautica","twitter_misc":{"Escrito por":"Cristina Martin","Tiempo de lectura":"5 minutos"},"schema":{"@context":"https:\/\/schema.org","@graph":[{"@type":"Article","@id":"https:\/\/www.barcelonacapitalnautica.org\/es\/la-copa-america-entra-en-las-aulas-con-el-programa-educativo-la-navegacion-deportiva-en-el-siglo-xxi-un-reto-tecnologico\/#article","isPartOf":{"@id":"https:\/\/www.barcelonacapitalnautica.org\/es\/la-copa-america-entra-en-las-aulas-con-el-programa-educativo-la-navegacion-deportiva-en-el-siglo-xxi-un-reto-tecnologico\/"},"author":{"name":"Cristina Martin","@id":"https:\/\/www.barcelonacapitalnautica.org\/es\/#\/schema\/person\/f1a7b6cdf70e48856b35358258241493"},"headline":"La Copa Am\u00e9rica entra en las aulas con el programa educativo \u201cLa navegaci\u00f3n deportiva en el siglo XXI, un reto tecnol\u00f3gico\u201d","datePublished":"2024-10-30T07:57:38+00:00","dateModified":"2024-10-30T11:25:22+00:00","mainEntityOfPage":{"@id":"https:\/\/www.barcelonacapitalnautica.org\/es\/la-copa-america-entra-en-las-aulas-con-el-programa-educativo-la-navegacion-deportiva-en-el-siglo-xxi-un-reto-tecnologico\/"},"wordCount":837,"publisher":{"@id":"https:\/\/www.barcelonacapitalnautica.org\/es\/#organization"},"image":{"@id":"https:\/\/www.barcelonacapitalnautica.org\/es\/la-copa-america-entra-en-las-aulas-con-el-programa-educativo-la-navegacion-deportiva-en-el-siglo-xxi-un-reto-tecnologico\/#primaryimage"},"thumbnailUrl":"https:\/\/www.barcelonacapitalnautica.org\/wp-content\/uploads\/2024\/10\/Noti-PECA.png","keywords":["castellano","catal\u00e0","Copa Am\u00e8rica","Educaci\u00f3"],"articleSection":["Copa Am\u00e9rica","Educaci\u00f3n"],"inLanguage":"es"},{"@type":"WebPage","@id":"https:\/\/www.barcelonacapitalnautica.org\/es\/la-copa-america-entra-en-las-aulas-con-el-programa-educativo-la-navegacion-deportiva-en-el-siglo-xxi-un-reto-tecnologico\/","url":"https:\/\/www.barcelonacapitalnautica.org\/es\/la-copa-america-entra-en-las-aulas-con-el-programa-educativo-la-navegacion-deportiva-en-el-siglo-xxi-un-reto-tecnologico\/","name":"La Copa Am\u00e9rica entra en las aulas con el programa educativo \u201cLa navegaci\u00f3n deportiva en el siglo XXI, un reto tecnol\u00f3gico\u201d - Barcelona Capital N\u00e0utica","isPartOf":{"@id":"https:\/\/www.barcelonacapitalnautica.org\/es\/#website"},"primaryImageOfPage":{"@id":"https:\/\/www.barcelonacapitalnautica.org\/es\/la-copa-america-entra-en-las-aulas-con-el-programa-educativo-la-navegacion-deportiva-en-el-siglo-xxi-un-reto-tecnologico\/#primaryimage"},"image":{"@id":"https:\/\/www.barcelonacapitalnautica.org\/es\/la-copa-america-entra-en-las-aulas-con-el-programa-educativo-la-navegacion-deportiva-en-el-siglo-xxi-un-reto-tecnologico\/#primaryimage"},"thumbnailUrl":"https:\/\/www.barcelonacapitalnautica.org\/wp-content\/uploads\/2024\/10\/Noti-PECA.png","datePublished":"2024-10-30T07:57:38+00:00","dateModified":"2024-10-30T11:25:22+00:00","breadcrumb":{"@id":"https:\/\/www.barcelonacapitalnautica.org\/es\/la-copa-america-entra-en-las-aulas-con-el-programa-educativo-la-navegacion-deportiva-en-el-siglo-xxi-un-reto-tecnologico\/#breadcrumb"},"inLanguage":"es","potentialAction":[{"@type":"ReadAction","target":["https:\/\/www.barcelonacapitalnautica.org\/es\/la-copa-america-entra-en-las-aulas-con-el-programa-educativo-la-navegacion-deportiva-en-el-siglo-xxi-un-reto-tecnologico\/"]}]},{"@type":"ImageObject","inLanguage":"es","@id":"https:\/\/www.barcelonacapitalnautica.org\/es\/la-copa-america-entra-en-las-aulas-con-el-programa-educativo-la-navegacion-deportiva-en-el-siglo-xxi-un-reto-tecnologico\/#primaryimage","url":"https:\/\/www.barcelonacapitalnautica.org\/wp-content\/uploads\/2024\/10\/Noti-PECA.png","contentUrl":"https:\/\/www.barcelonacapitalnautica.org\/wp-content\/uploads\/2024\/10\/Noti-PECA.png","width":1140,"height":440},{"@type":"BreadcrumbList","@id":"https:\/\/www.barcelonacapitalnautica.org\/es\/la-copa-america-entra-en-las-aulas-con-el-programa-educativo-la-navegacion-deportiva-en-el-siglo-xxi-un-reto-tecnologico\/#breadcrumb","itemListElement":[{"@type":"ListItem","position":1,"name":"Inici","item":"https:\/\/www.barcelonacapitalnautica.org\/es\/"},{"@type":"ListItem","position":2,"name":"La Copa Am\u00e9rica entra en las aulas con el programa educativo \u201cLa navegaci\u00f3n deportiva en el siglo XXI, un reto tecnol\u00f3gico\u201d"}]},{"@type":"WebSite","@id":"https:\/\/www.barcelonacapitalnautica.org\/es\/#website","url":"https:\/\/www.barcelonacapitalnautica.org\/es\/","name":"Barcelona Capital N\u00e0utica","description":"Barcelona Capital N\u00e0utica","publisher":{"@id":"https:\/\/www.barcelonacapitalnautica.org\/es\/#organization"},"alternateName":"BCN\u00e0utica, FBCN","potentialAction":[{"@type":"SearchAction","target":{"@type":"EntryPoint","urlTemplate":"https:\/\/www.barcelonacapitalnautica.org\/es\/?s={search_term_string}"},"query-input":{"@type":"PropertyValueSpecification","valueRequired":true,"valueName":"search_term_string"}}],"inLanguage":"es"},{"@type":"Organization","@id":"https:\/\/www.barcelonacapitalnautica.org\/es\/#organization","name":"Barcelona Capital N\u00e0utica","alternateName":"Fundaci\u00f3 Barcelona Capital N\u00e0utica","url":"https:\/\/www.barcelonacapitalnautica.org\/es\/","logo":{"@type":"ImageObject","inLanguage":"es","@id":"https:\/\/www.barcelonacapitalnautica.org\/es\/#\/schema\/logo\/image\/","url":"https:\/\/www.barcelonacapitalnautica.org\/wp-content\/uploads\/2023\/03\/Logo-blau.svg","contentUrl":"https:\/\/www.barcelonacapitalnautica.org\/wp-content\/uploads\/2023\/03\/Logo-blau.svg","width":200,"height":58,"caption":"Barcelona Capital N\u00e0utica"},"image":{"@id":"https:\/\/www.barcelonacapitalnautica.org\/es\/#\/schema\/logo\/image\/"},"sameAs":["https:\/\/www.facebook.com\/barcelonacapitalnautica","https:\/\/x.com\/bcnautica","https:\/\/www.instagram.com\/bcnautica\/","https:\/\/www.linkedin.com\/company\/barcelona-capital-nautica"]},{"@type":"Person","@id":"https:\/\/www.barcelonacapitalnautica.org\/es\/#\/schema\/person\/f1a7b6cdf70e48856b35358258241493","name":"Cristina Martin"}]}},"uagb_featured_image_src":{"full":["https:\/\/www.barcelonacapitalnautica.org\/wp-content\/uploads\/2024\/10\/Noti-PECA.png",1140,440,false],"thumbnail":["https:\/\/www.barcelonacapitalnautica.org\/wp-content\/uploads\/2024\/10\/Noti-PECA-380x147.png",380,147,true],"medium":["https:\/\/www.barcelonacapitalnautica.org\/wp-content\/uploads\/2024\/10\/Noti-PECA-560x216.png",560,216,true],"medium_large":["https:\/\/www.barcelonacapitalnautica.org\/wp-content\/uploads\/2024\/10\/Noti-PECA-768x296.png",768,296,true],"large":["https:\/\/www.barcelonacapitalnautica.org\/wp-content\/uploads\/2024\/10\/Noti-PECA-900x347.png",900,347,true],"1536x1536":["https:\/\/www.barcelonacapitalnautica.org\/wp-content\/uploads\/2024\/10\/Noti-PECA.png",1140,440,false],"2048x2048":["https:\/\/www.barcelonacapitalnautica.org\/wp-content\/uploads\/2024\/10\/Noti-PECA.png",1140,440,false]},"uagb_author_info":{"display_name":"Cristina Martin","author_link":"https:\/\/www.barcelonacapitalnautica.org\/es\/author\/fbcn_cristina\/"},"uagb_comment_info":0,"uagb_excerpt":"Durante la Copa Am\u00e9rica, 1.200 estudiantes de unos treinta centros [&hellip;]","_links":{"self":[{"href":"https:\/\/www.barcelonacapitalnautica.org\/es\/wp-json\/wp\/v2\/posts\/269734","targetHints":{"allow":["GET"]}}],"collection":[{"href":"https:\/\/www.barcelonacapitalnautica.org\/es\/wp-json\/wp\/v2\/posts"}],"about":[{"href":"https:\/\/www.barcelonacapitalnautica.org\/es\/wp-json\/wp\/v2\/types\/post"}],"author":[{"embeddable":true,"href":"https:\/\/www.barcelonacapitalnautica.org\/es\/wp-json\/wp\/v2\/users\/3"}],"replies":[{"embeddable":true,"href":"https:\/\/www.barcelonacapitalnautica.org\/es\/wp-json\/wp\/v2\/comments?post=269734"}],"version-history":[{"count":1,"href":"https:\/\/www.barcelonacapitalnautica.org\/es\/wp-json\/wp\/v2\/posts\/269734\/revisions"}],"predecessor-version":[{"id":269736,"href":"https:\/\/www.barcelonacapitalnautica.org\/es\/wp-json\/wp\/v2\/posts\/269734\/revisions\/269736"}],"wp:featuredmedia":[{"embeddable":true,"href":"https:\/\/www.barcelonacapitalnautica.org\/es\/wp-json\/wp\/v2\/media\/269710"}],"wp:attachment":[{"href":"https:\/\/www.barcelonacapitalnautica.org\/es\/wp-json\/wp\/v2\/media?parent=269734"}],"wp:term":[{"taxonomy":"category","embeddable":true,"href":"https:\/\/www.barcelonacapitalnautica.org\/es\/wp-json\/wp\/v2\/categories?post=269734"},{"taxonomy":"post_tag","embeddable":true,"href":"https:\/\/www.barcelonacapitalnautica.org\/es\/wp-json\/wp\/v2\/tags?post=269734"}],"curies":[{"name":"wp","href":"https:\/\/api.w.org\/{rel}","templated":true}]}}