{"id":270446,"date":"2025-01-01T13:30:08","date_gmt":"2025-01-01T12:30:08","guid":{"rendered":"https:\/\/www.barcelonacapitalnautica.org\/?p=270446"},"modified":"2025-01-08T15:03:58","modified_gmt":"2025-01-08T14:03:58","slug":"barcelona-capital-nautica-nomena-el-seu-nou-director-general-laurea-fanega-macias","status":"publish","type":"post","link":"https:\/\/www.barcelonacapitalnautica.org\/es\/barcelona-capital-nautica-nomena-el-seu-nou-director-general-laurea-fanega-macias\/","title":{"rendered":"Barcelona Capital N\u00e0utica nombra a su nuevo director general, Laure\u00e0 Fanega Mac\u00edas"},"content":{"rendered":"\n<p>Estamos contentos de anunciar que Laure\u00e0 Fanega Mac\u00edas es el nuevo director general de la Fundaci\u00f3 Barcelona Capital N\u00e0utica. El nuevo director general es una figura con una trayectoria extensa y destacada en la gesti\u00f3n p\u00fablica y deportiva y toma el relevo a Ignasi Armengol, quien ha estado al frente de la fundaci\u00f3n desde su creaci\u00f3n en 2022 y que ha liderado su transformaci\u00f3n ampliando su misi\u00f3n, entre la que ha habido la coordinaci\u00f3n de todas las administraciones en la celebraci\u00f3n de la Copa Am\u00e9rica en Barcelona.<\/p>\n\n\n\n<p>Fanega (Viladecans, 1972) es Doctor en Ciencias de la Actividad F\u00edsica y el Deporte y cuenta con una extensa formaci\u00f3n superior en direcci\u00f3n y gesti\u00f3n p\u00fablica, as\u00ed como <em>public affairs<\/em>, entre otras titulaciones relevantes. Profesionalmente, ha ejercido como Delegado del Gobierno de la Generalitat de Catalunya en \u00c1frica Meridional, donde ha liderado proyectos estrat\u00e9gicos en contextos internacionales, as\u00ed como en varios cargos de gesti\u00f3n deportiva municipal, incluyendo la direcci\u00f3n del Servicio de Deportes en Hospitalet de Llobregat y El Prat de Llobregat. Esta experiencia le ha permitido combinar exitosamente la planificaci\u00f3n estrat\u00e9gica, la optimizaci\u00f3n de recursos y la innovaci\u00f3n en la gesti\u00f3n de infraestructuras deportivas.<\/p>\n\n\n\n<div class=\"wp-block-uagb-image uagb-block-acf4c821 wp-block-uagb-image--layout-default wp-block-uagb-image--effect-static wp-block-uagb-image--align-none\"><figure class=\"wp-block-uagb-image__figure\"><img decoding=\"async\" srcset=\"https:\/\/www.barcelonacapitalnautica.org\/wp-content\/uploads\/2025\/01\/Laurea-Fanega_nou-DG-de-FBCN-312x380.png ,https:\/\/www.barcelonacapitalnautica.org\/wp-content\/uploads\/2025\/01\/Laurea-Fanega_nou-DG-de-FBCN.png 780w, https:\/\/www.barcelonacapitalnautica.org\/wp-content\/uploads\/2025\/01\/Laurea-Fanega_nou-DG-de-FBCN.png 360w\" sizes=\"auto, (max-width: 480px) 150px\" src=\"https:\/\/www.barcelonacapitalnautica.org\/wp-content\/uploads\/2025\/01\/Laurea-Fanega_nou-DG-de-FBCN-312x380.png\" alt=\"\" class=\"uag-image-270457\" width=\"312\" height=\"380\" title=\"Laurea-Fanega_nou-DG-de-FBCN\" loading=\"lazy\" role=\"img\"\/><\/figure><\/div>\n\n\n\n<p><\/p>\n\n\n\n<p>Con esta nueva incorporaci\u00f3n, la Fundaci\u00f3n se refuerza por afrontar nuevos retos en la promoci\u00f3n de la n\u00e1utica y la econom\u00eda azul como elemento clave del desarrollo deportivo, social y econ\u00f3mico del territorio.<\/p>\n","protected":false},"excerpt":{"rendered":"<p>Estamos contentos de anunciar que Laure\u00e0 Fanega Mac\u00edas es el [&hellip;]<\/p>\n","protected":false},"author":3,"featured_media":270447,"comment_status":"closed","ping_status":"closed","sticky":false,"template":"","format":"standard","meta":{"_uag_custom_page_level_css":"","site-sidebar-layout":"default","site-content-layout":"","ast-site-content-layout":"default","site-content-style":"default","site-sidebar-style":"default","ast-global-header-display":"","ast-banner-title-visibility":"","ast-main-header-display":"","ast-hfb-above-header-display":"","ast-hfb-below-header-display":"","ast-hfb-mobile-header-display":"","site-post-title":"","ast-breadcrumbs-content":"","ast-featured-img":"","footer-sml-layout":"","ast-disable-related-posts":"","theme-transparent-header-meta":"","adv-header-id-meta":"","stick-header-meta":"","header-above-stick-meta":"","header-main-stick-meta":"","header-below-stick-meta":"","astra-migrate-meta-layouts":"set","ast-page-background-enabled":"default","ast-page-background-meta":{"desktop":{"background-color":"","background-image":"","background-repeat":"repeat","background-position":"center center","background-size":"auto","background-attachment":"scroll","background-type":"","background-media":"","overlay-type":"","overlay-color":"","overlay-opacity":"","overlay-gradient":""},"tablet":{"background-color":"","background-image":"","background-repeat":"repeat","background-position":"center center","background-size":"auto","background-attachment":"scroll","background-type":"","background-media":"","overlay-type":"","overlay-color":"","overlay-opacity":"","overlay-gradient":""},"mobile":{"background-color":"","background-image":"","background-repeat":"repeat","background-position":"center center","background-size":"auto","background-attachment":"scroll","background-type":"","background-media":"","overlay-type":"","overlay-color":"","overlay-opacity":"","overlay-gradient":""}},"ast-content-background-meta":{"desktop":{"background-color":"var(--ast-global-color-5)","background-image":"","background-repeat":"repeat","background-position":"center center","background-size":"auto","background-attachment":"scroll","background-type":"","background-media":"","overlay-type":"","overlay-color":"","overlay-opacity":"","overlay-gradient":""},"tablet":{"background-color":"var(--ast-global-color-5)","background-image":"","background-repeat":"repeat","background-position":"center center","background-size":"auto","background-attachment":"scroll","background-type":"","background-media":"","overlay-type":"","overlay-color":"","overlay-opacity":"","overlay-gradient":""},"mobile":{"background-color":"var(--ast-global-color-5)","background-image":"","background-repeat":"repeat","background-position":"center center","background-size":"auto","background-attachment":"scroll","background-type":"","background-media":"","overlay-type":"","overlay-color":"","overlay-opacity":"","overlay-gradient":""}},"_price":"","_stock":"","_tribe_ticket_header":"","_tribe_default_ticket_provider":"","_tribe_ticket_capacity":"0","_ticket_start_date":"","_ticket_end_date":"","_tribe_ticket_show_description":"","_tribe_ticket_show_not_going":false,"_tribe_ticket_use_global_stock":"","_tribe_ticket_global_stock_level":"","_global_stock_mode":"","_global_stock_cap":"","_tribe_rsvp_for_event":"","_tribe_ticket_going_count":"","_tribe_ticket_not_going_count":"","_tribe_tickets_list":[],"_tribe_ticket_has_attendee_info_fields":false,"footnotes":""},"categories":[97],"tags":[115],"class_list":["post-270446","post","type-post","status-publish","format-standard","has-post-thumbnail","hentry","category-bcnautica","tag-castellano"],"yoast_head":"<!-- This site is optimized with the Yoast SEO plugin v27.5 - https:\/\/yoast.com\/product\/yoast-seo-wordpress\/ -->\n<title>Barcelona Capital N\u00e0utica nombra a su nuevo director general, Laure\u00e0 Fanega Mac\u00edas - Barcelona Capital N\u00e0utica<\/title>\n<meta name=\"robots\" content=\"index, follow, max-snippet:-1, max-image-preview:large, max-video-preview:-1\" \/>\n<link rel=\"canonical\" href=\"https:\/\/www.barcelonacapitalnautica.org\/es\/barcelona-capital-nautica-nomena-el-seu-nou-director-general-laurea-fanega-macias\/\" \/>\n<meta property=\"og:locale\" content=\"es_ES\" \/>\n<meta property=\"og:type\" content=\"article\" \/>\n<meta property=\"og:title\" content=\"Barcelona Capital N\u00e0utica nombra a su nuevo director general, Laure\u00e0 Fanega Mac\u00edas - Barcelona Capital N\u00e0utica\" \/>\n<meta property=\"og:description\" content=\"Estamos contentos de anunciar que Laure\u00e0 Fanega Mac\u00edas es el [&hellip;]\" \/>\n<meta property=\"og:url\" content=\"https:\/\/www.barcelonacapitalnautica.org\/es\/barcelona-capital-nautica-nomena-el-seu-nou-director-general-laurea-fanega-macias\/\" \/>\n<meta property=\"og:site_name\" content=\"Barcelona Capital N\u00e0utica\" \/>\n<meta property=\"article:publisher\" content=\"https:\/\/www.facebook.com\/barcelonacapitalnautica\" \/>\n<meta property=\"article:published_time\" content=\"2025-01-01T12:30:08+00:00\" \/>\n<meta property=\"article:modified_time\" content=\"2025-01-08T14:03:58+00:00\" \/>\n<meta property=\"og:image\" content=\"https:\/\/www.barcelonacapitalnautica.org\/wp-content\/uploads\/2025\/01\/Noti-Nou-director.png\" \/>\n\t<meta property=\"og:image:width\" content=\"1140\" \/>\n\t<meta property=\"og:image:height\" content=\"440\" \/>\n\t<meta property=\"og:image:type\" content=\"image\/png\" \/>\n<meta name=\"author\" content=\"Cristina Martin\" \/>\n<meta name=\"twitter:card\" content=\"summary_large_image\" \/>\n<meta name=\"twitter:creator\" content=\"@bcnautica\" \/>\n<meta name=\"twitter:site\" content=\"@bcnautica\" \/>\n<meta name=\"twitter:label1\" content=\"Escrito por\" \/>\n\t<meta name=\"twitter:data1\" content=\"Cristina Martin\" \/>\n\t<meta name=\"twitter:label2\" content=\"Tiempo de lectura\" \/>\n\t<meta name=\"twitter:data2\" content=\"2 minutos\" \/>\n<script type=\"application\/ld+json\" class=\"yoast-schema-graph\">{\"@context\":\"https:\\\/\\\/schema.org\",\"@graph\":[{\"@type\":\"Article\",\"@id\":\"https:\\\/\\\/www.barcelonacapitalnautica.org\\\/es\\\/barcelona-capital-nautica-nomena-el-seu-nou-director-general-laurea-fanega-macias\\\/#article\",\"isPartOf\":{\"@id\":\"https:\\\/\\\/www.barcelonacapitalnautica.org\\\/es\\\/barcelona-capital-nautica-nomena-el-seu-nou-director-general-laurea-fanega-macias\\\/\"},\"author\":{\"name\":\"Cristina Martin\",\"@id\":\"https:\\\/\\\/www.barcelonacapitalnautica.org\\\/es\\\/#\\\/schema\\\/person\\\/f1a7b6cdf70e48856b35358258241493\"},\"headline\":\"Barcelona Capital N\u00e0utica nombra a su nuevo director general, Laure\u00e0 Fanega Mac\u00edas\",\"datePublished\":\"2025-01-01T12:30:08+00:00\",\"dateModified\":\"2025-01-08T14:03:58+00:00\",\"mainEntityOfPage\":{\"@id\":\"https:\\\/\\\/www.barcelonacapitalnautica.org\\\/es\\\/barcelona-capital-nautica-nomena-el-seu-nou-director-general-laurea-fanega-macias\\\/\"},\"wordCount\":267,\"publisher\":{\"@id\":\"https:\\\/\\\/www.barcelonacapitalnautica.org\\\/es\\\/#organization\"},\"image\":{\"@id\":\"https:\\\/\\\/www.barcelonacapitalnautica.org\\\/es\\\/barcelona-capital-nautica-nomena-el-seu-nou-director-general-laurea-fanega-macias\\\/#primaryimage\"},\"thumbnailUrl\":\"https:\\\/\\\/www.barcelonacapitalnautica.org\\\/wp-content\\\/uploads\\\/2025\\\/01\\\/Noti-Nou-director.png\",\"keywords\":[\"castellano\"],\"articleSection\":[\"Barcelona Capital N\u00e0utica\"],\"inLanguage\":\"es\"},{\"@type\":\"WebPage\",\"@id\":\"https:\\\/\\\/www.barcelonacapitalnautica.org\\\/es\\\/barcelona-capital-nautica-nomena-el-seu-nou-director-general-laurea-fanega-macias\\\/\",\"url\":\"https:\\\/\\\/www.barcelonacapitalnautica.org\\\/es\\\/barcelona-capital-nautica-nomena-el-seu-nou-director-general-laurea-fanega-macias\\\/\",\"name\":\"Barcelona Capital N\u00e0utica nombra a su nuevo director general, Laure\u00e0 Fanega Mac\u00edas - Barcelona Capital N\u00e0utica\",\"isPartOf\":{\"@id\":\"https:\\\/\\\/www.barcelonacapitalnautica.org\\\/es\\\/#website\"},\"primaryImageOfPage\":{\"@id\":\"https:\\\/\\\/www.barcelonacapitalnautica.org\\\/es\\\/barcelona-capital-nautica-nomena-el-seu-nou-director-general-laurea-fanega-macias\\\/#primaryimage\"},\"image\":{\"@id\":\"https:\\\/\\\/www.barcelonacapitalnautica.org\\\/es\\\/barcelona-capital-nautica-nomena-el-seu-nou-director-general-laurea-fanega-macias\\\/#primaryimage\"},\"thumbnailUrl\":\"https:\\\/\\\/www.barcelonacapitalnautica.org\\\/wp-content\\\/uploads\\\/2025\\\/01\\\/Noti-Nou-director.png\",\"datePublished\":\"2025-01-01T12:30:08+00:00\",\"dateModified\":\"2025-01-08T14:03:58+00:00\",\"breadcrumb\":{\"@id\":\"https:\\\/\\\/www.barcelonacapitalnautica.org\\\/es\\\/barcelona-capital-nautica-nomena-el-seu-nou-director-general-laurea-fanega-macias\\\/#breadcrumb\"},\"inLanguage\":\"es\",\"potentialAction\":[{\"@type\":\"ReadAction\",\"target\":[\"https:\\\/\\\/www.barcelonacapitalnautica.org\\\/es\\\/barcelona-capital-nautica-nomena-el-seu-nou-director-general-laurea-fanega-macias\\\/\"]}]},{\"@type\":\"ImageObject\",\"inLanguage\":\"es\",\"@id\":\"https:\\\/\\\/www.barcelonacapitalnautica.org\\\/es\\\/barcelona-capital-nautica-nomena-el-seu-nou-director-general-laurea-fanega-macias\\\/#primaryimage\",\"url\":\"https:\\\/\\\/www.barcelonacapitalnautica.org\\\/wp-content\\\/uploads\\\/2025\\\/01\\\/Noti-Nou-director.png\",\"contentUrl\":\"https:\\\/\\\/www.barcelonacapitalnautica.org\\\/wp-content\\\/uploads\\\/2025\\\/01\\\/Noti-Nou-director.png\",\"width\":1140,\"height\":440},{\"@type\":\"BreadcrumbList\",\"@id\":\"https:\\\/\\\/www.barcelonacapitalnautica.org\\\/es\\\/barcelona-capital-nautica-nomena-el-seu-nou-director-general-laurea-fanega-macias\\\/#breadcrumb\",\"itemListElement\":[{\"@type\":\"ListItem\",\"position\":1,\"name\":\"Inici\",\"item\":\"https:\\\/\\\/www.barcelonacapitalnautica.org\\\/es\\\/\"},{\"@type\":\"ListItem\",\"position\":2,\"name\":\"Barcelona Capital N\u00e0utica nombra a su nuevo director general, Laure\u00e0 Fanega Mac\u00edas\"}]},{\"@type\":\"WebSite\",\"@id\":\"https:\\\/\\\/www.barcelonacapitalnautica.org\\\/es\\\/#website\",\"url\":\"https:\\\/\\\/www.barcelonacapitalnautica.org\\\/es\\\/\",\"name\":\"Barcelona Capital N\u00e0utica\",\"description\":\"Barcelona Capital N\u00e0utica\",\"publisher\":{\"@id\":\"https:\\\/\\\/www.barcelonacapitalnautica.org\\\/es\\\/#organization\"},\"alternateName\":\"BCN\u00e0utica, FBCN\",\"potentialAction\":[{\"@type\":\"SearchAction\",\"target\":{\"@type\":\"EntryPoint\",\"urlTemplate\":\"https:\\\/\\\/www.barcelonacapitalnautica.org\\\/es\\\/?s={search_term_string}\"},\"query-input\":{\"@type\":\"PropertyValueSpecification\",\"valueRequired\":true,\"valueName\":\"search_term_string\"}}],\"inLanguage\":\"es\"},{\"@type\":\"Organization\",\"@id\":\"https:\\\/\\\/www.barcelonacapitalnautica.org\\\/es\\\/#organization\",\"name\":\"Barcelona Capital N\u00e0utica\",\"alternateName\":\"Fundaci\u00f3 Barcelona Capital N\u00e0utica\",\"url\":\"https:\\\/\\\/www.barcelonacapitalnautica.org\\\/es\\\/\",\"logo\":{\"@type\":\"ImageObject\",\"inLanguage\":\"es\",\"@id\":\"https:\\\/\\\/www.barcelonacapitalnautica.org\\\/es\\\/#\\\/schema\\\/logo\\\/image\\\/\",\"url\":\"https:\\\/\\\/www.barcelonacapitalnautica.org\\\/wp-content\\\/uploads\\\/2023\\\/03\\\/Logo-blau.svg\",\"contentUrl\":\"https:\\\/\\\/www.barcelonacapitalnautica.org\\\/wp-content\\\/uploads\\\/2023\\\/03\\\/Logo-blau.svg\",\"width\":200,\"height\":58,\"caption\":\"Barcelona Capital N\u00e0utica\"},\"image\":{\"@id\":\"https:\\\/\\\/www.barcelonacapitalnautica.org\\\/es\\\/#\\\/schema\\\/logo\\\/image\\\/\"},\"sameAs\":[\"https:\\\/\\\/www.facebook.com\\\/barcelonacapitalnautica\",\"https:\\\/\\\/x.com\\\/bcnautica\",\"https:\\\/\\\/www.instagram.com\\\/bcnautica\\\/\",\"https:\\\/\\\/www.linkedin.com\\\/company\\\/barcelona-capital-nautica\"]},{\"@type\":\"Person\",\"@id\":\"https:\\\/\\\/www.barcelonacapitalnautica.org\\\/es\\\/#\\\/schema\\\/person\\\/f1a7b6cdf70e48856b35358258241493\",\"name\":\"Cristina Martin\"}]}<\/script>\n<!-- \/ Yoast SEO plugin. -->","yoast_head_json":{"title":"Barcelona Capital N\u00e0utica nombra a su nuevo director general, Laure\u00e0 Fanega Mac\u00edas - Barcelona Capital N\u00e0utica","robots":{"index":"index","follow":"follow","max-snippet":"max-snippet:-1","max-image-preview":"max-image-preview:large","max-video-preview":"max-video-preview:-1"},"canonical":"https:\/\/www.barcelonacapitalnautica.org\/es\/barcelona-capital-nautica-nomena-el-seu-nou-director-general-laurea-fanega-macias\/","og_locale":"es_ES","og_type":"article","og_title":"Barcelona Capital N\u00e0utica nombra a su nuevo director general, Laure\u00e0 Fanega Mac\u00edas - Barcelona Capital N\u00e0utica","og_description":"Estamos contentos de anunciar que Laure\u00e0 Fanega Mac\u00edas es el [&hellip;]","og_url":"https:\/\/www.barcelonacapitalnautica.org\/es\/barcelona-capital-nautica-nomena-el-seu-nou-director-general-laurea-fanega-macias\/","og_site_name":"Barcelona Capital N\u00e0utica","article_publisher":"https:\/\/www.facebook.com\/barcelonacapitalnautica","article_published_time":"2025-01-01T12:30:08+00:00","article_modified_time":"2025-01-08T14:03:58+00:00","og_image":[{"width":1140,"height":440,"url":"https:\/\/www.barcelonacapitalnautica.org\/wp-content\/uploads\/2025\/01\/Noti-Nou-director.png","type":"image\/png"}],"author":"Cristina Martin","twitter_card":"summary_large_image","twitter_creator":"@bcnautica","twitter_site":"@bcnautica","twitter_misc":{"Escrito por":"Cristina Martin","Tiempo de lectura":"2 minutos"},"schema":{"@context":"https:\/\/schema.org","@graph":[{"@type":"Article","@id":"https:\/\/www.barcelonacapitalnautica.org\/es\/barcelona-capital-nautica-nomena-el-seu-nou-director-general-laurea-fanega-macias\/#article","isPartOf":{"@id":"https:\/\/www.barcelonacapitalnautica.org\/es\/barcelona-capital-nautica-nomena-el-seu-nou-director-general-laurea-fanega-macias\/"},"author":{"name":"Cristina Martin","@id":"https:\/\/www.barcelonacapitalnautica.org\/es\/#\/schema\/person\/f1a7b6cdf70e48856b35358258241493"},"headline":"Barcelona Capital N\u00e0utica nombra a su nuevo director general, Laure\u00e0 Fanega Mac\u00edas","datePublished":"2025-01-01T12:30:08+00:00","dateModified":"2025-01-08T14:03:58+00:00","mainEntityOfPage":{"@id":"https:\/\/www.barcelonacapitalnautica.org\/es\/barcelona-capital-nautica-nomena-el-seu-nou-director-general-laurea-fanega-macias\/"},"wordCount":267,"publisher":{"@id":"https:\/\/www.barcelonacapitalnautica.org\/es\/#organization"},"image":{"@id":"https:\/\/www.barcelonacapitalnautica.org\/es\/barcelona-capital-nautica-nomena-el-seu-nou-director-general-laurea-fanega-macias\/#primaryimage"},"thumbnailUrl":"https:\/\/www.barcelonacapitalnautica.org\/wp-content\/uploads\/2025\/01\/Noti-Nou-director.png","keywords":["castellano"],"articleSection":["Barcelona Capital N\u00e0utica"],"inLanguage":"es"},{"@type":"WebPage","@id":"https:\/\/www.barcelonacapitalnautica.org\/es\/barcelona-capital-nautica-nomena-el-seu-nou-director-general-laurea-fanega-macias\/","url":"https:\/\/www.barcelonacapitalnautica.org\/es\/barcelona-capital-nautica-nomena-el-seu-nou-director-general-laurea-fanega-macias\/","name":"Barcelona Capital N\u00e0utica nombra a su nuevo director general, Laure\u00e0 Fanega Mac\u00edas - Barcelona Capital N\u00e0utica","isPartOf":{"@id":"https:\/\/www.barcelonacapitalnautica.org\/es\/#website"},"primaryImageOfPage":{"@id":"https:\/\/www.barcelonacapitalnautica.org\/es\/barcelona-capital-nautica-nomena-el-seu-nou-director-general-laurea-fanega-macias\/#primaryimage"},"image":{"@id":"https:\/\/www.barcelonacapitalnautica.org\/es\/barcelona-capital-nautica-nomena-el-seu-nou-director-general-laurea-fanega-macias\/#primaryimage"},"thumbnailUrl":"https:\/\/www.barcelonacapitalnautica.org\/wp-content\/uploads\/2025\/01\/Noti-Nou-director.png","datePublished":"2025-01-01T12:30:08+00:00","dateModified":"2025-01-08T14:03:58+00:00","breadcrumb":{"@id":"https:\/\/www.barcelonacapitalnautica.org\/es\/barcelona-capital-nautica-nomena-el-seu-nou-director-general-laurea-fanega-macias\/#breadcrumb"},"inLanguage":"es","potentialAction":[{"@type":"ReadAction","target":["https:\/\/www.barcelonacapitalnautica.org\/es\/barcelona-capital-nautica-nomena-el-seu-nou-director-general-laurea-fanega-macias\/"]}]},{"@type":"ImageObject","inLanguage":"es","@id":"https:\/\/www.barcelonacapitalnautica.org\/es\/barcelona-capital-nautica-nomena-el-seu-nou-director-general-laurea-fanega-macias\/#primaryimage","url":"https:\/\/www.barcelonacapitalnautica.org\/wp-content\/uploads\/2025\/01\/Noti-Nou-director.png","contentUrl":"https:\/\/www.barcelonacapitalnautica.org\/wp-content\/uploads\/2025\/01\/Noti-Nou-director.png","width":1140,"height":440},{"@type":"BreadcrumbList","@id":"https:\/\/www.barcelonacapitalnautica.org\/es\/barcelona-capital-nautica-nomena-el-seu-nou-director-general-laurea-fanega-macias\/#breadcrumb","itemListElement":[{"@type":"ListItem","position":1,"name":"Inici","item":"https:\/\/www.barcelonacapitalnautica.org\/es\/"},{"@type":"ListItem","position":2,"name":"Barcelona Capital N\u00e0utica nombra a su nuevo director general, Laure\u00e0 Fanega Mac\u00edas"}]},{"@type":"WebSite","@id":"https:\/\/www.barcelonacapitalnautica.org\/es\/#website","url":"https:\/\/www.barcelonacapitalnautica.org\/es\/","name":"Barcelona Capital N\u00e0utica","description":"Barcelona Capital N\u00e0utica","publisher":{"@id":"https:\/\/www.barcelonacapitalnautica.org\/es\/#organization"},"alternateName":"BCN\u00e0utica, FBCN","potentialAction":[{"@type":"SearchAction","target":{"@type":"EntryPoint","urlTemplate":"https:\/\/www.barcelonacapitalnautica.org\/es\/?s={search_term_string}"},"query-input":{"@type":"PropertyValueSpecification","valueRequired":true,"valueName":"search_term_string"}}],"inLanguage":"es"},{"@type":"Organization","@id":"https:\/\/www.barcelonacapitalnautica.org\/es\/#organization","name":"Barcelona Capital N\u00e0utica","alternateName":"Fundaci\u00f3 Barcelona Capital N\u00e0utica","url":"https:\/\/www.barcelonacapitalnautica.org\/es\/","logo":{"@type":"ImageObject","inLanguage":"es","@id":"https:\/\/www.barcelonacapitalnautica.org\/es\/#\/schema\/logo\/image\/","url":"https:\/\/www.barcelonacapitalnautica.org\/wp-content\/uploads\/2023\/03\/Logo-blau.svg","contentUrl":"https:\/\/www.barcelonacapitalnautica.org\/wp-content\/uploads\/2023\/03\/Logo-blau.svg","width":200,"height":58,"caption":"Barcelona Capital N\u00e0utica"},"image":{"@id":"https:\/\/www.barcelonacapitalnautica.org\/es\/#\/schema\/logo\/image\/"},"sameAs":["https:\/\/www.facebook.com\/barcelonacapitalnautica","https:\/\/x.com\/bcnautica","https:\/\/www.instagram.com\/bcnautica\/","https:\/\/www.linkedin.com\/company\/barcelona-capital-nautica"]},{"@type":"Person","@id":"https:\/\/www.barcelonacapitalnautica.org\/es\/#\/schema\/person\/f1a7b6cdf70e48856b35358258241493","name":"Cristina Martin"}]}},"uagb_featured_image_src":{"full":["https:\/\/www.barcelonacapitalnautica.org\/wp-content\/uploads\/2025\/01\/Noti-Nou-director.png",1140,440,false],"thumbnail":["https:\/\/www.barcelonacapitalnautica.org\/wp-content\/uploads\/2025\/01\/Noti-Nou-director-380x147.png",380,147,true],"medium":["https:\/\/www.barcelonacapitalnautica.org\/wp-content\/uploads\/2025\/01\/Noti-Nou-director-560x216.png",560,216,true],"medium_large":["https:\/\/www.barcelonacapitalnautica.org\/wp-content\/uploads\/2025\/01\/Noti-Nou-director-768x296.png",768,296,true],"large":["https:\/\/www.barcelonacapitalnautica.org\/wp-content\/uploads\/2025\/01\/Noti-Nou-director-900x347.png",900,347,true],"1536x1536":["https:\/\/www.barcelonacapitalnautica.org\/wp-content\/uploads\/2025\/01\/Noti-Nou-director.png",1140,440,false],"2048x2048":["https:\/\/www.barcelonacapitalnautica.org\/wp-content\/uploads\/2025\/01\/Noti-Nou-director.png",1140,440,false]},"uagb_author_info":{"display_name":"Cristina Martin","author_link":"https:\/\/www.barcelonacapitalnautica.org\/es\/author\/fbcn_cristina\/"},"uagb_comment_info":0,"uagb_excerpt":"Estamos contentos de anunciar que Laure\u00e0 Fanega Mac\u00edas es el [&hellip;]","_links":{"self":[{"href":"https:\/\/www.barcelonacapitalnautica.org\/es\/wp-json\/wp\/v2\/posts\/270446","targetHints":{"allow":["GET"]}}],"collection":[{"href":"https:\/\/www.barcelonacapitalnautica.org\/es\/wp-json\/wp\/v2\/posts"}],"about":[{"href":"https:\/\/www.barcelonacapitalnautica.org\/es\/wp-json\/wp\/v2\/types\/post"}],"author":[{"embeddable":true,"href":"https:\/\/www.barcelonacapitalnautica.org\/es\/wp-json\/wp\/v2\/users\/3"}],"replies":[{"embeddable":true,"href":"https:\/\/www.barcelonacapitalnautica.org\/es\/wp-json\/wp\/v2\/comments?post=270446"}],"version-history":[{"count":5,"href":"https:\/\/www.barcelonacapitalnautica.org\/es\/wp-json\/wp\/v2\/posts\/270446\/revisions"}],"predecessor-version":[{"id":270471,"href":"https:\/\/www.barcelonacapitalnautica.org\/es\/wp-json\/wp\/v2\/posts\/270446\/revisions\/270471"}],"wp:featuredmedia":[{"embeddable":true,"href":"https:\/\/www.barcelonacapitalnautica.org\/es\/wp-json\/wp\/v2\/media\/270447"}],"wp:attachment":[{"href":"https:\/\/www.barcelonacapitalnautica.org\/es\/wp-json\/wp\/v2\/media?parent=270446"}],"wp:term":[{"taxonomy":"category","embeddable":true,"href":"https:\/\/www.barcelonacapitalnautica.org\/es\/wp-json\/wp\/v2\/categories?post=270446"},{"taxonomy":"post_tag","embeddable":true,"href":"https:\/\/www.barcelonacapitalnautica.org\/es\/wp-json\/wp\/v2\/tags?post=270446"}],"curies":[{"name":"wp","href":"https:\/\/api.w.org\/{rel}","templated":true}]}}