{"id":271292,"date":"2025-03-04T16:29:15","date_gmt":"2025-03-04T15:29:15","guid":{"rendered":"https:\/\/www.barcelonacapitalnautica.org\/?p=271292"},"modified":"2025-03-04T16:34:37","modified_gmt":"2025-03-04T15:34:37","slug":"gran-impacto-economico-y-social-de-la-copa-america-de-vela-en-barcelona","status":"publish","type":"post","link":"https:\/\/www.barcelonacapitalnautica.org\/es\/gran-impacto-economico-y-social-de-la-copa-america-de-vela-en-barcelona\/","title":{"rendered":"Gran impacto econ\u00f3mico y social de la Copa Am\u00e9rica de Vela en Barcelona"},"content":{"rendered":"\n<p>La 37\u00aa edici\u00f3n de la Copa Am\u00e9rica de Vela, celebrada en Barcelona entre los meses de agosto y octubre de 2024, ha tenido un impacto econ\u00f3mico positivo para la ciudad y Catalu\u00f1a. Seg\u00fan el estudio <strong>\u00abImpacto Econ\u00f3mico y Social en Catalu\u00f1a de la Celebraci\u00f3n de la 37\u00aa Copa Am\u00e9rica de Vela, Barcelona 2024\u00bb<\/strong>, elaborado por la Universidad de Barcelona (UB) a petici\u00f3n de la Fundaci\u00f3n Barcelona Capital N\u00e1utica (FBCN), cada euro invertido por las administraciones ha generado una facturaci\u00f3n de <strong>17,9 euros<\/strong>, con un retorno fiscal de <strong>3,3 euros<\/strong> por cada euro de gasto p\u00fablico.<\/p>\n\n\n\n<p>El informe estima un impacto econ\u00f3mico total en Catalu\u00f1a de <strong>1.740 millones de euros<\/strong>, con una contribuci\u00f3n al PIB de <strong>1.034,2 millones<\/strong> y la creaci\u00f3n de <strong>12.872 puestos de trabajo equivalentes a tiempo completo (ETC)<\/strong>. Solo en Barcelona, el impacto se ha cifrado en <strong>663,8 millones de euros de PIB<\/strong> y <strong>8.510 puestos de trabajo<\/strong>.<\/p>\n\n\n\n<p>Los sectores m\u00e1s beneficiados han sido la hosteler\u00eda, el comercio y las actividades profesionales, cient\u00edficas y t\u00e9cnicas, que han concentrado <strong>el 50% del impacto total<\/strong>. Adem\u00e1s, el gasto del p\u00fablico asistente ha sido un factor clave, representando el <strong>57% del impacto directo<\/strong>.<\/p>\n\n\n\n<p>Seg\u00fan el informe, el evento ha registrado <strong>1,8 millones de visitas y 460.819 asistentes \u00fanicos<\/strong>. La valoraci\u00f3n global de la experiencia ha sido muy positiva, con una nota media de <strong>8,8 sobre 10<\/strong>. Los visitantes extranjeros han dado una puntuaci\u00f3n media de <strong>9<\/strong>, mientras que los residentes en Barcelona la han valorado con un <strong>8,5<\/strong>.<\/p>\n\n\n\n<p>Una encuesta realizada a 1.012 residentes de la ciudad revela que el <strong>50,1% considera la Copa Am\u00e9rica muy o bastante beneficiosa<\/strong> para la imagen de Barcelona y el deporte, y el <strong>41,6% la ve positiva para la econom\u00eda<\/strong>.<\/p>\n\n\n\n<p>El an\u00e1lisis coste-beneficio del evento indica un <strong>ratio de 1,54<\/strong>, demostrando que la Copa Am\u00e9rica ha sido rentable, ya que por cada euro invertido se han generado <strong>1,54 euros de beneficio econ\u00f3mico-social<\/strong>. Adem\u00e1s, la competici\u00f3n ha tenido una fuerte cobertura medi\u00e1tica con <strong>954 millones de visualizaciones internacionales<\/strong> y un <strong>incremento del 37% de audiencia<\/strong> respecto a la edici\u00f3n anterior.<\/p>\n\n\n\n<p>El estudio tambi\u00e9n destaca el legado que deja la Copa Am\u00e9rica en la ciudad, con <strong>mejoras urban\u00edsticas<\/strong> en el frente mar\u00edtimo, la revitalizaci\u00f3n de barrios costeros y el fomento de los deportes acu\u00e1ticos. En el \u00e1mbito tecnol\u00f3gico y empresarial, la competici\u00f3n ha impulsado el crecimiento del sector tecnol\u00f3gico, las startups y ha atra\u00eddo inversiones internacionales.<\/p>\n\n\n\n<p>Adem\u00e1s, se han acelerado tres grandes proyectos: el <strong>Parque de Tecnolog\u00eda Mar\u00edtima de Barcelona<\/strong>, el <strong>hub de innovaci\u00f3n BlueTechPort<\/strong> y el <strong>centro Barcelona Mar de Ciencia<\/strong>, que consolidar\u00e1n la ciudad como un referente de la econom\u00eda azul y la investigaci\u00f3n mar\u00edtima.<\/p>\n\n\n\n<p>En definitiva, la celebraci\u00f3n de la Copa Am\u00e9rica en Barcelona ha supuesto un impulso econ\u00f3mico, tur\u00edstico y medi\u00e1tico para la ciudad, con un retorno positivo que confirma su rentabilidad e impacto a largo plazo.<\/p>\n\n\n\n<p>Pod\u00e9is consultar el informe <a href=\"https:\/\/www.barcelonacapitalnautica.org\/es\/fundacion\/transparencia\/\">aqu\u00ed<\/a>.<\/p>\n","protected":false},"excerpt":{"rendered":"<p>La 37\u00aa edici\u00f3n de la Copa Am\u00e9rica de Vela, celebrada [&hellip;]<\/p>\n","protected":false},"author":3,"featured_media":269563,"comment_status":"closed","ping_status":"closed","sticky":false,"template":"","format":"standard","meta":{"_uag_custom_page_level_css":"","site-sidebar-layout":"default","site-content-layout":"","ast-site-content-layout":"default","site-content-style":"default","site-sidebar-style":"default","ast-global-header-display":"","ast-banner-title-visibility":"","ast-main-header-display":"","ast-hfb-above-header-display":"","ast-hfb-below-header-display":"","ast-hfb-mobile-header-display":"","site-post-title":"","ast-breadcrumbs-content":"","ast-featured-img":"","footer-sml-layout":"","ast-disable-related-posts":"","theme-transparent-header-meta":"","adv-header-id-meta":"","stick-header-meta":"","header-above-stick-meta":"","header-main-stick-meta":"","header-below-stick-meta":"","astra-migrate-meta-layouts":"set","ast-page-background-enabled":"default","ast-page-background-meta":{"desktop":{"background-color":"","background-image":"","background-repeat":"repeat","background-position":"center center","background-size":"auto","background-attachment":"scroll","background-type":"","background-media":"","overlay-type":"","overlay-color":"","overlay-gradient":""},"tablet":{"background-color":"","background-image":"","background-repeat":"repeat","background-position":"center center","background-size":"auto","background-attachment":"scroll","background-type":"","background-media":"","overlay-type":"","overlay-color":"","overlay-gradient":""},"mobile":{"background-color":"","background-image":"","background-repeat":"repeat","background-position":"center center","background-size":"auto","background-attachment":"scroll","background-type":"","background-media":"","overlay-type":"","overlay-color":"","overlay-gradient":""}},"ast-content-background-meta":{"desktop":{"background-color":"var(--ast-global-color-5)","background-image":"","background-repeat":"repeat","background-position":"center center","background-size":"auto","background-attachment":"scroll","background-type":"","background-media":"","overlay-type":"","overlay-color":"","overlay-gradient":""},"tablet":{"background-color":"var(--ast-global-color-5)","background-image":"","background-repeat":"repeat","background-position":"center center","background-size":"auto","background-attachment":"scroll","background-type":"","background-media":"","overlay-type":"","overlay-color":"","overlay-gradient":""},"mobile":{"background-color":"var(--ast-global-color-5)","background-image":"","background-repeat":"repeat","background-position":"center center","background-size":"auto","background-attachment":"scroll","background-type":"","background-media":"","overlay-type":"","overlay-color":"","overlay-gradient":""}},"_price":"","_stock":"","_tribe_ticket_header":"","_tribe_default_ticket_provider":"","_tribe_ticket_capacity":"0","_ticket_start_date":"","_ticket_end_date":"","_tribe_ticket_show_description":"","_tribe_ticket_show_not_going":false,"_tribe_ticket_use_global_stock":"","_tribe_ticket_global_stock_level":"","_global_stock_mode":"","_global_stock_cap":"","_tribe_rsvp_for_event":"","_tribe_ticket_going_count":"","_tribe_ticket_not_going_count":"","_tribe_tickets_list":[],"_tribe_ticket_has_attendee_info_fields":false,"footnotes":""},"categories":[97,98],"tags":[115,117,114],"class_list":["post-271292","post","type-post","status-publish","format-standard","has-post-thumbnail","hentry","category-bcnautica","category-copa-america","tag-castellano","tag-catala-es","tag-copa-america-es-2"],"yoast_head":"<!-- This site is optimized with the Yoast SEO plugin v27.5 - https:\/\/yoast.com\/product\/yoast-seo-wordpress\/ -->\n<title>Gran impacto econ\u00f3mico y social de la Copa Am\u00e9rica de Vela en Barcelona - Barcelona Capital N\u00e0utica<\/title>\n<meta name=\"robots\" content=\"index, follow, max-snippet:-1, max-image-preview:large, max-video-preview:-1\" \/>\n<link rel=\"canonical\" href=\"https:\/\/www.barcelonacapitalnautica.org\/es\/gran-impacto-economico-y-social-de-la-copa-america-de-vela-en-barcelona\/\" \/>\n<meta property=\"og:locale\" content=\"es_ES\" \/>\n<meta property=\"og:type\" content=\"article\" \/>\n<meta property=\"og:title\" content=\"Gran impacto econ\u00f3mico y social de la Copa Am\u00e9rica de Vela en Barcelona - Barcelona Capital N\u00e0utica\" \/>\n<meta property=\"og:description\" content=\"La 37\u00aa edici\u00f3n de la Copa Am\u00e9rica de Vela, celebrada [&hellip;]\" \/>\n<meta property=\"og:url\" content=\"https:\/\/www.barcelonacapitalnautica.org\/es\/gran-impacto-economico-y-social-de-la-copa-america-de-vela-en-barcelona\/\" \/>\n<meta property=\"og:site_name\" content=\"Barcelona Capital N\u00e0utica\" \/>\n<meta property=\"article:publisher\" content=\"https:\/\/www.facebook.com\/barcelonacapitalnautica\" \/>\n<meta property=\"article:published_time\" content=\"2025-03-04T15:29:15+00:00\" \/>\n<meta property=\"article:modified_time\" content=\"2025-03-04T15:34:37+00:00\" \/>\n<meta property=\"og:image\" content=\"https:\/\/www.barcelonacapitalnautica.org\/wp-content\/uploads\/2024\/10\/Noti-Final-CA.png\" \/>\n\t<meta property=\"og:image:width\" content=\"1140\" \/>\n\t<meta property=\"og:image:height\" content=\"440\" \/>\n\t<meta property=\"og:image:type\" content=\"image\/png\" \/>\n<meta name=\"author\" content=\"Cristina Martin\" \/>\n<meta name=\"twitter:card\" content=\"summary_large_image\" \/>\n<meta name=\"twitter:creator\" content=\"@bcnautica\" \/>\n<meta name=\"twitter:site\" content=\"@bcnautica\" \/>\n<meta name=\"twitter:label1\" content=\"Escrito por\" \/>\n\t<meta name=\"twitter:data1\" content=\"Cristina Martin\" \/>\n\t<meta name=\"twitter:label2\" content=\"Tiempo de lectura\" \/>\n\t<meta name=\"twitter:data2\" content=\"3 minutos\" \/>\n<script type=\"application\/ld+json\" class=\"yoast-schema-graph\">{\"@context\":\"https:\\\/\\\/schema.org\",\"@graph\":[{\"@type\":\"Article\",\"@id\":\"https:\\\/\\\/www.barcelonacapitalnautica.org\\\/es\\\/gran-impacto-economico-y-social-de-la-copa-america-de-vela-en-barcelona\\\/#article\",\"isPartOf\":{\"@id\":\"https:\\\/\\\/www.barcelonacapitalnautica.org\\\/es\\\/gran-impacto-economico-y-social-de-la-copa-america-de-vela-en-barcelona\\\/\"},\"author\":{\"name\":\"Cristina Martin\",\"@id\":\"https:\\\/\\\/www.barcelonacapitalnautica.org\\\/es\\\/#\\\/schema\\\/person\\\/f1a7b6cdf70e48856b35358258241493\"},\"headline\":\"Gran impacto econ\u00f3mico y social de la Copa Am\u00e9rica de Vela en Barcelona\",\"datePublished\":\"2025-03-04T15:29:15+00:00\",\"dateModified\":\"2025-03-04T15:34:37+00:00\",\"mainEntityOfPage\":{\"@id\":\"https:\\\/\\\/www.barcelonacapitalnautica.org\\\/es\\\/gran-impacto-economico-y-social-de-la-copa-america-de-vela-en-barcelona\\\/\"},\"wordCount\":528,\"publisher\":{\"@id\":\"https:\\\/\\\/www.barcelonacapitalnautica.org\\\/es\\\/#organization\"},\"image\":{\"@id\":\"https:\\\/\\\/www.barcelonacapitalnautica.org\\\/es\\\/gran-impacto-economico-y-social-de-la-copa-america-de-vela-en-barcelona\\\/#primaryimage\"},\"thumbnailUrl\":\"https:\\\/\\\/www.barcelonacapitalnautica.org\\\/wp-content\\\/uploads\\\/2024\\\/10\\\/Noti-Final-CA.png\",\"keywords\":[\"castellano\",\"catal\u00e0\",\"Copa Am\u00e8rica\"],\"articleSection\":[\"Barcelona Capital N\u00e0utica\",\"Copa Am\u00e9rica\"],\"inLanguage\":\"es\"},{\"@type\":\"WebPage\",\"@id\":\"https:\\\/\\\/www.barcelonacapitalnautica.org\\\/es\\\/gran-impacto-economico-y-social-de-la-copa-america-de-vela-en-barcelona\\\/\",\"url\":\"https:\\\/\\\/www.barcelonacapitalnautica.org\\\/es\\\/gran-impacto-economico-y-social-de-la-copa-america-de-vela-en-barcelona\\\/\",\"name\":\"Gran impacto econ\u00f3mico y social de la Copa Am\u00e9rica de Vela en Barcelona - Barcelona Capital N\u00e0utica\",\"isPartOf\":{\"@id\":\"https:\\\/\\\/www.barcelonacapitalnautica.org\\\/es\\\/#website\"},\"primaryImageOfPage\":{\"@id\":\"https:\\\/\\\/www.barcelonacapitalnautica.org\\\/es\\\/gran-impacto-economico-y-social-de-la-copa-america-de-vela-en-barcelona\\\/#primaryimage\"},\"image\":{\"@id\":\"https:\\\/\\\/www.barcelonacapitalnautica.org\\\/es\\\/gran-impacto-economico-y-social-de-la-copa-america-de-vela-en-barcelona\\\/#primaryimage\"},\"thumbnailUrl\":\"https:\\\/\\\/www.barcelonacapitalnautica.org\\\/wp-content\\\/uploads\\\/2024\\\/10\\\/Noti-Final-CA.png\",\"datePublished\":\"2025-03-04T15:29:15+00:00\",\"dateModified\":\"2025-03-04T15:34:37+00:00\",\"breadcrumb\":{\"@id\":\"https:\\\/\\\/www.barcelonacapitalnautica.org\\\/es\\\/gran-impacto-economico-y-social-de-la-copa-america-de-vela-en-barcelona\\\/#breadcrumb\"},\"inLanguage\":\"es\",\"potentialAction\":[{\"@type\":\"ReadAction\",\"target\":[\"https:\\\/\\\/www.barcelonacapitalnautica.org\\\/es\\\/gran-impacto-economico-y-social-de-la-copa-america-de-vela-en-barcelona\\\/\"]}]},{\"@type\":\"ImageObject\",\"inLanguage\":\"es\",\"@id\":\"https:\\\/\\\/www.barcelonacapitalnautica.org\\\/es\\\/gran-impacto-economico-y-social-de-la-copa-america-de-vela-en-barcelona\\\/#primaryimage\",\"url\":\"https:\\\/\\\/www.barcelonacapitalnautica.org\\\/wp-content\\\/uploads\\\/2024\\\/10\\\/Noti-Final-CA.png\",\"contentUrl\":\"https:\\\/\\\/www.barcelonacapitalnautica.org\\\/wp-content\\\/uploads\\\/2024\\\/10\\\/Noti-Final-CA.png\",\"width\":1140,\"height\":440},{\"@type\":\"BreadcrumbList\",\"@id\":\"https:\\\/\\\/www.barcelonacapitalnautica.org\\\/es\\\/gran-impacto-economico-y-social-de-la-copa-america-de-vela-en-barcelona\\\/#breadcrumb\",\"itemListElement\":[{\"@type\":\"ListItem\",\"position\":1,\"name\":\"Inici\",\"item\":\"https:\\\/\\\/www.barcelonacapitalnautica.org\\\/es\\\/\"},{\"@type\":\"ListItem\",\"position\":2,\"name\":\"Gran impacto econ\u00f3mico y social de la Copa Am\u00e9rica de Vela en Barcelona\"}]},{\"@type\":\"WebSite\",\"@id\":\"https:\\\/\\\/www.barcelonacapitalnautica.org\\\/es\\\/#website\",\"url\":\"https:\\\/\\\/www.barcelonacapitalnautica.org\\\/es\\\/\",\"name\":\"Barcelona Capital N\u00e0utica\",\"description\":\"Barcelona Capital N\u00e0utica\",\"publisher\":{\"@id\":\"https:\\\/\\\/www.barcelonacapitalnautica.org\\\/es\\\/#organization\"},\"alternateName\":\"BCN\u00e0utica, FBCN\",\"potentialAction\":[{\"@type\":\"SearchAction\",\"target\":{\"@type\":\"EntryPoint\",\"urlTemplate\":\"https:\\\/\\\/www.barcelonacapitalnautica.org\\\/es\\\/?s={search_term_string}\"},\"query-input\":{\"@type\":\"PropertyValueSpecification\",\"valueRequired\":true,\"valueName\":\"search_term_string\"}}],\"inLanguage\":\"es\"},{\"@type\":\"Organization\",\"@id\":\"https:\\\/\\\/www.barcelonacapitalnautica.org\\\/es\\\/#organization\",\"name\":\"Barcelona Capital N\u00e0utica\",\"alternateName\":\"Fundaci\u00f3 Barcelona Capital N\u00e0utica\",\"url\":\"https:\\\/\\\/www.barcelonacapitalnautica.org\\\/es\\\/\",\"logo\":{\"@type\":\"ImageObject\",\"inLanguage\":\"es\",\"@id\":\"https:\\\/\\\/www.barcelonacapitalnautica.org\\\/es\\\/#\\\/schema\\\/logo\\\/image\\\/\",\"url\":\"https:\\\/\\\/www.barcelonacapitalnautica.org\\\/wp-content\\\/uploads\\\/2023\\\/03\\\/Logo-blau.svg\",\"contentUrl\":\"https:\\\/\\\/www.barcelonacapitalnautica.org\\\/wp-content\\\/uploads\\\/2023\\\/03\\\/Logo-blau.svg\",\"width\":200,\"height\":58,\"caption\":\"Barcelona Capital N\u00e0utica\"},\"image\":{\"@id\":\"https:\\\/\\\/www.barcelonacapitalnautica.org\\\/es\\\/#\\\/schema\\\/logo\\\/image\\\/\"},\"sameAs\":[\"https:\\\/\\\/www.facebook.com\\\/barcelonacapitalnautica\",\"https:\\\/\\\/x.com\\\/bcnautica\",\"https:\\\/\\\/www.instagram.com\\\/bcnautica\\\/\",\"https:\\\/\\\/www.linkedin.com\\\/company\\\/barcelona-capital-nautica\"]},{\"@type\":\"Person\",\"@id\":\"https:\\\/\\\/www.barcelonacapitalnautica.org\\\/es\\\/#\\\/schema\\\/person\\\/f1a7b6cdf70e48856b35358258241493\",\"name\":\"Cristina Martin\"}]}<\/script>\n<!-- \/ Yoast SEO plugin. -->","yoast_head_json":{"title":"Gran impacto econ\u00f3mico y social de la Copa Am\u00e9rica de Vela en Barcelona - Barcelona Capital N\u00e0utica","robots":{"index":"index","follow":"follow","max-snippet":"max-snippet:-1","max-image-preview":"max-image-preview:large","max-video-preview":"max-video-preview:-1"},"canonical":"https:\/\/www.barcelonacapitalnautica.org\/es\/gran-impacto-economico-y-social-de-la-copa-america-de-vela-en-barcelona\/","og_locale":"es_ES","og_type":"article","og_title":"Gran impacto econ\u00f3mico y social de la Copa Am\u00e9rica de Vela en Barcelona - Barcelona Capital N\u00e0utica","og_description":"La 37\u00aa edici\u00f3n de la Copa Am\u00e9rica de Vela, celebrada [&hellip;]","og_url":"https:\/\/www.barcelonacapitalnautica.org\/es\/gran-impacto-economico-y-social-de-la-copa-america-de-vela-en-barcelona\/","og_site_name":"Barcelona Capital N\u00e0utica","article_publisher":"https:\/\/www.facebook.com\/barcelonacapitalnautica","article_published_time":"2025-03-04T15:29:15+00:00","article_modified_time":"2025-03-04T15:34:37+00:00","og_image":[{"width":1140,"height":440,"url":"https:\/\/www.barcelonacapitalnautica.org\/wp-content\/uploads\/2024\/10\/Noti-Final-CA.png","type":"image\/png"}],"author":"Cristina Martin","twitter_card":"summary_large_image","twitter_creator":"@bcnautica","twitter_site":"@bcnautica","twitter_misc":{"Escrito por":"Cristina Martin","Tiempo de lectura":"3 minutos"},"schema":{"@context":"https:\/\/schema.org","@graph":[{"@type":"Article","@id":"https:\/\/www.barcelonacapitalnautica.org\/es\/gran-impacto-economico-y-social-de-la-copa-america-de-vela-en-barcelona\/#article","isPartOf":{"@id":"https:\/\/www.barcelonacapitalnautica.org\/es\/gran-impacto-economico-y-social-de-la-copa-america-de-vela-en-barcelona\/"},"author":{"name":"Cristina Martin","@id":"https:\/\/www.barcelonacapitalnautica.org\/es\/#\/schema\/person\/f1a7b6cdf70e48856b35358258241493"},"headline":"Gran impacto econ\u00f3mico y social de la Copa Am\u00e9rica de Vela en Barcelona","datePublished":"2025-03-04T15:29:15+00:00","dateModified":"2025-03-04T15:34:37+00:00","mainEntityOfPage":{"@id":"https:\/\/www.barcelonacapitalnautica.org\/es\/gran-impacto-economico-y-social-de-la-copa-america-de-vela-en-barcelona\/"},"wordCount":528,"publisher":{"@id":"https:\/\/www.barcelonacapitalnautica.org\/es\/#organization"},"image":{"@id":"https:\/\/www.barcelonacapitalnautica.org\/es\/gran-impacto-economico-y-social-de-la-copa-america-de-vela-en-barcelona\/#primaryimage"},"thumbnailUrl":"https:\/\/www.barcelonacapitalnautica.org\/wp-content\/uploads\/2024\/10\/Noti-Final-CA.png","keywords":["castellano","catal\u00e0","Copa Am\u00e8rica"],"articleSection":["Barcelona Capital N\u00e0utica","Copa Am\u00e9rica"],"inLanguage":"es"},{"@type":"WebPage","@id":"https:\/\/www.barcelonacapitalnautica.org\/es\/gran-impacto-economico-y-social-de-la-copa-america-de-vela-en-barcelona\/","url":"https:\/\/www.barcelonacapitalnautica.org\/es\/gran-impacto-economico-y-social-de-la-copa-america-de-vela-en-barcelona\/","name":"Gran impacto econ\u00f3mico y social de la Copa Am\u00e9rica de Vela en Barcelona - Barcelona Capital N\u00e0utica","isPartOf":{"@id":"https:\/\/www.barcelonacapitalnautica.org\/es\/#website"},"primaryImageOfPage":{"@id":"https:\/\/www.barcelonacapitalnautica.org\/es\/gran-impacto-economico-y-social-de-la-copa-america-de-vela-en-barcelona\/#primaryimage"},"image":{"@id":"https:\/\/www.barcelonacapitalnautica.org\/es\/gran-impacto-economico-y-social-de-la-copa-america-de-vela-en-barcelona\/#primaryimage"},"thumbnailUrl":"https:\/\/www.barcelonacapitalnautica.org\/wp-content\/uploads\/2024\/10\/Noti-Final-CA.png","datePublished":"2025-03-04T15:29:15+00:00","dateModified":"2025-03-04T15:34:37+00:00","breadcrumb":{"@id":"https:\/\/www.barcelonacapitalnautica.org\/es\/gran-impacto-economico-y-social-de-la-copa-america-de-vela-en-barcelona\/#breadcrumb"},"inLanguage":"es","potentialAction":[{"@type":"ReadAction","target":["https:\/\/www.barcelonacapitalnautica.org\/es\/gran-impacto-economico-y-social-de-la-copa-america-de-vela-en-barcelona\/"]}]},{"@type":"ImageObject","inLanguage":"es","@id":"https:\/\/www.barcelonacapitalnautica.org\/es\/gran-impacto-economico-y-social-de-la-copa-america-de-vela-en-barcelona\/#primaryimage","url":"https:\/\/www.barcelonacapitalnautica.org\/wp-content\/uploads\/2024\/10\/Noti-Final-CA.png","contentUrl":"https:\/\/www.barcelonacapitalnautica.org\/wp-content\/uploads\/2024\/10\/Noti-Final-CA.png","width":1140,"height":440},{"@type":"BreadcrumbList","@id":"https:\/\/www.barcelonacapitalnautica.org\/es\/gran-impacto-economico-y-social-de-la-copa-america-de-vela-en-barcelona\/#breadcrumb","itemListElement":[{"@type":"ListItem","position":1,"name":"Inici","item":"https:\/\/www.barcelonacapitalnautica.org\/es\/"},{"@type":"ListItem","position":2,"name":"Gran impacto econ\u00f3mico y social de la Copa Am\u00e9rica de Vela en Barcelona"}]},{"@type":"WebSite","@id":"https:\/\/www.barcelonacapitalnautica.org\/es\/#website","url":"https:\/\/www.barcelonacapitalnautica.org\/es\/","name":"Barcelona Capital N\u00e0utica","description":"Barcelona Capital N\u00e0utica","publisher":{"@id":"https:\/\/www.barcelonacapitalnautica.org\/es\/#organization"},"alternateName":"BCN\u00e0utica, FBCN","potentialAction":[{"@type":"SearchAction","target":{"@type":"EntryPoint","urlTemplate":"https:\/\/www.barcelonacapitalnautica.org\/es\/?s={search_term_string}"},"query-input":{"@type":"PropertyValueSpecification","valueRequired":true,"valueName":"search_term_string"}}],"inLanguage":"es"},{"@type":"Organization","@id":"https:\/\/www.barcelonacapitalnautica.org\/es\/#organization","name":"Barcelona Capital N\u00e0utica","alternateName":"Fundaci\u00f3 Barcelona Capital N\u00e0utica","url":"https:\/\/www.barcelonacapitalnautica.org\/es\/","logo":{"@type":"ImageObject","inLanguage":"es","@id":"https:\/\/www.barcelonacapitalnautica.org\/es\/#\/schema\/logo\/image\/","url":"https:\/\/www.barcelonacapitalnautica.org\/wp-content\/uploads\/2023\/03\/Logo-blau.svg","contentUrl":"https:\/\/www.barcelonacapitalnautica.org\/wp-content\/uploads\/2023\/03\/Logo-blau.svg","width":200,"height":58,"caption":"Barcelona Capital N\u00e0utica"},"image":{"@id":"https:\/\/www.barcelonacapitalnautica.org\/es\/#\/schema\/logo\/image\/"},"sameAs":["https:\/\/www.facebook.com\/barcelonacapitalnautica","https:\/\/x.com\/bcnautica","https:\/\/www.instagram.com\/bcnautica\/","https:\/\/www.linkedin.com\/company\/barcelona-capital-nautica"]},{"@type":"Person","@id":"https:\/\/www.barcelonacapitalnautica.org\/es\/#\/schema\/person\/f1a7b6cdf70e48856b35358258241493","name":"Cristina Martin"}]}},"uagb_featured_image_src":{"full":["https:\/\/www.barcelonacapitalnautica.org\/wp-content\/uploads\/2024\/10\/Noti-Final-CA.png",1140,440,false],"thumbnail":["https:\/\/www.barcelonacapitalnautica.org\/wp-content\/uploads\/2024\/10\/Noti-Final-CA-380x147.png",380,147,true],"medium":["https:\/\/www.barcelonacapitalnautica.org\/wp-content\/uploads\/2024\/10\/Noti-Final-CA-560x216.png",560,216,true],"medium_large":["https:\/\/www.barcelonacapitalnautica.org\/wp-content\/uploads\/2024\/10\/Noti-Final-CA-768x296.png",768,296,true],"large":["https:\/\/www.barcelonacapitalnautica.org\/wp-content\/uploads\/2024\/10\/Noti-Final-CA-900x347.png",900,347,true],"1536x1536":["https:\/\/www.barcelonacapitalnautica.org\/wp-content\/uploads\/2024\/10\/Noti-Final-CA.png",1140,440,false],"2048x2048":["https:\/\/www.barcelonacapitalnautica.org\/wp-content\/uploads\/2024\/10\/Noti-Final-CA.png",1140,440,false]},"uagb_author_info":{"display_name":"Cristina Martin","author_link":"https:\/\/www.barcelonacapitalnautica.org\/es\/author\/fbcn_cristina\/"},"uagb_comment_info":0,"uagb_excerpt":"La 37\u00aa edici\u00f3n de la Copa Am\u00e9rica de Vela, celebrada [&hellip;]","_links":{"self":[{"href":"https:\/\/www.barcelonacapitalnautica.org\/es\/wp-json\/wp\/v2\/posts\/271292","targetHints":{"allow":["GET"]}}],"collection":[{"href":"https:\/\/www.barcelonacapitalnautica.org\/es\/wp-json\/wp\/v2\/posts"}],"about":[{"href":"https:\/\/www.barcelonacapitalnautica.org\/es\/wp-json\/wp\/v2\/types\/post"}],"author":[{"embeddable":true,"href":"https:\/\/www.barcelonacapitalnautica.org\/es\/wp-json\/wp\/v2\/users\/3"}],"replies":[{"embeddable":true,"href":"https:\/\/www.barcelonacapitalnautica.org\/es\/wp-json\/wp\/v2\/comments?post=271292"}],"version-history":[{"count":2,"href":"https:\/\/www.barcelonacapitalnautica.org\/es\/wp-json\/wp\/v2\/posts\/271292\/revisions"}],"predecessor-version":[{"id":271331,"href":"https:\/\/www.barcelonacapitalnautica.org\/es\/wp-json\/wp\/v2\/posts\/271292\/revisions\/271331"}],"wp:featuredmedia":[{"embeddable":true,"href":"https:\/\/www.barcelonacapitalnautica.org\/es\/wp-json\/wp\/v2\/media\/269563"}],"wp:attachment":[{"href":"https:\/\/www.barcelonacapitalnautica.org\/es\/wp-json\/wp\/v2\/media?parent=271292"}],"wp:term":[{"taxonomy":"category","embeddable":true,"href":"https:\/\/www.barcelonacapitalnautica.org\/es\/wp-json\/wp\/v2\/categories?post=271292"},{"taxonomy":"post_tag","embeddable":true,"href":"https:\/\/www.barcelonacapitalnautica.org\/es\/wp-json\/wp\/v2\/tags?post=271292"}],"curies":[{"name":"wp","href":"https:\/\/api.w.org\/{rel}","templated":true}]}}