{"id":272374,"date":"2025-05-20T17:25:29","date_gmt":"2025-05-20T15:25:29","guid":{"rendered":"https:\/\/www.barcelonacapitalnautica.org\/paraules-salades-el-podcast-que-navega-entre-la-literatura-y-el-mar\/"},"modified":"2025-05-20T17:38:50","modified_gmt":"2025-05-20T15:38:50","slug":"paraules-salades-el-podcast-que-navega-entre-la-literatura-y-el-mar","status":"publish","type":"post","link":"https:\/\/www.barcelonacapitalnautica.org\/es\/paraules-salades-el-podcast-que-navega-entre-la-literatura-y-el-mar\/","title":{"rendered":"Paraules Salades: el p\u00f3dcast que navega entre la literatura y el mar"},"content":{"rendered":"\n<p>Ya est\u00e1n disponibles los cap\u00edtulos de la primera temporada del <a href=\"https:\/\/open.spotify.com\/show\/0c3T4DUJilikrOeJHddYzD?si=97ec79e288c84d0c\" target=\"_blank\" rel=\"noopener\">p\u00f3dcast<\/a>\u00a0del ciclo de literatura y mar<a href=\"https:\/\/www.barcelonacapitalnautica.org\/es\/\" target=\"_blank\" rel=\"noreferrer noopener\"> Paraules Salades<\/a>, una iniciativa de la Fundaci\u00f3 Barcelona Capital N\u00e0utica que explora la conexi\u00f3n entre la literatura y el mar a trav\u00e9s de conversaciones con autores y especialistas.<\/p>\n\n\n\n<p>Conducido por <strong>Marta Sangr\u00e0, creadora del perfil literario <em>Mar de llibres<\/em><\/strong>, el ciclo ofrece un espacio de reflexi\u00f3n sobre la magia de las palabras y la inmensidad del agua.<\/p>\n\n\n\n<p><strong>Tara Tari<br><\/strong><br>En esta primera sesi\u00f3n, la navegante y autora Capucine Trochet comparte su experiencia a bordo del Tara Tari, una embarcaci\u00f3n tradicional con la que recorri\u00f3 el oc\u00e9ano Atl\u00e1ntico. La conversaci\u00f3n gira en torno a su b\u00fasqueda de libertad y resiliencia, as\u00ed como de su pasi\u00f3n por el mar. Tambi\u00e9n participa Tomy Pelluz, fundador de la editorial Almayer, especializada en literatura mar\u00edtima. \u00a1Escucha el podcast!<\/p>\n\n\n\n<div class=\"wp-block-uagb-image uagb-block-cc6ec063 wp-block-uagb-image--layout-default wp-block-uagb-image--effect-static wp-block-uagb-image--align-none\"><figure class=\"wp-block-uagb-image__figure\"><img decoding=\"async\" srcset=\"https:\/\/www.barcelonacapitalnautica.org\/wp-content\/uploads\/2025\/02\/Cubierta_Tara_Tari-en-tamano-grande-253x380.jpeg ,https:\/\/www.barcelonacapitalnautica.org\/wp-content\/uploads\/2025\/02\/Cubierta_Tara_Tari-en-tamano-grande.jpeg 780w, https:\/\/www.barcelonacapitalnautica.org\/wp-content\/uploads\/2025\/02\/Cubierta_Tara_Tari-en-tamano-grande.jpeg 360w\" sizes=\"auto, (max-width: 480px) 150px\" src=\"https:\/\/www.barcelonacapitalnautica.org\/wp-content\/uploads\/2025\/02\/Cubierta_Tara_Tari-en-tamano-grande-253x380.jpeg\" alt=\"\" class=\"uag-image-270938\" width=\"253\" height=\"380\" title=\"Cubierta_Tara_Tari en taman\u0303o grande\" loading=\"lazy\" role=\"img\"\/><\/figure><\/div>\n\n\n\n<p><\/p>\n\n\n\n<div class=\"wp-block-uagb-buttons uagb-buttons__outer-wrap uagb-btn__default-btn uagb-btn-tablet__default-btn uagb-btn-mobile__default-btn uagb-block-42c44058\"><div class=\"uagb-buttons__wrap uagb-buttons-layout-wrap \">\n<div class=\"wp-block-uagb-buttons-child uagb-buttons__outer-wrap uagb-block-440eeed8 wp-block-button\"><div class=\"uagb-button__wrapper\"><a class=\"uagb-buttons-repeater wp-block-button__link\" aria-label=\"\" href=\"https:\/\/open.spotify.com\/episode\/0lpS3q3qwUEKgja3t4LdD3?si=jna0Ugf0RlSddIJg36McxQ\" rel=\"follow noopener\" target=\"_self\" role=\"button\"><div class=\"uagb-button__link\">\u00a1escucha el p\u00f3dcast!<\/div><\/a><\/div><\/div>\n<\/div><\/div>\n\n\n\n<p><strong>Si sabessis el mar com \u00e9s bonic<\/strong><br><br>La segunda sesi\u00f3n est\u00e1 dedicada a la novela debut de Gemma Calduch, una historia ambientada en un peque\u00f1o pueblo pesquero donde el mar se convierte tanto en una fuente de subsistencia como en una fuerza misteriosa. La trama combina mitos y leyendas con temas como la incomunicaci\u00f3n y la soledad.<\/p>\n\n\n\n<div class=\"wp-block-uagb-image uagb-block-9d5ae361 wp-block-uagb-image--layout-default wp-block-uagb-image--effect-static wp-block-uagb-image--align-none\"><figure class=\"wp-block-uagb-image__figure\"><img decoding=\"async\" srcset=\"https:\/\/www.barcelonacapitalnautica.org\/wp-content\/uploads\/2025\/02\/si-sabessis-el-mar-com-es-bonic-256x380.jpeg ,https:\/\/www.barcelonacapitalnautica.org\/wp-content\/uploads\/2025\/02\/si-sabessis-el-mar-com-es-bonic-scaled.jpeg 780w, https:\/\/www.barcelonacapitalnautica.org\/wp-content\/uploads\/2025\/02\/si-sabessis-el-mar-com-es-bonic-scaled.jpeg 360w\" sizes=\"auto, (max-width: 480px) 150px\" src=\"https:\/\/www.barcelonacapitalnautica.org\/wp-content\/uploads\/2025\/02\/si-sabessis-el-mar-com-es-bonic-256x380.jpeg\" alt=\"\" class=\"uag-image-271209\" width=\"256\" height=\"380\" title=\"si-sabessis-el-mar-com-es-bonic\" loading=\"lazy\" role=\"img\"\/><\/figure><\/div>\n\n\n\n<p><\/p>\n\n\n\n<div class=\"wp-block-uagb-buttons uagb-buttons__outer-wrap uagb-btn__default-btn uagb-btn-tablet__default-btn uagb-btn-mobile__default-btn uagb-block-21281ce2\"><div class=\"uagb-buttons__wrap uagb-buttons-layout-wrap \">\n<div class=\"wp-block-uagb-buttons-child uagb-buttons__outer-wrap uagb-block-0e3ab53c wp-block-button\"><div class=\"uagb-button__wrapper\"><a class=\"uagb-buttons-repeater wp-block-button__link\" aria-label=\"\" href=\"https:\/\/open.spotify.com\/episode\/0qe8weDibmPD4Rjy5KnkFf?si=RC4XUAjcRyS86oS0CxLYIA\" rel=\"follow noopener\" target=\"_self\" role=\"button\"><div class=\"uagb-button__link\">\u00a1escucha el p\u00f3dcast!<\/div><\/a><\/div><\/div>\n<\/div><\/div>\n\n\n\n<p><strong>Ara, i cada dem\u00e0<\/strong><br><br>La tercera sesi\u00f3n se centra en la novela de Gloria Gasch, que reivindica el g\u00e9nero epistolar por narrar una historia de amor y descubrimiento personal en el Mediterr\u00e1neo. La navegaci\u00f3n se presenta como un espacio de aprendizaje, y el mar se muestra en su vertiente m\u00e1s bella pero tambi\u00e9n enga\u00f1osa.<\/p>\n\n\n\n<div class=\"wp-block-uagb-image uagb-block-a03a48fa wp-block-uagb-image--layout-default wp-block-uagb-image--effect-static wp-block-uagb-image--align-none\"><figure class=\"wp-block-uagb-image__figure\"><img decoding=\"async\" srcset=\"https:\/\/www.barcelonacapitalnautica.org\/wp-content\/uploads\/2025\/02\/Ara-i-cada-dema-Gloria-Gash-243x380.jpeg ,https:\/\/www.barcelonacapitalnautica.org\/wp-content\/uploads\/2025\/02\/Ara-i-cada-dema-Gloria-Gash.jpeg 780w, https:\/\/www.barcelonacapitalnautica.org\/wp-content\/uploads\/2025\/02\/Ara-i-cada-dema-Gloria-Gash.jpeg 360w\" sizes=\"auto, (max-width: 480px) 150px\" src=\"https:\/\/www.barcelonacapitalnautica.org\/wp-content\/uploads\/2025\/02\/Ara-i-cada-dema-Gloria-Gash-243x380.jpeg\" alt=\"\" class=\"uag-image-271206\" width=\"243\" height=\"380\" title=\"Ara i cada dema - Gloria Gash\" loading=\"lazy\" role=\"img\"\/><\/figure><\/div>\n\n\n\n<p><\/p>\n\n\n\n<div class=\"wp-block-uagb-buttons uagb-buttons__outer-wrap uagb-btn__default-btn uagb-btn-tablet__default-btn uagb-btn-mobile__default-btn uagb-block-fc94b288\"><div class=\"uagb-buttons__wrap uagb-buttons-layout-wrap \">\n<div class=\"wp-block-uagb-buttons-child uagb-buttons__outer-wrap uagb-block-2ff59081 wp-block-button\"><div class=\"uagb-button__wrapper\"><a class=\"uagb-buttons-repeater wp-block-button__link\" aria-label=\"\" href=\"https:\/\/open.spotify.com\/episode\/6kbiFMYJpp0Mhrp2qWb7ly?si=Gx3-EqYDTq-xjm4n8ii93A\" rel=\"follow noopener\" target=\"_self\" role=\"button\"><div class=\"uagb-button__link\">\u00a1escucha el p\u00f3dcast!<\/div><\/a><\/div><\/div>\n<\/div><\/div>\n\n\n\n<p><\/p>\n\n\n\n<p>Los cap\u00edtulos del podcast pueden escucharse a trav\u00e9s de\u00a0<a href=\"https:\/\/open.spotify.com\/show\/0c3T4DUJilikrOeJHddYzD?si=7ed7b00983044959\" target=\"_blank\" rel=\"noreferrer noopener\">Spotify<\/a>\u00a0y\u00a0<a href=\"https:\/\/www.youtube.com\/playlist?list=PLvov9fY--_lvfYXMpcXrcmNdlrAOeRgaA\" target=\"_blank\" rel=\"noreferrer noopener\">YouTube<\/a>\u00a0y tambi\u00e9n se pueden encontrar fragmentos en formato v\u00eddeo en las redes sociales de la Fundaci\u00f3n Barcelona Capital N\u00e1utica. Para m\u00e1s informaci\u00f3n y para acceder a los contenidos, puede visitar la p\u00e1gina oficial del ciclo Palabras Saladas.<br><\/p>\n","protected":false},"excerpt":{"rendered":"<p>Ya est\u00e1n disponibles los cap\u00edtulos de la primera temporada del [&hellip;]<\/p>\n","protected":false},"author":5,"featured_media":272366,"comment_status":"closed","ping_status":"closed","sticky":false,"template":"","format":"standard","meta":{"_uag_custom_page_level_css":"","site-sidebar-layout":"default","site-content-layout":"","ast-site-content-layout":"default","site-content-style":"default","site-sidebar-style":"default","ast-global-header-display":"","ast-banner-title-visibility":"","ast-main-header-display":"","ast-hfb-above-header-display":"","ast-hfb-below-header-display":"","ast-hfb-mobile-header-display":"","site-post-title":"","ast-breadcrumbs-content":"","ast-featured-img":"","footer-sml-layout":"","ast-disable-related-posts":"","theme-transparent-header-meta":"","adv-header-id-meta":"","stick-header-meta":"","header-above-stick-meta":"","header-main-stick-meta":"","header-below-stick-meta":"","astra-migrate-meta-layouts":"set","ast-page-background-enabled":"default","ast-page-background-meta":{"desktop":{"background-color":"","background-image":"","background-repeat":"repeat","background-position":"center center","background-size":"auto","background-attachment":"scroll","background-type":"","background-media":"","overlay-type":"","overlay-color":"","overlay-gradient":""},"tablet":{"background-color":"","background-image":"","background-repeat":"repeat","background-position":"center center","background-size":"auto","background-attachment":"scroll","background-type":"","background-media":"","overlay-type":"","overlay-color":"","overlay-gradient":""},"mobile":{"background-color":"","background-image":"","background-repeat":"repeat","background-position":"center center","background-size":"auto","background-attachment":"scroll","background-type":"","background-media":"","overlay-type":"","overlay-color":"","overlay-gradient":""}},"ast-content-background-meta":{"desktop":{"background-color":"var(--ast-global-color-5)","background-image":"","background-repeat":"repeat","background-position":"center center","background-size":"auto","background-attachment":"scroll","background-type":"","background-media":"","overlay-type":"","overlay-color":"","overlay-gradient":""},"tablet":{"background-color":"var(--ast-global-color-5)","background-image":"","background-repeat":"repeat","background-position":"center center","background-size":"auto","background-attachment":"scroll","background-type":"","background-media":"","overlay-type":"","overlay-color":"","overlay-gradient":""},"mobile":{"background-color":"var(--ast-global-color-5)","background-image":"","background-repeat":"repeat","background-position":"center center","background-size":"auto","background-attachment":"scroll","background-type":"","background-media":"","overlay-type":"","overlay-color":"","overlay-gradient":""}},"_price":"","_stock":"","_tribe_ticket_header":"","_tribe_default_ticket_provider":"","_tribe_ticket_capacity":"0","_ticket_start_date":"","_ticket_end_date":"","_tribe_ticket_show_description":"","_tribe_ticket_show_not_going":false,"_tribe_ticket_use_global_stock":"","_tribe_ticket_global_stock_level":"","_global_stock_mode":"","_global_stock_cap":"","_tribe_rsvp_for_event":"","_tribe_ticket_going_count":"","_tribe_ticket_not_going_count":"","_tribe_tickets_list":[],"_tribe_ticket_has_attendee_info_fields":false,"footnotes":""},"categories":[105],"tags":[117,231,233],"class_list":["post-272374","post","type-post","status-publish","format-standard","has-post-thumbnail","hentry","category-cultura","tag-catala-es","tag-cultura-es","tag-paraules-salades-es"],"yoast_head":"<!-- This site is optimized with the Yoast SEO plugin v27.5 - https:\/\/yoast.com\/product\/yoast-seo-wordpress\/ -->\n<title>Paraules Salades: el p\u00f3dcast que navega entre la literatura y el mar - Barcelona Capital N\u00e0utica<\/title>\n<meta name=\"robots\" content=\"index, follow, max-snippet:-1, max-image-preview:large, max-video-preview:-1\" \/>\n<link rel=\"canonical\" href=\"https:\/\/www.barcelonacapitalnautica.org\/es\/paraules-salades-el-podcast-que-navega-entre-la-literatura-y-el-mar\/\" \/>\n<meta property=\"og:locale\" content=\"es_ES\" \/>\n<meta property=\"og:type\" content=\"article\" \/>\n<meta property=\"og:title\" content=\"Paraules Salades: el p\u00f3dcast que navega entre la literatura y el mar - Barcelona Capital N\u00e0utica\" \/>\n<meta property=\"og:description\" content=\"Ya est\u00e1n disponibles los cap\u00edtulos de la primera temporada del [&hellip;]\" \/>\n<meta property=\"og:url\" content=\"https:\/\/www.barcelonacapitalnautica.org\/es\/paraules-salades-el-podcast-que-navega-entre-la-literatura-y-el-mar\/\" \/>\n<meta property=\"og:site_name\" content=\"Barcelona Capital N\u00e0utica\" \/>\n<meta property=\"article:publisher\" content=\"https:\/\/www.facebook.com\/barcelonacapitalnautica\" \/>\n<meta property=\"article:published_time\" content=\"2025-05-20T15:25:29+00:00\" \/>\n<meta property=\"article:modified_time\" content=\"2025-05-20T15:38:50+00:00\" \/>\n<meta property=\"og:image\" content=\"https:\/\/www.barcelonacapitalnautica.org\/wp-content\/uploads\/2025\/05\/Noti-Paraules-Salades-3.png\" \/>\n\t<meta property=\"og:image:width\" content=\"1140\" \/>\n\t<meta property=\"og:image:height\" content=\"440\" \/>\n\t<meta property=\"og:image:type\" content=\"image\/png\" \/>\n<meta name=\"author\" content=\"Usuari FBCN\" \/>\n<meta name=\"twitter:card\" content=\"summary_large_image\" \/>\n<meta name=\"twitter:creator\" content=\"@bcnautica\" \/>\n<meta name=\"twitter:site\" content=\"@bcnautica\" \/>\n<meta name=\"twitter:label1\" content=\"Escrito por\" \/>\n\t<meta name=\"twitter:data1\" content=\"Usuari FBCN\" \/>\n\t<meta name=\"twitter:label2\" content=\"Tiempo de lectura\" \/>\n\t<meta name=\"twitter:data2\" content=\"3 minutos\" \/>\n<script type=\"application\/ld+json\" class=\"yoast-schema-graph\">{\"@context\":\"https:\\\/\\\/schema.org\",\"@graph\":[{\"@type\":\"Article\",\"@id\":\"https:\\\/\\\/www.barcelonacapitalnautica.org\\\/es\\\/paraules-salades-el-podcast-que-navega-entre-la-literatura-y-el-mar\\\/#article\",\"isPartOf\":{\"@id\":\"https:\\\/\\\/www.barcelonacapitalnautica.org\\\/es\\\/paraules-salades-el-podcast-que-navega-entre-la-literatura-y-el-mar\\\/\"},\"author\":{\"name\":\"Usuari FBCN\",\"@id\":\"https:\\\/\\\/www.barcelonacapitalnautica.org\\\/es\\\/#\\\/schema\\\/person\\\/64be99104b7f943803e224a468fa099f\"},\"headline\":\"Paraules Salades: el p\u00f3dcast que navega entre la literatura y el mar\",\"datePublished\":\"2025-05-20T15:25:29+00:00\",\"dateModified\":\"2025-05-20T15:38:50+00:00\",\"mainEntityOfPage\":{\"@id\":\"https:\\\/\\\/www.barcelonacapitalnautica.org\\\/es\\\/paraules-salades-el-podcast-que-navega-entre-la-literatura-y-el-mar\\\/\"},\"wordCount\":360,\"publisher\":{\"@id\":\"https:\\\/\\\/www.barcelonacapitalnautica.org\\\/es\\\/#organization\"},\"image\":{\"@id\":\"https:\\\/\\\/www.barcelonacapitalnautica.org\\\/es\\\/paraules-salades-el-podcast-que-navega-entre-la-literatura-y-el-mar\\\/#primaryimage\"},\"thumbnailUrl\":\"https:\\\/\\\/www.barcelonacapitalnautica.org\\\/wp-content\\\/uploads\\\/2025\\\/05\\\/Noti-Paraules-Salades-3.png\",\"keywords\":[\"catal\u00e0\",\"Cultura\",\"Paraules Salades\"],\"articleSection\":[\"Cultura\"],\"inLanguage\":\"es\"},{\"@type\":\"WebPage\",\"@id\":\"https:\\\/\\\/www.barcelonacapitalnautica.org\\\/es\\\/paraules-salades-el-podcast-que-navega-entre-la-literatura-y-el-mar\\\/\",\"url\":\"https:\\\/\\\/www.barcelonacapitalnautica.org\\\/es\\\/paraules-salades-el-podcast-que-navega-entre-la-literatura-y-el-mar\\\/\",\"name\":\"Paraules Salades: el p\u00f3dcast que navega entre la literatura y el mar - Barcelona Capital N\u00e0utica\",\"isPartOf\":{\"@id\":\"https:\\\/\\\/www.barcelonacapitalnautica.org\\\/es\\\/#website\"},\"primaryImageOfPage\":{\"@id\":\"https:\\\/\\\/www.barcelonacapitalnautica.org\\\/es\\\/paraules-salades-el-podcast-que-navega-entre-la-literatura-y-el-mar\\\/#primaryimage\"},\"image\":{\"@id\":\"https:\\\/\\\/www.barcelonacapitalnautica.org\\\/es\\\/paraules-salades-el-podcast-que-navega-entre-la-literatura-y-el-mar\\\/#primaryimage\"},\"thumbnailUrl\":\"https:\\\/\\\/www.barcelonacapitalnautica.org\\\/wp-content\\\/uploads\\\/2025\\\/05\\\/Noti-Paraules-Salades-3.png\",\"datePublished\":\"2025-05-20T15:25:29+00:00\",\"dateModified\":\"2025-05-20T15:38:50+00:00\",\"breadcrumb\":{\"@id\":\"https:\\\/\\\/www.barcelonacapitalnautica.org\\\/es\\\/paraules-salades-el-podcast-que-navega-entre-la-literatura-y-el-mar\\\/#breadcrumb\"},\"inLanguage\":\"es\",\"potentialAction\":[{\"@type\":\"ReadAction\",\"target\":[\"https:\\\/\\\/www.barcelonacapitalnautica.org\\\/es\\\/paraules-salades-el-podcast-que-navega-entre-la-literatura-y-el-mar\\\/\"]}]},{\"@type\":\"ImageObject\",\"inLanguage\":\"es\",\"@id\":\"https:\\\/\\\/www.barcelonacapitalnautica.org\\\/es\\\/paraules-salades-el-podcast-que-navega-entre-la-literatura-y-el-mar\\\/#primaryimage\",\"url\":\"https:\\\/\\\/www.barcelonacapitalnautica.org\\\/wp-content\\\/uploads\\\/2025\\\/05\\\/Noti-Paraules-Salades-3.png\",\"contentUrl\":\"https:\\\/\\\/www.barcelonacapitalnautica.org\\\/wp-content\\\/uploads\\\/2025\\\/05\\\/Noti-Paraules-Salades-3.png\",\"width\":1140,\"height\":440},{\"@type\":\"BreadcrumbList\",\"@id\":\"https:\\\/\\\/www.barcelonacapitalnautica.org\\\/es\\\/paraules-salades-el-podcast-que-navega-entre-la-literatura-y-el-mar\\\/#breadcrumb\",\"itemListElement\":[{\"@type\":\"ListItem\",\"position\":1,\"name\":\"Inici\",\"item\":\"https:\\\/\\\/www.barcelonacapitalnautica.org\\\/es\\\/\"},{\"@type\":\"ListItem\",\"position\":2,\"name\":\"Paraules Salades: el p\u00f3dcast que navega entre la literatura y el mar\"}]},{\"@type\":\"WebSite\",\"@id\":\"https:\\\/\\\/www.barcelonacapitalnautica.org\\\/es\\\/#website\",\"url\":\"https:\\\/\\\/www.barcelonacapitalnautica.org\\\/es\\\/\",\"name\":\"Barcelona Capital N\u00e0utica\",\"description\":\"Barcelona Capital N\u00e0utica\",\"publisher\":{\"@id\":\"https:\\\/\\\/www.barcelonacapitalnautica.org\\\/es\\\/#organization\"},\"alternateName\":\"BCN\u00e0utica, FBCN\",\"potentialAction\":[{\"@type\":\"SearchAction\",\"target\":{\"@type\":\"EntryPoint\",\"urlTemplate\":\"https:\\\/\\\/www.barcelonacapitalnautica.org\\\/es\\\/?s={search_term_string}\"},\"query-input\":{\"@type\":\"PropertyValueSpecification\",\"valueRequired\":true,\"valueName\":\"search_term_string\"}}],\"inLanguage\":\"es\"},{\"@type\":\"Organization\",\"@id\":\"https:\\\/\\\/www.barcelonacapitalnautica.org\\\/es\\\/#organization\",\"name\":\"Barcelona Capital N\u00e0utica\",\"alternateName\":\"Fundaci\u00f3 Barcelona Capital N\u00e0utica\",\"url\":\"https:\\\/\\\/www.barcelonacapitalnautica.org\\\/es\\\/\",\"logo\":{\"@type\":\"ImageObject\",\"inLanguage\":\"es\",\"@id\":\"https:\\\/\\\/www.barcelonacapitalnautica.org\\\/es\\\/#\\\/schema\\\/logo\\\/image\\\/\",\"url\":\"https:\\\/\\\/www.barcelonacapitalnautica.org\\\/wp-content\\\/uploads\\\/2023\\\/03\\\/Logo-blau.svg\",\"contentUrl\":\"https:\\\/\\\/www.barcelonacapitalnautica.org\\\/wp-content\\\/uploads\\\/2023\\\/03\\\/Logo-blau.svg\",\"width\":200,\"height\":58,\"caption\":\"Barcelona Capital N\u00e0utica\"},\"image\":{\"@id\":\"https:\\\/\\\/www.barcelonacapitalnautica.org\\\/es\\\/#\\\/schema\\\/logo\\\/image\\\/\"},\"sameAs\":[\"https:\\\/\\\/www.facebook.com\\\/barcelonacapitalnautica\",\"https:\\\/\\\/x.com\\\/bcnautica\",\"https:\\\/\\\/www.instagram.com\\\/bcnautica\\\/\",\"https:\\\/\\\/www.linkedin.com\\\/company\\\/barcelona-capital-nautica\"]},{\"@type\":\"Person\",\"@id\":\"https:\\\/\\\/www.barcelonacapitalnautica.org\\\/es\\\/#\\\/schema\\\/person\\\/64be99104b7f943803e224a468fa099f\",\"name\":\"Usuari FBCN\"}]}<\/script>\n<!-- \/ Yoast SEO plugin. -->","yoast_head_json":{"title":"Paraules Salades: el p\u00f3dcast que navega entre la literatura y el mar - Barcelona Capital N\u00e0utica","robots":{"index":"index","follow":"follow","max-snippet":"max-snippet:-1","max-image-preview":"max-image-preview:large","max-video-preview":"max-video-preview:-1"},"canonical":"https:\/\/www.barcelonacapitalnautica.org\/es\/paraules-salades-el-podcast-que-navega-entre-la-literatura-y-el-mar\/","og_locale":"es_ES","og_type":"article","og_title":"Paraules Salades: el p\u00f3dcast que navega entre la literatura y el mar - Barcelona Capital N\u00e0utica","og_description":"Ya est\u00e1n disponibles los cap\u00edtulos de la primera temporada del [&hellip;]","og_url":"https:\/\/www.barcelonacapitalnautica.org\/es\/paraules-salades-el-podcast-que-navega-entre-la-literatura-y-el-mar\/","og_site_name":"Barcelona Capital N\u00e0utica","article_publisher":"https:\/\/www.facebook.com\/barcelonacapitalnautica","article_published_time":"2025-05-20T15:25:29+00:00","article_modified_time":"2025-05-20T15:38:50+00:00","og_image":[{"width":1140,"height":440,"url":"https:\/\/www.barcelonacapitalnautica.org\/wp-content\/uploads\/2025\/05\/Noti-Paraules-Salades-3.png","type":"image\/png"}],"author":"Usuari FBCN","twitter_card":"summary_large_image","twitter_creator":"@bcnautica","twitter_site":"@bcnautica","twitter_misc":{"Escrito por":"Usuari FBCN","Tiempo de lectura":"3 minutos"},"schema":{"@context":"https:\/\/schema.org","@graph":[{"@type":"Article","@id":"https:\/\/www.barcelonacapitalnautica.org\/es\/paraules-salades-el-podcast-que-navega-entre-la-literatura-y-el-mar\/#article","isPartOf":{"@id":"https:\/\/www.barcelonacapitalnautica.org\/es\/paraules-salades-el-podcast-que-navega-entre-la-literatura-y-el-mar\/"},"author":{"name":"Usuari FBCN","@id":"https:\/\/www.barcelonacapitalnautica.org\/es\/#\/schema\/person\/64be99104b7f943803e224a468fa099f"},"headline":"Paraules Salades: el p\u00f3dcast que navega entre la literatura y el mar","datePublished":"2025-05-20T15:25:29+00:00","dateModified":"2025-05-20T15:38:50+00:00","mainEntityOfPage":{"@id":"https:\/\/www.barcelonacapitalnautica.org\/es\/paraules-salades-el-podcast-que-navega-entre-la-literatura-y-el-mar\/"},"wordCount":360,"publisher":{"@id":"https:\/\/www.barcelonacapitalnautica.org\/es\/#organization"},"image":{"@id":"https:\/\/www.barcelonacapitalnautica.org\/es\/paraules-salades-el-podcast-que-navega-entre-la-literatura-y-el-mar\/#primaryimage"},"thumbnailUrl":"https:\/\/www.barcelonacapitalnautica.org\/wp-content\/uploads\/2025\/05\/Noti-Paraules-Salades-3.png","keywords":["catal\u00e0","Cultura","Paraules Salades"],"articleSection":["Cultura"],"inLanguage":"es"},{"@type":"WebPage","@id":"https:\/\/www.barcelonacapitalnautica.org\/es\/paraules-salades-el-podcast-que-navega-entre-la-literatura-y-el-mar\/","url":"https:\/\/www.barcelonacapitalnautica.org\/es\/paraules-salades-el-podcast-que-navega-entre-la-literatura-y-el-mar\/","name":"Paraules Salades: el p\u00f3dcast que navega entre la literatura y el mar - Barcelona Capital N\u00e0utica","isPartOf":{"@id":"https:\/\/www.barcelonacapitalnautica.org\/es\/#website"},"primaryImageOfPage":{"@id":"https:\/\/www.barcelonacapitalnautica.org\/es\/paraules-salades-el-podcast-que-navega-entre-la-literatura-y-el-mar\/#primaryimage"},"image":{"@id":"https:\/\/www.barcelonacapitalnautica.org\/es\/paraules-salades-el-podcast-que-navega-entre-la-literatura-y-el-mar\/#primaryimage"},"thumbnailUrl":"https:\/\/www.barcelonacapitalnautica.org\/wp-content\/uploads\/2025\/05\/Noti-Paraules-Salades-3.png","datePublished":"2025-05-20T15:25:29+00:00","dateModified":"2025-05-20T15:38:50+00:00","breadcrumb":{"@id":"https:\/\/www.barcelonacapitalnautica.org\/es\/paraules-salades-el-podcast-que-navega-entre-la-literatura-y-el-mar\/#breadcrumb"},"inLanguage":"es","potentialAction":[{"@type":"ReadAction","target":["https:\/\/www.barcelonacapitalnautica.org\/es\/paraules-salades-el-podcast-que-navega-entre-la-literatura-y-el-mar\/"]}]},{"@type":"ImageObject","inLanguage":"es","@id":"https:\/\/www.barcelonacapitalnautica.org\/es\/paraules-salades-el-podcast-que-navega-entre-la-literatura-y-el-mar\/#primaryimage","url":"https:\/\/www.barcelonacapitalnautica.org\/wp-content\/uploads\/2025\/05\/Noti-Paraules-Salades-3.png","contentUrl":"https:\/\/www.barcelonacapitalnautica.org\/wp-content\/uploads\/2025\/05\/Noti-Paraules-Salades-3.png","width":1140,"height":440},{"@type":"BreadcrumbList","@id":"https:\/\/www.barcelonacapitalnautica.org\/es\/paraules-salades-el-podcast-que-navega-entre-la-literatura-y-el-mar\/#breadcrumb","itemListElement":[{"@type":"ListItem","position":1,"name":"Inici","item":"https:\/\/www.barcelonacapitalnautica.org\/es\/"},{"@type":"ListItem","position":2,"name":"Paraules Salades: el p\u00f3dcast que navega entre la literatura y el mar"}]},{"@type":"WebSite","@id":"https:\/\/www.barcelonacapitalnautica.org\/es\/#website","url":"https:\/\/www.barcelonacapitalnautica.org\/es\/","name":"Barcelona Capital N\u00e0utica","description":"Barcelona Capital N\u00e0utica","publisher":{"@id":"https:\/\/www.barcelonacapitalnautica.org\/es\/#organization"},"alternateName":"BCN\u00e0utica, FBCN","potentialAction":[{"@type":"SearchAction","target":{"@type":"EntryPoint","urlTemplate":"https:\/\/www.barcelonacapitalnautica.org\/es\/?s={search_term_string}"},"query-input":{"@type":"PropertyValueSpecification","valueRequired":true,"valueName":"search_term_string"}}],"inLanguage":"es"},{"@type":"Organization","@id":"https:\/\/www.barcelonacapitalnautica.org\/es\/#organization","name":"Barcelona Capital N\u00e0utica","alternateName":"Fundaci\u00f3 Barcelona Capital N\u00e0utica","url":"https:\/\/www.barcelonacapitalnautica.org\/es\/","logo":{"@type":"ImageObject","inLanguage":"es","@id":"https:\/\/www.barcelonacapitalnautica.org\/es\/#\/schema\/logo\/image\/","url":"https:\/\/www.barcelonacapitalnautica.org\/wp-content\/uploads\/2023\/03\/Logo-blau.svg","contentUrl":"https:\/\/www.barcelonacapitalnautica.org\/wp-content\/uploads\/2023\/03\/Logo-blau.svg","width":200,"height":58,"caption":"Barcelona Capital N\u00e0utica"},"image":{"@id":"https:\/\/www.barcelonacapitalnautica.org\/es\/#\/schema\/logo\/image\/"},"sameAs":["https:\/\/www.facebook.com\/barcelonacapitalnautica","https:\/\/x.com\/bcnautica","https:\/\/www.instagram.com\/bcnautica\/","https:\/\/www.linkedin.com\/company\/barcelona-capital-nautica"]},{"@type":"Person","@id":"https:\/\/www.barcelonacapitalnautica.org\/es\/#\/schema\/person\/64be99104b7f943803e224a468fa099f","name":"Usuari FBCN"}]}},"uagb_featured_image_src":{"full":["https:\/\/www.barcelonacapitalnautica.org\/wp-content\/uploads\/2025\/05\/Noti-Paraules-Salades-3.png",1140,440,false],"thumbnail":["https:\/\/www.barcelonacapitalnautica.org\/wp-content\/uploads\/2025\/05\/Noti-Paraules-Salades-3-380x147.png",380,147,true],"medium":["https:\/\/www.barcelonacapitalnautica.org\/wp-content\/uploads\/2025\/05\/Noti-Paraules-Salades-3-560x216.png",560,216,true],"medium_large":["https:\/\/www.barcelonacapitalnautica.org\/wp-content\/uploads\/2025\/05\/Noti-Paraules-Salades-3-768x296.png",768,296,true],"large":["https:\/\/www.barcelonacapitalnautica.org\/wp-content\/uploads\/2025\/05\/Noti-Paraules-Salades-3-900x347.png",900,347,true],"1536x1536":["https:\/\/www.barcelonacapitalnautica.org\/wp-content\/uploads\/2025\/05\/Noti-Paraules-Salades-3.png",1140,440,false],"2048x2048":["https:\/\/www.barcelonacapitalnautica.org\/wp-content\/uploads\/2025\/05\/Noti-Paraules-Salades-3.png",1140,440,false]},"uagb_author_info":{"display_name":"Usuari FBCN","author_link":"https:\/\/www.barcelonacapitalnautica.org\/es\/author\/fbcn_info\/"},"uagb_comment_info":0,"uagb_excerpt":"Ya est\u00e1n disponibles los cap\u00edtulos de la primera temporada del [&hellip;]","_links":{"self":[{"href":"https:\/\/www.barcelonacapitalnautica.org\/es\/wp-json\/wp\/v2\/posts\/272374","targetHints":{"allow":["GET"]}}],"collection":[{"href":"https:\/\/www.barcelonacapitalnautica.org\/es\/wp-json\/wp\/v2\/posts"}],"about":[{"href":"https:\/\/www.barcelonacapitalnautica.org\/es\/wp-json\/wp\/v2\/types\/post"}],"author":[{"embeddable":true,"href":"https:\/\/www.barcelonacapitalnautica.org\/es\/wp-json\/wp\/v2\/users\/5"}],"replies":[{"embeddable":true,"href":"https:\/\/www.barcelonacapitalnautica.org\/es\/wp-json\/wp\/v2\/comments?post=272374"}],"version-history":[{"count":2,"href":"https:\/\/www.barcelonacapitalnautica.org\/es\/wp-json\/wp\/v2\/posts\/272374\/revisions"}],"predecessor-version":[{"id":272378,"href":"https:\/\/www.barcelonacapitalnautica.org\/es\/wp-json\/wp\/v2\/posts\/272374\/revisions\/272378"}],"wp:featuredmedia":[{"embeddable":true,"href":"https:\/\/www.barcelonacapitalnautica.org\/es\/wp-json\/wp\/v2\/media\/272366"}],"wp:attachment":[{"href":"https:\/\/www.barcelonacapitalnautica.org\/es\/wp-json\/wp\/v2\/media?parent=272374"}],"wp:term":[{"taxonomy":"category","embeddable":true,"href":"https:\/\/www.barcelonacapitalnautica.org\/es\/wp-json\/wp\/v2\/categories?post=272374"},{"taxonomy":"post_tag","embeddable":true,"href":"https:\/\/www.barcelonacapitalnautica.org\/es\/wp-json\/wp\/v2\/tags?post=272374"}],"curies":[{"name":"wp","href":"https:\/\/api.w.org\/{rel}","templated":true}]}}