{"id":273160,"date":"2025-09-03T11:56:26","date_gmt":"2025-09-03T09:56:26","guid":{"rendered":"https:\/\/www.barcelonacapitalnautica.org\/cedric-widmer-completa-con-exito-su-solo-qualifier-a-bordo-de-la-nona\/"},"modified":"2025-09-03T11:58:58","modified_gmt":"2025-09-03T09:58:58","slug":"cedric-widmer-completa-con-exito-su-solo-qualifier-a-bordo-de-la-nona","status":"publish","type":"post","link":"https:\/\/www.barcelonacapitalnautica.org\/es\/cedric-widmer-completa-con-exito-su-solo-qualifier-a-bordo-de-la-nona\/","title":{"rendered":"C\u00e9dric Widmer completa con \u00e9xito su Solo Qualifier a bordo de La Nona"},"content":{"rendered":"\n<p><span class=\"TextRun SCXW13454239 BCX0\" lang=\"ES-ES\" xml:lang=\"ES-ES\" data-contrast=\"auto\"><span class=\"NormalTextRun SCXW13454239 BCX0\">Del 9 al 22 de julio de 2025, el navegante suizo <\/span><\/span><span class=\"TextRun MacChromeBold SCXW13454239 BCX0\" lang=\"ES-ES\" xml:lang=\"ES-ES\" data-contrast=\"auto\"><span class=\"NormalTextRun SCXW13454239 BCX0\">C\u00e9dric Widmer (Mini 1027)<\/span><\/span><span class=\"TextRun SCXW13454239 BCX0\" lang=\"ES-ES\" xml:lang=\"ES-ES\" data-contrast=\"auto\"><span class=\"NormalTextRun SCXW13454239 BCX0\"> complet\u00f3 su <\/span><\/span><span class=\"TextRun MacChromeBold SCXW13454239 BCX0\" lang=\"ES-ES\" xml:lang=\"ES-ES\" data-contrast=\"auto\"><span class=\"NormalTextRun SCXW13454239 BCX0\">Solo <\/span><span class=\"NormalTextRun SpellingErrorV2Themed SCXW13454239 BCX0\">Qualifier<\/span><\/span><span class=\"TextRun SCXW13454239 BCX0\" lang=\"ES-ES\" xml:lang=\"ES-ES\" data-contrast=\"auto\"><span class=\"NormalTextRun SCXW13454239 BCX0\">, una traves\u00eda en solitario de m\u00e1s de 1.200 millas n\u00e1uticas con salida y llegada en Barcelona a bordo del Mini La Nona. La experiencia, de 13 d\u00edas, supuso un desaf\u00edo decisivo tanto a nivel deportivo como personal.<\/span><\/span><span class=\"EOP SCXW13454239 BCX0\" data-ccp-props=\"{&quot;134233117&quot;:false,&quot;134233118&quot;:false,&quot;335559738&quot;:240,&quot;335559739&quot;:240}\">&nbsp;<\/span><\/p>\n\n\n\n<p>Las condiciones en el Mediterr\u00e1neo fueron exigentes: largas jornadas de poco viento, tormentas intensas en el golfo de Le\u00f3n y la amenaza del Mistral. Widmer tuvo que tomar decisiones clave, como refugiarse en una boya para dejar pasar una c\u00e9lula de tormenta o esperar mejores condiciones antes de cruzar de C\u00f3rcega a Menorca. <\/p>\n\n\n\t\t\t\t\t<div\n\t\t\t\t\t\tclass=\"wp-block-uagb-image-gallery uagb-block-5eb152ee     \"\n\t\t\t\t\t\tstyle=\"\"\n\t\t\t\t\t>\n\t\t\t\t\t\t\t\t\t\t\t<div class=\"spectra-image-gallery spectra-image-gallery__layout--masonry spectra-image-gallery__layout--masonry-col-3 spectra-image-gallery__layout--masonry-col-tab-3 spectra-image-gallery__layout--masonry-col-mob-2\">\n\t\t\t\t\t\t\t\t\t\t\t<div class='spectra-image-gallery__media-wrapper--isotope'>\n\t\t\t\t\t\t\t<div class='spectra-image-gallery__media-wrapper' data-spectra-gallery-image-id='273135' tabindex=\"0\">\n\t\t\t\t\t\t\t<div class=\"spectra-image-gallery__media spectra-image-gallery__media--masonry\">\n\t\t\t\t<picture>\n\t\t\t\t\t<source media=\"(min-width: 1024px)\" srcset=\"https:\/\/www.barcelonacapitalnautica.org\/wp-content\/uploads\/2025\/09\/Noti-Calif-Cedric2-900x506.jpeg\">\n\t\t\t\t\t<source media=\"(min-width: 768px)\" srcset=\"https:\/\/www.barcelonacapitalnautica.org\/wp-content\/uploads\/2025\/09\/Noti-Calif-Cedric2-900x506.jpeg\">\n\t\t\t\t\t<img decoding=\"async\" class=\"spectra-image-gallery__media-thumbnail spectra-image-gallery__media-thumbnail--masonry\" src=\"https:\/\/www.barcelonacapitalnautica.org\/wp-content\/uploads\/2025\/09\/Noti-Calif-Cedric2-560x315.jpeg\" alt=\"\" loading=\"lazy\" \/>\n\t\t\t\t<\/picture>\n\t\t\t\t<div class=\"spectra-image-gallery__media-thumbnail-blurrer\"><\/div>\n\t\t\t\t\t\t\t\t\t\t\t<div class=\"spectra-image-gallery__media-thumbnail-caption-wrapper spectra-image-gallery__media-thumbnail-caption-wrapper--overlay\"><\/div>\n\t\t\t\t\t\t\t\t<\/div>\n\t\t\t\t\t\t<\/div>\n\t\t\t\t\t\t<\/div>\n\t\t\t\t\t\t<div class='spectra-image-gallery__media-wrapper--isotope'>\n\t\t\t\t\t\t\t<div class='spectra-image-gallery__media-wrapper' data-spectra-gallery-image-id='273141' tabindex=\"0\">\n\t\t\t\t\t\t\t<div class=\"spectra-image-gallery__media spectra-image-gallery__media--masonry\">\n\t\t\t\t<picture>\n\t\t\t\t\t<source media=\"(min-width: 1024px)\" srcset=\"https:\/\/www.barcelonacapitalnautica.org\/wp-content\/uploads\/2025\/09\/Noti-Calif-Cedric4-900x506.jpeg\">\n\t\t\t\t\t<source media=\"(min-width: 768px)\" srcset=\"https:\/\/www.barcelonacapitalnautica.org\/wp-content\/uploads\/2025\/09\/Noti-Calif-Cedric4-900x506.jpeg\">\n\t\t\t\t\t<img decoding=\"async\" class=\"spectra-image-gallery__media-thumbnail spectra-image-gallery__media-thumbnail--masonry\" src=\"https:\/\/www.barcelonacapitalnautica.org\/wp-content\/uploads\/2025\/09\/Noti-Calif-Cedric4-560x315.jpeg\" alt=\"\" loading=\"lazy\" \/>\n\t\t\t\t<\/picture>\n\t\t\t\t<div class=\"spectra-image-gallery__media-thumbnail-blurrer\"><\/div>\n\t\t\t\t\t\t\t\t\t\t\t<div class=\"spectra-image-gallery__media-thumbnail-caption-wrapper spectra-image-gallery__media-thumbnail-caption-wrapper--overlay\"><\/div>\n\t\t\t\t\t\t\t\t<\/div>\n\t\t\t\t\t\t<\/div>\n\t\t\t\t\t\t<\/div>\n\t\t\t\t\t\t<div class='spectra-image-gallery__media-wrapper--isotope'>\n\t\t\t\t\t\t\t<div class='spectra-image-gallery__media-wrapper' data-spectra-gallery-image-id='273144' tabindex=\"0\">\n\t\t\t\t\t\t\t<div class=\"spectra-image-gallery__media spectra-image-gallery__media--masonry\">\n\t\t\t\t<picture>\n\t\t\t\t\t<source media=\"(min-width: 1024px)\" srcset=\"https:\/\/www.barcelonacapitalnautica.org\/wp-content\/uploads\/2025\/09\/Noti-Calif-Cedric5-900x506.jpeg\">\n\t\t\t\t\t<source media=\"(min-width: 768px)\" srcset=\"https:\/\/www.barcelonacapitalnautica.org\/wp-content\/uploads\/2025\/09\/Noti-Calif-Cedric5-900x506.jpeg\">\n\t\t\t\t\t<img decoding=\"async\" class=\"spectra-image-gallery__media-thumbnail spectra-image-gallery__media-thumbnail--masonry\" src=\"https:\/\/www.barcelonacapitalnautica.org\/wp-content\/uploads\/2025\/09\/Noti-Calif-Cedric5-560x315.jpeg\" alt=\"\" loading=\"lazy\" \/>\n\t\t\t\t<\/picture>\n\t\t\t\t<div class=\"spectra-image-gallery__media-thumbnail-blurrer\"><\/div>\n\t\t\t\t\t\t\t\t\t\t\t<div class=\"spectra-image-gallery__media-thumbnail-caption-wrapper spectra-image-gallery__media-thumbnail-caption-wrapper--overlay\"><\/div>\n\t\t\t\t\t\t\t\t<\/div>\n\t\t\t\t\t\t<\/div>\n\t\t\t\t\t\t<\/div>\n\t\t\t\t\t\t<div class='spectra-image-gallery__media-wrapper--isotope'>\n\t\t\t\t\t\t\t<div class='spectra-image-gallery__media-wrapper' data-spectra-gallery-image-id='273147' tabindex=\"0\">\n\t\t\t\t\t\t\t<div class=\"spectra-image-gallery__media spectra-image-gallery__media--masonry\">\n\t\t\t\t<picture>\n\t\t\t\t\t<source media=\"(min-width: 1024px)\" srcset=\"https:\/\/www.barcelonacapitalnautica.org\/wp-content\/uploads\/2025\/09\/Noti-Calif-Cedric6-900x506.jpeg\">\n\t\t\t\t\t<source media=\"(min-width: 768px)\" srcset=\"https:\/\/www.barcelonacapitalnautica.org\/wp-content\/uploads\/2025\/09\/Noti-Calif-Cedric6-900x506.jpeg\">\n\t\t\t\t\t<img decoding=\"async\" class=\"spectra-image-gallery__media-thumbnail spectra-image-gallery__media-thumbnail--masonry\" src=\"https:\/\/www.barcelonacapitalnautica.org\/wp-content\/uploads\/2025\/09\/Noti-Calif-Cedric6-560x315.jpeg\" alt=\"\" loading=\"lazy\" \/>\n\t\t\t\t<\/picture>\n\t\t\t\t<div class=\"spectra-image-gallery__media-thumbnail-blurrer\"><\/div>\n\t\t\t\t\t\t\t\t\t\t\t<div class=\"spectra-image-gallery__media-thumbnail-caption-wrapper spectra-image-gallery__media-thumbnail-caption-wrapper--overlay\"><\/div>\n\t\t\t\t\t\t\t\t<\/div>\n\t\t\t\t\t\t<\/div>\n\t\t\t\t\t\t<\/div>\n\t\t\t\t\t\t<div class='spectra-image-gallery__media-wrapper--isotope'>\n\t\t\t\t\t\t\t<div class='spectra-image-gallery__media-wrapper' data-spectra-gallery-image-id='273150' tabindex=\"0\">\n\t\t\t\t\t\t\t<div class=\"spectra-image-gallery__media spectra-image-gallery__media--masonry\">\n\t\t\t\t<picture>\n\t\t\t\t\t<source media=\"(min-width: 1024px)\" srcset=\"https:\/\/www.barcelonacapitalnautica.org\/wp-content\/uploads\/2025\/09\/Noti-Calif-Cedric7-900x506.jpeg\">\n\t\t\t\t\t<source media=\"(min-width: 768px)\" srcset=\"https:\/\/www.barcelonacapitalnautica.org\/wp-content\/uploads\/2025\/09\/Noti-Calif-Cedric7-900x506.jpeg\">\n\t\t\t\t\t<img decoding=\"async\" class=\"spectra-image-gallery__media-thumbnail spectra-image-gallery__media-thumbnail--masonry\" src=\"https:\/\/www.barcelonacapitalnautica.org\/wp-content\/uploads\/2025\/09\/Noti-Calif-Cedric7-560x315.jpeg\" alt=\"\" loading=\"lazy\" \/>\n\t\t\t\t<\/picture>\n\t\t\t\t<div class=\"spectra-image-gallery__media-thumbnail-blurrer\"><\/div>\n\t\t\t\t\t\t\t\t\t\t\t<div class=\"spectra-image-gallery__media-thumbnail-caption-wrapper spectra-image-gallery__media-thumbnail-caption-wrapper--overlay\"><\/div>\n\t\t\t\t\t\t\t\t<\/div>\n\t\t\t\t\t\t<\/div>\n\t\t\t\t\t\t<\/div>\n\t\t\t\t\t\t<div class='spectra-image-gallery__media-wrapper--isotope'>\n\t\t\t\t\t\t\t<div class='spectra-image-gallery__media-wrapper' data-spectra-gallery-image-id='273153' tabindex=\"0\">\n\t\t\t\t\t\t\t<div class=\"spectra-image-gallery__media spectra-image-gallery__media--masonry\">\n\t\t\t\t<picture>\n\t\t\t\t\t<source media=\"(min-width: 1024px)\" srcset=\"https:\/\/www.barcelonacapitalnautica.org\/wp-content\/uploads\/2025\/09\/Noti-Calif-Cedric8-900x506.jpeg\">\n\t\t\t\t\t<source media=\"(min-width: 768px)\" srcset=\"https:\/\/www.barcelonacapitalnautica.org\/wp-content\/uploads\/2025\/09\/Noti-Calif-Cedric8-900x506.jpeg\">\n\t\t\t\t\t<img decoding=\"async\" class=\"spectra-image-gallery__media-thumbnail spectra-image-gallery__media-thumbnail--masonry\" src=\"https:\/\/www.barcelonacapitalnautica.org\/wp-content\/uploads\/2025\/09\/Noti-Calif-Cedric8-560x315.jpeg\" alt=\"\" loading=\"lazy\" \/>\n\t\t\t\t<\/picture>\n\t\t\t\t<div class=\"spectra-image-gallery__media-thumbnail-blurrer\"><\/div>\n\t\t\t\t\t\t\t\t\t\t\t<div class=\"spectra-image-gallery__media-thumbnail-caption-wrapper spectra-image-gallery__media-thumbnail-caption-wrapper--overlay\"><\/div>\n\t\t\t\t\t\t\t\t<\/div>\n\t\t\t\t\t\t<\/div>\n\t\t\t\t\t\t<\/div>\n\t\t\t\t\t\t\t\t\t\t<\/div>\n\t\t\t\t\t\t\t\t\t\t\t\t\t\t\t\t\t\t<\/div>\n\t\t\t\t\t\t\t\t\t\t\t<div class='spectra-image-gallery__control-lightbox' tabindex='0'>\n\t\t\t\t\t\t\t\t\t\t\t<div class=\"swiper spectra-image-gallery__control-lightbox--main\" dir=\"\">\n\t\t\t\t\t<div class=\"swiper-wrapper\">\n\t\t\t\t\t\t\t\t\t\t\t\t\t\n\t\t\t\t\t\t\t<div class=\"swiper-slide\">\n\t\t\t\t\t\t\t\t<img class=\"swiper-lazy\" data-src=\"https:\/\/www.barcelonacapitalnautica.org\/wp-content\/uploads\/2025\/09\/Noti-Calif-Cedric2.jpeg\" alt=\"\"\/>\n\t\t\t\t\t\t\t\t<div class=\"swiper-lazy-preloader swiper-lazy-preloader-white\"><\/div>\n\t\t\t\t\t\t\t\t\t\t\t\t\t\t\t<\/div>\n\t\t\t\t\t\t\t\t\t\t\t\t\t\n\t\t\t\t\t\t\t<div class=\"swiper-slide\">\n\t\t\t\t\t\t\t\t<img class=\"swiper-lazy\" data-src=\"https:\/\/www.barcelonacapitalnautica.org\/wp-content\/uploads\/2025\/09\/Noti-Calif-Cedric4.jpeg\" alt=\"\"\/>\n\t\t\t\t\t\t\t\t<div class=\"swiper-lazy-preloader swiper-lazy-preloader-white\"><\/div>\n\t\t\t\t\t\t\t\t\t\t\t\t\t\t\t<\/div>\n\t\t\t\t\t\t\t\t\t\t\t\t\t\n\t\t\t\t\t\t\t<div class=\"swiper-slide\">\n\t\t\t\t\t\t\t\t<img class=\"swiper-lazy\" data-src=\"https:\/\/www.barcelonacapitalnautica.org\/wp-content\/uploads\/2025\/09\/Noti-Calif-Cedric5.jpeg\" alt=\"\"\/>\n\t\t\t\t\t\t\t\t<div class=\"swiper-lazy-preloader swiper-lazy-preloader-white\"><\/div>\n\t\t\t\t\t\t\t\t\t\t\t\t\t\t\t<\/div>\n\t\t\t\t\t\t\t\t\t\t\t\t\t\n\t\t\t\t\t\t\t<div class=\"swiper-slide\">\n\t\t\t\t\t\t\t\t<img class=\"swiper-lazy\" data-src=\"https:\/\/www.barcelonacapitalnautica.org\/wp-content\/uploads\/2025\/09\/Noti-Calif-Cedric6.jpeg\" alt=\"\"\/>\n\t\t\t\t\t\t\t\t<div class=\"swiper-lazy-preloader swiper-lazy-preloader-white\"><\/div>\n\t\t\t\t\t\t\t\t\t\t\t\t\t\t\t<\/div>\n\t\t\t\t\t\t\t\t\t\t\t\t\t\n\t\t\t\t\t\t\t<div class=\"swiper-slide\">\n\t\t\t\t\t\t\t\t<img class=\"swiper-lazy\" data-src=\"https:\/\/www.barcelonacapitalnautica.org\/wp-content\/uploads\/2025\/09\/Noti-Calif-Cedric7.jpeg\" alt=\"\"\/>\n\t\t\t\t\t\t\t\t<div class=\"swiper-lazy-preloader swiper-lazy-preloader-white\"><\/div>\n\t\t\t\t\t\t\t\t\t\t\t\t\t\t\t<\/div>\n\t\t\t\t\t\t\t\t\t\t\t\t\t\n\t\t\t\t\t\t\t<div class=\"swiper-slide\">\n\t\t\t\t\t\t\t\t<img class=\"swiper-lazy\" data-src=\"https:\/\/www.barcelonacapitalnautica.org\/wp-content\/uploads\/2025\/09\/Noti-Calif-Cedric8.jpeg\" alt=\"\"\/>\n\t\t\t\t\t\t\t\t<div class=\"swiper-lazy-preloader swiper-lazy-preloader-white\"><\/div>\n\t\t\t\t\t\t\t\t\t\t\t\t\t\t\t<\/div>\n\t\t\t\t\t\t\t\t\t\t\t<\/div>\n\t\t\t\t\t<div class=\"swiper-button-next\"><\/div>\n\t\t\t\t\t<div class=\"swiper-button-prev\"><\/div>\n\t\t\t\t<\/div>\t\t\t\n\t\t\t\t\t\t\t\t\t\t\t\t\t\t\t\t\t\t\t\t\t\t\t\t\t\t\t\t\t\t\t\t<button class='spectra-image-gallery__control-lightbox--close' aria-label=\"Close\">\n\t\t\t\t\t\t\t\t\t\t\t\t\t<svg xmlns=\"https:\/\/www.w3.org\/2000\/svg\" viewBox= \"0 0 320 512\"><path d=\"M310.6 361.4c12.5 12.5 12.5 32.75 0 45.25C304.4 412.9 296.2 416 288 416s-16.38-3.125-22.62-9.375L160 301.3L54.63 406.6C48.38 412.9 40.19 416 32 416S15.63 412.9 9.375 406.6c-12.5-12.5-12.5-32.75 0-45.25l105.4-105.4L9.375 150.6c-12.5-12.5-12.5-32.75 0-45.25s32.75-12.5 45.25 0L160 210.8l105.4-105.4c12.5-12.5 32.75-12.5 45.25 0s12.5 32.75 0 45.25l-105.4 105.4L310.6 361.4z\"><\/path><\/svg>\n\t\t\t\t\t\t\t\t\t\t\t\t<\/button>\n\t\t\t\t\t\t\t\t\t\t\t\t\t<\/div>\n\t\t\t\t\t\t\t\t\t\n\n\n<p><\/p>\n\n\n\n<p>El cansancio y la falta de sue\u00f1o fueron algunos de los retos m\u00e1s duros. Tal como explica, cada breve periodo de descanso cambiaba por completo su perspectiva y resistencia. A pesar de los momentos de duda y de la tentaci\u00f3n de abandonar, la determinaci\u00f3n y el aprendizaje constante lo llevaron hasta el final. <\/p>\n\n\n\n<p>Tambi\u00e9n surgieron incidencias t\u00e9cnicas, como la p\u00e9rdida del anem\u00f3metro y un apag\u00f3n el\u00e9ctrico completo a solo 50 millas de la llegada. Aun as\u00ed, logr\u00f3 resolver los problemas y regresar con seguridad a Barcelona. <\/p>\n\n\n\n<div class=\"wp-block-uagb-image uagb-block-4ce2a0d4 wp-block-uagb-image--layout-default wp-block-uagb-image--effect-static wp-block-uagb-image--align-none\"><figure class=\"wp-block-uagb-image__figure\"><img decoding=\"async\" srcset=\"https:\/\/www.barcelonacapitalnautica.org\/wp-content\/uploads\/2025\/09\/Noti-Calif-Cedric3-560x506.jpeg ,https:\/\/www.barcelonacapitalnautica.org\/wp-content\/uploads\/2025\/09\/Noti-Calif-Cedric3.jpeg 780w, https:\/\/www.barcelonacapitalnautica.org\/wp-content\/uploads\/2025\/09\/Noti-Calif-Cedric3.jpeg 360w\" sizes=\"auto, (max-width: 480px) 150px\" src=\"https:\/\/www.barcelonacapitalnautica.org\/wp-content\/uploads\/2025\/09\/Noti-Calif-Cedric3-560x506.jpeg\" alt=\"\" class=\"uag-image-273138\" width=\"560\" height=\"506\" title=\"Screenshot\" loading=\"lazy\" role=\"img\"\/><\/figure><\/div><br>\n\n\n\n<p><\/p>\n\n\n\n<p><span class=\"TextRun SCXW227923469 BCX0\" lang=\"ES-ES\" xml:lang=\"ES-ES\" data-contrast=\"auto\"><span class=\"NormalTextRun SCXW227923469 BCX0\">Widmer describe el <\/span><span class=\"NormalTextRun SpellingErrorV2Themed SCXW227923469 BCX0\">qualifier<\/span><span class=\"NormalTextRun SCXW227923469 BCX0\"> como una experiencia transformadora: <\/span><\/span><span class=\"TextRun SCXW227923469 BCX0\" lang=\"ES-ES\" xml:lang=\"ES-ES\" data-contrast=\"auto\"><span class=\"NormalTextRun SCXW227923469 BCX0\">\u201cAprend\u00ed mucho m\u00e1s de lo que pod\u00eda imaginar. Lo m\u00e1s valioso fue comprobar mis l\u00edmites y darme cuenta de en qu\u00e9 aspectos debo seguir mejorando, especialmente en la gesti\u00f3n del descanso.\u201d<\/span><\/span><span class=\"EOP SCXW227923469 BCX0\" data-ccp-props=\"{&quot;134233117&quot;:false,&quot;134233118&quot;:false,&quot;335559738&quot;:240,&quot;335559739&quot;:240}\">&nbsp;<\/span><\/p>\n\n\n\n<p>Con este hito alcanzado, el navegante contin\u00faa su preparaci\u00f3n con la mirada puesta en futuros retos oce\u00e1nicos. <\/p>\n","protected":false},"excerpt":{"rendered":"<p>Del 9 al 22 de julio de 2025, el navegante [&hellip;]<\/p>\n","protected":false},"author":5,"featured_media":273158,"comment_status":"closed","ping_status":"closed","sticky":false,"template":"","format":"standard","meta":{"_uag_custom_page_level_css":"","site-sidebar-layout":"default","site-content-layout":"","ast-site-content-layout":"default","site-content-style":"default","site-sidebar-style":"default","ast-global-header-display":"","ast-banner-title-visibility":"","ast-main-header-display":"","ast-hfb-above-header-display":"","ast-hfb-below-header-display":"","ast-hfb-mobile-header-display":"","site-post-title":"","ast-breadcrumbs-content":"","ast-featured-img":"","footer-sml-layout":"","ast-disable-related-posts":"","theme-transparent-header-meta":"","adv-header-id-meta":"","stick-header-meta":"","header-above-stick-meta":"","header-main-stick-meta":"","header-below-stick-meta":"","astra-migrate-meta-layouts":"set","ast-page-background-enabled":"default","ast-page-background-meta":{"desktop":{"background-color":"","background-image":"","background-repeat":"repeat","background-position":"center center","background-size":"auto","background-attachment":"scroll","background-type":"","background-media":"","overlay-type":"","overlay-color":"","overlay-gradient":""},"tablet":{"background-color":"","background-image":"","background-repeat":"repeat","background-position":"center center","background-size":"auto","background-attachment":"scroll","background-type":"","background-media":"","overlay-type":"","overlay-color":"","overlay-gradient":""},"mobile":{"background-color":"","background-image":"","background-repeat":"repeat","background-position":"center center","background-size":"auto","background-attachment":"scroll","background-type":"","background-media":"","overlay-type":"","overlay-color":"","overlay-gradient":""}},"ast-content-background-meta":{"desktop":{"background-color":"var(--ast-global-color-5)","background-image":"","background-repeat":"repeat","background-position":"center center","background-size":"auto","background-attachment":"scroll","background-type":"","background-media":"","overlay-type":"","overlay-color":"","overlay-gradient":""},"tablet":{"background-color":"var(--ast-global-color-5)","background-image":"","background-repeat":"repeat","background-position":"center center","background-size":"auto","background-attachment":"scroll","background-type":"","background-media":"","overlay-type":"","overlay-color":"","overlay-gradient":""},"mobile":{"background-color":"var(--ast-global-color-5)","background-image":"","background-repeat":"repeat","background-position":"center center","background-size":"auto","background-attachment":"scroll","background-type":"","background-media":"","overlay-type":"","overlay-color":"","overlay-gradient":""}},"_price":"","_stock":"","_tribe_ticket_header":"","_tribe_default_ticket_provider":"","_tribe_ticket_capacity":"0","_ticket_start_date":"","_ticket_end_date":"","_tribe_ticket_show_description":"","_tribe_ticket_show_not_going":false,"_tribe_ticket_use_global_stock":"","_tribe_ticket_global_stock_level":"","_global_stock_mode":"","_global_stock_cap":"","_tribe_rsvp_for_event":"","_tribe_ticket_going_count":"","_tribe_ticket_not_going_count":"","_tribe_tickets_list":[],"_tribe_ticket_has_attendee_info_fields":false,"footnotes":""},"categories":[104],"tags":[118,115,161],"class_list":["post-273160","post","type-post","status-publish","format-standard","has-post-thumbnail","hentry","category-base-mini","tag-basemini-es-2","tag-castellano","tag-deporte-es"],"yoast_head":"<!-- This site is optimized with the Yoast SEO plugin v27.5 - https:\/\/yoast.com\/product\/yoast-seo-wordpress\/ -->\n<title>C\u00e9dric Widmer completa con \u00e9xito su Solo Qualifier a bordo de La Nona - Barcelona Capital N\u00e0utica<\/title>\n<meta name=\"robots\" content=\"index, follow, max-snippet:-1, max-image-preview:large, max-video-preview:-1\" \/>\n<link rel=\"canonical\" href=\"https:\/\/www.barcelonacapitalnautica.org\/es\/cedric-widmer-completa-con-exito-su-solo-qualifier-a-bordo-de-la-nona\/\" \/>\n<meta property=\"og:locale\" content=\"es_ES\" \/>\n<meta property=\"og:type\" content=\"article\" \/>\n<meta property=\"og:title\" content=\"C\u00e9dric Widmer completa con \u00e9xito su Solo Qualifier a bordo de La Nona - Barcelona Capital N\u00e0utica\" \/>\n<meta property=\"og:description\" content=\"Del 9 al 22 de julio de 2025, el navegante [&hellip;]\" \/>\n<meta property=\"og:url\" content=\"https:\/\/www.barcelonacapitalnautica.org\/es\/cedric-widmer-completa-con-exito-su-solo-qualifier-a-bordo-de-la-nona\/\" \/>\n<meta property=\"og:site_name\" content=\"Barcelona Capital N\u00e0utica\" \/>\n<meta property=\"article:publisher\" content=\"https:\/\/www.facebook.com\/barcelonacapitalnautica\" \/>\n<meta property=\"article:published_time\" content=\"2025-09-03T09:56:26+00:00\" \/>\n<meta property=\"article:modified_time\" content=\"2025-09-03T09:58:58+00:00\" \/>\n<meta property=\"og:image\" content=\"https:\/\/www.barcelonacapitalnautica.org\/wp-content\/uploads\/2025\/09\/Noti-Calif-Cedric.png\" \/>\n\t<meta property=\"og:image:width\" content=\"1140\" \/>\n\t<meta property=\"og:image:height\" content=\"440\" \/>\n\t<meta property=\"og:image:type\" content=\"image\/png\" \/>\n<meta name=\"author\" content=\"Usuari FBCN\" \/>\n<meta name=\"twitter:card\" content=\"summary_large_image\" \/>\n<meta name=\"twitter:creator\" content=\"@bcnautica\" \/>\n<meta name=\"twitter:site\" content=\"@bcnautica\" \/>\n<meta name=\"twitter:label1\" content=\"Escrito por\" \/>\n\t<meta name=\"twitter:data1\" content=\"Usuari FBCN\" \/>\n\t<meta name=\"twitter:label2\" content=\"Tiempo de lectura\" \/>\n\t<meta name=\"twitter:data2\" content=\"2 minutos\" \/>\n<script type=\"application\/ld+json\" class=\"yoast-schema-graph\">{\"@context\":\"https:\\\/\\\/schema.org\",\"@graph\":[{\"@type\":\"Article\",\"@id\":\"https:\\\/\\\/www.barcelonacapitalnautica.org\\\/es\\\/cedric-widmer-completa-con-exito-su-solo-qualifier-a-bordo-de-la-nona\\\/#article\",\"isPartOf\":{\"@id\":\"https:\\\/\\\/www.barcelonacapitalnautica.org\\\/es\\\/cedric-widmer-completa-con-exito-su-solo-qualifier-a-bordo-de-la-nona\\\/\"},\"author\":{\"name\":\"Usuari FBCN\",\"@id\":\"https:\\\/\\\/www.barcelonacapitalnautica.org\\\/es\\\/#\\\/schema\\\/person\\\/64be99104b7f943803e224a468fa099f\"},\"headline\":\"C\u00e9dric Widmer completa con \u00e9xito su Solo Qualifier a bordo de La Nona\",\"datePublished\":\"2025-09-03T09:56:26+00:00\",\"dateModified\":\"2025-09-03T09:58:58+00:00\",\"mainEntityOfPage\":{\"@id\":\"https:\\\/\\\/www.barcelonacapitalnautica.org\\\/es\\\/cedric-widmer-completa-con-exito-su-solo-qualifier-a-bordo-de-la-nona\\\/\"},\"wordCount\":288,\"publisher\":{\"@id\":\"https:\\\/\\\/www.barcelonacapitalnautica.org\\\/es\\\/#organization\"},\"image\":{\"@id\":\"https:\\\/\\\/www.barcelonacapitalnautica.org\\\/es\\\/cedric-widmer-completa-con-exito-su-solo-qualifier-a-bordo-de-la-nona\\\/#primaryimage\"},\"thumbnailUrl\":\"https:\\\/\\\/www.barcelonacapitalnautica.org\\\/wp-content\\\/uploads\\\/2025\\\/09\\\/Noti-Calif-Cedric.png\",\"keywords\":[\"Base Mini\",\"castellano\",\"Deporte\"],\"articleSection\":[\"Base Mini\"],\"inLanguage\":\"es\"},{\"@type\":\"WebPage\",\"@id\":\"https:\\\/\\\/www.barcelonacapitalnautica.org\\\/es\\\/cedric-widmer-completa-con-exito-su-solo-qualifier-a-bordo-de-la-nona\\\/\",\"url\":\"https:\\\/\\\/www.barcelonacapitalnautica.org\\\/es\\\/cedric-widmer-completa-con-exito-su-solo-qualifier-a-bordo-de-la-nona\\\/\",\"name\":\"C\u00e9dric Widmer completa con \u00e9xito su Solo Qualifier a bordo de La Nona - Barcelona Capital N\u00e0utica\",\"isPartOf\":{\"@id\":\"https:\\\/\\\/www.barcelonacapitalnautica.org\\\/es\\\/#website\"},\"primaryImageOfPage\":{\"@id\":\"https:\\\/\\\/www.barcelonacapitalnautica.org\\\/es\\\/cedric-widmer-completa-con-exito-su-solo-qualifier-a-bordo-de-la-nona\\\/#primaryimage\"},\"image\":{\"@id\":\"https:\\\/\\\/www.barcelonacapitalnautica.org\\\/es\\\/cedric-widmer-completa-con-exito-su-solo-qualifier-a-bordo-de-la-nona\\\/#primaryimage\"},\"thumbnailUrl\":\"https:\\\/\\\/www.barcelonacapitalnautica.org\\\/wp-content\\\/uploads\\\/2025\\\/09\\\/Noti-Calif-Cedric.png\",\"datePublished\":\"2025-09-03T09:56:26+00:00\",\"dateModified\":\"2025-09-03T09:58:58+00:00\",\"breadcrumb\":{\"@id\":\"https:\\\/\\\/www.barcelonacapitalnautica.org\\\/es\\\/cedric-widmer-completa-con-exito-su-solo-qualifier-a-bordo-de-la-nona\\\/#breadcrumb\"},\"inLanguage\":\"es\",\"potentialAction\":[{\"@type\":\"ReadAction\",\"target\":[\"https:\\\/\\\/www.barcelonacapitalnautica.org\\\/es\\\/cedric-widmer-completa-con-exito-su-solo-qualifier-a-bordo-de-la-nona\\\/\"]}]},{\"@type\":\"ImageObject\",\"inLanguage\":\"es\",\"@id\":\"https:\\\/\\\/www.barcelonacapitalnautica.org\\\/es\\\/cedric-widmer-completa-con-exito-su-solo-qualifier-a-bordo-de-la-nona\\\/#primaryimage\",\"url\":\"https:\\\/\\\/www.barcelonacapitalnautica.org\\\/wp-content\\\/uploads\\\/2025\\\/09\\\/Noti-Calif-Cedric.png\",\"contentUrl\":\"https:\\\/\\\/www.barcelonacapitalnautica.org\\\/wp-content\\\/uploads\\\/2025\\\/09\\\/Noti-Calif-Cedric.png\",\"width\":1140,\"height\":440},{\"@type\":\"BreadcrumbList\",\"@id\":\"https:\\\/\\\/www.barcelonacapitalnautica.org\\\/es\\\/cedric-widmer-completa-con-exito-su-solo-qualifier-a-bordo-de-la-nona\\\/#breadcrumb\",\"itemListElement\":[{\"@type\":\"ListItem\",\"position\":1,\"name\":\"Inici\",\"item\":\"https:\\\/\\\/www.barcelonacapitalnautica.org\\\/es\\\/\"},{\"@type\":\"ListItem\",\"position\":2,\"name\":\"C\u00e9dric Widmer completa con \u00e9xito su Solo Qualifier a bordo de La Nona\"}]},{\"@type\":\"WebSite\",\"@id\":\"https:\\\/\\\/www.barcelonacapitalnautica.org\\\/es\\\/#website\",\"url\":\"https:\\\/\\\/www.barcelonacapitalnautica.org\\\/es\\\/\",\"name\":\"Barcelona Capital N\u00e0utica\",\"description\":\"Barcelona Capital N\u00e0utica\",\"publisher\":{\"@id\":\"https:\\\/\\\/www.barcelonacapitalnautica.org\\\/es\\\/#organization\"},\"alternateName\":\"BCN\u00e0utica, FBCN\",\"potentialAction\":[{\"@type\":\"SearchAction\",\"target\":{\"@type\":\"EntryPoint\",\"urlTemplate\":\"https:\\\/\\\/www.barcelonacapitalnautica.org\\\/es\\\/?s={search_term_string}\"},\"query-input\":{\"@type\":\"PropertyValueSpecification\",\"valueRequired\":true,\"valueName\":\"search_term_string\"}}],\"inLanguage\":\"es\"},{\"@type\":\"Organization\",\"@id\":\"https:\\\/\\\/www.barcelonacapitalnautica.org\\\/es\\\/#organization\",\"name\":\"Barcelona Capital N\u00e0utica\",\"alternateName\":\"Fundaci\u00f3 Barcelona Capital N\u00e0utica\",\"url\":\"https:\\\/\\\/www.barcelonacapitalnautica.org\\\/es\\\/\",\"logo\":{\"@type\":\"ImageObject\",\"inLanguage\":\"es\",\"@id\":\"https:\\\/\\\/www.barcelonacapitalnautica.org\\\/es\\\/#\\\/schema\\\/logo\\\/image\\\/\",\"url\":\"https:\\\/\\\/www.barcelonacapitalnautica.org\\\/wp-content\\\/uploads\\\/2023\\\/03\\\/Logo-blau.svg\",\"contentUrl\":\"https:\\\/\\\/www.barcelonacapitalnautica.org\\\/wp-content\\\/uploads\\\/2023\\\/03\\\/Logo-blau.svg\",\"width\":200,\"height\":58,\"caption\":\"Barcelona Capital N\u00e0utica\"},\"image\":{\"@id\":\"https:\\\/\\\/www.barcelonacapitalnautica.org\\\/es\\\/#\\\/schema\\\/logo\\\/image\\\/\"},\"sameAs\":[\"https:\\\/\\\/www.facebook.com\\\/barcelonacapitalnautica\",\"https:\\\/\\\/x.com\\\/bcnautica\",\"https:\\\/\\\/www.instagram.com\\\/bcnautica\\\/\",\"https:\\\/\\\/www.linkedin.com\\\/company\\\/barcelona-capital-nautica\"]},{\"@type\":\"Person\",\"@id\":\"https:\\\/\\\/www.barcelonacapitalnautica.org\\\/es\\\/#\\\/schema\\\/person\\\/64be99104b7f943803e224a468fa099f\",\"name\":\"Usuari FBCN\"}]}<\/script>\n<!-- \/ Yoast SEO plugin. -->","yoast_head_json":{"title":"C\u00e9dric Widmer completa con \u00e9xito su Solo Qualifier a bordo de La Nona - Barcelona Capital N\u00e0utica","robots":{"index":"index","follow":"follow","max-snippet":"max-snippet:-1","max-image-preview":"max-image-preview:large","max-video-preview":"max-video-preview:-1"},"canonical":"https:\/\/www.barcelonacapitalnautica.org\/es\/cedric-widmer-completa-con-exito-su-solo-qualifier-a-bordo-de-la-nona\/","og_locale":"es_ES","og_type":"article","og_title":"C\u00e9dric Widmer completa con \u00e9xito su Solo Qualifier a bordo de La Nona - Barcelona Capital N\u00e0utica","og_description":"Del 9 al 22 de julio de 2025, el navegante [&hellip;]","og_url":"https:\/\/www.barcelonacapitalnautica.org\/es\/cedric-widmer-completa-con-exito-su-solo-qualifier-a-bordo-de-la-nona\/","og_site_name":"Barcelona Capital N\u00e0utica","article_publisher":"https:\/\/www.facebook.com\/barcelonacapitalnautica","article_published_time":"2025-09-03T09:56:26+00:00","article_modified_time":"2025-09-03T09:58:58+00:00","og_image":[{"width":1140,"height":440,"url":"https:\/\/www.barcelonacapitalnautica.org\/wp-content\/uploads\/2025\/09\/Noti-Calif-Cedric.png","type":"image\/png"}],"author":"Usuari FBCN","twitter_card":"summary_large_image","twitter_creator":"@bcnautica","twitter_site":"@bcnautica","twitter_misc":{"Escrito por":"Usuari FBCN","Tiempo de lectura":"2 minutos"},"schema":{"@context":"https:\/\/schema.org","@graph":[{"@type":"Article","@id":"https:\/\/www.barcelonacapitalnautica.org\/es\/cedric-widmer-completa-con-exito-su-solo-qualifier-a-bordo-de-la-nona\/#article","isPartOf":{"@id":"https:\/\/www.barcelonacapitalnautica.org\/es\/cedric-widmer-completa-con-exito-su-solo-qualifier-a-bordo-de-la-nona\/"},"author":{"name":"Usuari FBCN","@id":"https:\/\/www.barcelonacapitalnautica.org\/es\/#\/schema\/person\/64be99104b7f943803e224a468fa099f"},"headline":"C\u00e9dric Widmer completa con \u00e9xito su Solo Qualifier a bordo de La Nona","datePublished":"2025-09-03T09:56:26+00:00","dateModified":"2025-09-03T09:58:58+00:00","mainEntityOfPage":{"@id":"https:\/\/www.barcelonacapitalnautica.org\/es\/cedric-widmer-completa-con-exito-su-solo-qualifier-a-bordo-de-la-nona\/"},"wordCount":288,"publisher":{"@id":"https:\/\/www.barcelonacapitalnautica.org\/es\/#organization"},"image":{"@id":"https:\/\/www.barcelonacapitalnautica.org\/es\/cedric-widmer-completa-con-exito-su-solo-qualifier-a-bordo-de-la-nona\/#primaryimage"},"thumbnailUrl":"https:\/\/www.barcelonacapitalnautica.org\/wp-content\/uploads\/2025\/09\/Noti-Calif-Cedric.png","keywords":["Base Mini","castellano","Deporte"],"articleSection":["Base Mini"],"inLanguage":"es"},{"@type":"WebPage","@id":"https:\/\/www.barcelonacapitalnautica.org\/es\/cedric-widmer-completa-con-exito-su-solo-qualifier-a-bordo-de-la-nona\/","url":"https:\/\/www.barcelonacapitalnautica.org\/es\/cedric-widmer-completa-con-exito-su-solo-qualifier-a-bordo-de-la-nona\/","name":"C\u00e9dric Widmer completa con \u00e9xito su Solo Qualifier a bordo de La Nona - Barcelona Capital N\u00e0utica","isPartOf":{"@id":"https:\/\/www.barcelonacapitalnautica.org\/es\/#website"},"primaryImageOfPage":{"@id":"https:\/\/www.barcelonacapitalnautica.org\/es\/cedric-widmer-completa-con-exito-su-solo-qualifier-a-bordo-de-la-nona\/#primaryimage"},"image":{"@id":"https:\/\/www.barcelonacapitalnautica.org\/es\/cedric-widmer-completa-con-exito-su-solo-qualifier-a-bordo-de-la-nona\/#primaryimage"},"thumbnailUrl":"https:\/\/www.barcelonacapitalnautica.org\/wp-content\/uploads\/2025\/09\/Noti-Calif-Cedric.png","datePublished":"2025-09-03T09:56:26+00:00","dateModified":"2025-09-03T09:58:58+00:00","breadcrumb":{"@id":"https:\/\/www.barcelonacapitalnautica.org\/es\/cedric-widmer-completa-con-exito-su-solo-qualifier-a-bordo-de-la-nona\/#breadcrumb"},"inLanguage":"es","potentialAction":[{"@type":"ReadAction","target":["https:\/\/www.barcelonacapitalnautica.org\/es\/cedric-widmer-completa-con-exito-su-solo-qualifier-a-bordo-de-la-nona\/"]}]},{"@type":"ImageObject","inLanguage":"es","@id":"https:\/\/www.barcelonacapitalnautica.org\/es\/cedric-widmer-completa-con-exito-su-solo-qualifier-a-bordo-de-la-nona\/#primaryimage","url":"https:\/\/www.barcelonacapitalnautica.org\/wp-content\/uploads\/2025\/09\/Noti-Calif-Cedric.png","contentUrl":"https:\/\/www.barcelonacapitalnautica.org\/wp-content\/uploads\/2025\/09\/Noti-Calif-Cedric.png","width":1140,"height":440},{"@type":"BreadcrumbList","@id":"https:\/\/www.barcelonacapitalnautica.org\/es\/cedric-widmer-completa-con-exito-su-solo-qualifier-a-bordo-de-la-nona\/#breadcrumb","itemListElement":[{"@type":"ListItem","position":1,"name":"Inici","item":"https:\/\/www.barcelonacapitalnautica.org\/es\/"},{"@type":"ListItem","position":2,"name":"C\u00e9dric Widmer completa con \u00e9xito su Solo Qualifier a bordo de La Nona"}]},{"@type":"WebSite","@id":"https:\/\/www.barcelonacapitalnautica.org\/es\/#website","url":"https:\/\/www.barcelonacapitalnautica.org\/es\/","name":"Barcelona Capital N\u00e0utica","description":"Barcelona Capital N\u00e0utica","publisher":{"@id":"https:\/\/www.barcelonacapitalnautica.org\/es\/#organization"},"alternateName":"BCN\u00e0utica, FBCN","potentialAction":[{"@type":"SearchAction","target":{"@type":"EntryPoint","urlTemplate":"https:\/\/www.barcelonacapitalnautica.org\/es\/?s={search_term_string}"},"query-input":{"@type":"PropertyValueSpecification","valueRequired":true,"valueName":"search_term_string"}}],"inLanguage":"es"},{"@type":"Organization","@id":"https:\/\/www.barcelonacapitalnautica.org\/es\/#organization","name":"Barcelona Capital N\u00e0utica","alternateName":"Fundaci\u00f3 Barcelona Capital N\u00e0utica","url":"https:\/\/www.barcelonacapitalnautica.org\/es\/","logo":{"@type":"ImageObject","inLanguage":"es","@id":"https:\/\/www.barcelonacapitalnautica.org\/es\/#\/schema\/logo\/image\/","url":"https:\/\/www.barcelonacapitalnautica.org\/wp-content\/uploads\/2023\/03\/Logo-blau.svg","contentUrl":"https:\/\/www.barcelonacapitalnautica.org\/wp-content\/uploads\/2023\/03\/Logo-blau.svg","width":200,"height":58,"caption":"Barcelona Capital N\u00e0utica"},"image":{"@id":"https:\/\/www.barcelonacapitalnautica.org\/es\/#\/schema\/logo\/image\/"},"sameAs":["https:\/\/www.facebook.com\/barcelonacapitalnautica","https:\/\/x.com\/bcnautica","https:\/\/www.instagram.com\/bcnautica\/","https:\/\/www.linkedin.com\/company\/barcelona-capital-nautica"]},{"@type":"Person","@id":"https:\/\/www.barcelonacapitalnautica.org\/es\/#\/schema\/person\/64be99104b7f943803e224a468fa099f","name":"Usuari FBCN"}]}},"uagb_featured_image_src":{"full":["https:\/\/www.barcelonacapitalnautica.org\/wp-content\/uploads\/2025\/09\/Noti-Calif-Cedric.png",1140,440,false],"thumbnail":["https:\/\/www.barcelonacapitalnautica.org\/wp-content\/uploads\/2025\/09\/Noti-Calif-Cedric-380x147.png",380,147,true],"medium":["https:\/\/www.barcelonacapitalnautica.org\/wp-content\/uploads\/2025\/09\/Noti-Calif-Cedric-560x216.png",560,216,true],"medium_large":["https:\/\/www.barcelonacapitalnautica.org\/wp-content\/uploads\/2025\/09\/Noti-Calif-Cedric-768x296.png",768,296,true],"large":["https:\/\/www.barcelonacapitalnautica.org\/wp-content\/uploads\/2025\/09\/Noti-Calif-Cedric-900x347.png",900,347,true],"1536x1536":["https:\/\/www.barcelonacapitalnautica.org\/wp-content\/uploads\/2025\/09\/Noti-Calif-Cedric.png",1140,440,false],"2048x2048":["https:\/\/www.barcelonacapitalnautica.org\/wp-content\/uploads\/2025\/09\/Noti-Calif-Cedric.png",1140,440,false]},"uagb_author_info":{"display_name":"Usuari FBCN","author_link":"https:\/\/www.barcelonacapitalnautica.org\/es\/author\/fbcn_info\/"},"uagb_comment_info":0,"uagb_excerpt":"Del 9 al 22 de julio de 2025, el navegante [&hellip;]","_links":{"self":[{"href":"https:\/\/www.barcelonacapitalnautica.org\/es\/wp-json\/wp\/v2\/posts\/273160","targetHints":{"allow":["GET"]}}],"collection":[{"href":"https:\/\/www.barcelonacapitalnautica.org\/es\/wp-json\/wp\/v2\/posts"}],"about":[{"href":"https:\/\/www.barcelonacapitalnautica.org\/es\/wp-json\/wp\/v2\/types\/post"}],"author":[{"embeddable":true,"href":"https:\/\/www.barcelonacapitalnautica.org\/es\/wp-json\/wp\/v2\/users\/5"}],"replies":[{"embeddable":true,"href":"https:\/\/www.barcelonacapitalnautica.org\/es\/wp-json\/wp\/v2\/comments?post=273160"}],"version-history":[{"count":2,"href":"https:\/\/www.barcelonacapitalnautica.org\/es\/wp-json\/wp\/v2\/posts\/273160\/revisions"}],"predecessor-version":[{"id":273162,"href":"https:\/\/www.barcelonacapitalnautica.org\/es\/wp-json\/wp\/v2\/posts\/273160\/revisions\/273162"}],"wp:featuredmedia":[{"embeddable":true,"href":"https:\/\/www.barcelonacapitalnautica.org\/es\/wp-json\/wp\/v2\/media\/273158"}],"wp:attachment":[{"href":"https:\/\/www.barcelonacapitalnautica.org\/es\/wp-json\/wp\/v2\/media?parent=273160"}],"wp:term":[{"taxonomy":"category","embeddable":true,"href":"https:\/\/www.barcelonacapitalnautica.org\/es\/wp-json\/wp\/v2\/categories?post=273160"},{"taxonomy":"post_tag","embeddable":true,"href":"https:\/\/www.barcelonacapitalnautica.org\/es\/wp-json\/wp\/v2\/tags?post=273160"}],"curies":[{"name":"wp","href":"https:\/\/api.w.org\/{rel}","templated":true}]}}