{"id":273587,"date":"2025-09-28T11:42:48","date_gmt":"2025-09-28T09:42:48","guid":{"rendered":"https:\/\/www.barcelonacapitalnautica.org\/?p=273587"},"modified":"2025-10-27T12:15:40","modified_gmt":"2025-10-27T11:15:40","slug":"el-mar-com-a-terapia-mes-de-120-families-naveguen-contra-lalzheimer","status":"publish","type":"post","link":"https:\/\/www.barcelonacapitalnautica.org\/es\/el-mar-com-a-terapia-mes-de-120-families-naveguen-contra-lalzheimer\/","title":{"rendered":"El mar con terapia: m\u00e1s de 120 familias navegan contra el Alzheimer"},"content":{"rendered":"\n<p id=\"tw-target-rmn\"><\/p>\n\n\n\n<p>El mar volvi\u00f3 a ser escenario de esperanza y solidaridad con la tercera edici\u00f3n de la<em> Regata por el Alzheimer<\/em>, una actividad que reuni\u00f3 a 126 participantes entre personas afectadas por la enfermedad, familiares y cuidadores. La jornada, organizada por el <strong>Reial Club Mar\u00edtim de Barcelona (RCMB)<\/strong> en colaboraci\u00f3n con <strong>Veles por el Alzheimer<\/strong>, ofreci\u00f3 una experiencia \u00fanica de navegaci\u00f3n, convivencia y emoci\u00f3n compartida.<\/p>\n\n\n\n<p>Este a\u00f1o, el evento estren\u00f3 un formato renovado con dos embarcaciones emblem\u00e1ticas: el catamar\u00e1n <strong>TURTUR SPACE<\/strong>, que acogi\u00f3 a usuarios de centros como <strong>ACE, AFAB y Aires, y el IMOCA<\/strong> Escuela de la <strong>Fundaci\u00f3 Barcelona Capital N\u00e0utica<\/strong>, cedida para la ocasi\u00f3n. Durante dos horas, el mar de Barcelona se llen\u00f3 de sonrisas, conversaciones y nuevos v\u00ednculos, en una experiencia que muchos esperan ya repetir.<\/p>\n\n\n\t\t\t\t\t<div\n\t\t\t\t\t\tclass=\"wp-block-uagb-image-gallery uagb-block-fbe809e0     \"\n\t\t\t\t\t\tstyle=\"\"\n\t\t\t\t\t>\n\t\t\t\t\t\t\t\t\t\t\t<div class=\"spectra-image-gallery spectra-image-gallery__layout--grid spectra-image-gallery__layout--grid-col-3 spectra-image-gallery__layout--grid-col-tab-3 spectra-image-gallery__layout--grid-col-mob-2\">\n\t\t\t\t\t\t\t\t\t\t\t<div class='spectra-image-gallery__media-wrapper' data-spectra-gallery-image-id='273591' tabindex=\"0\">\n\t\t\t\t\t\t\t<div class=\"spectra-image-gallery__media spectra-image-gallery__media--grid\">\n\t\t\t\t<picture>\n\t\t\t\t\t<source media=\"(min-width: 1024px)\" srcset=\"https:\/\/www.barcelonacapitalnautica.org\/wp-content\/uploads\/2025\/10\/3a-regata-Veles-per-Alzheimer1-900x675.jpg\">\n\t\t\t\t\t<source media=\"(min-width: 768px)\" srcset=\"https:\/\/www.barcelonacapitalnautica.org\/wp-content\/uploads\/2025\/10\/3a-regata-Veles-per-Alzheimer1-900x675.jpg\">\n\t\t\t\t\t<img decoding=\"async\" class=\"spectra-image-gallery__media-thumbnail spectra-image-gallery__media-thumbnail--grid\" src=\"https:\/\/www.barcelonacapitalnautica.org\/wp-content\/uploads\/2025\/10\/3a-regata-Veles-per-Alzheimer1-560x420.jpg\" alt=\"\" loading=\"lazy\" \/>\n\t\t\t\t<\/picture>\n\t\t\t\t<div class=\"spectra-image-gallery__media-thumbnail-blurrer\"><\/div>\n\t\t\t\t\t\t\t\t\t\t\t<div class=\"spectra-image-gallery__media-thumbnail-caption-wrapper spectra-image-gallery__media-thumbnail-caption-wrapper--overlay\"><\/div>\n\t\t\t\t\t\t\t\t<\/div>\n\t\t\t\t\t\t<\/div>\n\t\t\t\t\t\t<div class='spectra-image-gallery__media-wrapper' data-spectra-gallery-image-id='273594' tabindex=\"0\">\n\t\t\t\t\t\t\t<div class=\"spectra-image-gallery__media spectra-image-gallery__media--grid\">\n\t\t\t\t<picture>\n\t\t\t\t\t<source media=\"(min-width: 1024px)\" srcset=\"https:\/\/www.barcelonacapitalnautica.org\/wp-content\/uploads\/2025\/10\/3a-regata-Veles-per-Alzheimer2-900x506.jpg\">\n\t\t\t\t\t<source media=\"(min-width: 768px)\" srcset=\"https:\/\/www.barcelonacapitalnautica.org\/wp-content\/uploads\/2025\/10\/3a-regata-Veles-per-Alzheimer2-900x506.jpg\">\n\t\t\t\t\t<img decoding=\"async\" class=\"spectra-image-gallery__media-thumbnail spectra-image-gallery__media-thumbnail--grid\" src=\"https:\/\/www.barcelonacapitalnautica.org\/wp-content\/uploads\/2025\/10\/3a-regata-Veles-per-Alzheimer2-560x315.jpg\" alt=\"\" loading=\"lazy\" \/>\n\t\t\t\t<\/picture>\n\t\t\t\t<div class=\"spectra-image-gallery__media-thumbnail-blurrer\"><\/div>\n\t\t\t\t\t\t\t\t\t\t\t<div class=\"spectra-image-gallery__media-thumbnail-caption-wrapper spectra-image-gallery__media-thumbnail-caption-wrapper--overlay\"><\/div>\n\t\t\t\t\t\t\t\t<\/div>\n\t\t\t\t\t\t<\/div>\n\t\t\t\t\t\t<div class='spectra-image-gallery__media-wrapper' data-spectra-gallery-image-id='273597' tabindex=\"0\">\n\t\t\t\t\t\t\t<div class=\"spectra-image-gallery__media spectra-image-gallery__media--grid\">\n\t\t\t\t<picture>\n\t\t\t\t\t<source media=\"(min-width: 1024px)\" srcset=\"https:\/\/www.barcelonacapitalnautica.org\/wp-content\/uploads\/2025\/10\/3a-regata-Veles-per-Alzheimer3-900x506.jpg\">\n\t\t\t\t\t<source media=\"(min-width: 768px)\" srcset=\"https:\/\/www.barcelonacapitalnautica.org\/wp-content\/uploads\/2025\/10\/3a-regata-Veles-per-Alzheimer3-900x506.jpg\">\n\t\t\t\t\t<img decoding=\"async\" class=\"spectra-image-gallery__media-thumbnail spectra-image-gallery__media-thumbnail--grid\" src=\"https:\/\/www.barcelonacapitalnautica.org\/wp-content\/uploads\/2025\/10\/3a-regata-Veles-per-Alzheimer3-560x315.jpg\" alt=\"\" loading=\"lazy\" \/>\n\t\t\t\t<\/picture>\n\t\t\t\t<div class=\"spectra-image-gallery__media-thumbnail-blurrer\"><\/div>\n\t\t\t\t\t\t\t\t\t\t\t<div class=\"spectra-image-gallery__media-thumbnail-caption-wrapper spectra-image-gallery__media-thumbnail-caption-wrapper--overlay\"><\/div>\n\t\t\t\t\t\t\t\t<\/div>\n\t\t\t\t\t\t<\/div>\n\t\t\t\t\t\t\t\t\t\t<\/div>\n\t\t\t\t\t\t\t\t\t\t\t\t\t\t\t\t\t\t<\/div>\n\t\t\t\t\t\t\t\t\t\n\n\n<p><\/p>\n\n\n\n<p>Desde <strong>Veles por el Alzheimer<\/strong> han querido agradecer especialmente el compromiso del RCMB, la colaboraci\u00f3n de TURTUR Experience y la implicaci\u00f3n de la Fundaci\u00f3 Barcelona Capital N\u00e0utica, as\u00ed como el apoyo econ\u00f3mico de la Caixa, que permite que cientos de personas encuentren en el mar un espacio de paz y bienestar.<\/p>\n\n\n\n<p>La <em>Regata por el Alzheimer <\/em>consolida as\u00ed su esp\u00edritu: demostrar que el mar puede ser mucho m\u00e1s que un horizonte -puede ser un lugar donde compartir recuerdos, emociones y momentos que perduran en el coraz\u00f3n.<\/p>\n","protected":false},"excerpt":{"rendered":"<p>El mar volvi\u00f3 a ser escenario de esperanza y solidaridad [&hellip;]<\/p>\n","protected":false},"author":5,"featured_media":273588,"comment_status":"closed","ping_status":"closed","sticky":false,"template":"","format":"standard","meta":{"_uag_custom_page_level_css":"","site-sidebar-layout":"default","site-content-layout":"","ast-site-content-layout":"default","site-content-style":"default","site-sidebar-style":"default","ast-global-header-display":"","ast-banner-title-visibility":"","ast-main-header-display":"","ast-hfb-above-header-display":"","ast-hfb-below-header-display":"","ast-hfb-mobile-header-display":"","site-post-title":"","ast-breadcrumbs-content":"","ast-featured-img":"","footer-sml-layout":"","ast-disable-related-posts":"","theme-transparent-header-meta":"","adv-header-id-meta":"","stick-header-meta":"","header-above-stick-meta":"","header-main-stick-meta":"","header-below-stick-meta":"","astra-migrate-meta-layouts":"set","ast-page-background-enabled":"default","ast-page-background-meta":{"desktop":{"background-color":"","background-image":"","background-repeat":"repeat","background-position":"center center","background-size":"auto","background-attachment":"scroll","background-type":"","background-media":"","overlay-type":"","overlay-color":"","overlay-gradient":""},"tablet":{"background-color":"","background-image":"","background-repeat":"repeat","background-position":"center center","background-size":"auto","background-attachment":"scroll","background-type":"","background-media":"","overlay-type":"","overlay-color":"","overlay-gradient":""},"mobile":{"background-color":"","background-image":"","background-repeat":"repeat","background-position":"center center","background-size":"auto","background-attachment":"scroll","background-type":"","background-media":"","overlay-type":"","overlay-color":"","overlay-gradient":""}},"ast-content-background-meta":{"desktop":{"background-color":"var(--ast-global-color-5)","background-image":"","background-repeat":"repeat","background-position":"center center","background-size":"auto","background-attachment":"scroll","background-type":"","background-media":"","overlay-type":"","overlay-color":"","overlay-gradient":""},"tablet":{"background-color":"var(--ast-global-color-5)","background-image":"","background-repeat":"repeat","background-position":"center center","background-size":"auto","background-attachment":"scroll","background-type":"","background-media":"","overlay-type":"","overlay-color":"","overlay-gradient":""},"mobile":{"background-color":"var(--ast-global-color-5)","background-image":"","background-repeat":"repeat","background-position":"center center","background-size":"auto","background-attachment":"scroll","background-type":"","background-media":"","overlay-type":"","overlay-color":"","overlay-gradient":""}},"_price":"","_stock":"","_tribe_ticket_header":"","_tribe_default_ticket_provider":"","_tribe_ticket_capacity":"0","_ticket_start_date":"","_ticket_end_date":"","_tribe_ticket_show_description":"","_tribe_ticket_show_not_going":false,"_tribe_ticket_use_global_stock":"","_tribe_ticket_global_stock_level":"","_global_stock_mode":"","_global_stock_cap":"","_tribe_rsvp_for_event":"","_tribe_ticket_going_count":"","_tribe_ticket_not_going_count":"","_tribe_tickets_list":[],"_tribe_ticket_has_attendee_info_fields":false,"footnotes":""},"categories":[179,105,101],"tags":[115,142,119],"class_list":["post-273587","post","type-post","status-publish","format-standard","has-post-thumbnail","hentry","category-alzheimer-es","category-cultura","category-regatas","tag-castellano","tag-cultura-2","tag-regata-es-2"],"yoast_head":"<!-- This site is optimized with the Yoast SEO plugin v27.5 - https:\/\/yoast.com\/product\/yoast-seo-wordpress\/ -->\n<title>El mar con terapia: m\u00e1s de 120 familias navegan contra el Alzheimer - Barcelona Capital N\u00e0utica<\/title>\n<meta name=\"robots\" content=\"index, follow, max-snippet:-1, max-image-preview:large, max-video-preview:-1\" \/>\n<link rel=\"canonical\" href=\"https:\/\/www.barcelonacapitalnautica.org\/es\/el-mar-com-a-terapia-mes-de-120-families-naveguen-contra-lalzheimer\/\" \/>\n<meta property=\"og:locale\" content=\"es_ES\" \/>\n<meta property=\"og:type\" content=\"article\" \/>\n<meta property=\"og:title\" content=\"El mar con terapia: m\u00e1s de 120 familias navegan contra el Alzheimer - Barcelona Capital N\u00e0utica\" \/>\n<meta property=\"og:description\" content=\"El mar volvi\u00f3 a ser escenario de esperanza y solidaridad [&hellip;]\" \/>\n<meta property=\"og:url\" content=\"https:\/\/www.barcelonacapitalnautica.org\/es\/el-mar-com-a-terapia-mes-de-120-families-naveguen-contra-lalzheimer\/\" \/>\n<meta property=\"og:site_name\" content=\"Barcelona Capital N\u00e0utica\" \/>\n<meta property=\"article:publisher\" content=\"https:\/\/www.facebook.com\/barcelonacapitalnautica\" \/>\n<meta property=\"article:published_time\" content=\"2025-09-28T09:42:48+00:00\" \/>\n<meta property=\"article:modified_time\" content=\"2025-10-27T11:15:40+00:00\" \/>\n<meta property=\"og:image\" content=\"https:\/\/www.barcelonacapitalnautica.org\/wp-content\/uploads\/2025\/10\/Noti-Veles-per-Alzheimer.png\" \/>\n\t<meta property=\"og:image:width\" content=\"1140\" \/>\n\t<meta property=\"og:image:height\" content=\"440\" \/>\n\t<meta property=\"og:image:type\" content=\"image\/png\" \/>\n<meta name=\"author\" content=\"Usuari FBCN\" \/>\n<meta name=\"twitter:card\" content=\"summary_large_image\" \/>\n<meta name=\"twitter:creator\" content=\"@bcnautica\" \/>\n<meta name=\"twitter:site\" content=\"@bcnautica\" \/>\n<meta name=\"twitter:label1\" content=\"Escrito por\" \/>\n\t<meta name=\"twitter:data1\" content=\"Usuari FBCN\" \/>\n\t<meta name=\"twitter:label2\" content=\"Tiempo de lectura\" \/>\n\t<meta name=\"twitter:data2\" content=\"2 minutos\" \/>\n<script type=\"application\/ld+json\" class=\"yoast-schema-graph\">{\"@context\":\"https:\\\/\\\/schema.org\",\"@graph\":[{\"@type\":\"Article\",\"@id\":\"https:\\\/\\\/www.barcelonacapitalnautica.org\\\/es\\\/el-mar-com-a-terapia-mes-de-120-families-naveguen-contra-lalzheimer\\\/#article\",\"isPartOf\":{\"@id\":\"https:\\\/\\\/www.barcelonacapitalnautica.org\\\/es\\\/el-mar-com-a-terapia-mes-de-120-families-naveguen-contra-lalzheimer\\\/\"},\"author\":{\"name\":\"Usuari FBCN\",\"@id\":\"https:\\\/\\\/www.barcelonacapitalnautica.org\\\/es\\\/#\\\/schema\\\/person\\\/64be99104b7f943803e224a468fa099f\"},\"headline\":\"El mar con terapia: m\u00e1s de 120 familias navegan contra el Alzheimer\",\"datePublished\":\"2025-09-28T09:42:48+00:00\",\"dateModified\":\"2025-10-27T11:15:40+00:00\",\"mainEntityOfPage\":{\"@id\":\"https:\\\/\\\/www.barcelonacapitalnautica.org\\\/es\\\/el-mar-com-a-terapia-mes-de-120-families-naveguen-contra-lalzheimer\\\/\"},\"wordCount\":243,\"publisher\":{\"@id\":\"https:\\\/\\\/www.barcelonacapitalnautica.org\\\/es\\\/#organization\"},\"image\":{\"@id\":\"https:\\\/\\\/www.barcelonacapitalnautica.org\\\/es\\\/el-mar-com-a-terapia-mes-de-120-families-naveguen-contra-lalzheimer\\\/#primaryimage\"},\"thumbnailUrl\":\"https:\\\/\\\/www.barcelonacapitalnautica.org\\\/wp-content\\\/uploads\\\/2025\\\/10\\\/Noti-Veles-per-Alzheimer.png\",\"keywords\":[\"castellano\",\"cultura\",\"regata\"],\"articleSection\":[\"Alzheimer\",\"Cultura\",\"Regatas\"],\"inLanguage\":\"es\"},{\"@type\":\"WebPage\",\"@id\":\"https:\\\/\\\/www.barcelonacapitalnautica.org\\\/es\\\/el-mar-com-a-terapia-mes-de-120-families-naveguen-contra-lalzheimer\\\/\",\"url\":\"https:\\\/\\\/www.barcelonacapitalnautica.org\\\/es\\\/el-mar-com-a-terapia-mes-de-120-families-naveguen-contra-lalzheimer\\\/\",\"name\":\"El mar con terapia: m\u00e1s de 120 familias navegan contra el Alzheimer - Barcelona Capital N\u00e0utica\",\"isPartOf\":{\"@id\":\"https:\\\/\\\/www.barcelonacapitalnautica.org\\\/es\\\/#website\"},\"primaryImageOfPage\":{\"@id\":\"https:\\\/\\\/www.barcelonacapitalnautica.org\\\/es\\\/el-mar-com-a-terapia-mes-de-120-families-naveguen-contra-lalzheimer\\\/#primaryimage\"},\"image\":{\"@id\":\"https:\\\/\\\/www.barcelonacapitalnautica.org\\\/es\\\/el-mar-com-a-terapia-mes-de-120-families-naveguen-contra-lalzheimer\\\/#primaryimage\"},\"thumbnailUrl\":\"https:\\\/\\\/www.barcelonacapitalnautica.org\\\/wp-content\\\/uploads\\\/2025\\\/10\\\/Noti-Veles-per-Alzheimer.png\",\"datePublished\":\"2025-09-28T09:42:48+00:00\",\"dateModified\":\"2025-10-27T11:15:40+00:00\",\"breadcrumb\":{\"@id\":\"https:\\\/\\\/www.barcelonacapitalnautica.org\\\/es\\\/el-mar-com-a-terapia-mes-de-120-families-naveguen-contra-lalzheimer\\\/#breadcrumb\"},\"inLanguage\":\"es\",\"potentialAction\":[{\"@type\":\"ReadAction\",\"target\":[\"https:\\\/\\\/www.barcelonacapitalnautica.org\\\/es\\\/el-mar-com-a-terapia-mes-de-120-families-naveguen-contra-lalzheimer\\\/\"]}]},{\"@type\":\"ImageObject\",\"inLanguage\":\"es\",\"@id\":\"https:\\\/\\\/www.barcelonacapitalnautica.org\\\/es\\\/el-mar-com-a-terapia-mes-de-120-families-naveguen-contra-lalzheimer\\\/#primaryimage\",\"url\":\"https:\\\/\\\/www.barcelonacapitalnautica.org\\\/wp-content\\\/uploads\\\/2025\\\/10\\\/Noti-Veles-per-Alzheimer.png\",\"contentUrl\":\"https:\\\/\\\/www.barcelonacapitalnautica.org\\\/wp-content\\\/uploads\\\/2025\\\/10\\\/Noti-Veles-per-Alzheimer.png\",\"width\":1140,\"height\":440},{\"@type\":\"BreadcrumbList\",\"@id\":\"https:\\\/\\\/www.barcelonacapitalnautica.org\\\/es\\\/el-mar-com-a-terapia-mes-de-120-families-naveguen-contra-lalzheimer\\\/#breadcrumb\",\"itemListElement\":[{\"@type\":\"ListItem\",\"position\":1,\"name\":\"Inici\",\"item\":\"https:\\\/\\\/www.barcelonacapitalnautica.org\\\/es\\\/\"},{\"@type\":\"ListItem\",\"position\":2,\"name\":\"El mar con terapia: m\u00e1s de 120 familias navegan contra el Alzheimer\"}]},{\"@type\":\"WebSite\",\"@id\":\"https:\\\/\\\/www.barcelonacapitalnautica.org\\\/es\\\/#website\",\"url\":\"https:\\\/\\\/www.barcelonacapitalnautica.org\\\/es\\\/\",\"name\":\"Barcelona Capital N\u00e0utica\",\"description\":\"Barcelona Capital N\u00e0utica\",\"publisher\":{\"@id\":\"https:\\\/\\\/www.barcelonacapitalnautica.org\\\/es\\\/#organization\"},\"alternateName\":\"BCN\u00e0utica, FBCN\",\"potentialAction\":[{\"@type\":\"SearchAction\",\"target\":{\"@type\":\"EntryPoint\",\"urlTemplate\":\"https:\\\/\\\/www.barcelonacapitalnautica.org\\\/es\\\/?s={search_term_string}\"},\"query-input\":{\"@type\":\"PropertyValueSpecification\",\"valueRequired\":true,\"valueName\":\"search_term_string\"}}],\"inLanguage\":\"es\"},{\"@type\":\"Organization\",\"@id\":\"https:\\\/\\\/www.barcelonacapitalnautica.org\\\/es\\\/#organization\",\"name\":\"Barcelona Capital N\u00e0utica\",\"alternateName\":\"Fundaci\u00f3 Barcelona Capital N\u00e0utica\",\"url\":\"https:\\\/\\\/www.barcelonacapitalnautica.org\\\/es\\\/\",\"logo\":{\"@type\":\"ImageObject\",\"inLanguage\":\"es\",\"@id\":\"https:\\\/\\\/www.barcelonacapitalnautica.org\\\/es\\\/#\\\/schema\\\/logo\\\/image\\\/\",\"url\":\"https:\\\/\\\/www.barcelonacapitalnautica.org\\\/wp-content\\\/uploads\\\/2023\\\/03\\\/Logo-blau.svg\",\"contentUrl\":\"https:\\\/\\\/www.barcelonacapitalnautica.org\\\/wp-content\\\/uploads\\\/2023\\\/03\\\/Logo-blau.svg\",\"width\":200,\"height\":58,\"caption\":\"Barcelona Capital N\u00e0utica\"},\"image\":{\"@id\":\"https:\\\/\\\/www.barcelonacapitalnautica.org\\\/es\\\/#\\\/schema\\\/logo\\\/image\\\/\"},\"sameAs\":[\"https:\\\/\\\/www.facebook.com\\\/barcelonacapitalnautica\",\"https:\\\/\\\/x.com\\\/bcnautica\",\"https:\\\/\\\/www.instagram.com\\\/bcnautica\\\/\",\"https:\\\/\\\/www.linkedin.com\\\/company\\\/barcelona-capital-nautica\"]},{\"@type\":\"Person\",\"@id\":\"https:\\\/\\\/www.barcelonacapitalnautica.org\\\/es\\\/#\\\/schema\\\/person\\\/64be99104b7f943803e224a468fa099f\",\"name\":\"Usuari FBCN\"}]}<\/script>\n<!-- \/ Yoast SEO plugin. -->","yoast_head_json":{"title":"El mar con terapia: m\u00e1s de 120 familias navegan contra el Alzheimer - Barcelona Capital N\u00e0utica","robots":{"index":"index","follow":"follow","max-snippet":"max-snippet:-1","max-image-preview":"max-image-preview:large","max-video-preview":"max-video-preview:-1"},"canonical":"https:\/\/www.barcelonacapitalnautica.org\/es\/el-mar-com-a-terapia-mes-de-120-families-naveguen-contra-lalzheimer\/","og_locale":"es_ES","og_type":"article","og_title":"El mar con terapia: m\u00e1s de 120 familias navegan contra el Alzheimer - Barcelona Capital N\u00e0utica","og_description":"El mar volvi\u00f3 a ser escenario de esperanza y solidaridad [&hellip;]","og_url":"https:\/\/www.barcelonacapitalnautica.org\/es\/el-mar-com-a-terapia-mes-de-120-families-naveguen-contra-lalzheimer\/","og_site_name":"Barcelona Capital N\u00e0utica","article_publisher":"https:\/\/www.facebook.com\/barcelonacapitalnautica","article_published_time":"2025-09-28T09:42:48+00:00","article_modified_time":"2025-10-27T11:15:40+00:00","og_image":[{"width":1140,"height":440,"url":"https:\/\/www.barcelonacapitalnautica.org\/wp-content\/uploads\/2025\/10\/Noti-Veles-per-Alzheimer.png","type":"image\/png"}],"author":"Usuari FBCN","twitter_card":"summary_large_image","twitter_creator":"@bcnautica","twitter_site":"@bcnautica","twitter_misc":{"Escrito por":"Usuari FBCN","Tiempo de lectura":"2 minutos"},"schema":{"@context":"https:\/\/schema.org","@graph":[{"@type":"Article","@id":"https:\/\/www.barcelonacapitalnautica.org\/es\/el-mar-com-a-terapia-mes-de-120-families-naveguen-contra-lalzheimer\/#article","isPartOf":{"@id":"https:\/\/www.barcelonacapitalnautica.org\/es\/el-mar-com-a-terapia-mes-de-120-families-naveguen-contra-lalzheimer\/"},"author":{"name":"Usuari FBCN","@id":"https:\/\/www.barcelonacapitalnautica.org\/es\/#\/schema\/person\/64be99104b7f943803e224a468fa099f"},"headline":"El mar con terapia: m\u00e1s de 120 familias navegan contra el Alzheimer","datePublished":"2025-09-28T09:42:48+00:00","dateModified":"2025-10-27T11:15:40+00:00","mainEntityOfPage":{"@id":"https:\/\/www.barcelonacapitalnautica.org\/es\/el-mar-com-a-terapia-mes-de-120-families-naveguen-contra-lalzheimer\/"},"wordCount":243,"publisher":{"@id":"https:\/\/www.barcelonacapitalnautica.org\/es\/#organization"},"image":{"@id":"https:\/\/www.barcelonacapitalnautica.org\/es\/el-mar-com-a-terapia-mes-de-120-families-naveguen-contra-lalzheimer\/#primaryimage"},"thumbnailUrl":"https:\/\/www.barcelonacapitalnautica.org\/wp-content\/uploads\/2025\/10\/Noti-Veles-per-Alzheimer.png","keywords":["castellano","cultura","regata"],"articleSection":["Alzheimer","Cultura","Regatas"],"inLanguage":"es"},{"@type":"WebPage","@id":"https:\/\/www.barcelonacapitalnautica.org\/es\/el-mar-com-a-terapia-mes-de-120-families-naveguen-contra-lalzheimer\/","url":"https:\/\/www.barcelonacapitalnautica.org\/es\/el-mar-com-a-terapia-mes-de-120-families-naveguen-contra-lalzheimer\/","name":"El mar con terapia: m\u00e1s de 120 familias navegan contra el Alzheimer - Barcelona Capital N\u00e0utica","isPartOf":{"@id":"https:\/\/www.barcelonacapitalnautica.org\/es\/#website"},"primaryImageOfPage":{"@id":"https:\/\/www.barcelonacapitalnautica.org\/es\/el-mar-com-a-terapia-mes-de-120-families-naveguen-contra-lalzheimer\/#primaryimage"},"image":{"@id":"https:\/\/www.barcelonacapitalnautica.org\/es\/el-mar-com-a-terapia-mes-de-120-families-naveguen-contra-lalzheimer\/#primaryimage"},"thumbnailUrl":"https:\/\/www.barcelonacapitalnautica.org\/wp-content\/uploads\/2025\/10\/Noti-Veles-per-Alzheimer.png","datePublished":"2025-09-28T09:42:48+00:00","dateModified":"2025-10-27T11:15:40+00:00","breadcrumb":{"@id":"https:\/\/www.barcelonacapitalnautica.org\/es\/el-mar-com-a-terapia-mes-de-120-families-naveguen-contra-lalzheimer\/#breadcrumb"},"inLanguage":"es","potentialAction":[{"@type":"ReadAction","target":["https:\/\/www.barcelonacapitalnautica.org\/es\/el-mar-com-a-terapia-mes-de-120-families-naveguen-contra-lalzheimer\/"]}]},{"@type":"ImageObject","inLanguage":"es","@id":"https:\/\/www.barcelonacapitalnautica.org\/es\/el-mar-com-a-terapia-mes-de-120-families-naveguen-contra-lalzheimer\/#primaryimage","url":"https:\/\/www.barcelonacapitalnautica.org\/wp-content\/uploads\/2025\/10\/Noti-Veles-per-Alzheimer.png","contentUrl":"https:\/\/www.barcelonacapitalnautica.org\/wp-content\/uploads\/2025\/10\/Noti-Veles-per-Alzheimer.png","width":1140,"height":440},{"@type":"BreadcrumbList","@id":"https:\/\/www.barcelonacapitalnautica.org\/es\/el-mar-com-a-terapia-mes-de-120-families-naveguen-contra-lalzheimer\/#breadcrumb","itemListElement":[{"@type":"ListItem","position":1,"name":"Inici","item":"https:\/\/www.barcelonacapitalnautica.org\/es\/"},{"@type":"ListItem","position":2,"name":"El mar con terapia: m\u00e1s de 120 familias navegan contra el Alzheimer"}]},{"@type":"WebSite","@id":"https:\/\/www.barcelonacapitalnautica.org\/es\/#website","url":"https:\/\/www.barcelonacapitalnautica.org\/es\/","name":"Barcelona Capital N\u00e0utica","description":"Barcelona Capital N\u00e0utica","publisher":{"@id":"https:\/\/www.barcelonacapitalnautica.org\/es\/#organization"},"alternateName":"BCN\u00e0utica, FBCN","potentialAction":[{"@type":"SearchAction","target":{"@type":"EntryPoint","urlTemplate":"https:\/\/www.barcelonacapitalnautica.org\/es\/?s={search_term_string}"},"query-input":{"@type":"PropertyValueSpecification","valueRequired":true,"valueName":"search_term_string"}}],"inLanguage":"es"},{"@type":"Organization","@id":"https:\/\/www.barcelonacapitalnautica.org\/es\/#organization","name":"Barcelona Capital N\u00e0utica","alternateName":"Fundaci\u00f3 Barcelona Capital N\u00e0utica","url":"https:\/\/www.barcelonacapitalnautica.org\/es\/","logo":{"@type":"ImageObject","inLanguage":"es","@id":"https:\/\/www.barcelonacapitalnautica.org\/es\/#\/schema\/logo\/image\/","url":"https:\/\/www.barcelonacapitalnautica.org\/wp-content\/uploads\/2023\/03\/Logo-blau.svg","contentUrl":"https:\/\/www.barcelonacapitalnautica.org\/wp-content\/uploads\/2023\/03\/Logo-blau.svg","width":200,"height":58,"caption":"Barcelona Capital N\u00e0utica"},"image":{"@id":"https:\/\/www.barcelonacapitalnautica.org\/es\/#\/schema\/logo\/image\/"},"sameAs":["https:\/\/www.facebook.com\/barcelonacapitalnautica","https:\/\/x.com\/bcnautica","https:\/\/www.instagram.com\/bcnautica\/","https:\/\/www.linkedin.com\/company\/barcelona-capital-nautica"]},{"@type":"Person","@id":"https:\/\/www.barcelonacapitalnautica.org\/es\/#\/schema\/person\/64be99104b7f943803e224a468fa099f","name":"Usuari FBCN"}]}},"uagb_featured_image_src":{"full":["https:\/\/www.barcelonacapitalnautica.org\/wp-content\/uploads\/2025\/10\/Noti-Veles-per-Alzheimer.png",1140,440,false],"thumbnail":["https:\/\/www.barcelonacapitalnautica.org\/wp-content\/uploads\/2025\/10\/Noti-Veles-per-Alzheimer-380x147.png",380,147,true],"medium":["https:\/\/www.barcelonacapitalnautica.org\/wp-content\/uploads\/2025\/10\/Noti-Veles-per-Alzheimer-560x216.png",560,216,true],"medium_large":["https:\/\/www.barcelonacapitalnautica.org\/wp-content\/uploads\/2025\/10\/Noti-Veles-per-Alzheimer-768x296.png",768,296,true],"large":["https:\/\/www.barcelonacapitalnautica.org\/wp-content\/uploads\/2025\/10\/Noti-Veles-per-Alzheimer-900x347.png",900,347,true],"1536x1536":["https:\/\/www.barcelonacapitalnautica.org\/wp-content\/uploads\/2025\/10\/Noti-Veles-per-Alzheimer.png",1140,440,false],"2048x2048":["https:\/\/www.barcelonacapitalnautica.org\/wp-content\/uploads\/2025\/10\/Noti-Veles-per-Alzheimer.png",1140,440,false]},"uagb_author_info":{"display_name":"Usuari FBCN","author_link":"https:\/\/www.barcelonacapitalnautica.org\/es\/author\/fbcn_info\/"},"uagb_comment_info":0,"uagb_excerpt":"El mar volvi\u00f3 a ser escenario de esperanza y solidaridad [&hellip;]","_links":{"self":[{"href":"https:\/\/www.barcelonacapitalnautica.org\/es\/wp-json\/wp\/v2\/posts\/273587","targetHints":{"allow":["GET"]}}],"collection":[{"href":"https:\/\/www.barcelonacapitalnautica.org\/es\/wp-json\/wp\/v2\/posts"}],"about":[{"href":"https:\/\/www.barcelonacapitalnautica.org\/es\/wp-json\/wp\/v2\/types\/post"}],"author":[{"embeddable":true,"href":"https:\/\/www.barcelonacapitalnautica.org\/es\/wp-json\/wp\/v2\/users\/5"}],"replies":[{"embeddable":true,"href":"https:\/\/www.barcelonacapitalnautica.org\/es\/wp-json\/wp\/v2\/comments?post=273587"}],"version-history":[{"count":3,"href":"https:\/\/www.barcelonacapitalnautica.org\/es\/wp-json\/wp\/v2\/posts\/273587\/revisions"}],"predecessor-version":[{"id":273606,"href":"https:\/\/www.barcelonacapitalnautica.org\/es\/wp-json\/wp\/v2\/posts\/273587\/revisions\/273606"}],"wp:featuredmedia":[{"embeddable":true,"href":"https:\/\/www.barcelonacapitalnautica.org\/es\/wp-json\/wp\/v2\/media\/273588"}],"wp:attachment":[{"href":"https:\/\/www.barcelonacapitalnautica.org\/es\/wp-json\/wp\/v2\/media?parent=273587"}],"wp:term":[{"taxonomy":"category","embeddable":true,"href":"https:\/\/www.barcelonacapitalnautica.org\/es\/wp-json\/wp\/v2\/categories?post=273587"},{"taxonomy":"post_tag","embeddable":true,"href":"https:\/\/www.barcelonacapitalnautica.org\/es\/wp-json\/wp\/v2\/tags?post=273587"}],"curies":[{"name":"wp","href":"https:\/\/api.w.org\/{rel}","templated":true}]}}