{"id":274070,"date":"2025-12-11T16:32:08","date_gmt":"2025-12-11T15:32:08","guid":{"rendered":"https:\/\/www.barcelonacapitalnautica.org\/?p=274070"},"modified":"2025-12-12T11:45:04","modified_gmt":"2025-12-12T10:45:04","slug":"intensas-jornadas-de-vela-en-la-base-mini-barcelona-este-diciembre","status":"publish","type":"post","link":"https:\/\/www.barcelonacapitalnautica.org\/es\/intensas-jornadas-de-vela-en-la-base-mini-barcelona-este-diciembre\/","title":{"rendered":"Intensas jornadas de vela en la Base Mini Barcelona este diciembre"},"content":{"rendered":"\n<p>Durante el \u00faltimo fin de semana largo, los Mini 6.50 de la Base Mini Barcelona han protagonizado unas jornadas de entrenamiento intensivo que han sumado casi 20 horas de navegaci\u00f3n. Los d\u00edas iniciales se dedicaron a perfeccionar maniobras, cambios de vela y trabajar la mec\u00e1nica, con el objetivo de minimizar errores y aumentar la velocidad incluso en espacios reducidos. Los entrenamientos han incluido ejercicios de posicionamiento para anticipar roles y posibles cambios meteorol\u00f3gicos, con pruebas tanto con el c\u00f3digo 0 como con el Spi.<\/p>\n\n\n\n<p>El \u00faltimo d\u00eda se ha centrado en macetas de velocidad, analizando el \u00e1ngulo de la quilla y las orzas laterales para optimizar el rendimiento seg\u00fan el dise\u00f1o de cada embarcaci\u00f3n. Adem\u00e1s, tres nuevos navegantes -Juan, Alejandro y Alonso- se han incorporado al grupo, mostrando un nivel muy alto y con el objetivo de participar en la Mini Transat 2027.<\/p>\n\n\n\n<p>Las jornadas han sido todo un \u00e9xito y siguen aportando datos valiosos para los entrenamientos futuros de la temporada 2025\/2026.<\/p>\n\n\n\n<div class=\"wp-block-uagb-buttons uagb-buttons__outer-wrap uagb-btn__default-btn uagb-btn-tablet__default-btn uagb-btn-mobile__default-btn uagb-block-078b9a63\"><div class=\"uagb-buttons__wrap uagb-buttons-layout-wrap \">\n<div class=\"wp-block-uagb-buttons-child uagb-buttons__outer-wrap uagb-block-ada58a6f wp-block-button\"><div class=\"uagb-button__wrapper\"><a class=\"uagb-buttons-repeater wp-block-button__link\" aria-label=\"\" href=\"https:\/\/sites.google.com\/vela.cat\/nona25-27\/temporades\/not%C3%ADcies-2526\/3-jornades-intensives-pont-de-la-pur%C3%ADssima?authuser=0\" rel=\"follow noopener\" target=\"_self\" role=\"button\"><div class=\"uagb-button__link\">m\u00e1s info y fotos<\/div><\/a><\/div><\/div>\n<\/div><\/div>\n\n\n\n<p><\/p>\n","protected":false},"excerpt":{"rendered":"<p>Durante el \u00faltimo fin de semana largo, los Mini 6.50 [&hellip;]<\/p>\n","protected":false},"author":5,"featured_media":274067,"comment_status":"closed","ping_status":"closed","sticky":false,"template":"","format":"standard","meta":{"_uag_custom_page_level_css":"","site-sidebar-layout":"default","site-content-layout":"","ast-site-content-layout":"default","site-content-style":"default","site-sidebar-style":"default","ast-global-header-display":"","ast-banner-title-visibility":"","ast-main-header-display":"","ast-hfb-above-header-display":"","ast-hfb-below-header-display":"","ast-hfb-mobile-header-display":"","site-post-title":"","ast-breadcrumbs-content":"","ast-featured-img":"","footer-sml-layout":"","ast-disable-related-posts":"","theme-transparent-header-meta":"","adv-header-id-meta":"","stick-header-meta":"","header-above-stick-meta":"","header-main-stick-meta":"","header-below-stick-meta":"","astra-migrate-meta-layouts":"set","ast-page-background-enabled":"default","ast-page-background-meta":{"desktop":{"background-color":"","background-image":"","background-repeat":"repeat","background-position":"center center","background-size":"auto","background-attachment":"scroll","background-type":"","background-media":"","overlay-type":"","overlay-color":"","overlay-gradient":""},"tablet":{"background-color":"","background-image":"","background-repeat":"repeat","background-position":"center center","background-size":"auto","background-attachment":"scroll","background-type":"","background-media":"","overlay-type":"","overlay-color":"","overlay-gradient":""},"mobile":{"background-color":"","background-image":"","background-repeat":"repeat","background-position":"center center","background-size":"auto","background-attachment":"scroll","background-type":"","background-media":"","overlay-type":"","overlay-color":"","overlay-gradient":""}},"ast-content-background-meta":{"desktop":{"background-color":"var(--ast-global-color-5)","background-image":"","background-repeat":"repeat","background-position":"center center","background-size":"auto","background-attachment":"scroll","background-type":"","background-media":"","overlay-type":"","overlay-color":"","overlay-gradient":""},"tablet":{"background-color":"var(--ast-global-color-5)","background-image":"","background-repeat":"repeat","background-position":"center center","background-size":"auto","background-attachment":"scroll","background-type":"","background-media":"","overlay-type":"","overlay-color":"","overlay-gradient":""},"mobile":{"background-color":"var(--ast-global-color-5)","background-image":"","background-repeat":"repeat","background-position":"center center","background-size":"auto","background-attachment":"scroll","background-type":"","background-media":"","overlay-type":"","overlay-color":"","overlay-gradient":""}},"_price":"","_stock":"","_tribe_ticket_header":"","_tribe_default_ticket_provider":"","_tribe_ticket_capacity":"0","_ticket_start_date":"","_ticket_end_date":"","_tribe_ticket_show_description":"","_tribe_ticket_show_not_going":false,"_tribe_ticket_use_global_stock":"","_tribe_ticket_global_stock_level":"","_global_stock_mode":"","_global_stock_cap":"","_tribe_rsvp_for_event":"","_tribe_ticket_going_count":"","_tribe_ticket_not_going_count":"","_tribe_tickets_list":[],"_tribe_ticket_has_attendee_info_fields":false,"footnotes":""},"categories":[104],"tags":[118,117,161],"class_list":["post-274070","post","type-post","status-publish","format-standard","has-post-thumbnail","hentry","category-base-mini","tag-basemini-es-2","tag-catala-es","tag-deporte-es"],"yoast_head":"<!-- This site is optimized with the Yoast SEO plugin v27.5 - https:\/\/yoast.com\/product\/yoast-seo-wordpress\/ -->\n<title>Intensas jornadas de vela en la Base Mini Barcelona este diciembre - Barcelona Capital N\u00e0utica<\/title>\n<meta name=\"robots\" content=\"index, follow, max-snippet:-1, max-image-preview:large, max-video-preview:-1\" \/>\n<link rel=\"canonical\" href=\"https:\/\/www.barcelonacapitalnautica.org\/es\/intensas-jornadas-de-vela-en-la-base-mini-barcelona-este-diciembre\/\" \/>\n<meta property=\"og:locale\" content=\"es_ES\" \/>\n<meta property=\"og:type\" content=\"article\" \/>\n<meta property=\"og:title\" content=\"Intensas jornadas de vela en la Base Mini Barcelona este diciembre - Barcelona Capital N\u00e0utica\" \/>\n<meta property=\"og:description\" content=\"Durante el \u00faltimo fin de semana largo, los Mini 6.50 [&hellip;]\" \/>\n<meta property=\"og:url\" content=\"https:\/\/www.barcelonacapitalnautica.org\/es\/intensas-jornadas-de-vela-en-la-base-mini-barcelona-este-diciembre\/\" \/>\n<meta property=\"og:site_name\" content=\"Barcelona Capital N\u00e0utica\" \/>\n<meta property=\"article:publisher\" content=\"https:\/\/www.facebook.com\/barcelonacapitalnautica\" \/>\n<meta property=\"article:published_time\" content=\"2025-12-11T15:32:08+00:00\" \/>\n<meta property=\"article:modified_time\" content=\"2025-12-12T10:45:04+00:00\" \/>\n<meta property=\"og:image\" content=\"https:\/\/www.barcelonacapitalnautica.org\/wp-content\/uploads\/2025\/12\/Noti-Base-Mini-Desembre.png\" \/>\n\t<meta property=\"og:image:width\" content=\"1140\" \/>\n\t<meta property=\"og:image:height\" content=\"440\" \/>\n\t<meta property=\"og:image:type\" content=\"image\/png\" \/>\n<meta name=\"author\" content=\"Usuari FBCN\" \/>\n<meta name=\"twitter:card\" content=\"summary_large_image\" \/>\n<meta name=\"twitter:creator\" content=\"@bcnautica\" \/>\n<meta name=\"twitter:site\" content=\"@bcnautica\" \/>\n<meta name=\"twitter:label1\" content=\"Escrito por\" \/>\n\t<meta name=\"twitter:data1\" content=\"Usuari FBCN\" \/>\n\t<meta name=\"twitter:label2\" content=\"Tiempo de lectura\" \/>\n\t<meta name=\"twitter:data2\" content=\"2 minutos\" \/>\n<script type=\"application\/ld+json\" class=\"yoast-schema-graph\">{\"@context\":\"https:\\\/\\\/schema.org\",\"@graph\":[{\"@type\":\"Article\",\"@id\":\"https:\\\/\\\/www.barcelonacapitalnautica.org\\\/es\\\/intensas-jornadas-de-vela-en-la-base-mini-barcelona-este-diciembre\\\/#article\",\"isPartOf\":{\"@id\":\"https:\\\/\\\/www.barcelonacapitalnautica.org\\\/es\\\/intensas-jornadas-de-vela-en-la-base-mini-barcelona-este-diciembre\\\/\"},\"author\":{\"name\":\"Usuari FBCN\",\"@id\":\"https:\\\/\\\/www.barcelonacapitalnautica.org\\\/es\\\/#\\\/schema\\\/person\\\/64be99104b7f943803e224a468fa099f\"},\"headline\":\"Intensas jornadas de vela en la Base Mini Barcelona este diciembre\",\"datePublished\":\"2025-12-11T15:32:08+00:00\",\"dateModified\":\"2025-12-12T10:45:04+00:00\",\"mainEntityOfPage\":{\"@id\":\"https:\\\/\\\/www.barcelonacapitalnautica.org\\\/es\\\/intensas-jornadas-de-vela-en-la-base-mini-barcelona-este-diciembre\\\/\"},\"wordCount\":184,\"publisher\":{\"@id\":\"https:\\\/\\\/www.barcelonacapitalnautica.org\\\/es\\\/#organization\"},\"image\":{\"@id\":\"https:\\\/\\\/www.barcelonacapitalnautica.org\\\/es\\\/intensas-jornadas-de-vela-en-la-base-mini-barcelona-este-diciembre\\\/#primaryimage\"},\"thumbnailUrl\":\"https:\\\/\\\/www.barcelonacapitalnautica.org\\\/wp-content\\\/uploads\\\/2025\\\/12\\\/Noti-Base-Mini-Desembre.png\",\"keywords\":[\"Base Mini\",\"catal\u00e0\",\"Deporte\"],\"articleSection\":[\"Base Mini\"],\"inLanguage\":\"es\"},{\"@type\":\"WebPage\",\"@id\":\"https:\\\/\\\/www.barcelonacapitalnautica.org\\\/es\\\/intensas-jornadas-de-vela-en-la-base-mini-barcelona-este-diciembre\\\/\",\"url\":\"https:\\\/\\\/www.barcelonacapitalnautica.org\\\/es\\\/intensas-jornadas-de-vela-en-la-base-mini-barcelona-este-diciembre\\\/\",\"name\":\"Intensas jornadas de vela en la Base Mini Barcelona este diciembre - Barcelona Capital N\u00e0utica\",\"isPartOf\":{\"@id\":\"https:\\\/\\\/www.barcelonacapitalnautica.org\\\/es\\\/#website\"},\"primaryImageOfPage\":{\"@id\":\"https:\\\/\\\/www.barcelonacapitalnautica.org\\\/es\\\/intensas-jornadas-de-vela-en-la-base-mini-barcelona-este-diciembre\\\/#primaryimage\"},\"image\":{\"@id\":\"https:\\\/\\\/www.barcelonacapitalnautica.org\\\/es\\\/intensas-jornadas-de-vela-en-la-base-mini-barcelona-este-diciembre\\\/#primaryimage\"},\"thumbnailUrl\":\"https:\\\/\\\/www.barcelonacapitalnautica.org\\\/wp-content\\\/uploads\\\/2025\\\/12\\\/Noti-Base-Mini-Desembre.png\",\"datePublished\":\"2025-12-11T15:32:08+00:00\",\"dateModified\":\"2025-12-12T10:45:04+00:00\",\"breadcrumb\":{\"@id\":\"https:\\\/\\\/www.barcelonacapitalnautica.org\\\/es\\\/intensas-jornadas-de-vela-en-la-base-mini-barcelona-este-diciembre\\\/#breadcrumb\"},\"inLanguage\":\"es\",\"potentialAction\":[{\"@type\":\"ReadAction\",\"target\":[\"https:\\\/\\\/www.barcelonacapitalnautica.org\\\/es\\\/intensas-jornadas-de-vela-en-la-base-mini-barcelona-este-diciembre\\\/\"]}]},{\"@type\":\"ImageObject\",\"inLanguage\":\"es\",\"@id\":\"https:\\\/\\\/www.barcelonacapitalnautica.org\\\/es\\\/intensas-jornadas-de-vela-en-la-base-mini-barcelona-este-diciembre\\\/#primaryimage\",\"url\":\"https:\\\/\\\/www.barcelonacapitalnautica.org\\\/wp-content\\\/uploads\\\/2025\\\/12\\\/Noti-Base-Mini-Desembre.png\",\"contentUrl\":\"https:\\\/\\\/www.barcelonacapitalnautica.org\\\/wp-content\\\/uploads\\\/2025\\\/12\\\/Noti-Base-Mini-Desembre.png\",\"width\":1140,\"height\":440},{\"@type\":\"BreadcrumbList\",\"@id\":\"https:\\\/\\\/www.barcelonacapitalnautica.org\\\/es\\\/intensas-jornadas-de-vela-en-la-base-mini-barcelona-este-diciembre\\\/#breadcrumb\",\"itemListElement\":[{\"@type\":\"ListItem\",\"position\":1,\"name\":\"Inici\",\"item\":\"https:\\\/\\\/www.barcelonacapitalnautica.org\\\/es\\\/\"},{\"@type\":\"ListItem\",\"position\":2,\"name\":\"Intensas jornadas de vela en la Base Mini Barcelona este diciembre\"}]},{\"@type\":\"WebSite\",\"@id\":\"https:\\\/\\\/www.barcelonacapitalnautica.org\\\/es\\\/#website\",\"url\":\"https:\\\/\\\/www.barcelonacapitalnautica.org\\\/es\\\/\",\"name\":\"Barcelona Capital N\u00e0utica\",\"description\":\"Barcelona Capital N\u00e0utica\",\"publisher\":{\"@id\":\"https:\\\/\\\/www.barcelonacapitalnautica.org\\\/es\\\/#organization\"},\"alternateName\":\"BCN\u00e0utica, FBCN\",\"potentialAction\":[{\"@type\":\"SearchAction\",\"target\":{\"@type\":\"EntryPoint\",\"urlTemplate\":\"https:\\\/\\\/www.barcelonacapitalnautica.org\\\/es\\\/?s={search_term_string}\"},\"query-input\":{\"@type\":\"PropertyValueSpecification\",\"valueRequired\":true,\"valueName\":\"search_term_string\"}}],\"inLanguage\":\"es\"},{\"@type\":\"Organization\",\"@id\":\"https:\\\/\\\/www.barcelonacapitalnautica.org\\\/es\\\/#organization\",\"name\":\"Barcelona Capital N\u00e0utica\",\"alternateName\":\"Fundaci\u00f3 Barcelona Capital N\u00e0utica\",\"url\":\"https:\\\/\\\/www.barcelonacapitalnautica.org\\\/es\\\/\",\"logo\":{\"@type\":\"ImageObject\",\"inLanguage\":\"es\",\"@id\":\"https:\\\/\\\/www.barcelonacapitalnautica.org\\\/es\\\/#\\\/schema\\\/logo\\\/image\\\/\",\"url\":\"https:\\\/\\\/www.barcelonacapitalnautica.org\\\/wp-content\\\/uploads\\\/2023\\\/03\\\/Logo-blau.svg\",\"contentUrl\":\"https:\\\/\\\/www.barcelonacapitalnautica.org\\\/wp-content\\\/uploads\\\/2023\\\/03\\\/Logo-blau.svg\",\"width\":200,\"height\":58,\"caption\":\"Barcelona Capital N\u00e0utica\"},\"image\":{\"@id\":\"https:\\\/\\\/www.barcelonacapitalnautica.org\\\/es\\\/#\\\/schema\\\/logo\\\/image\\\/\"},\"sameAs\":[\"https:\\\/\\\/www.facebook.com\\\/barcelonacapitalnautica\",\"https:\\\/\\\/x.com\\\/bcnautica\",\"https:\\\/\\\/www.instagram.com\\\/bcnautica\\\/\",\"https:\\\/\\\/www.linkedin.com\\\/company\\\/barcelona-capital-nautica\"]},{\"@type\":\"Person\",\"@id\":\"https:\\\/\\\/www.barcelonacapitalnautica.org\\\/es\\\/#\\\/schema\\\/person\\\/64be99104b7f943803e224a468fa099f\",\"name\":\"Usuari FBCN\"}]}<\/script>\n<!-- \/ Yoast SEO plugin. -->","yoast_head_json":{"title":"Intensas jornadas de vela en la Base Mini Barcelona este diciembre - Barcelona Capital N\u00e0utica","robots":{"index":"index","follow":"follow","max-snippet":"max-snippet:-1","max-image-preview":"max-image-preview:large","max-video-preview":"max-video-preview:-1"},"canonical":"https:\/\/www.barcelonacapitalnautica.org\/es\/intensas-jornadas-de-vela-en-la-base-mini-barcelona-este-diciembre\/","og_locale":"es_ES","og_type":"article","og_title":"Intensas jornadas de vela en la Base Mini Barcelona este diciembre - Barcelona Capital N\u00e0utica","og_description":"Durante el \u00faltimo fin de semana largo, los Mini 6.50 [&hellip;]","og_url":"https:\/\/www.barcelonacapitalnautica.org\/es\/intensas-jornadas-de-vela-en-la-base-mini-barcelona-este-diciembre\/","og_site_name":"Barcelona Capital N\u00e0utica","article_publisher":"https:\/\/www.facebook.com\/barcelonacapitalnautica","article_published_time":"2025-12-11T15:32:08+00:00","article_modified_time":"2025-12-12T10:45:04+00:00","og_image":[{"width":1140,"height":440,"url":"https:\/\/www.barcelonacapitalnautica.org\/wp-content\/uploads\/2025\/12\/Noti-Base-Mini-Desembre.png","type":"image\/png"}],"author":"Usuari FBCN","twitter_card":"summary_large_image","twitter_creator":"@bcnautica","twitter_site":"@bcnautica","twitter_misc":{"Escrito por":"Usuari FBCN","Tiempo de lectura":"2 minutos"},"schema":{"@context":"https:\/\/schema.org","@graph":[{"@type":"Article","@id":"https:\/\/www.barcelonacapitalnautica.org\/es\/intensas-jornadas-de-vela-en-la-base-mini-barcelona-este-diciembre\/#article","isPartOf":{"@id":"https:\/\/www.barcelonacapitalnautica.org\/es\/intensas-jornadas-de-vela-en-la-base-mini-barcelona-este-diciembre\/"},"author":{"name":"Usuari FBCN","@id":"https:\/\/www.barcelonacapitalnautica.org\/es\/#\/schema\/person\/64be99104b7f943803e224a468fa099f"},"headline":"Intensas jornadas de vela en la Base Mini Barcelona este diciembre","datePublished":"2025-12-11T15:32:08+00:00","dateModified":"2025-12-12T10:45:04+00:00","mainEntityOfPage":{"@id":"https:\/\/www.barcelonacapitalnautica.org\/es\/intensas-jornadas-de-vela-en-la-base-mini-barcelona-este-diciembre\/"},"wordCount":184,"publisher":{"@id":"https:\/\/www.barcelonacapitalnautica.org\/es\/#organization"},"image":{"@id":"https:\/\/www.barcelonacapitalnautica.org\/es\/intensas-jornadas-de-vela-en-la-base-mini-barcelona-este-diciembre\/#primaryimage"},"thumbnailUrl":"https:\/\/www.barcelonacapitalnautica.org\/wp-content\/uploads\/2025\/12\/Noti-Base-Mini-Desembre.png","keywords":["Base Mini","catal\u00e0","Deporte"],"articleSection":["Base Mini"],"inLanguage":"es"},{"@type":"WebPage","@id":"https:\/\/www.barcelonacapitalnautica.org\/es\/intensas-jornadas-de-vela-en-la-base-mini-barcelona-este-diciembre\/","url":"https:\/\/www.barcelonacapitalnautica.org\/es\/intensas-jornadas-de-vela-en-la-base-mini-barcelona-este-diciembre\/","name":"Intensas jornadas de vela en la Base Mini Barcelona este diciembre - Barcelona Capital N\u00e0utica","isPartOf":{"@id":"https:\/\/www.barcelonacapitalnautica.org\/es\/#website"},"primaryImageOfPage":{"@id":"https:\/\/www.barcelonacapitalnautica.org\/es\/intensas-jornadas-de-vela-en-la-base-mini-barcelona-este-diciembre\/#primaryimage"},"image":{"@id":"https:\/\/www.barcelonacapitalnautica.org\/es\/intensas-jornadas-de-vela-en-la-base-mini-barcelona-este-diciembre\/#primaryimage"},"thumbnailUrl":"https:\/\/www.barcelonacapitalnautica.org\/wp-content\/uploads\/2025\/12\/Noti-Base-Mini-Desembre.png","datePublished":"2025-12-11T15:32:08+00:00","dateModified":"2025-12-12T10:45:04+00:00","breadcrumb":{"@id":"https:\/\/www.barcelonacapitalnautica.org\/es\/intensas-jornadas-de-vela-en-la-base-mini-barcelona-este-diciembre\/#breadcrumb"},"inLanguage":"es","potentialAction":[{"@type":"ReadAction","target":["https:\/\/www.barcelonacapitalnautica.org\/es\/intensas-jornadas-de-vela-en-la-base-mini-barcelona-este-diciembre\/"]}]},{"@type":"ImageObject","inLanguage":"es","@id":"https:\/\/www.barcelonacapitalnautica.org\/es\/intensas-jornadas-de-vela-en-la-base-mini-barcelona-este-diciembre\/#primaryimage","url":"https:\/\/www.barcelonacapitalnautica.org\/wp-content\/uploads\/2025\/12\/Noti-Base-Mini-Desembre.png","contentUrl":"https:\/\/www.barcelonacapitalnautica.org\/wp-content\/uploads\/2025\/12\/Noti-Base-Mini-Desembre.png","width":1140,"height":440},{"@type":"BreadcrumbList","@id":"https:\/\/www.barcelonacapitalnautica.org\/es\/intensas-jornadas-de-vela-en-la-base-mini-barcelona-este-diciembre\/#breadcrumb","itemListElement":[{"@type":"ListItem","position":1,"name":"Inici","item":"https:\/\/www.barcelonacapitalnautica.org\/es\/"},{"@type":"ListItem","position":2,"name":"Intensas jornadas de vela en la Base Mini Barcelona este diciembre"}]},{"@type":"WebSite","@id":"https:\/\/www.barcelonacapitalnautica.org\/es\/#website","url":"https:\/\/www.barcelonacapitalnautica.org\/es\/","name":"Barcelona Capital N\u00e0utica","description":"Barcelona Capital N\u00e0utica","publisher":{"@id":"https:\/\/www.barcelonacapitalnautica.org\/es\/#organization"},"alternateName":"BCN\u00e0utica, FBCN","potentialAction":[{"@type":"SearchAction","target":{"@type":"EntryPoint","urlTemplate":"https:\/\/www.barcelonacapitalnautica.org\/es\/?s={search_term_string}"},"query-input":{"@type":"PropertyValueSpecification","valueRequired":true,"valueName":"search_term_string"}}],"inLanguage":"es"},{"@type":"Organization","@id":"https:\/\/www.barcelonacapitalnautica.org\/es\/#organization","name":"Barcelona Capital N\u00e0utica","alternateName":"Fundaci\u00f3 Barcelona Capital N\u00e0utica","url":"https:\/\/www.barcelonacapitalnautica.org\/es\/","logo":{"@type":"ImageObject","inLanguage":"es","@id":"https:\/\/www.barcelonacapitalnautica.org\/es\/#\/schema\/logo\/image\/","url":"https:\/\/www.barcelonacapitalnautica.org\/wp-content\/uploads\/2023\/03\/Logo-blau.svg","contentUrl":"https:\/\/www.barcelonacapitalnautica.org\/wp-content\/uploads\/2023\/03\/Logo-blau.svg","width":200,"height":58,"caption":"Barcelona Capital N\u00e0utica"},"image":{"@id":"https:\/\/www.barcelonacapitalnautica.org\/es\/#\/schema\/logo\/image\/"},"sameAs":["https:\/\/www.facebook.com\/barcelonacapitalnautica","https:\/\/x.com\/bcnautica","https:\/\/www.instagram.com\/bcnautica\/","https:\/\/www.linkedin.com\/company\/barcelona-capital-nautica"]},{"@type":"Person","@id":"https:\/\/www.barcelonacapitalnautica.org\/es\/#\/schema\/person\/64be99104b7f943803e224a468fa099f","name":"Usuari FBCN"}]}},"uagb_featured_image_src":{"full":["https:\/\/www.barcelonacapitalnautica.org\/wp-content\/uploads\/2025\/12\/Noti-Base-Mini-Desembre.png",1140,440,false],"thumbnail":["https:\/\/www.barcelonacapitalnautica.org\/wp-content\/uploads\/2025\/12\/Noti-Base-Mini-Desembre-380x147.png",380,147,true],"medium":["https:\/\/www.barcelonacapitalnautica.org\/wp-content\/uploads\/2025\/12\/Noti-Base-Mini-Desembre-560x216.png",560,216,true],"medium_large":["https:\/\/www.barcelonacapitalnautica.org\/wp-content\/uploads\/2025\/12\/Noti-Base-Mini-Desembre-768x296.png",768,296,true],"large":["https:\/\/www.barcelonacapitalnautica.org\/wp-content\/uploads\/2025\/12\/Noti-Base-Mini-Desembre-900x347.png",900,347,true],"1536x1536":["https:\/\/www.barcelonacapitalnautica.org\/wp-content\/uploads\/2025\/12\/Noti-Base-Mini-Desembre.png",1140,440,false],"2048x2048":["https:\/\/www.barcelonacapitalnautica.org\/wp-content\/uploads\/2025\/12\/Noti-Base-Mini-Desembre.png",1140,440,false]},"uagb_author_info":{"display_name":"Usuari FBCN","author_link":"https:\/\/www.barcelonacapitalnautica.org\/es\/author\/fbcn_info\/"},"uagb_comment_info":0,"uagb_excerpt":"Durante el \u00faltimo fin de semana largo, los Mini 6.50 [&hellip;]","_links":{"self":[{"href":"https:\/\/www.barcelonacapitalnautica.org\/es\/wp-json\/wp\/v2\/posts\/274070","targetHints":{"allow":["GET"]}}],"collection":[{"href":"https:\/\/www.barcelonacapitalnautica.org\/es\/wp-json\/wp\/v2\/posts"}],"about":[{"href":"https:\/\/www.barcelonacapitalnautica.org\/es\/wp-json\/wp\/v2\/types\/post"}],"author":[{"embeddable":true,"href":"https:\/\/www.barcelonacapitalnautica.org\/es\/wp-json\/wp\/v2\/users\/5"}],"replies":[{"embeddable":true,"href":"https:\/\/www.barcelonacapitalnautica.org\/es\/wp-json\/wp\/v2\/comments?post=274070"}],"version-history":[{"count":1,"href":"https:\/\/www.barcelonacapitalnautica.org\/es\/wp-json\/wp\/v2\/posts\/274070\/revisions"}],"predecessor-version":[{"id":274071,"href":"https:\/\/www.barcelonacapitalnautica.org\/es\/wp-json\/wp\/v2\/posts\/274070\/revisions\/274071"}],"wp:featuredmedia":[{"embeddable":true,"href":"https:\/\/www.barcelonacapitalnautica.org\/es\/wp-json\/wp\/v2\/media\/274067"}],"wp:attachment":[{"href":"https:\/\/www.barcelonacapitalnautica.org\/es\/wp-json\/wp\/v2\/media?parent=274070"}],"wp:term":[{"taxonomy":"category","embeddable":true,"href":"https:\/\/www.barcelonacapitalnautica.org\/es\/wp-json\/wp\/v2\/categories?post=274070"},{"taxonomy":"post_tag","embeddable":true,"href":"https:\/\/www.barcelonacapitalnautica.org\/es\/wp-json\/wp\/v2\/tags?post=274070"}],"curies":[{"name":"wp","href":"https:\/\/api.w.org\/{rel}","templated":true}]}}