{"id":275287,"date":"2026-04-30T09:34:57","date_gmt":"2026-04-30T07:34:57","guid":{"rendered":"https:\/\/www.barcelonacapitalnautica.org\/acostem-la-descarbonitzacio-de-la-nautica-als-instituts\/"},"modified":"2026-04-30T09:58:39","modified_gmt":"2026-04-30T07:58:39","slug":"acostem-la-descarbonitzacio-de-la-nautica-als-instituts","status":"publish","type":"post","link":"https:\/\/www.barcelonacapitalnautica.org\/es\/acostem-la-descarbonitzacio-de-la-nautica-als-instituts\/","title":{"rendered":"Acercamos la descarbonizaci\u00f3n de la n\u00e1utica a los institutos"},"content":{"rendered":"\n<p>Las instalaciones de la Fundaci\u00f3n Barcelona Capital N\u00e0utica han recibido al <strong>alumnado de 3\u00ba y 4\u00ba de ESO del Centre Educatiu Sant Francesc del Poblenou <\/strong>en una sesi\u00f3n para acercarles la labor que impulsamos en materia de sostenibilidad en el \u00e1mbito mar\u00edtimo. El encuentro se ha centrado especialmente en el proyecto de <strong><a href=\"https:\/\/www.barcelonacapitalnautica.org\/es\/sostenibilidad-e-innovacion\/descarbonizacion-embarcaciones\/\">Descarbonizaci\u00f3n de Embarcaciones de Recreo<\/a><\/strong> y la DCC.<\/p>\n\n\n\n<p>Hemos compartido con el alumnado c\u00f3mo trabajamos para transformar el modelo de la n\u00e1utica de recreo y avanzar hacia una <strong>navegaci\u00f3n con cero emisiones <\/strong>con iniciativas como la construcci\u00f3n de embarcaciones el\u00e9ctricas, el desarrollo de sistemas de recarga y la innovaci\u00f3n tecnol\u00f3gica.<\/p>\n\n\n\t\t\t\t\t<div\n\t\t\t\t\t\tclass=\"wp-block-uagb-image-gallery uagb-block-58f1a31a     \"\n\t\t\t\t\t\tstyle=\"\"\n\t\t\t\t\t>\n\t\t\t\t\t\t\t\t\t\t\t<div class=\"spectra-image-gallery spectra-image-gallery__layout--grid spectra-image-gallery__layout--grid-col-3 spectra-image-gallery__layout--grid-col-tab-3 spectra-image-gallery__layout--grid-col-mob-2\">\n\t\t\t\t\t\t\t\t\t\t\t<div class='spectra-image-gallery__media-wrapper' data-spectra-gallery-image-id='275277' tabindex=\"0\">\n\t\t\t\t\t\t\t<div class=\"spectra-image-gallery__media spectra-image-gallery__media--grid\">\n\t\t\t\t<picture>\n\t\t\t\t\t<source media=\"(min-width: 1024px)\" srcset=\"https:\/\/www.barcelonacapitalnautica.org\/wp-content\/uploads\/2026\/04\/Newsletter-350x250-1.png\">\n\t\t\t\t\t<source media=\"(min-width: 768px)\" srcset=\"https:\/\/www.barcelonacapitalnautica.org\/wp-content\/uploads\/2026\/04\/Newsletter-350x250-1.png\">\n\t\t\t\t\t<img decoding=\"async\" class=\"spectra-image-gallery__media-thumbnail spectra-image-gallery__media-thumbnail--grid\" src=\"https:\/\/www.barcelonacapitalnautica.org\/wp-content\/uploads\/2026\/04\/Newsletter-350x250-1.png\" alt=\"\" loading=\"lazy\" \/>\n\t\t\t\t<\/picture>\n\t\t\t\t<div class=\"spectra-image-gallery__media-thumbnail-blurrer\"><\/div>\n\t\t\t\t\t\t\t\t\t\t\t<div class=\"spectra-image-gallery__media-thumbnail-caption-wrapper spectra-image-gallery__media-thumbnail-caption-wrapper--overlay\"><\/div>\n\t\t\t\t\t\t\t\t<\/div>\n\t\t\t\t\t\t<\/div>\n\t\t\t\t\t\t<div class='spectra-image-gallery__media-wrapper' data-spectra-gallery-image-id='275274' tabindex=\"0\">\n\t\t\t\t\t\t\t<div class=\"spectra-image-gallery__media spectra-image-gallery__media--grid\">\n\t\t\t\t<picture>\n\t\t\t\t\t<source media=\"(min-width: 1024px)\" srcset=\"https:\/\/www.barcelonacapitalnautica.org\/wp-content\/uploads\/2026\/04\/Noticia-web-2560x1920-3-560x420.png\">\n\t\t\t\t\t<source media=\"(min-width: 768px)\" srcset=\"https:\/\/www.barcelonacapitalnautica.org\/wp-content\/uploads\/2026\/04\/Noticia-web-2560x1920-3-900x675.png\">\n\t\t\t\t\t<img decoding=\"async\" class=\"spectra-image-gallery__media-thumbnail spectra-image-gallery__media-thumbnail--grid\" src=\"https:\/\/www.barcelonacapitalnautica.org\/wp-content\/uploads\/2026\/04\/Noticia-web-2560x1920-3-560x420.png\" alt=\"\" loading=\"lazy\" \/>\n\t\t\t\t<\/picture>\n\t\t\t\t<div class=\"spectra-image-gallery__media-thumbnail-blurrer\"><\/div>\n\t\t\t\t\t\t\t\t\t\t\t<div class=\"spectra-image-gallery__media-thumbnail-caption-wrapper spectra-image-gallery__media-thumbnail-caption-wrapper--overlay\"><\/div>\n\t\t\t\t\t\t\t\t<\/div>\n\t\t\t\t\t\t<\/div>\n\t\t\t\t\t\t<div class='spectra-image-gallery__media-wrapper' data-spectra-gallery-image-id='275283' tabindex=\"0\">\n\t\t\t\t\t\t\t<div class=\"spectra-image-gallery__media spectra-image-gallery__media--grid\">\n\t\t\t\t<picture>\n\t\t\t\t\t<source media=\"(min-width: 1024px)\" srcset=\"https:\/\/www.barcelonacapitalnautica.org\/wp-content\/uploads\/2026\/04\/Noticia-web-2560x1920-4-560x420.png\">\n\t\t\t\t\t<source media=\"(min-width: 768px)\" srcset=\"https:\/\/www.barcelonacapitalnautica.org\/wp-content\/uploads\/2026\/04\/Noticia-web-2560x1920-4-900x675.png\">\n\t\t\t\t\t<img decoding=\"async\" class=\"spectra-image-gallery__media-thumbnail spectra-image-gallery__media-thumbnail--grid\" src=\"https:\/\/www.barcelonacapitalnautica.org\/wp-content\/uploads\/2026\/04\/Noticia-web-2560x1920-4-560x420.png\" alt=\"\" loading=\"lazy\" \/>\n\t\t\t\t<\/picture>\n\t\t\t\t<div class=\"spectra-image-gallery__media-thumbnail-blurrer\"><\/div>\n\t\t\t\t\t\t\t\t\t\t\t<div class=\"spectra-image-gallery__media-thumbnail-caption-wrapper spectra-image-gallery__media-thumbnail-caption-wrapper--overlay\"><\/div>\n\t\t\t\t\t\t\t\t<\/div>\n\t\t\t\t\t\t<\/div>\n\t\t\t\t\t\t\t\t\t\t<\/div>\n\t\t\t\t\t\t\t\t\t\t\t\t\t\t\t\t\t\t<\/div>\n\t\t\t\t\t\t\t\t\t\n\n\n<p><\/p>\n\n\n\n<p>La jornada tambi\u00e9n ha contado con la participaci\u00f3n de <strong>Andrea Comaposada<\/strong>, de <strong><a href=\"https:\/\/anellides.com\/es\/\">An\u00e8l\u00b7lides<\/a><\/strong>, que ha compartido con el alumnado la labor de la organizaci\u00f3n en la promoci\u00f3n del conocimiento y el aprecio por el medio marino a trav\u00e9s de la divulgaci\u00f3n, la educaci\u00f3n y la investigaci\u00f3n.<\/p>\n\n\n\n<p>Con esta actividad, seguimos reforzando nuestro <strong>compromiso con la divulgaci\u00f3n y la educaci\u00f3n <\/strong>como herramientas clave para avanzar hacia un modelo de<strong> n\u00e1utica m\u00e1s sostenible<\/strong>.<\/p>\n\n\n\n<p><\/p>\n\n\n\n<p><\/p>\n\n\n\n<p><\/p>\n","protected":false},"excerpt":{"rendered":"<p>Rebem\u00a0l\u2019alumnat de 3r i 4t d\u2019ESO del Centre Educatiu Sant Francesc del Poblenou\u00a0per\u00a0acostar-los a\u00a0la feina de la Fundaci\u00f3 en mat\u00e8ria de sostenibilitat en l\u2019\u00e0mbit mar\u00edtim.<\/p>\n","protected":false},"author":6,"featured_media":275273,"comment_status":"closed","ping_status":"closed","sticky":false,"template":"","format":"standard","meta":{"_uag_custom_page_level_css":"","site-sidebar-layout":"default","site-content-layout":"","ast-site-content-layout":"default","site-content-style":"default","site-sidebar-style":"default","ast-global-header-display":"","ast-banner-title-visibility":"","ast-main-header-display":"","ast-hfb-above-header-display":"","ast-hfb-below-header-display":"","ast-hfb-mobile-header-display":"","site-post-title":"","ast-breadcrumbs-content":"","ast-featured-img":"","footer-sml-layout":"","ast-disable-related-posts":"","theme-transparent-header-meta":"","adv-header-id-meta":"","stick-header-meta":"","header-above-stick-meta":"","header-main-stick-meta":"","header-below-stick-meta":"","astra-migrate-meta-layouts":"set","ast-page-background-enabled":"default","ast-page-background-meta":{"desktop":{"background-color":"","background-image":"","background-repeat":"repeat","background-position":"center center","background-size":"auto","background-attachment":"scroll","background-type":"","background-media":"","overlay-type":"","overlay-color":"","overlay-opacity":"","overlay-gradient":""},"tablet":{"background-color":"","background-image":"","background-repeat":"repeat","background-position":"center center","background-size":"auto","background-attachment":"scroll","background-type":"","background-media":"","overlay-type":"","overlay-color":"","overlay-opacity":"","overlay-gradient":""},"mobile":{"background-color":"","background-image":"","background-repeat":"repeat","background-position":"center center","background-size":"auto","background-attachment":"scroll","background-type":"","background-media":"","overlay-type":"","overlay-color":"","overlay-opacity":"","overlay-gradient":""}},"ast-content-background-meta":{"desktop":{"background-color":"var(--ast-global-color-5)","background-image":"","background-repeat":"repeat","background-position":"center center","background-size":"auto","background-attachment":"scroll","background-type":"","background-media":"","overlay-type":"","overlay-color":"","overlay-opacity":"","overlay-gradient":""},"tablet":{"background-color":"var(--ast-global-color-5)","background-image":"","background-repeat":"repeat","background-position":"center center","background-size":"auto","background-attachment":"scroll","background-type":"","background-media":"","overlay-type":"","overlay-color":"","overlay-opacity":"","overlay-gradient":""},"mobile":{"background-color":"var(--ast-global-color-5)","background-image":"","background-repeat":"repeat","background-position":"center center","background-size":"auto","background-attachment":"scroll","background-type":"","background-media":"","overlay-type":"","overlay-color":"","overlay-opacity":"","overlay-gradient":""}},"_price":"","_stock":"","_tribe_ticket_header":"","_tribe_default_ticket_provider":"","_tribe_ticket_capacity":"0","_ticket_start_date":"","_ticket_end_date":"","_tribe_ticket_show_description":"","_tribe_ticket_show_not_going":false,"_tribe_ticket_use_global_stock":"","_tribe_ticket_global_stock_level":"","_global_stock_mode":"","_global_stock_cap":"","_tribe_rsvp_for_event":"","_tribe_ticket_going_count":"","_tribe_ticket_not_going_count":"","_tribe_tickets_list":[],"_tribe_ticket_has_attendee_info_fields":false,"footnotes":""},"categories":[99,102],"tags":[118,161],"class_list":["post-275287","post","type-post","status-publish","format-standard","has-post-thumbnail","hentry","category-educacion","category-sostenibilidad","tag-basemini-es-2","tag-deporte-es"],"yoast_head":"<!-- This site is optimized with the Yoast SEO plugin v27.5 - https:\/\/yoast.com\/product\/yoast-seo-wordpress\/ -->\n<title>Acercamos la descarbonizaci\u00f3n de la n\u00e1utica a los institutos - Barcelona Capital N\u00e0utica<\/title>\n<meta name=\"robots\" content=\"index, follow, max-snippet:-1, max-image-preview:large, max-video-preview:-1\" \/>\n<link rel=\"canonical\" href=\"https:\/\/www.barcelonacapitalnautica.org\/es\/acostem-la-descarbonitzacio-de-la-nautica-als-instituts\/\" \/>\n<meta property=\"og:locale\" content=\"es_ES\" \/>\n<meta property=\"og:type\" content=\"article\" \/>\n<meta property=\"og:title\" content=\"Acercamos la descarbonizaci\u00f3n de la n\u00e1utica a los institutos - Barcelona Capital N\u00e0utica\" \/>\n<meta property=\"og:description\" content=\"Rebem\u00a0l\u2019alumnat de 3r i 4t d\u2019ESO del Centre Educatiu Sant Francesc del Poblenou\u00a0per\u00a0acostar-los a\u00a0la feina de la Fundaci\u00f3 en mat\u00e8ria de sostenibilitat en l\u2019\u00e0mbit mar\u00edtim.\" \/>\n<meta property=\"og:url\" content=\"https:\/\/www.barcelonacapitalnautica.org\/es\/acostem-la-descarbonitzacio-de-la-nautica-als-instituts\/\" \/>\n<meta property=\"og:site_name\" content=\"Barcelona Capital N\u00e0utica\" \/>\n<meta property=\"article:publisher\" content=\"https:\/\/www.facebook.com\/barcelonacapitalnautica\" \/>\n<meta property=\"article:published_time\" content=\"2026-04-30T07:34:57+00:00\" \/>\n<meta property=\"article:modified_time\" content=\"2026-04-30T07:58:39+00:00\" \/>\n<meta property=\"og:image\" content=\"https:\/\/www.barcelonacapitalnautica.org\/wp-content\/uploads\/2026\/04\/Noticia-web-2560x1920-2-900x675.png\" \/>\n\t<meta property=\"og:image:width\" content=\"900\" \/>\n\t<meta property=\"og:image:height\" content=\"675\" \/>\n\t<meta property=\"og:image:type\" content=\"image\/png\" \/>\n<meta name=\"author\" content=\"iurisdoc iurisdoc\" \/>\n<meta name=\"twitter:card\" content=\"summary_large_image\" \/>\n<meta name=\"twitter:creator\" content=\"@bcnautica\" \/>\n<meta name=\"twitter:site\" content=\"@bcnautica\" \/>\n<meta name=\"twitter:label1\" content=\"Escrito por\" \/>\n\t<meta name=\"twitter:data1\" content=\"iurisdoc iurisdoc\" \/>\n\t<meta name=\"twitter:label2\" content=\"Tiempo de lectura\" \/>\n\t<meta name=\"twitter:data2\" content=\"2 minutos\" \/>\n<script type=\"application\/ld+json\" class=\"yoast-schema-graph\">{\"@context\":\"https:\\\/\\\/schema.org\",\"@graph\":[{\"@type\":\"Article\",\"@id\":\"https:\\\/\\\/www.barcelonacapitalnautica.org\\\/es\\\/acostem-la-descarbonitzacio-de-la-nautica-als-instituts\\\/#article\",\"isPartOf\":{\"@id\":\"https:\\\/\\\/www.barcelonacapitalnautica.org\\\/es\\\/acostem-la-descarbonitzacio-de-la-nautica-als-instituts\\\/\"},\"author\":{\"name\":\"iurisdoc iurisdoc\",\"@id\":\"https:\\\/\\\/www.barcelonacapitalnautica.org\\\/es\\\/#\\\/schema\\\/person\\\/e2c4127dcdd1eee0c55ea290f2e80bcb\"},\"headline\":\"Acercamos la descarbonizaci\u00f3n de la n\u00e1utica a los institutos\",\"datePublished\":\"2026-04-30T07:34:57+00:00\",\"dateModified\":\"2026-04-30T07:58:39+00:00\",\"mainEntityOfPage\":{\"@id\":\"https:\\\/\\\/www.barcelonacapitalnautica.org\\\/es\\\/acostem-la-descarbonitzacio-de-la-nautica-als-instituts\\\/\"},\"wordCount\":208,\"publisher\":{\"@id\":\"https:\\\/\\\/www.barcelonacapitalnautica.org\\\/es\\\/#organization\"},\"image\":{\"@id\":\"https:\\\/\\\/www.barcelonacapitalnautica.org\\\/es\\\/acostem-la-descarbonitzacio-de-la-nautica-als-instituts\\\/#primaryimage\"},\"thumbnailUrl\":\"https:\\\/\\\/www.barcelonacapitalnautica.org\\\/wp-content\\\/uploads\\\/2026\\\/04\\\/Noticia-web-2560x1920-2.png\",\"keywords\":[\"Base Mini\",\"Deporte\"],\"articleSection\":[\"Educaci\u00f3n\",\"Sostenibilidad\"],\"inLanguage\":\"es\"},{\"@type\":\"WebPage\",\"@id\":\"https:\\\/\\\/www.barcelonacapitalnautica.org\\\/es\\\/acostem-la-descarbonitzacio-de-la-nautica-als-instituts\\\/\",\"url\":\"https:\\\/\\\/www.barcelonacapitalnautica.org\\\/es\\\/acostem-la-descarbonitzacio-de-la-nautica-als-instituts\\\/\",\"name\":\"Acercamos la descarbonizaci\u00f3n de la n\u00e1utica a los institutos - Barcelona Capital N\u00e0utica\",\"isPartOf\":{\"@id\":\"https:\\\/\\\/www.barcelonacapitalnautica.org\\\/es\\\/#website\"},\"primaryImageOfPage\":{\"@id\":\"https:\\\/\\\/www.barcelonacapitalnautica.org\\\/es\\\/acostem-la-descarbonitzacio-de-la-nautica-als-instituts\\\/#primaryimage\"},\"image\":{\"@id\":\"https:\\\/\\\/www.barcelonacapitalnautica.org\\\/es\\\/acostem-la-descarbonitzacio-de-la-nautica-als-instituts\\\/#primaryimage\"},\"thumbnailUrl\":\"https:\\\/\\\/www.barcelonacapitalnautica.org\\\/wp-content\\\/uploads\\\/2026\\\/04\\\/Noticia-web-2560x1920-2.png\",\"datePublished\":\"2026-04-30T07:34:57+00:00\",\"dateModified\":\"2026-04-30T07:58:39+00:00\",\"breadcrumb\":{\"@id\":\"https:\\\/\\\/www.barcelonacapitalnautica.org\\\/es\\\/acostem-la-descarbonitzacio-de-la-nautica-als-instituts\\\/#breadcrumb\"},\"inLanguage\":\"es\",\"potentialAction\":[{\"@type\":\"ReadAction\",\"target\":[\"https:\\\/\\\/www.barcelonacapitalnautica.org\\\/es\\\/acostem-la-descarbonitzacio-de-la-nautica-als-instituts\\\/\"]}]},{\"@type\":\"ImageObject\",\"inLanguage\":\"es\",\"@id\":\"https:\\\/\\\/www.barcelonacapitalnautica.org\\\/es\\\/acostem-la-descarbonitzacio-de-la-nautica-als-instituts\\\/#primaryimage\",\"url\":\"https:\\\/\\\/www.barcelonacapitalnautica.org\\\/wp-content\\\/uploads\\\/2026\\\/04\\\/Noticia-web-2560x1920-2.png\",\"contentUrl\":\"https:\\\/\\\/www.barcelonacapitalnautica.org\\\/wp-content\\\/uploads\\\/2026\\\/04\\\/Noticia-web-2560x1920-2.png\",\"width\":2560,\"height\":1920},{\"@type\":\"BreadcrumbList\",\"@id\":\"https:\\\/\\\/www.barcelonacapitalnautica.org\\\/es\\\/acostem-la-descarbonitzacio-de-la-nautica-als-instituts\\\/#breadcrumb\",\"itemListElement\":[{\"@type\":\"ListItem\",\"position\":1,\"name\":\"Inici\",\"item\":\"https:\\\/\\\/www.barcelonacapitalnautica.org\\\/es\\\/\"},{\"@type\":\"ListItem\",\"position\":2,\"name\":\"Acercamos la descarbonizaci\u00f3n de la n\u00e1utica a los institutos\"}]},{\"@type\":\"WebSite\",\"@id\":\"https:\\\/\\\/www.barcelonacapitalnautica.org\\\/es\\\/#website\",\"url\":\"https:\\\/\\\/www.barcelonacapitalnautica.org\\\/es\\\/\",\"name\":\"Barcelona Capital N\u00e0utica\",\"description\":\"Barcelona Capital N\u00e0utica\",\"publisher\":{\"@id\":\"https:\\\/\\\/www.barcelonacapitalnautica.org\\\/es\\\/#organization\"},\"alternateName\":\"BCN\u00e0utica, FBCN\",\"potentialAction\":[{\"@type\":\"SearchAction\",\"target\":{\"@type\":\"EntryPoint\",\"urlTemplate\":\"https:\\\/\\\/www.barcelonacapitalnautica.org\\\/es\\\/?s={search_term_string}\"},\"query-input\":{\"@type\":\"PropertyValueSpecification\",\"valueRequired\":true,\"valueName\":\"search_term_string\"}}],\"inLanguage\":\"es\"},{\"@type\":\"Organization\",\"@id\":\"https:\\\/\\\/www.barcelonacapitalnautica.org\\\/es\\\/#organization\",\"name\":\"Barcelona Capital N\u00e0utica\",\"alternateName\":\"Fundaci\u00f3 Barcelona Capital N\u00e0utica\",\"url\":\"https:\\\/\\\/www.barcelonacapitalnautica.org\\\/es\\\/\",\"logo\":{\"@type\":\"ImageObject\",\"inLanguage\":\"es\",\"@id\":\"https:\\\/\\\/www.barcelonacapitalnautica.org\\\/es\\\/#\\\/schema\\\/logo\\\/image\\\/\",\"url\":\"https:\\\/\\\/www.barcelonacapitalnautica.org\\\/wp-content\\\/uploads\\\/2023\\\/03\\\/Logo-blau.svg\",\"contentUrl\":\"https:\\\/\\\/www.barcelonacapitalnautica.org\\\/wp-content\\\/uploads\\\/2023\\\/03\\\/Logo-blau.svg\",\"width\":200,\"height\":58,\"caption\":\"Barcelona Capital N\u00e0utica\"},\"image\":{\"@id\":\"https:\\\/\\\/www.barcelonacapitalnautica.org\\\/es\\\/#\\\/schema\\\/logo\\\/image\\\/\"},\"sameAs\":[\"https:\\\/\\\/www.facebook.com\\\/barcelonacapitalnautica\",\"https:\\\/\\\/x.com\\\/bcnautica\",\"https:\\\/\\\/www.instagram.com\\\/bcnautica\\\/\",\"https:\\\/\\\/www.linkedin.com\\\/company\\\/barcelona-capital-nautica\"]},{\"@type\":\"Person\",\"@id\":\"https:\\\/\\\/www.barcelonacapitalnautica.org\\\/es\\\/#\\\/schema\\\/person\\\/e2c4127dcdd1eee0c55ea290f2e80bcb\",\"name\":\"iurisdoc iurisdoc\",\"sameAs\":[\"https:\\\/\\\/iurisdoc.com\\\/\"]}]}<\/script>\n<!-- \/ Yoast SEO plugin. -->","yoast_head_json":{"title":"Acercamos la descarbonizaci\u00f3n de la n\u00e1utica a los institutos - Barcelona Capital N\u00e0utica","robots":{"index":"index","follow":"follow","max-snippet":"max-snippet:-1","max-image-preview":"max-image-preview:large","max-video-preview":"max-video-preview:-1"},"canonical":"https:\/\/www.barcelonacapitalnautica.org\/es\/acostem-la-descarbonitzacio-de-la-nautica-als-instituts\/","og_locale":"es_ES","og_type":"article","og_title":"Acercamos la descarbonizaci\u00f3n de la n\u00e1utica a los institutos - Barcelona Capital N\u00e0utica","og_description":"Rebem\u00a0l\u2019alumnat de 3r i 4t d\u2019ESO del Centre Educatiu Sant Francesc del Poblenou\u00a0per\u00a0acostar-los a\u00a0la feina de la Fundaci\u00f3 en mat\u00e8ria de sostenibilitat en l\u2019\u00e0mbit mar\u00edtim.","og_url":"https:\/\/www.barcelonacapitalnautica.org\/es\/acostem-la-descarbonitzacio-de-la-nautica-als-instituts\/","og_site_name":"Barcelona Capital N\u00e0utica","article_publisher":"https:\/\/www.facebook.com\/barcelonacapitalnautica","article_published_time":"2026-04-30T07:34:57+00:00","article_modified_time":"2026-04-30T07:58:39+00:00","og_image":[{"width":900,"height":675,"url":"https:\/\/www.barcelonacapitalnautica.org\/wp-content\/uploads\/2026\/04\/Noticia-web-2560x1920-2-900x675.png","type":"image\/png"}],"author":"iurisdoc iurisdoc","twitter_card":"summary_large_image","twitter_creator":"@bcnautica","twitter_site":"@bcnautica","twitter_misc":{"Escrito por":"iurisdoc iurisdoc","Tiempo de lectura":"2 minutos"},"schema":{"@context":"https:\/\/schema.org","@graph":[{"@type":"Article","@id":"https:\/\/www.barcelonacapitalnautica.org\/es\/acostem-la-descarbonitzacio-de-la-nautica-als-instituts\/#article","isPartOf":{"@id":"https:\/\/www.barcelonacapitalnautica.org\/es\/acostem-la-descarbonitzacio-de-la-nautica-als-instituts\/"},"author":{"name":"iurisdoc iurisdoc","@id":"https:\/\/www.barcelonacapitalnautica.org\/es\/#\/schema\/person\/e2c4127dcdd1eee0c55ea290f2e80bcb"},"headline":"Acercamos la descarbonizaci\u00f3n de la n\u00e1utica a los institutos","datePublished":"2026-04-30T07:34:57+00:00","dateModified":"2026-04-30T07:58:39+00:00","mainEntityOfPage":{"@id":"https:\/\/www.barcelonacapitalnautica.org\/es\/acostem-la-descarbonitzacio-de-la-nautica-als-instituts\/"},"wordCount":208,"publisher":{"@id":"https:\/\/www.barcelonacapitalnautica.org\/es\/#organization"},"image":{"@id":"https:\/\/www.barcelonacapitalnautica.org\/es\/acostem-la-descarbonitzacio-de-la-nautica-als-instituts\/#primaryimage"},"thumbnailUrl":"https:\/\/www.barcelonacapitalnautica.org\/wp-content\/uploads\/2026\/04\/Noticia-web-2560x1920-2.png","keywords":["Base Mini","Deporte"],"articleSection":["Educaci\u00f3n","Sostenibilidad"],"inLanguage":"es"},{"@type":"WebPage","@id":"https:\/\/www.barcelonacapitalnautica.org\/es\/acostem-la-descarbonitzacio-de-la-nautica-als-instituts\/","url":"https:\/\/www.barcelonacapitalnautica.org\/es\/acostem-la-descarbonitzacio-de-la-nautica-als-instituts\/","name":"Acercamos la descarbonizaci\u00f3n de la n\u00e1utica a los institutos - Barcelona Capital N\u00e0utica","isPartOf":{"@id":"https:\/\/www.barcelonacapitalnautica.org\/es\/#website"},"primaryImageOfPage":{"@id":"https:\/\/www.barcelonacapitalnautica.org\/es\/acostem-la-descarbonitzacio-de-la-nautica-als-instituts\/#primaryimage"},"image":{"@id":"https:\/\/www.barcelonacapitalnautica.org\/es\/acostem-la-descarbonitzacio-de-la-nautica-als-instituts\/#primaryimage"},"thumbnailUrl":"https:\/\/www.barcelonacapitalnautica.org\/wp-content\/uploads\/2026\/04\/Noticia-web-2560x1920-2.png","datePublished":"2026-04-30T07:34:57+00:00","dateModified":"2026-04-30T07:58:39+00:00","breadcrumb":{"@id":"https:\/\/www.barcelonacapitalnautica.org\/es\/acostem-la-descarbonitzacio-de-la-nautica-als-instituts\/#breadcrumb"},"inLanguage":"es","potentialAction":[{"@type":"ReadAction","target":["https:\/\/www.barcelonacapitalnautica.org\/es\/acostem-la-descarbonitzacio-de-la-nautica-als-instituts\/"]}]},{"@type":"ImageObject","inLanguage":"es","@id":"https:\/\/www.barcelonacapitalnautica.org\/es\/acostem-la-descarbonitzacio-de-la-nautica-als-instituts\/#primaryimage","url":"https:\/\/www.barcelonacapitalnautica.org\/wp-content\/uploads\/2026\/04\/Noticia-web-2560x1920-2.png","contentUrl":"https:\/\/www.barcelonacapitalnautica.org\/wp-content\/uploads\/2026\/04\/Noticia-web-2560x1920-2.png","width":2560,"height":1920},{"@type":"BreadcrumbList","@id":"https:\/\/www.barcelonacapitalnautica.org\/es\/acostem-la-descarbonitzacio-de-la-nautica-als-instituts\/#breadcrumb","itemListElement":[{"@type":"ListItem","position":1,"name":"Inici","item":"https:\/\/www.barcelonacapitalnautica.org\/es\/"},{"@type":"ListItem","position":2,"name":"Acercamos la descarbonizaci\u00f3n de la n\u00e1utica a los institutos"}]},{"@type":"WebSite","@id":"https:\/\/www.barcelonacapitalnautica.org\/es\/#website","url":"https:\/\/www.barcelonacapitalnautica.org\/es\/","name":"Barcelona Capital N\u00e0utica","description":"Barcelona Capital N\u00e0utica","publisher":{"@id":"https:\/\/www.barcelonacapitalnautica.org\/es\/#organization"},"alternateName":"BCN\u00e0utica, FBCN","potentialAction":[{"@type":"SearchAction","target":{"@type":"EntryPoint","urlTemplate":"https:\/\/www.barcelonacapitalnautica.org\/es\/?s={search_term_string}"},"query-input":{"@type":"PropertyValueSpecification","valueRequired":true,"valueName":"search_term_string"}}],"inLanguage":"es"},{"@type":"Organization","@id":"https:\/\/www.barcelonacapitalnautica.org\/es\/#organization","name":"Barcelona Capital N\u00e0utica","alternateName":"Fundaci\u00f3 Barcelona Capital N\u00e0utica","url":"https:\/\/www.barcelonacapitalnautica.org\/es\/","logo":{"@type":"ImageObject","inLanguage":"es","@id":"https:\/\/www.barcelonacapitalnautica.org\/es\/#\/schema\/logo\/image\/","url":"https:\/\/www.barcelonacapitalnautica.org\/wp-content\/uploads\/2023\/03\/Logo-blau.svg","contentUrl":"https:\/\/www.barcelonacapitalnautica.org\/wp-content\/uploads\/2023\/03\/Logo-blau.svg","width":200,"height":58,"caption":"Barcelona Capital N\u00e0utica"},"image":{"@id":"https:\/\/www.barcelonacapitalnautica.org\/es\/#\/schema\/logo\/image\/"},"sameAs":["https:\/\/www.facebook.com\/barcelonacapitalnautica","https:\/\/x.com\/bcnautica","https:\/\/www.instagram.com\/bcnautica\/","https:\/\/www.linkedin.com\/company\/barcelona-capital-nautica"]},{"@type":"Person","@id":"https:\/\/www.barcelonacapitalnautica.org\/es\/#\/schema\/person\/e2c4127dcdd1eee0c55ea290f2e80bcb","name":"iurisdoc iurisdoc","sameAs":["https:\/\/iurisdoc.com\/"]}]}},"uagb_featured_image_src":{"full":["https:\/\/www.barcelonacapitalnautica.org\/wp-content\/uploads\/2026\/04\/Noticia-web-2560x1920-2.png",2560,1920,false],"thumbnail":["https:\/\/www.barcelonacapitalnautica.org\/wp-content\/uploads\/2026\/04\/Noticia-web-2560x1920-2-380x285.png",380,285,true],"medium":["https:\/\/www.barcelonacapitalnautica.org\/wp-content\/uploads\/2026\/04\/Noticia-web-2560x1920-2-560x420.png",560,420,true],"medium_large":["https:\/\/www.barcelonacapitalnautica.org\/wp-content\/uploads\/2026\/04\/Noticia-web-2560x1920-2-768x576.png",768,576,true],"large":["https:\/\/www.barcelonacapitalnautica.org\/wp-content\/uploads\/2026\/04\/Noticia-web-2560x1920-2-900x675.png",900,675,true],"1536x1536":["https:\/\/www.barcelonacapitalnautica.org\/wp-content\/uploads\/2026\/04\/Noticia-web-2560x1920-2-1536x1152.png",1536,1152,true],"2048x2048":["https:\/\/www.barcelonacapitalnautica.org\/wp-content\/uploads\/2026\/04\/Noticia-web-2560x1920-2-2048x1536.png",2048,1536,true]},"uagb_author_info":{"display_name":"iurisdoc iurisdoc","author_link":"https:\/\/www.barcelonacapitalnautica.org\/es\/author\/iurisdoc\/"},"uagb_comment_info":0,"uagb_excerpt":"Rebem\u00a0l\u2019alumnat de 3r i 4t d\u2019ESO del Centre Educatiu Sant Francesc del Poblenou\u00a0per\u00a0acostar-los a\u00a0la feina de la Fundaci\u00f3 en mat\u00e8ria de sostenibilitat en l\u2019\u00e0mbit mar\u00edtim.","_links":{"self":[{"href":"https:\/\/www.barcelonacapitalnautica.org\/es\/wp-json\/wp\/v2\/posts\/275287","targetHints":{"allow":["GET"]}}],"collection":[{"href":"https:\/\/www.barcelonacapitalnautica.org\/es\/wp-json\/wp\/v2\/posts"}],"about":[{"href":"https:\/\/www.barcelonacapitalnautica.org\/es\/wp-json\/wp\/v2\/types\/post"}],"author":[{"embeddable":true,"href":"https:\/\/www.barcelonacapitalnautica.org\/es\/wp-json\/wp\/v2\/users\/6"}],"replies":[{"embeddable":true,"href":"https:\/\/www.barcelonacapitalnautica.org\/es\/wp-json\/wp\/v2\/comments?post=275287"}],"version-history":[{"count":1,"href":"https:\/\/www.barcelonacapitalnautica.org\/es\/wp-json\/wp\/v2\/posts\/275287\/revisions"}],"predecessor-version":[{"id":275299,"href":"https:\/\/www.barcelonacapitalnautica.org\/es\/wp-json\/wp\/v2\/posts\/275287\/revisions\/275299"}],"wp:featuredmedia":[{"embeddable":true,"href":"https:\/\/www.barcelonacapitalnautica.org\/es\/wp-json\/wp\/v2\/media\/275273"}],"wp:attachment":[{"href":"https:\/\/www.barcelonacapitalnautica.org\/es\/wp-json\/wp\/v2\/media?parent=275287"}],"wp:term":[{"taxonomy":"category","embeddable":true,"href":"https:\/\/www.barcelonacapitalnautica.org\/es\/wp-json\/wp\/v2\/categories?post=275287"},{"taxonomy":"post_tag","embeddable":true,"href":"https:\/\/www.barcelonacapitalnautica.org\/es\/wp-json\/wp\/v2\/tags?post=275287"}],"curies":[{"name":"wp","href":"https:\/\/api.w.org\/{rel}","templated":true}]}}